{"id":9816,"date":"2024-02-25T12:24:22","date_gmt":"2024-02-25T12:24:22","guid":{"rendered":"https:\/\/www.suessemjetaime.lu\/?p=9816"},"modified":"2024-02-29T09:17:33","modified_gmt":"2024-02-29T09:17:33","slug":"budget2024","status":"publish","type":"post","link":"https:\/\/www.suessemjetaime.lu\/fr\/budget2024\/","title":{"rendered":"\u00ab Tout est r\u00e9alis\u00e9 en interne \u00bb"},"content":{"rendered":"<p><strong>Le Coll\u00e8ge des bourgmestre et \u00e9chevin\u00b7e\u00b7s de la Commune de Sanem aborde l&rsquo;avenir avec optimisme. La commune peut s&rsquo;appuyer sur des investissements pass\u00e9s et planifier avec perspicacit\u00e9. La bourgmestre Simone Asselborn-Bintz (SAB) et l&rsquo;\u00e9chevine des finances Nathalie Morgenthaler (NM) discutent des co\u00fbts croissants, de l&rsquo;augmentation du personnel et d&rsquo;une commune qui n\u2019abandonne personne.<\/strong><\/p>\n<p><!--more--><\/p>\n<p><strong>Le budget 2024 s&rsquo;intitule \u00ab Continuit\u00e9 et stabilit\u00e9 pour la Commune de Sanem \u00bb. Comment d\u00e9cririez-vous de mani\u00e8re plus d\u00e9taill\u00e9e ce budget ?<\/strong><\/p>\n<p>SAB : C&rsquo;est en effet un budget de continuit\u00e9, car la composition du Coll\u00e8ge des bourgmestre et \u00e9chevin\u00b7e\u00b7s est rest\u00e9e la m\u00eame. Nous essayons de g\u00e9rer les finances avec le plus de diligence possible, tout en veillant au bien-\u00eatre de la population. Notre commune est un lieu agr\u00e9able \u00e0 vivre, de la petite enfance \u00e0 la vieillesse. Cela a toujours \u00e9t\u00e9 notre devise.<\/p>\n<p>NM : De bonnes bases ont \u00e9t\u00e9 pos\u00e9es. Maintenant, il s&rsquo;agit de se demander o\u00f9 nous serons dans 20 ou 30 ans. C&rsquo;est pourquoi nous avons par exemple mis en place le Masterplan \u00c9ducation 2035, qui nous permet de d\u00e9finir des priorit\u00e9s \u00e0 long terme.<\/p>\n<p><strong>La commune continue de cro\u00eetre. D&rsquo;ici fin 2024, nous pr\u00e9voyons d&rsquo;accueillir notre 19 000e habitant\u00b7e. Plus de personnes, plus d&rsquo;enfants, plus de seniors, plus de personnel communal \u2013 tout cela signifie plus de d\u00e9penses.<\/strong><\/p>\n<p>SAB : Ce qui nous pr\u00e9occupe un peu, c&rsquo;est la planification \u00e0 long terme du personnel communal, puisque cela repr\u00e9sente notre plus grande d\u00e9pense, m\u00eame en comparaison avec d&rsquo;autres communes. Cette d\u00e9pense s&rsquo;\u00e9l\u00e8ve \u00e0 environ 63%. Je veux pr\u00e9ciser qu&rsquo;il y a une raison : tout est r\u00e9alis\u00e9 en interne, sans personnel externe. Ce qui signifie \u00e9galement : quand la commune grandit et se d\u00e9veloppe, cela n\u00e9cessite davantage de personnel. Nous avons donc entrepris une analyse externe pour faire un \u00e9tat des lieux.<\/p>\n<p>NM : C&rsquo;est un processus continu. Nous essayons de surveiller constamment ce domaine. Cela a un co\u00fbt, mais nous assure un bon service \u00e0 nos r\u00e9sident\u00b7e\u00b7s. \u00ab\u00a0Il est important de mentionner que nos co\u00fbts de personnel sont \u00e9lev\u00e9s, mais que la commune b\u00e9n\u00e9ficie de recettes octroy\u00e9es par l\u2019\u00c9tat via le Minist\u00e8re de l\u2019\u00c9ducation, de l\u2019Enfance et de la Jeunesse, ainsi que de l\u2019Assurance d\u00e9pendance en ce qui concerne les maisons relais et \u00e0 la R\u00e9sidence op der Waassertrap (REWA). Nous devrions consid\u00e9rer ces chiffres avec prudence, \u00e9tant la seule commune \u00e0 g\u00e9rer un tel \u00e9tablissement.<\/p>\n<p><a href=\"https:\/\/www.suessemjetaime.lu\/wp-content\/uploads\/2024\/02\/ITV_MonaSAB_240111_DSF1432_SoMe-1-scaled.jpg\"><img loading=\"lazy\" class=\"alignleft size-full wp-image-9824\" src=\"https:\/\/www.suessemjetaime.lu\/wp-content\/uploads\/2024\/02\/ITV_MonaSAB_240111_DSF1432_SoMe-1-scaled.jpg\" alt=\"\" width=\"2560\" height=\"1707\" srcset=\"https:\/\/www.suessemjetaime.lu\/wp-content\/uploads\/2024\/02\/ITV_MonaSAB_240111_DSF1432_SoMe-1-scaled.jpg 2560w, https:\/\/www.suessemjetaime.lu\/wp-content\/uploads\/2024\/02\/ITV_MonaSAB_240111_DSF1432_SoMe-1-300x200.jpg 300w, https:\/\/www.suessemjetaime.lu\/wp-content\/uploads\/2024\/02\/ITV_MonaSAB_240111_DSF1432_SoMe-1-1024x683.jpg 1024w, https:\/\/www.suessemjetaime.lu\/wp-content\/uploads\/2024\/02\/ITV_MonaSAB_240111_DSF1432_SoMe-1-768x512.jpg 768w, https:\/\/www.suessemjetaime.lu\/wp-content\/uploads\/2024\/02\/ITV_MonaSAB_240111_DSF1432_SoMe-1-1536x1024.jpg 1536w, https:\/\/www.suessemjetaime.lu\/wp-content\/uploads\/2024\/02\/ITV_MonaSAB_240111_DSF1432_SoMe-1-600x400.jpg 600w\" sizes=\"(max-width: 2560px) 100vw, 2560px\" \/><\/a><br \/>\n<strong>Une commune ne peut pas tout faire pour tout le monde \u2013 comment est-ce que vous d\u00e9cidez d&rsquo;investir ou de ne pas investir ?<\/strong><\/p>\n<p>NM : Nous n&rsquo;avons jamais eu \u00e0 prendre une telle d\u00e9cision. Nous avons couvert tous les domaines, en particulier le domaine social. M\u00eame lorsque cela devient n\u00e9cessaire, un projet n&rsquo;est pas n\u00e9cessairement rejet\u00e9. Le calendrier est alors ajust\u00e9. Les investissements qui peuvent attendre sont mis en attente.<\/p>\n<p><strong>Comment assurez-vous que les priorit\u00e9s soient correctement d\u00e9finies ?<\/strong><\/p>\n<p>NM : La planification se fait en fonction de l&rsquo;importance. Par exemple, si un nouveau quartier est construit et qu&rsquo;il manque des salles de classe, nous r\u00e9agissons. Il est pertinent de mentionner le Masterplan \u00c9ducation : lors de la planification de la maison relais ici \u00e0 Sanem, ce plan a r\u00e9v\u00e9l\u00e9 qu&rsquo;il manquait 4 salles de classe. Nous avons donc fait des changements \u00e0 court terme, alors que les plans \u00e9taient d\u00e9j\u00e0 presque finalis\u00e9s.<\/p>\n<p>SAB : Certaines choses, comme la construction d&rsquo;\u00e9coles, doivent \u00eatre r\u00e9alis\u00e9es par la commune. Nous avons la chance d&rsquo;avoir des infrastructures comme l&rsquo;Artikuss. Nous disposons \u00e9galement de salles de r\u00e9union pour nos associations, de structures d&rsquo;accueil pour nos enfants et de centres culturels pour nos \u00e9v\u00e9nements. C&rsquo;est bien que l&rsquo;argent ait d\u00e9j\u00e0 \u00e9t\u00e9 investi et que nous puissions maintenant en profiter.<\/p>\n<p>NM : Autrefois, c&rsquo;\u00e9tait un luxe que tout soit accessible dans chaque localit\u00e9.<\/p>\n<blockquote><p>\u00ab La planification se fait en fonction de l&rsquo;importance. Par exemple, si un nouveau quartier est construit et qu&rsquo;il manque des salles de classe, nous r\u00e9agissons. \u00bb &#8211; Nathalie Morgenthaler<\/p><\/blockquote>\n<p><strong>Et la Commune de Sanem ne compte pas seulement une localit\u00e9, mais quatre.<\/strong><\/p>\n<p>SAB : C&rsquo;est un d\u00e9fi. Nous devons expliquer aux gens pourquoi nous ne pouvons plus tout faire. Nous devons adopter une approche durable. Dans ce contexte, je voudrais \u00e9galement mentionner nos syndicats qui travaillent au-del\u00e0 des limites g\u00e9ographiques des communes.<\/p>\n<p><strong>Dans quels domaines la commune continue-t-elle de lutter contre les effets de la pand\u00e9mie, de la crise \u00e9nerg\u00e9tique, de la guerre ou encore de l&rsquo;inflation ?<\/strong><\/p>\n<p>NM : La nourriture dans nos maisons relais et dans notre REWA a augment\u00e9 de 15%. Nous d\u00e9pensons 2,3 millions d&rsquo;euros. Ce n&rsquo;est pas le cas dans toutes les communes, mais nous attachons une grande importance au label Fairtrade et aux produits locaux.<\/p>\n<p>SAB : Cela est \u00e9galement d\u00fb \u2013 et je le r\u00e9p\u00e8te souvent \u2013 au fait que nous recevons environ 6 euros par enfant de la part de l&rsquo;\u00c9tat. C&rsquo;est une bonne chose, mais cette part n&rsquo;a pas \u00e9t\u00e9 ajust\u00e9 depuis 20 ans. En fin de compte, nous avons 15% de d\u00e9penses alimentaires en plus, mais nous ne recevons pas plus d&rsquo;argent. M\u00eame pour la construction d&rsquo;une maison relais, la part financ\u00e9e reste la m\u00eame depuis des ann\u00e9es. Il est urgent d&rsquo;agir dans ce domaine.<\/p>\n<p><strong>Non seulement l&rsquo;extension du r\u00e9seau routier, mais aussi l&rsquo;entretien de nos routes co\u00fbte de l&rsquo;argent. Comment d\u00e9finir les priorit\u00e9s ?<\/strong><\/p>\n<p>SAB : Notre service technique suit une liste de priorit\u00e9s. En cas d&rsquo;urgence, nous devons bien s\u00fbr rester flexibles et r\u00e9organiser, mais normalement les d\u00e9cisions se basent sur l&rsquo;importance. La Cit\u00e9 Grand-Duc Jean et la rue des Jardins \u00e0 Belvaux, ainsi que la rue de Differdange \u00e0 Soleuvre sont au programme cette ann\u00e9e (2024), la Cit\u00e9 Kauffmann \u00e0 Soleuvre l&rsquo;ann\u00e9e prochaine (2025), pour citer quelques projets concrets.<\/p>\n<p><a href=\"https:\/\/www.suessemjetaime.lu\/wp-content\/uploads\/2024\/02\/ITV_MonaSAB_240111_DSF1368_SoMe-1-scaled.jpg\"><img loading=\"lazy\" class=\"alignleft size-full wp-image-9822\" src=\"https:\/\/www.suessemjetaime.lu\/wp-content\/uploads\/2024\/02\/ITV_MonaSAB_240111_DSF1368_SoMe-1-scaled.jpg\" alt=\"\" width=\"2560\" height=\"1707\" srcset=\"https:\/\/www.suessemjetaime.lu\/wp-content\/uploads\/2024\/02\/ITV_MonaSAB_240111_DSF1368_SoMe-1-scaled.jpg 2560w, https:\/\/www.suessemjetaime.lu\/wp-content\/uploads\/2024\/02\/ITV_MonaSAB_240111_DSF1368_SoMe-1-300x200.jpg 300w, https:\/\/www.suessemjetaime.lu\/wp-content\/uploads\/2024\/02\/ITV_MonaSAB_240111_DSF1368_SoMe-1-1024x683.jpg 1024w, https:\/\/www.suessemjetaime.lu\/wp-content\/uploads\/2024\/02\/ITV_MonaSAB_240111_DSF1368_SoMe-1-768x512.jpg 768w, https:\/\/www.suessemjetaime.lu\/wp-content\/uploads\/2024\/02\/ITV_MonaSAB_240111_DSF1368_SoMe-1-1536x1024.jpg 1536w, https:\/\/www.suessemjetaime.lu\/wp-content\/uploads\/2024\/02\/ITV_MonaSAB_240111_DSF1368_SoMe-1-600x400.jpg 600w\" sizes=\"(max-width: 2560px) 100vw, 2560px\" \/><\/a><br \/>\nJe sais que les sites de construction qui durent d\u00e9rangent. La rue d&rsquo;Ehlerange est un tel exemple. Ce n&rsquo;est pas toujours la faute de la commune, mais cela peut \u00eatre d\u00fb \u00e0 divers probl\u00e8mes : conditions m\u00e9t\u00e9orologiques, administration des ponts et chauss\u00e9es, disponibilit\u00e9 de l&rsquo;entreprise respective, &#8230;<\/p>\n<p>NM : Les entreprises ne peuvent pas toujours respecter les d\u00e9lais, car elles sont confront\u00e9es \u00e0 des probl\u00e8mes de livraison. Cela a \u00e9t\u00e9 le cas pour le parquet de la salle de sports du Sportikuss Scheierhaff. La piste d&rsquo;athl\u00e9tisme peut \u00e9galement \u00eatre mentionn\u00e9e dans ce contexte. Ce projet a d\u00fb \u00eatre report\u00e9 en raison de contraintes de temps.<\/p>\n<p><strong>Comment les riverain\u00b7e\u00b7s peuvent-ils\u00b7elles int\u00e9grer leurs id\u00e9es et visions ?<\/strong><\/p>\n<p>SAB : Pour certains projets, comme l&rsquo;am\u00e9nagement d&rsquo;une cour d&rsquo;\u00e9cole par exemple, des groupes de travail sont mis en place o\u00f9 les parents, enfants et le personnel de l&rsquo;\u00e9cole peuvent participer. Un autre exemple est le terrain de basket pr\u00e8s de l&rsquo;\u00c9cole 2000 \u00e0 Soleuvre, qui va \u00eatre con\u00e7ue comme un projet participatif. Les jeunes n&rsquo;\u00e9taient pas ravi\u00b7e\u00b7s que leur terrain de basket bien-aim\u00e9 devait c\u00e9der la place \u00e0 une maison relais. Nous aimerions maintenant d\u00e9terminer avec eux comment optimiser cet endroit, afin qu&rsquo;ils puissent y jouer au basketball \u00e0 nouveau.<\/p>\n<p><strong>Autres nouveaut\u00e9s pour 2024 ?<\/strong><\/p>\n<p>SAB : Nous voulons mettre \u00e0 disposition des locaux pour les m\u00e9decins et les physioth\u00e9rapeutes. Surtout pour les nouveaux m\u00e9decins, il est difficile d&rsquo;ouvrir leur propre cabinet parce qu&rsquo;ils\u00b7elles manquent d\u2019une localit\u00e9. De cette mani\u00e8re, nous pouvons nous assurer que nos r\u00e9sident\u00b7e\u00b7s n&rsquo;ont pas \u00e0 parcourir de longues distances.<\/p>\n<blockquote><p>\u00ab C&rsquo;est bien que l&rsquo;argent ait d\u00e9j\u00e0 \u00e9t\u00e9 investi et que nous puissions maintenant en profiter. \u00bb &#8211; Simone Asselborn-Bintz<\/p><\/blockquote>\n<p>NM : L&rsquo;ann\u00e9e prochaine, le football est \u00e0 l&rsquo;honneur \u2013 Ehlerange aura un nouveau terrain pour les \u00e9quipes en-dessous de 13 ans. Ensuite, la planification de notre \u00e9cole au Roude Wee est pr\u00e9vue (l\u00e0 o\u00f9 il y aura la plus grande croissance de la jeune population), ainsi que notre piscine scolaire.<\/p>\n<p>SAB : La commune a achet\u00e9 l&rsquo;ancien b\u00e2timent de la poste. Ce sont de beaux espaces, mais cela a un co\u00fbt s\u2019ils doivent \u00eatre r\u00e9nov\u00e9s pour faire des activit\u00e9s.<\/p>\n<p><a href=\"https:\/\/www.suessemjetaime.lu\/wp-content\/uploads\/2024\/02\/ITV_MonaSAB_240111_DSF1333_SoMe-1-scaled.jpg\"><img loading=\"lazy\" class=\"size-full wp-image-9820 aligncenter\" src=\"https:\/\/www.suessemjetaime.lu\/wp-content\/uploads\/2024\/02\/ITV_MonaSAB_240111_DSF1333_SoMe-1-scaled.jpg\" alt=\"\" width=\"2560\" height=\"1707\" srcset=\"https:\/\/www.suessemjetaime.lu\/wp-content\/uploads\/2024\/02\/ITV_MonaSAB_240111_DSF1333_SoMe-1-scaled.jpg 2560w, https:\/\/www.suessemjetaime.lu\/wp-content\/uploads\/2024\/02\/ITV_MonaSAB_240111_DSF1333_SoMe-1-300x200.jpg 300w, https:\/\/www.suessemjetaime.lu\/wp-content\/uploads\/2024\/02\/ITV_MonaSAB_240111_DSF1333_SoMe-1-1024x683.jpg 1024w, https:\/\/www.suessemjetaime.lu\/wp-content\/uploads\/2024\/02\/ITV_MonaSAB_240111_DSF1333_SoMe-1-768x512.jpg 768w, https:\/\/www.suessemjetaime.lu\/wp-content\/uploads\/2024\/02\/ITV_MonaSAB_240111_DSF1333_SoMe-1-1536x1024.jpg 1536w, https:\/\/www.suessemjetaime.lu\/wp-content\/uploads\/2024\/02\/ITV_MonaSAB_240111_DSF1333_SoMe-1-600x400.jpg 600w\" sizes=\"(max-width: 2560px) 100vw, 2560px\" \/><\/a><\/p>\n<p><strong>Le budget pr\u00e9voit un exc\u00e9dent d&rsquo;environ 9,4 millions d&rsquo;euros. N\u00e9anmoins, la situation de la dette ne doit pas \u00eatre n\u00e9glig\u00e9e. O\u00f9 en est la commune en ce qui concerne l&rsquo;endettement par habitant\u00b7e ?<\/strong><\/p>\n<p>NM : Comme nous savions que les taux d&rsquo;int\u00e9r\u00eat allaient \u00e0 nouveau augmenter, nous avons pris un emprunt de 16 millions d&rsquo;euros \u00e0 la fin de l&rsquo;ann\u00e9e derni\u00e8re pour anticiper. Le fait que nous n&rsquo;ayons pas contract\u00e9 de nouveau pr\u00eat cette ann\u00e9e fait baisser notre dette. Et lorsque la dette diminue, l&rsquo;endettement par habitant\u00b7e diminue \u00e9galement.<\/p>\n<p>En chiffres, ce dernier se situe, avec nos 18 600 r\u00e9sident\u00b7e\u00b7s actuel\u00b7le\u00b7s au 31 d\u00e9cembre 2023, \u00e0 1 479 euros. En regardant vers le 31 d\u00e9cembre 2024, notre dette tombera \u00e0 1 377 euros avec 19 000 personnes estim\u00e9es. La dette totale diminuera d&rsquo;environ 38,9 millions d&rsquo;euros d&rsquo;ici fin 2024 pour atteindre 36,3 millions.<\/p>\n<p>SAB : Nous comparons notre situation avec d&rsquo;autres communes et nous ne nous en sortons pas si mal.<\/p>\n<p>NM : Dans ce contexte, il est important de souligner que nous devrons mettre en \u0153uvre de nouveaux projets dans quelques ann\u00e9es. Bien s\u00fbr, nous devons pouvoir justifier chaque d\u00e9cision, mais comme mentionn\u00e9 pr\u00e9c\u00e9demment, il y a des choses qu&rsquo;une commune doit faire. Notre priorit\u00e9 reste donc les \u00e9coles.<\/p>\n<div data-url=\"https:\/\/issuu.com\/gemengsuessem\/docs\/kk_28_nr01-24_issuu\" style=\"width: 1100px; height: 726px;\" class=\"issuuembed\"><\/div>\n<p><script type=\"text\/javascript\" src=\"\/\/e.issuu.com\/embed.js\" async=\"true\"><\/script><\/p>\n","protected":false},"excerpt":{"rendered":"<p>Le Coll\u00e8ge des bourgmestre et \u00e9chevin\u00b7e\u00b7s de la Commune de Sanem aborde l&rsquo;avenir avec optimisme. La commune peut s&rsquo;appuyer sur des investissements pass\u00e9s et planifier avec perspicacit\u00e9. La bourgmestre Simone Asselborn-Bintz (SAB) et l&rsquo;\u00e9chevine des finances Nathalie Morgenthaler (NM) discutent [&hellip;]<\/p>\n","protected":false},"author":4,"featured_media":9834,"comment_status":"open","ping_status":"open","sticky":false,"template":"","format":"standard","meta":[],"categories":[30],"tags":[],"yoast_head":"<!-- This site is optimized with the Yoast SEO plugin v15.2.1 - https:\/\/yoast.com\/wordpress\/plugins\/seo\/ -->\n<title>\u00ab Tout est r\u00e9alis\u00e9 en interne \u00bb &bull; Suessem, je t&#039;aime<\/title>\n<meta name=\"robots\" content=\"index, follow, max-snippet:-1, max-image-preview:large, max-video-preview:-1\" \/>\n<link rel=\"canonical\" href=\"https:\/\/www.suessemjetaime.lu\/fr\/budget2024\/\" \/>\n<meta property=\"og:locale\" content=\"fr_FR\" \/>\n<meta property=\"og:type\" content=\"article\" \/>\n<meta property=\"og:title\" content=\"\u00ab Tout est r\u00e9alis\u00e9 en interne \u00bb &bull; Suessem, je t&#039;aime\" \/>\n<meta property=\"og:description\" content=\"Le Coll\u00e8ge des bourgmestre et \u00e9chevin\u00b7e\u00b7s de la Commune de Sanem aborde l&rsquo;avenir avec optimisme. La commune peut s&rsquo;appuyer sur des investissements pass\u00e9s et planifier avec perspicacit\u00e9. La bourgmestre Simone Asselborn-Bintz (SAB) et l&rsquo;\u00e9chevine des finances Nathalie Morgenthaler (NM) discutent [&hellip;]\" \/>\n<meta property=\"og:url\" content=\"https:\/\/www.suessemjetaime.lu\/fr\/budget2024\/\" \/>\n<meta property=\"og:site_name\" content=\"Suessem, je t&#039;aime\" \/>\n<meta property=\"article:publisher\" content=\"https:\/\/www.facebook.com\/communedesanem\/\" \/>\n<meta property=\"article:published_time\" content=\"2024-02-25T12:24:22+00:00\" \/>\n<meta property=\"article:modified_time\" content=\"2024-02-29T09:17:33+00:00\" \/>\n<meta property=\"og:image\" content=\"https:\/\/www.suessemjetaime.lu\/wp-content\/uploads\/2024\/02\/New-scaled.jpg\" \/>\n\t<meta property=\"og:image:width\" content=\"2560\" \/>\n\t<meta property=\"og:image:height\" content=\"1707\" \/>\n<meta name=\"twitter:card\" content=\"summary_large_image\" \/>\n<meta name=\"twitter:label1\" content=\"\u00c9crit par\">\n\t<meta name=\"twitter:data1\" content=\"Suessem\">\n\t<meta name=\"twitter:label2\" content=\"Dur\u00e9e de lecture est.\">\n\t<meta name=\"twitter:data2\" content=\"6 minutes\">\n<script type=\"application\/ld+json\" class=\"yoast-schema-graph\">{\"@context\":\"https:\/\/schema.org\",\"@graph\":[{\"@type\":\"Organization\",\"@id\":\"https:\/\/www.suessemjetaime.lu\/#organization\",\"name\":\"Commune de Sanem\",\"url\":\"https:\/\/www.suessemjetaime.lu\/\",\"sameAs\":[\"https:\/\/www.facebook.com\/communedesanem\/\",\"https:\/\/www.youtube.com\/channel\/UCVN7kgmkkpcfy3Hb63mx_tQ\/featured\"],\"logo\":{\"@type\":\"ImageObject\",\"@id\":\"https:\/\/www.suessemjetaime.lu\/#logo\",\"inLanguage\":\"fr-FR\",\"url\":\"https:\/\/www.suessemjetaime.lu\/wp-content\/uploads\/2019\/03\/400_188_LOGO_SANEM.png\",\"width\":400,\"height\":188,\"caption\":\"Commune de Sanem\"},\"image\":{\"@id\":\"https:\/\/www.suessemjetaime.lu\/#logo\"}},{\"@type\":\"WebSite\",\"@id\":\"https:\/\/www.suessemjetaime.lu\/#website\",\"url\":\"https:\/\/www.suessemjetaime.lu\/\",\"name\":\"Suessem, je t&#039;aime\",\"description\":\"le Blog de la commune de Sanem\",\"publisher\":{\"@id\":\"https:\/\/www.suessemjetaime.lu\/#organization\"},\"potentialAction\":[{\"@type\":\"SearchAction\",\"target\":\"https:\/\/www.suessemjetaime.lu\/?s={search_term_string}\",\"query-input\":\"required name=search_term_string\"}],\"inLanguage\":\"fr-FR\"},{\"@type\":\"ImageObject\",\"@id\":\"https:\/\/www.suessemjetaime.lu\/fr\/budget2024\/#primaryimage\",\"inLanguage\":\"fr-FR\",\"url\":\"https:\/\/www.suessemjetaime.lu\/wp-content\/uploads\/2024\/02\/New-scaled.jpg\",\"width\":2560,\"height\":1707},{\"@type\":\"WebPage\",\"@id\":\"https:\/\/www.suessemjetaime.lu\/fr\/budget2024\/#webpage\",\"url\":\"https:\/\/www.suessemjetaime.lu\/fr\/budget2024\/\",\"name\":\"\\u00ab Tout est r\\u00e9alis\\u00e9 en interne \\u00bb &bull; Suessem, je t&#039;aime\",\"isPartOf\":{\"@id\":\"https:\/\/www.suessemjetaime.lu\/#website\"},\"primaryImageOfPage\":{\"@id\":\"https:\/\/www.suessemjetaime.lu\/fr\/budget2024\/#primaryimage\"},\"datePublished\":\"2024-02-25T12:24:22+00:00\",\"dateModified\":\"2024-02-29T09:17:33+00:00\",\"inLanguage\":\"fr-FR\",\"potentialAction\":[{\"@type\":\"ReadAction\",\"target\":[\"https:\/\/www.suessemjetaime.lu\/fr\/budget2024\/\"]}]},{\"@type\":\"Article\",\"@id\":\"https:\/\/www.suessemjetaime.lu\/fr\/budget2024\/#article\",\"isPartOf\":{\"@id\":\"https:\/\/www.suessemjetaime.lu\/fr\/budget2024\/#webpage\"},\"author\":{\"@id\":\"https:\/\/www.suessemjetaime.lu\/#\/schema\/person\/0cacc039fca45c1bb3d06544fdf18c63\"},\"headline\":\"\\u00ab Tout est r\\u00e9alis\\u00e9 en interne \\u00bb\",\"datePublished\":\"2024-02-25T12:24:22+00:00\",\"dateModified\":\"2024-02-29T09:17:33+00:00\",\"mainEntityOfPage\":{\"@id\":\"https:\/\/www.suessemjetaime.lu\/fr\/budget2024\/#webpage\"},\"commentCount\":0,\"publisher\":{\"@id\":\"https:\/\/www.suessemjetaime.lu\/#organization\"},\"image\":{\"@id\":\"https:\/\/www.suessemjetaime.lu\/fr\/budget2024\/#primaryimage\"},\"articleSection\":\"Hi!\",\"inLanguage\":\"fr-FR\",\"potentialAction\":[{\"@type\":\"CommentAction\",\"name\":\"Comment\",\"target\":[\"https:\/\/www.suessemjetaime.lu\/fr\/budget2024\/#respond\"]}]},{\"@type\":\"Person\",\"@id\":\"https:\/\/www.suessemjetaime.lu\/#\/schema\/person\/0cacc039fca45c1bb3d06544fdf18c63\",\"name\":\"Suessem\",\"image\":{\"@type\":\"ImageObject\",\"@id\":\"https:\/\/www.suessemjetaime.lu\/#personlogo\",\"inLanguage\":\"fr-FR\",\"url\":\"https:\/\/secure.gravatar.com\/avatar\/77fabd1f92df29867737b77509c5795b?s=96&d=mm&r=g\",\"caption\":\"Suessem\"}}]}<\/script>\n<!-- \/ Yoast SEO plugin. -->","_links":{"self":[{"href":"https:\/\/www.suessemjetaime.lu\/fr\/wp-json\/wp\/v2\/posts\/9816\/"}],"collection":[{"href":"https:\/\/www.suessemjetaime.lu\/fr\/wp-json\/wp\/v2\/posts\/"}],"about":[{"href":"https:\/\/www.suessemjetaime.lu\/fr\/wp-json\/wp\/v2\/types\/post\/"}],"author":[{"embeddable":true,"href":"https:\/\/www.suessemjetaime.lu\/fr\/wp-json\/wp\/v2\/users\/4\/"}],"replies":[{"embeddable":true,"href":"https:\/\/www.suessemjetaime.lu\/fr\/wp-json\/wp\/v2\/comments\/?post=9816"}],"version-history":[{"count":7,"href":"https:\/\/www.suessemjetaime.lu\/fr\/wp-json\/wp\/v2\/posts\/9816\/revisions\/"}],"predecessor-version":[{"id":10165,"href":"https:\/\/www.suessemjetaime.lu\/fr\/wp-json\/wp\/v2\/posts\/9816\/revisions\/10165\/"}],"wp:featuredmedia":[{"embeddable":true,"href":"https:\/\/www.suessemjetaime.lu\/fr\/wp-json\/wp\/v2\/media\/9834\/"}],"wp:attachment":[{"href":"https:\/\/www.suessemjetaime.lu\/fr\/wp-json\/wp\/v2\/media\/?parent=9816"}],"wp:term":[{"taxonomy":"category","embeddable":true,"href":"https:\/\/www.suessemjetaime.lu\/fr\/wp-json\/wp\/v2\/categories\/?post=9816"},{"taxonomy":"post_tag","embeddable":true,"href":"https:\/\/www.suessemjetaime.lu\/fr\/wp-json\/wp\/v2\/tags\/?post=9816"}],"curies":[{"name":"wp","href":"https:\/\/api.w.org\/{rel}","templated":true}]}}