{"id":9719,"date":"2024-02-24T05:00:51","date_gmt":"2024-02-24T05:00:51","guid":{"rendered":"https:\/\/www.suessemjetaime.lu\/?p=9719"},"modified":"2024-02-28T05:23:11","modified_gmt":"2024-02-28T05:23:11","slug":"ecrivainpublic","status":"publish","type":"post","link":"https:\/\/www.suessemjetaime.lu\/fr\/ecrivainpublic\/","title":{"rendered":"\u00ab La gratitude que l&rsquo;on ressent \u00bb"},"content":{"rendered":"<p><strong>Les d\u00e9marches administratives et les complexit\u00e9s bureaucratiques peuvent repr\u00e9senter un d\u00e9fi majeur, surtout lorsque l&rsquo;on demande une langue \u00e9trang\u00e8re. Dans de tels cas, le Service des \u00c9crivains Publics de la Commune de Sanem peut apporter son aide. Faites la connaissance de Fran\u00e7ois Duhr, l&rsquo;une des personnes qui effectuent ce travail b\u00e9n\u00e9vole.<\/strong><\/p>\n<p><!--more--><\/p>\n<p>\u00ab J&rsquo;ai eu un CV d&rsquo;un r\u00e9fugi\u00e9 \u00e9rythr\u00e9en. J&rsquo;ai pu voir tout ce qu&rsquo;il a appris, ce qu&rsquo;il sait faire et o\u00f9 il en est actuellement. C&rsquo;est dommage qu&rsquo;il ne puisse pas mettre en pratique toutes ces comp\u00e9tences, car il a \u00e9chou\u00e9 \u00e0 cause de la langue. \u00bb Fran\u00e7ois Duhr se souvient, m\u00eame si les choses n&rsquo;ont pas toujours \u00e9t\u00e9 faciles pour cette personne, il se pla\u00eet \u00e0 se rem\u00e9morer ses nombreuses rencontres qu&rsquo;il fait toujours en tant qu&rsquo;\u00e9crivain public pour la Commune de Sanem. Il sourit en se rappelant : \u00ab J&rsquo;ai fait un petit d\u00e9tour par Useldange, mais je suis rapidement revenu. \u00bb Le p\u00e8re de famille travaille depuis 2003 sur le r\u00e9seau ferroviaire et est maintenant responsable du service ETCS (European Train Control System), o\u00f9 il supervise une \u00e9quipe de 30 personnes. L&rsquo;ETCS est un syst\u00e8me de s\u00e9curit\u00e9 qui intervient pour freiner le train.<\/p>\n<p>\u00ab J&rsquo;\u00e9tais engag\u00e9 chez les Scouts pendant de nombreuses ann\u00e9es\u00a0\u00bb, poursuit-il. \u00ab J&rsquo;ai \u00e9t\u00e9 chef et \u00e0 un moment donn\u00e9 commissaire g\u00e9n\u00e9ral adjoint dans l&rsquo;association. Mais avec le temps, j&rsquo;ai r\u00e9alis\u00e9 que c&rsquo;\u00e9tait un mouvement de jeunesse et qu&rsquo;il \u00e9tait temps de laisser la place aux jeunes. \u00bb Son temps chez les Scouts a pris fin, mais pas son engagement. Son chemin le m\u00e8ne vers la Commission pour l&rsquo;\u00c9galit\u00e9 des chances et la Diversit\u00e9 \u00e0 la Commune de Sanem. \u00ab C&rsquo;est l\u00e0 que j&rsquo;ai entendu parler du service de l&rsquo;\u00e9crivain public. \u00bb Peu de temps apr\u00e8s, il participe \u00e0 la formation organis\u00e9e conjointement par la commune et l&rsquo;ASTI (Association de Soutien aux Travailleurs Immigr\u00e9s). \u00ab Nous avons re\u00e7u de nombreux outils et liens, comme beaucoup de choses se trouvent d\u00e9j\u00e0 en ligne si l&rsquo;on sait o\u00f9 chercher. Et on nous a expliqu\u00e9 ce que nous devrions absolument \u00e9viter.\u00a0\u00bb Il pr\u00e9cise que le volet juridique &#8211; comme les divorces par exemple &#8211; n&rsquo;est pas trait\u00e9 par le service, \u00ab car nous ne sommes pas des avocats, nous manquons d&rsquo;expertise. \u00bb<\/p>\n<div id=\"attachment_9700\" style=\"width: 2570px\" class=\"wp-caption alignleft\"><a href=\"https:\/\/www.suessemjetaime.lu\/wp-content\/uploads\/2024\/02\/ITV_EcrivainPublic_Annick_240201_DSF0214_SoMe-scaled.jpg\"><img aria-describedby=\"caption-attachment-9700\" loading=\"lazy\" class=\"wp-image-9700 size-full\" src=\"https:\/\/www.suessemjetaime.lu\/wp-content\/uploads\/2024\/02\/ITV_EcrivainPublic_Annick_240201_DSF0214_SoMe-scaled.jpg\" alt=\"\" width=\"2560\" height=\"1707\" srcset=\"https:\/\/www.suessemjetaime.lu\/wp-content\/uploads\/2024\/02\/ITV_EcrivainPublic_Annick_240201_DSF0214_SoMe-scaled.jpg 2560w, https:\/\/www.suessemjetaime.lu\/wp-content\/uploads\/2024\/02\/ITV_EcrivainPublic_Annick_240201_DSF0214_SoMe-300x200.jpg 300w, https:\/\/www.suessemjetaime.lu\/wp-content\/uploads\/2024\/02\/ITV_EcrivainPublic_Annick_240201_DSF0214_SoMe-1024x683.jpg 1024w, https:\/\/www.suessemjetaime.lu\/wp-content\/uploads\/2024\/02\/ITV_EcrivainPublic_Annick_240201_DSF0214_SoMe-768x512.jpg 768w, https:\/\/www.suessemjetaime.lu\/wp-content\/uploads\/2024\/02\/ITV_EcrivainPublic_Annick_240201_DSF0214_SoMe-1536x1024.jpg 1536w, https:\/\/www.suessemjetaime.lu\/wp-content\/uploads\/2024\/02\/ITV_EcrivainPublic_Annick_240201_DSF0214_SoMe-600x400.jpg 600w\" sizes=\"(max-width: 2560px) 100vw, 2560px\" \/><\/a><p id=\"caption-attachment-9700\" class=\"wp-caption-text\">Annick Spellini, responsable du Service \u00e0 l&rsquo;\u00c9galit\u00e9 des chances et Diversit\u00e9<\/p><\/div>\n<p>Depuis qu&rsquo;il apporte son soutien, Fran\u00e7ois aide toute personne ayant besoin d&rsquo;aide. \u00ab Je r\u00e9alise beaucoup de CV et de lettres de motivation. \u00bb \u00c0 la question de savoir s&rsquo;il aime vraiment le faire, il commence \u00e0 rire. \u00ab C&rsquo;est une autre histoire. Cela fait environ 25 ans que je le fais, donc c&rsquo;est toujours un d\u00e9fi. Mais je sais que j&rsquo;aide mon interlocuteur, que je le soutiens et peut-\u00eatre que je peux l&rsquo;aider \u00e0 avancer dans sa vie. \u00bb<\/p>\n<p>Les b\u00e9n\u00e9voles du service aident \u00e9galement dans des situations plus quotidiennes, pr\u00e9cise Fran\u00e7ois. \u00ab Une fois, une vieille dame avait r\u00e9dig\u00e9 une lettre en fran\u00e7ais. Elle voulait s&rsquo;assurer que tout \u00e9tait correct. Et c&rsquo;est souvent le cas, les personnes \u00e2g\u00e9es sont reconnaissantes d&rsquo;avoir quelqu&rsquo;un pour les aider. \u00bb Plus il y a \u00e0 faire, plus c&rsquo;est compliqu\u00e9 &#8211; chaque situation est diff\u00e9rente de la pr\u00e9c\u00e9dente. \u00ab Nous devons d\u00e9terminer quelle langue utiliser pour \u00e9crire et dans quelle langue parle la personne concern\u00e9e, puis nous devons v\u00e9rifier si un nouveau document doit \u00eatre r\u00e9dig\u00e9 ou si la personne a d\u00e9j\u00e0 pr\u00e9par\u00e9 quelque chose. Si la situation semble devenir plus compliqu\u00e9e, il peut arriver que deux d&rsquo;entre nous du service soient appel\u00e9s. \u00bb<\/p>\n<p>Le Service des \u00c9crivains Publics rel\u00e8ve de la responsabilit\u00e9 d&rsquo;Annick Spellini, qui est \u00e9galement responsable du service pour l&rsquo;\u00c9galit\u00e9 des chances et la Diversit\u00e9. \u00ab C&rsquo;est difficile car les gens travaillent eux-m\u00eames. C&rsquo;est pourquoi je suis tellement reconnaissante pour les b\u00e9n\u00e9voles que j&rsquo;ai \u00bb, explique Annick. \u00ab Plus nous en avons, surtout ceux qui ma\u00eetrisent plusieurs langues, plus nous pouvons offrir. C&rsquo;est pourquoi les personnes int\u00e9ress\u00e9es peuvent volontiers se manifester aupr\u00e8s de moi. \u00bb Chaque b\u00e9n\u00e9vole signe un contrat, pr\u00e9cise Annick. \u00ab\u00a0Cela ne devrait pas les intimider, mais c&rsquo;est pour qu&rsquo;ils se sentent assur\u00e9s. \u00bb<\/p>\n<blockquote><p>\u00ab Le merci que je re\u00e7ois quand les gens sont satisfaits. La gratitude que l&rsquo;on ressent simplement. C&rsquo;est une exp\u00e9rience merveilleuse. \u00bb &#8211; Fran\u00e7ois Duhr<\/p><\/blockquote>\n<div class=\"w-full text-token-text-primary\" data-testid=\"conversation-turn-11\">\n<div class=\"px-4 py-2 justify-center text-base md:gap-6 m-auto\">\n<div class=\"flex flex-1 text-base mx-auto gap-3 md:px-5 lg:px-1 xl:px-5 md:max-w-3xl lg:max-w-[40rem] xl:max-w-[48rem] group\">\n<div class=\"relative flex w-full flex-col lg:w-[calc(100%-115px)] agent-turn\">\n<div class=\"flex-col gap-1 md:gap-3\">\n<div class=\"flex flex-grow flex-col max-w-full\">\n<div class=\"min-h-[20px] text-message flex flex-col items-start gap-3 whitespace-pre-wrap break-words [.text-message+&amp;]:mt-5 overflow-x-auto\" data-message-author-role=\"assistant\" data-message-id=\"38ce8e45-1246-4d4c-8195-8b200358a321\">\n<div class=\"markdown prose w-full break-words dark:prose-invert light\">\n<p>Lorsqu&rsquo;une demande est re\u00e7ue, elle examine avec son \u00e9quipe qui a le temps et les comp\u00e9tences pour aider. \u00ab Les b\u00e9n\u00e9voles re\u00e7oivent un ordinateur portable fourni par la commune o\u00f9 ils peuvent travailler. Tous les rendez-vous sont pris ici, sur un terrain neutre, pour \u00e9viter les abus \u00bb, souligne la responsable du service. Lorsqu&rsquo;il y a besoin de pr\u00e9paration suppl\u00e9mentaire, ils peuvent \u00e9galement travailler \u00e0 domicile avant le rendez-vous. Cependant, tout doit \u00eatre r\u00e9cup\u00e9r\u00e9 depuis leur ordinateur personnel. \u00ab Ils nous l&rsquo;envoient ensuite et nous le mettons sur notre cloud. \u00bb Comme le souligne Annick elle-m\u00eame, elle fonctionne selon le principe des 4 yeux &#8211; \u00ab tout doit encore me passer par les mains avant que les gens ne le re\u00e7oivent par courrier ou ne viennent le chercher. Si ce sont de petites choses et que j&rsquo;ai le temps, je le fais imm\u00e9diatement. Mais je dois aussi dire que les gens devraient compter au moins une semaine. Parce que jusqu&rsquo;\u00e0 ce que nous trouvions quelqu&rsquo;un qui ait le temps et que ce soit quelque chose de plus important, cela prend plus de temps et d&rsquo;efforts. \u00bb<\/p>\n<\/div>\n<\/div>\n<\/div>\n<\/div>\n<\/div>\n<\/div>\n<\/div>\n<\/div>\n<div id=\"attachment_9763\" style=\"width: 2570px\" class=\"wp-caption alignleft\"><a href=\"https:\/\/www.suessemjetaime.lu\/wp-content\/uploads\/2024\/02\/Ecrivain-flyer-1-2-scaled.jpg\"><img aria-describedby=\"caption-attachment-9763\" loading=\"lazy\" class=\"wp-image-9763 size-full\" src=\"https:\/\/www.suessemjetaime.lu\/wp-content\/uploads\/2024\/02\/Ecrivain-flyer-1-2-scaled.jpg\" alt=\"\" width=\"2560\" height=\"1707\" srcset=\"https:\/\/www.suessemjetaime.lu\/wp-content\/uploads\/2024\/02\/Ecrivain-flyer-1-2-scaled.jpg 2560w, https:\/\/www.suessemjetaime.lu\/wp-content\/uploads\/2024\/02\/Ecrivain-flyer-1-2-300x200.jpg 300w, https:\/\/www.suessemjetaime.lu\/wp-content\/uploads\/2024\/02\/Ecrivain-flyer-1-2-1024x683.jpg 1024w, https:\/\/www.suessemjetaime.lu\/wp-content\/uploads\/2024\/02\/Ecrivain-flyer-1-2-768x512.jpg 768w, https:\/\/www.suessemjetaime.lu\/wp-content\/uploads\/2024\/02\/Ecrivain-flyer-1-2-1536x1024.jpg 1536w, https:\/\/www.suessemjetaime.lu\/wp-content\/uploads\/2024\/02\/Ecrivain-flyer-1-2-600x400.jpg 600w\" sizes=\"(max-width: 2560px) 100vw, 2560px\" \/><\/a><p id=\"caption-attachment-9763\" class=\"wp-caption-text\">Fran\u00e7ois Duhr, un des b\u00e9n\u00e9voles du Service \u00c9crivains Publics<\/p><\/div>\n<p>Fran\u00e7ois intervient \u00e9galement sur le m\u00eame sujet. \u00ab Il faut \u00eatre pr\u00eat \u00e0 investir du temps. Et il ne faut pas s&rsquo;attendre \u00e0 devenir riche en le faisant, c&rsquo;est pourquoi nous ne le faisons pas. Bien s\u00fbr, une certaine comp\u00e9tence linguistique est un avantage, mais la plupart des gens en ont. \u00bb Cependant, il souligne aussi qu&rsquo;il n&rsquo;y a aucune honte \u00e0 dire si quelque chose n&rsquo;est pas r\u00e9alisable. \u00ab Si cela ne fonctionne pas, par exemple si la barri\u00e8re linguistique est \u00e9norme, alors c&rsquo;est ainsi. Il faut accepter que dans ce cas, on ne puisse pas aider cette personne. \u00bb<\/p>\n<div class=\"flex-1 overflow-hidden\">\n<div class=\"react-scroll-to-bottom--css-xrcnr-79elbk h-full\">\n<div class=\"react-scroll-to-bottom--css-xrcnr-1n7m0yu\">\n<div class=\"flex flex-col pb-9 text-sm\">\n<div class=\"w-full text-token-text-primary\" data-testid=\"conversation-turn-13\">\n<div class=\"px-4 py-2 justify-center text-base md:gap-6 m-auto\">\n<div class=\"flex flex-1 text-base mx-auto gap-3 md:px-5 lg:px-1 xl:px-5 md:max-w-3xl lg:max-w-[40rem] xl:max-w-[48rem] group final-completion\">\n<div class=\"relative flex w-full flex-col lg:w-[calc(100%-115px)] agent-turn\">\n<div class=\"flex-col gap-1 md:gap-3\">\n<div class=\"flex flex-grow flex-col max-w-full\">\n<div class=\"min-h-[20px] text-message flex flex-col items-start gap-3 whitespace-pre-wrap break-words [.text-message+&amp;]:mt-5 overflow-x-auto\" data-message-author-role=\"assistant\" data-message-id=\"7071f918-a222-45bd-9027-71f4759cf2ab\">\n<div class=\"markdown prose w-full break-words dark:prose-invert light\">\n<p>\u00catre ouvert, avoir de la patience, \u00eatre pr\u00eat \u00e0 apprendre de nouvelles choses et aider les autres &#8211; ce sont, selon Fran\u00e7ois, les conditions pr\u00e9alables essentielles si l&rsquo;on veut s&rsquo;engager dans le service d&rsquo;\u00e9crivain public. Pour l&#8217;employ\u00e9 des chemins de fer, c&rsquo;est une immense joie. \u00ab Oui, c&rsquo;est du b\u00e9n\u00e9volat. Mais les Scouts, c&rsquo;\u00e9tait aussi toujours du b\u00e9n\u00e9volat. J&rsquo;aime faire \u00e7a. Le merci que je re\u00e7ois quand les gens sont satisfaits. La gratitude que l&rsquo;on ressent simplement. C&rsquo;est une exp\u00e9rience merveilleuse. \u00bb<\/p>\n<p>&nbsp;<\/p>\n<\/div>\n<\/div>\n<\/div>\n<\/div>\n<\/div>\n<\/div>\n<\/div>\n<\/div>\n<\/div>\n<\/div>\n<\/div>\n<\/div>\n<p>[vc_column][vc_row][vc_cta h2=\u00a0\u00bbInformations\u00a0\u00bb style=\u00a0\u00bbflat\u00a0\u00bb color=\u00a0\u00bbturquoise\u00a0\u00bb]<\/p>\n<p><strong>Contact pour demander du soutien aupr\u00e8s du service<\/strong><\/p>\n<p>E-mail : <a style=\"color: white;\" href=\"mailto:ep@suessem.lu\">ep@suessem.lu<\/a><\/p>\n<p>T\u00e9l\u00e9phone : <span style=\"color: white;\">59 30 75 654<\/span><\/p>\n<p><a style=\"color: white;\" href=\"https:\/\/www.suessem.lu\/fr\/2023\/02\/15\/ecrivainpublic\/\" target=\"_blank\" rel=\"noopener noreferrer\">Plus de d\u00e9tails <\/a><\/p>\n<p><strong>Contact pour devenir b\u00e9n\u00e9vole<\/strong><\/p>\n<p>E-mail : <a style=\"color: white;\" href=\"mailto:service.secd@suessem.lu\">service.secd@suessem.lu<\/a><\/p>\n<p><a style=\"color: white;\" href=\"https:\/\/www.suessem.lu\/wp-content\/uploads\/2022\/08\/Ecrivain-public_De%CC%81pliant_FR.pdf\" target=\"_blank\" rel=\"noopener noreferrer\">Plus de d\u00e9tails <\/a><\/p>\n<p>[\/vc_cta][\/vc_row][\/vc_column]<\/p>\n","protected":false},"excerpt":{"rendered":"<p>Les d\u00e9marches administratives et les complexit\u00e9s bureaucratiques peuvent repr\u00e9senter un d\u00e9fi majeur, surtout lorsque l&rsquo;on demande une langue \u00e9trang\u00e8re. Dans de tels cas, le Service des \u00c9crivains Publics de la Commune de Sanem peut apporter son aide. Faites la connaissance [&hellip;]<\/p>\n","protected":false},"author":4,"featured_media":9703,"comment_status":"open","ping_status":"open","sticky":false,"template":"","format":"standard","meta":[],"categories":[28],"tags":[],"yoast_head":"<!-- This site is optimized with the Yoast SEO plugin v15.2.1 - https:\/\/yoast.com\/wordpress\/plugins\/seo\/ -->\n<title>\u00ab La gratitude que l&#039;on ressent \u00bb &bull; Suessem, je t&#039;aime<\/title>\n<meta name=\"robots\" content=\"index, follow, max-snippet:-1, max-image-preview:large, max-video-preview:-1\" \/>\n<link rel=\"canonical\" href=\"https:\/\/www.suessemjetaime.lu\/fr\/ecrivainpublic\/\" \/>\n<meta property=\"og:locale\" content=\"fr_FR\" \/>\n<meta property=\"og:type\" content=\"article\" \/>\n<meta property=\"og:title\" content=\"\u00ab La gratitude que l&#039;on ressent \u00bb &bull; Suessem, je t&#039;aime\" \/>\n<meta property=\"og:description\" content=\"Les d\u00e9marches administratives et les complexit\u00e9s bureaucratiques peuvent repr\u00e9senter un d\u00e9fi majeur, surtout lorsque l&rsquo;on demande une langue \u00e9trang\u00e8re. Dans de tels cas, le Service des \u00c9crivains Publics de la Commune de Sanem peut apporter son aide. Faites la connaissance [&hellip;]\" \/>\n<meta property=\"og:url\" content=\"https:\/\/www.suessemjetaime.lu\/fr\/ecrivainpublic\/\" \/>\n<meta property=\"og:site_name\" content=\"Suessem, je t&#039;aime\" \/>\n<meta property=\"article:publisher\" content=\"https:\/\/www.facebook.com\/communedesanem\/\" \/>\n<meta property=\"article:published_time\" content=\"2024-02-24T05:00:51+00:00\" \/>\n<meta property=\"article:modified_time\" content=\"2024-02-28T05:23:11+00:00\" \/>\n<meta property=\"og:image\" content=\"https:\/\/www.suessemjetaime.lu\/wp-content\/uploads\/2024\/02\/Ecrivain-flyer-3-scaled.jpg\" \/>\n\t<meta property=\"og:image:width\" content=\"2560\" \/>\n\t<meta property=\"og:image:height\" content=\"1707\" \/>\n<meta name=\"twitter:card\" content=\"summary_large_image\" \/>\n<meta name=\"twitter:label1\" content=\"\u00c9crit par\">\n\t<meta name=\"twitter:data1\" content=\"Suessem\">\n\t<meta name=\"twitter:label2\" content=\"Dur\u00e9e de lecture est.\">\n\t<meta name=\"twitter:data2\" content=\"5 minutes\">\n<script type=\"application\/ld+json\" class=\"yoast-schema-graph\">{\"@context\":\"https:\/\/schema.org\",\"@graph\":[{\"@type\":\"Organization\",\"@id\":\"https:\/\/www.suessemjetaime.lu\/#organization\",\"name\":\"Commune de Sanem\",\"url\":\"https:\/\/www.suessemjetaime.lu\/\",\"sameAs\":[\"https:\/\/www.facebook.com\/communedesanem\/\",\"https:\/\/www.youtube.com\/channel\/UCVN7kgmkkpcfy3Hb63mx_tQ\/featured\"],\"logo\":{\"@type\":\"ImageObject\",\"@id\":\"https:\/\/www.suessemjetaime.lu\/#logo\",\"inLanguage\":\"fr-FR\",\"url\":\"https:\/\/www.suessemjetaime.lu\/wp-content\/uploads\/2019\/03\/400_188_LOGO_SANEM.png\",\"width\":400,\"height\":188,\"caption\":\"Commune de Sanem\"},\"image\":{\"@id\":\"https:\/\/www.suessemjetaime.lu\/#logo\"}},{\"@type\":\"WebSite\",\"@id\":\"https:\/\/www.suessemjetaime.lu\/#website\",\"url\":\"https:\/\/www.suessemjetaime.lu\/\",\"name\":\"Suessem, je t&#039;aime\",\"description\":\"le Blog de la commune de Sanem\",\"publisher\":{\"@id\":\"https:\/\/www.suessemjetaime.lu\/#organization\"},\"potentialAction\":[{\"@type\":\"SearchAction\",\"target\":\"https:\/\/www.suessemjetaime.lu\/?s={search_term_string}\",\"query-input\":\"required name=search_term_string\"}],\"inLanguage\":\"fr-FR\"},{\"@type\":\"ImageObject\",\"@id\":\"https:\/\/www.suessemjetaime.lu\/fr\/ecrivainpublic\/#primaryimage\",\"inLanguage\":\"fr-FR\",\"url\":\"https:\/\/www.suessemjetaime.lu\/wp-content\/uploads\/2024\/02\/Ecrivain-flyer-3-scaled.jpg\",\"width\":2560,\"height\":1707},{\"@type\":\"WebPage\",\"@id\":\"https:\/\/www.suessemjetaime.lu\/fr\/ecrivainpublic\/#webpage\",\"url\":\"https:\/\/www.suessemjetaime.lu\/fr\/ecrivainpublic\/\",\"name\":\"\\u00ab La gratitude que l'on ressent \\u00bb &bull; Suessem, je t&#039;aime\",\"isPartOf\":{\"@id\":\"https:\/\/www.suessemjetaime.lu\/#website\"},\"primaryImageOfPage\":{\"@id\":\"https:\/\/www.suessemjetaime.lu\/fr\/ecrivainpublic\/#primaryimage\"},\"datePublished\":\"2024-02-24T05:00:51+00:00\",\"dateModified\":\"2024-02-28T05:23:11+00:00\",\"inLanguage\":\"fr-FR\",\"potentialAction\":[{\"@type\":\"ReadAction\",\"target\":[\"https:\/\/www.suessemjetaime.lu\/fr\/ecrivainpublic\/\"]}]},{\"@type\":\"Article\",\"@id\":\"https:\/\/www.suessemjetaime.lu\/fr\/ecrivainpublic\/#article\",\"isPartOf\":{\"@id\":\"https:\/\/www.suessemjetaime.lu\/fr\/ecrivainpublic\/#webpage\"},\"author\":{\"@id\":\"https:\/\/www.suessemjetaime.lu\/#\/schema\/person\/0cacc039fca45c1bb3d06544fdf18c63\"},\"headline\":\"\\u00ab La gratitude que l&rsquo;on ressent \\u00bb\",\"datePublished\":\"2024-02-24T05:00:51+00:00\",\"dateModified\":\"2024-02-28T05:23:11+00:00\",\"mainEntityOfPage\":{\"@id\":\"https:\/\/www.suessemjetaime.lu\/fr\/ecrivainpublic\/#webpage\"},\"commentCount\":0,\"publisher\":{\"@id\":\"https:\/\/www.suessemjetaime.lu\/#organization\"},\"image\":{\"@id\":\"https:\/\/www.suessemjetaime.lu\/fr\/ecrivainpublic\/#primaryimage\"},\"articleSection\":\"Life!\",\"inLanguage\":\"fr-FR\",\"potentialAction\":[{\"@type\":\"CommentAction\",\"name\":\"Comment\",\"target\":[\"https:\/\/www.suessemjetaime.lu\/fr\/ecrivainpublic\/#respond\"]}]},{\"@type\":\"Person\",\"@id\":\"https:\/\/www.suessemjetaime.lu\/#\/schema\/person\/0cacc039fca45c1bb3d06544fdf18c63\",\"name\":\"Suessem\",\"image\":{\"@type\":\"ImageObject\",\"@id\":\"https:\/\/www.suessemjetaime.lu\/#personlogo\",\"inLanguage\":\"fr-FR\",\"url\":\"https:\/\/secure.gravatar.com\/avatar\/77fabd1f92df29867737b77509c5795b?s=96&d=mm&r=g\",\"caption\":\"Suessem\"}}]}<\/script>\n<!-- \/ Yoast SEO plugin. -->","_links":{"self":[{"href":"https:\/\/www.suessemjetaime.lu\/fr\/wp-json\/wp\/v2\/posts\/9719\/"}],"collection":[{"href":"https:\/\/www.suessemjetaime.lu\/fr\/wp-json\/wp\/v2\/posts\/"}],"about":[{"href":"https:\/\/www.suessemjetaime.lu\/fr\/wp-json\/wp\/v2\/types\/post\/"}],"author":[{"embeddable":true,"href":"https:\/\/www.suessemjetaime.lu\/fr\/wp-json\/wp\/v2\/users\/4\/"}],"replies":[{"embeddable":true,"href":"https:\/\/www.suessemjetaime.lu\/fr\/wp-json\/wp\/v2\/comments\/?post=9719"}],"version-history":[{"count":17,"href":"https:\/\/www.suessemjetaime.lu\/fr\/wp-json\/wp\/v2\/posts\/9719\/revisions\/"}],"predecessor-version":[{"id":10152,"href":"https:\/\/www.suessemjetaime.lu\/fr\/wp-json\/wp\/v2\/posts\/9719\/revisions\/10152\/"}],"wp:featuredmedia":[{"embeddable":true,"href":"https:\/\/www.suessemjetaime.lu\/fr\/wp-json\/wp\/v2\/media\/9703\/"}],"wp:attachment":[{"href":"https:\/\/www.suessemjetaime.lu\/fr\/wp-json\/wp\/v2\/media\/?parent=9719"}],"wp:term":[{"taxonomy":"category","embeddable":true,"href":"https:\/\/www.suessemjetaime.lu\/fr\/wp-json\/wp\/v2\/categories\/?post=9719"},{"taxonomy":"post_tag","embeddable":true,"href":"https:\/\/www.suessemjetaime.lu\/fr\/wp-json\/wp\/v2\/tags\/?post=9719"}],"curies":[{"name":"wp","href":"https:\/\/api.w.org\/{rel}","templated":true}]}}