{"id":8985,"date":"2023-04-22T17:39:22","date_gmt":"2023-04-22T17:39:22","guid":{"rendered":"https:\/\/www.suessemjetaime.lu\/?p=8985"},"modified":"2023-04-24T08:05:59","modified_gmt":"2023-04-24T08:05:59","slug":"25-ans-cigl","status":"publish","type":"post","link":"https:\/\/www.suessemjetaime.lu\/fr\/25-ans-cigl\/","title":{"rendered":"25 ans CIGL Sanem : Un Portrait"},"content":{"rendered":"<p>[vc_row][vc_column][vc_column_text]<\/p>\n<h5>25 ans de solidarit\u00e9, de durabilit\u00e9 et d&rsquo;entraide.<\/h5>\n<p><strong>Le CIGL travaille sur des plans locaux pour la r\u00e9int\u00e9gration des personnes sans emploi en cr\u00e9ant de nouveaux postes et en offrant une deuxi\u00e8me chance sur le march\u00e9 du travail. Les b\u00e9n\u00e9ficiaires sont form\u00e9s par le CIGL, ont la possibilit\u00e9 de participer \u00e0 des formations et des stages organis\u00e9s par des employeurs externes. En cons\u00e9quence, en 2022, huit b\u00e9n\u00e9ficiaires ont obtenu une deuxi\u00e8me chance sur le march\u00e9 du travail et trouv\u00e9 un nouvel employeur gr\u00e2ce au CIGL.<\/strong><br \/>\n<!--more--><\/p>\n<p>En m\u00eame temps, le CIGL offre une aide quotidienne aux citoyens de plus de 60 ans, soit par le biais du Service d&rsquo;aide \u00e0 la personne, en effectuant des t\u00e2ches m\u00e9nag\u00e8res pour les clients de plus de 60 ans, soit par le biais du \u00b4Klengen Atelier\u00b4, o\u00f9 les clients peuvent aider dans les travaux autour de leur maison.[\/vc_column_text][vc_empty_space][vc_separator][vc_empty_space][\/vc_column][\/vc_row][vc_row content_text_aligment=\u00a0\u00bbleft\u00a0\u00bb][vc_column][vc_empty_space][vc_media_grid item=\u00a0\u00bbmasonryMedia_Default\u00a0\u00bb initial_loading_animation=\u00a0\u00bbnone\u00a0\u00bb grid_id=\u00a0\u00bbvc_gid:1682323161478-788a2dbb-c43d-1&Prime; include=\u00a0\u00bb8995,9001,9003,9013,9009,8997&Prime;][vc_empty_space][vc_column_text]Le Jeudi, 20 avril 2023 le CIGL (Centre d&rsquo;Initiative et de Gestion Local) de la Commune de Sanem a f\u00eat\u00e9 un jubil\u00e9 en pr\u00e9sence du Ministre du Travail Georges Engel.[\/vc_column_text][vc_empty_space][vc_images_carousel images=\u00a0\u00bb9030,9020,9032,9028,9026,9024,9022,9011,9018,9034,9005,8999,9036&Prime; img_size=\u00a0\u00bblarge\u00a0\u00bb autoplay=\u00a0\u00bbyes\u00a0\u00bb wrap=\u00a0\u00bbyes\u00a0\u00bb el_id=\u00a0\u00bbcarousselsuessem\u00a0\u00bb][\/vc_column][\/vc_row][vc_row][vc_column][vc_empty_space][vc_separator][vc_empty_space][\/vc_column][\/vc_row][vc_row][vc_column][vc_column_text]<\/p>\n<h5 style=\"text-align: center;\">En savoir plus sur le travail et les services offerts par le CIGL Sanem :<\/h5>\n<p>[\/vc_column_text][vc_empty_space][vc_raw_html]JTNDZGl2JTIwc3R5bGUlM0QlMjJwb3NpdGlvbiUzQXJlbGF0aXZlJTNCcGFkZGluZy10b3AlM0FtYXglMjg2MCUyNSUyQzMyNnB4JTI5JTNCaGVpZ2h0JTNBMCUzQndpZHRoJTNBMTAwJTI1JTIyJTNFJTNDaWZyYW1lJTIwYWxsb3clM0QlMjJjbGlwYm9hcmQtd3JpdGUlMjIlMjBzYW5kYm94JTNEJTIyYWxsb3ctdG9wLW5hdmlnYXRpb24lMjBhbGxvdy10b3AtbmF2aWdhdGlvbi1ieS11c2VyLWFjdGl2YXRpb24lMjBhbGxvdy1kb3dubG9hZHMlMjBhbGxvdy1zY3JpcHRzJTIwYWxsb3ctc2FtZS1vcmlnaW4lMjBhbGxvdy1wb3B1cHMlMjBhbGxvdy1tb2RhbHMlMjBhbGxvdy1wb3B1cHMtdG8tZXNjYXBlLXNhbmRib3glMjBhbGxvdy1mb3JtcyUyMiUyMGFsbG93ZnVsbHNjcmVlbiUzRCUyMnRydWUlMjIlMjBzdHlsZSUzRCUyMnBvc2l0aW9uJTNBYWJzb2x1dGUlM0Jib3JkZXIlM0Fub25lJTNCd2lkdGglM0ExMDAlMjUlM0JoZWlnaHQlM0ExMDAlMjUlM0JsZWZ0JTNBMCUzQnJpZ2h0JTNBMCUzQnRvcCUzQTAlM0Jib3R0b20lM0EwJTNCJTIyJTIwc3JjJTNEJTIyaHR0cHMlM0ElMkYlMkZlLmlzc3V1LmNvbSUyRmVtYmVkLmh0bWwlM0ZkJTNEY2lnbDI1X2Jyb3NjaHVyZV9pc3N1dSUyNnUlM0RnZW1lbmdzdWVzc2VtJTIyJTNFJTNDJTJGaWZyYW1lJTNFJTNDJTJGZGl2JTNF[\/vc_raw_html][\/vc_column][\/vc_row]<\/p>\n","protected":false},"excerpt":{"rendered":"<p>[vc_row][vc_column][vc_column_text] 25 ans de solidarit\u00e9, de durabilit\u00e9 et d&rsquo;entraide. Le CIGL travaille sur des plans locaux pour la r\u00e9int\u00e9gration des personnes sans emploi en cr\u00e9ant de nouveaux postes et en offrant une deuxi\u00e8me chance sur le march\u00e9 du travail. Les [&hellip;]<\/p>\n","protected":false},"author":4,"featured_media":9091,"comment_status":"closed","ping_status":"closed","sticky":false,"template":"","format":"video","meta":[],"categories":[28],"tags":[820,671,818,821],"yoast_head":"<!-- This site is optimized with the Yoast SEO plugin v15.2.1 - https:\/\/yoast.com\/wordpress\/plugins\/seo\/ -->\n<title>25 ans CIGL Sanem : Un Portrait &bull; Suessem, je t&#039;aime<\/title>\n<meta name=\"robots\" content=\"index, follow, max-snippet:-1, max-image-preview:large, max-video-preview:-1\" \/>\n<link rel=\"canonical\" href=\"https:\/\/www.suessemjetaime.lu\/fr\/25-ans-cigl\/\" \/>\n<meta property=\"og:locale\" content=\"fr_FR\" \/>\n<meta property=\"og:type\" content=\"article\" \/>\n<meta property=\"og:title\" content=\"25 ans CIGL Sanem : Un Portrait &bull; Suessem, je t&#039;aime\" \/>\n<meta property=\"og:description\" content=\"[vc_row][vc_column][vc_column_text] 25 ans de solidarit\u00e9, de durabilit\u00e9 et d&rsquo;entraide. Le CIGL travaille sur des plans locaux pour la r\u00e9int\u00e9gration des personnes sans emploi en cr\u00e9ant de nouveaux postes et en offrant une deuxi\u00e8me chance sur le march\u00e9 du travail. Les [&hellip;]\" \/>\n<meta property=\"og:url\" content=\"https:\/\/www.suessemjetaime.lu\/fr\/25-ans-cigl\/\" \/>\n<meta property=\"og:site_name\" content=\"Suessem, je t&#039;aime\" \/>\n<meta property=\"article:publisher\" content=\"https:\/\/www.facebook.com\/communedesanem\/\" \/>\n<meta property=\"article:published_time\" content=\"2023-04-22T17:39:22+00:00\" \/>\n<meta property=\"article:modified_time\" content=\"2023-04-24T08:05:59+00:00\" \/>\n<meta property=\"og:image\" content=\"https:\/\/www.suessemjetaime.lu\/wp-content\/uploads\/2023\/04\/SjT_Thumbnail_cigl_25joer.jpg\" \/>\n\t<meta property=\"og:image:width\" content=\"1617\" \/>\n\t<meta property=\"og:image:height\" content=\"1080\" \/>\n<meta name=\"twitter:card\" content=\"summary_large_image\" \/>\n<meta name=\"twitter:label1\" content=\"\u00c9crit par\">\n\t<meta name=\"twitter:data1\" content=\"Suessem\">\n\t<meta name=\"twitter:label2\" content=\"Dur\u00e9e de lecture est.\">\n\t<meta name=\"twitter:data2\" content=\"2 minutes\">\n<script type=\"application\/ld+json\" class=\"yoast-schema-graph\">{\"@context\":\"https:\/\/schema.org\",\"@graph\":[{\"@type\":\"Organization\",\"@id\":\"https:\/\/www.suessemjetaime.lu\/#organization\",\"name\":\"Commune de Sanem\",\"url\":\"https:\/\/www.suessemjetaime.lu\/\",\"sameAs\":[\"https:\/\/www.facebook.com\/communedesanem\/\",\"https:\/\/www.youtube.com\/channel\/UCVN7kgmkkpcfy3Hb63mx_tQ\/featured\"],\"logo\":{\"@type\":\"ImageObject\",\"@id\":\"https:\/\/www.suessemjetaime.lu\/#logo\",\"inLanguage\":\"fr-FR\",\"url\":\"https:\/\/www.suessemjetaime.lu\/wp-content\/uploads\/2019\/03\/400_188_LOGO_SANEM.png\",\"width\":400,\"height\":188,\"caption\":\"Commune de Sanem\"},\"image\":{\"@id\":\"https:\/\/www.suessemjetaime.lu\/#logo\"}},{\"@type\":\"WebSite\",\"@id\":\"https:\/\/www.suessemjetaime.lu\/#website\",\"url\":\"https:\/\/www.suessemjetaime.lu\/\",\"name\":\"Suessem, je t&#039;aime\",\"description\":\"le Blog de la commune de Sanem\",\"publisher\":{\"@id\":\"https:\/\/www.suessemjetaime.lu\/#organization\"},\"potentialAction\":[{\"@type\":\"SearchAction\",\"target\":\"https:\/\/www.suessemjetaime.lu\/?s={search_term_string}\",\"query-input\":\"required name=search_term_string\"}],\"inLanguage\":\"fr-FR\"},{\"@type\":\"ImageObject\",\"@id\":\"https:\/\/www.suessemjetaime.lu\/fr\/25-ans-cigl\/#primaryimage\",\"inLanguage\":\"fr-FR\",\"url\":\"https:\/\/www.suessemjetaime.lu\/wp-content\/uploads\/2023\/04\/CIGL_SuessemSchmacht_220412-46-scaled.jpg\",\"width\":2560,\"height\":1707},{\"@type\":\"WebPage\",\"@id\":\"https:\/\/www.suessemjetaime.lu\/fr\/25-ans-cigl\/#webpage\",\"url\":\"https:\/\/www.suessemjetaime.lu\/fr\/25-ans-cigl\/\",\"name\":\"25 ans CIGL Sanem : Un Portrait &bull; Suessem, je t&#039;aime\",\"isPartOf\":{\"@id\":\"https:\/\/www.suessemjetaime.lu\/#website\"},\"primaryImageOfPage\":{\"@id\":\"https:\/\/www.suessemjetaime.lu\/fr\/25-ans-cigl\/#primaryimage\"},\"datePublished\":\"2023-04-22T17:39:22+00:00\",\"dateModified\":\"2023-04-24T08:05:59+00:00\",\"inLanguage\":\"fr-FR\",\"potentialAction\":[{\"@type\":\"ReadAction\",\"target\":[\"https:\/\/www.suessemjetaime.lu\/fr\/25-ans-cigl\/\"]}]},{\"@type\":\"Article\",\"@id\":\"https:\/\/www.suessemjetaime.lu\/fr\/25-ans-cigl\/#article\",\"isPartOf\":{\"@id\":\"https:\/\/www.suessemjetaime.lu\/fr\/25-ans-cigl\/#webpage\"},\"author\":{\"@id\":\"https:\/\/www.suessemjetaime.lu\/#\/schema\/person\/0cacc039fca45c1bb3d06544fdf18c63\"},\"headline\":\"25 ans CIGL Sanem : Un Portrait\",\"datePublished\":\"2023-04-22T17:39:22+00:00\",\"dateModified\":\"2023-04-24T08:05:59+00:00\",\"mainEntityOfPage\":{\"@id\":\"https:\/\/www.suessemjetaime.lu\/fr\/25-ans-cigl\/#webpage\"},\"publisher\":{\"@id\":\"https:\/\/www.suessemjetaime.lu\/#organization\"},\"image\":{\"@id\":\"https:\/\/www.suessemjetaime.lu\/fr\/25-ans-cigl\/#primaryimage\"},\"keywords\":\"25 ans Cigl,cigl,Cigl Sanem,Cigl Suessem\",\"articleSection\":\"Life!\",\"inLanguage\":\"fr-FR\"},{\"@type\":\"Person\",\"@id\":\"https:\/\/www.suessemjetaime.lu\/#\/schema\/person\/0cacc039fca45c1bb3d06544fdf18c63\",\"name\":\"Suessem\",\"image\":{\"@type\":\"ImageObject\",\"@id\":\"https:\/\/www.suessemjetaime.lu\/#personlogo\",\"inLanguage\":\"fr-FR\",\"url\":\"https:\/\/secure.gravatar.com\/avatar\/77fabd1f92df29867737b77509c5795b?s=96&d=mm&r=g\",\"caption\":\"Suessem\"}}]}<\/script>\n<!-- \/ Yoast SEO plugin. -->","_links":{"self":[{"href":"https:\/\/www.suessemjetaime.lu\/fr\/wp-json\/wp\/v2\/posts\/8985\/"}],"collection":[{"href":"https:\/\/www.suessemjetaime.lu\/fr\/wp-json\/wp\/v2\/posts\/"}],"about":[{"href":"https:\/\/www.suessemjetaime.lu\/fr\/wp-json\/wp\/v2\/types\/post\/"}],"author":[{"embeddable":true,"href":"https:\/\/www.suessemjetaime.lu\/fr\/wp-json\/wp\/v2\/users\/4\/"}],"replies":[{"embeddable":true,"href":"https:\/\/www.suessemjetaime.lu\/fr\/wp-json\/wp\/v2\/comments\/?post=8985"}],"version-history":[{"count":10,"href":"https:\/\/www.suessemjetaime.lu\/fr\/wp-json\/wp\/v2\/posts\/8985\/revisions\/"}],"predecessor-version":[{"id":9085,"href":"https:\/\/www.suessemjetaime.lu\/fr\/wp-json\/wp\/v2\/posts\/8985\/revisions\/9085\/"}],"wp:featuredmedia":[{"embeddable":true,"href":"https:\/\/www.suessemjetaime.lu\/fr\/wp-json\/wp\/v2\/media\/9091\/"}],"wp:attachment":[{"href":"https:\/\/www.suessemjetaime.lu\/fr\/wp-json\/wp\/v2\/media\/?parent=8985"}],"wp:term":[{"taxonomy":"category","embeddable":true,"href":"https:\/\/www.suessemjetaime.lu\/fr\/wp-json\/wp\/v2\/categories\/?post=8985"},{"taxonomy":"post_tag","embeddable":true,"href":"https:\/\/www.suessemjetaime.lu\/fr\/wp-json\/wp\/v2\/tags\/?post=8985"}],"curies":[{"name":"wp","href":"https:\/\/api.w.org\/{rel}","templated":true}]}}