{"id":8757,"date":"2023-03-01T13:22:48","date_gmt":"2023-03-01T13:22:48","guid":{"rendered":"https:\/\/www.suessemjetaime.lu\/?p=8757"},"modified":"2023-03-16T07:16:54","modified_gmt":"2023-03-16T07:16:54","slug":"bacalhaususana","status":"publish","type":"post","link":"https:\/\/www.suessemjetaime.lu\/fr\/bacalhaususana\/","title":{"rendered":"Bacalhau \u00e0 la Susana"},"content":{"rendered":"<p>C\u2019est en tenue de soir\u00e9e que Susana Teixeira et sa fille Vittoria nous accueillent pour <em>Gustoso<\/em> qui nous emm\u00e8ne cette fois-ci au Portugal. Les tabliers sont nou\u00e9s, les boucles d\u2019oreille \u2013 un cadeau de mamie &#8211;\u00a0 scintillent et le bacalhau cuit d\u00e9j\u00e0 dans le lait. Susana, notre h\u00f4te, se d\u00e9crit comme femme de caract\u00e8re et c\u2019est exactement cette image qu\u2019elle transmet. \u00c0 19 ans, Susana est arriv\u00e9e <em>\u00e0 l\u2019aventure<\/em> au Luxembourg et c\u2019est vite devenu clair pour la jeune femme qu\u2019il n\u2019y aurait pas de retour, tout fid\u00e8le \u00e0 la devise qu\u2019il faut tenter sa chance. \u00c7a fait maintenant une quinzaine d\u2019ann\u00e9es que Susana, ensemble avec son mari Andrea, s\u2019est install\u00e9e dans notre commune, plus pr\u00e9cis\u00e9ment \u00e0 Belvaux.<\/p>\n<p><strong><a href=\"https:\/\/www.suessemjetaime.lu\/wp-content\/uploads\/2023\/01\/Gustoso_Susana_230106_DSF9929-scaled.jpg\"><img loading=\"lazy\" class=\"alignright wp-image-8771 size-full\" src=\"https:\/\/www.suessemjetaime.lu\/wp-content\/uploads\/2023\/01\/Gustoso_Susana_230106_DSF9929-scaled.jpg\" alt=\"\" width=\"2560\" height=\"1707\" srcset=\"https:\/\/www.suessemjetaime.lu\/wp-content\/uploads\/2023\/01\/Gustoso_Susana_230106_DSF9929-scaled.jpg 2560w, https:\/\/www.suessemjetaime.lu\/wp-content\/uploads\/2023\/01\/Gustoso_Susana_230106_DSF9929-300x200.jpg 300w, https:\/\/www.suessemjetaime.lu\/wp-content\/uploads\/2023\/01\/Gustoso_Susana_230106_DSF9929-1024x683.jpg 1024w, https:\/\/www.suessemjetaime.lu\/wp-content\/uploads\/2023\/01\/Gustoso_Susana_230106_DSF9929-768x512.jpg 768w, https:\/\/www.suessemjetaime.lu\/wp-content\/uploads\/2023\/01\/Gustoso_Susana_230106_DSF9929-1536x1024.jpg 1536w, https:\/\/www.suessemjetaime.lu\/wp-content\/uploads\/2023\/01\/Gustoso_Susana_230106_DSF9929-600x400.jpg 600w\" sizes=\"(max-width: 2560px) 100vw, 2560px\" \/><\/a><\/strong><\/p>\n\n\t\t<style type=\"text\/css\">\n\t\t\t#gallery-1 {\n\t\t\t\tmargin: auto;\n\t\t\t}\n\t\t\t#gallery-1 .gallery-item {\n\t\t\t\tfloat: left;\n\t\t\t\tmargin-top: 10px;\n\t\t\t\ttext-align: center;\n\t\t\t\twidth: 50%;\n\t\t\t}\n\t\t\t#gallery-1 img {\n\t\t\t\tborder: 2px solid #cfcfcf;\n\t\t\t}\n\t\t\t#gallery-1 .gallery-caption {\n\t\t\t\tmargin-left: 0;\n\t\t\t}\n\t\t\t\/* see gallery_shortcode() in wp-includes\/media.php *\/\n\t\t<\/style>\n\t\t<div id='gallery-1' class='gallery galleryid-8757 gallery-columns-2 gallery-size-large'><dl class='gallery-item'>\n\t\t\t<dt class='gallery-icon landscape'>\n\t\t\t\t<a href='https:\/\/www.suessemjetaime.lu\/wp-content\/uploads\/2023\/01\/Gustoso_Susana_230106_DSF9234-scaled.jpg'><img width=\"1024\" height=\"683\" src=\"https:\/\/www.suessemjetaime.lu\/wp-content\/uploads\/2023\/01\/Gustoso_Susana_230106_DSF9234-1024x683.jpg\" class=\"attachment-large size-large\" alt=\"\" loading=\"lazy\" srcset=\"https:\/\/www.suessemjetaime.lu\/wp-content\/uploads\/2023\/01\/Gustoso_Susana_230106_DSF9234-1024x683.jpg 1024w, https:\/\/www.suessemjetaime.lu\/wp-content\/uploads\/2023\/01\/Gustoso_Susana_230106_DSF9234-300x200.jpg 300w, https:\/\/www.suessemjetaime.lu\/wp-content\/uploads\/2023\/01\/Gustoso_Susana_230106_DSF9234-768x512.jpg 768w, https:\/\/www.suessemjetaime.lu\/wp-content\/uploads\/2023\/01\/Gustoso_Susana_230106_DSF9234-1536x1024.jpg 1536w, https:\/\/www.suessemjetaime.lu\/wp-content\/uploads\/2023\/01\/Gustoso_Susana_230106_DSF9234-600x400.jpg 600w\" sizes=\"(max-width: 1024px) 100vw, 1024px\" \/><\/a>\n\t\t\t<\/dt><\/dl><dl class='gallery-item'>\n\t\t\t<dt class='gallery-icon landscape'>\n\t\t\t\t<a href='https:\/\/www.suessemjetaime.lu\/wp-content\/uploads\/2023\/01\/Gustoso_Susana_230106_DSF9526-scaled.jpg'><img width=\"1024\" height=\"683\" src=\"https:\/\/www.suessemjetaime.lu\/wp-content\/uploads\/2023\/01\/Gustoso_Susana_230106_DSF9526-1024x683.jpg\" class=\"attachment-large size-large\" alt=\"\" loading=\"lazy\" srcset=\"https:\/\/www.suessemjetaime.lu\/wp-content\/uploads\/2023\/01\/Gustoso_Susana_230106_DSF9526-1024x683.jpg 1024w, https:\/\/www.suessemjetaime.lu\/wp-content\/uploads\/2023\/01\/Gustoso_Susana_230106_DSF9526-300x200.jpg 300w, https:\/\/www.suessemjetaime.lu\/wp-content\/uploads\/2023\/01\/Gustoso_Susana_230106_DSF9526-768x512.jpg 768w, https:\/\/www.suessemjetaime.lu\/wp-content\/uploads\/2023\/01\/Gustoso_Susana_230106_DSF9526-1536x1024.jpg 1536w, https:\/\/www.suessemjetaime.lu\/wp-content\/uploads\/2023\/01\/Gustoso_Susana_230106_DSF9526-600x400.jpg 600w\" sizes=\"(max-width: 1024px) 100vw, 1024px\" \/><\/a>\n\t\t\t<\/dt><\/dl><br style=\"clear: both\" \/>\n\t\t<\/div>\n\n<p><!--more--><\/p>\n<p>Pendant que la m\u00e8re de trois enfants pr\u00e9pare la pur\u00e9e \u00e0 la main, elle commence \u00e0 d\u00e9baller ses petites histoires, comme par exemple l\u2019am\u00e9lioration de ses connaissances en langue luxembourgeoise \u00e0 l\u2019aide de ses enfants, le fait que la cuisine italienne est d\u00e9sormais plus pr\u00e9sente chez elle que la portugaise ou encore les cours de cuisine qu\u2019elle organise pour les enfants lors du <em>Colorissimo<\/em> de la Commission de l\u2019int\u00e9gration. Parlant d\u2019engagement : Susana s\u2019engage o\u00f9 elle peut, que ce soit dans son travail \u00e0 la Maison relais, dans les clubs sportifs de ses enfants ou encore dans la Commission de l\u2019int\u00e9gration de la Commune de Sanem, dans laquelle elle s\u2019est inscrite \u201cparce que j\u2019aime \u00eatre parmi les gens\u201d.<\/p>\n<blockquote><p><em>il faut tenter sa chance<\/em><\/p><\/blockquote>\n<p>Pour <em>Gustoso<\/em>, elle nous propose du bacalhau (morue), plat traditionnel du Portugal, mais avec une touche personnelle, de sorte qu\u2019il est un plat <em>\u00e0 la Susana<\/em>. Accompagn\u00e9 d\u2019un Porto, il y a des beignets de morue en entr\u00e9e, avant que Susana apporte une belle assiette remplie de poisson, pur\u00e9e, chou-fleur, chorizo, oignons et d\u00e9cor\u00e9e d\u2019olives et de persil. Ensuite, c\u2019est <em>Para a mesa<\/em> \u2013 \u00e0 table\u00a0!<\/p>\n<p><a href=\"https:\/\/www.suessemjetaime.lu\/wp-content\/uploads\/2023\/01\/Gustoso_Susana_230106_DSF9899-scaled.jpg\"><img loading=\"lazy\" class=\"alignright wp-image-8765 size-full\" src=\"https:\/\/www.suessemjetaime.lu\/wp-content\/uploads\/2023\/01\/Gustoso_Susana_230106_DSF9899-scaled.jpg\" alt=\"\" width=\"2560\" height=\"1707\" srcset=\"https:\/\/www.suessemjetaime.lu\/wp-content\/uploads\/2023\/01\/Gustoso_Susana_230106_DSF9899-scaled.jpg 2560w, https:\/\/www.suessemjetaime.lu\/wp-content\/uploads\/2023\/01\/Gustoso_Susana_230106_DSF9899-300x200.jpg 300w, https:\/\/www.suessemjetaime.lu\/wp-content\/uploads\/2023\/01\/Gustoso_Susana_230106_DSF9899-1024x683.jpg 1024w, https:\/\/www.suessemjetaime.lu\/wp-content\/uploads\/2023\/01\/Gustoso_Susana_230106_DSF9899-768x512.jpg 768w, https:\/\/www.suessemjetaime.lu\/wp-content\/uploads\/2023\/01\/Gustoso_Susana_230106_DSF9899-1536x1024.jpg 1536w, https:\/\/www.suessemjetaime.lu\/wp-content\/uploads\/2023\/01\/Gustoso_Susana_230106_DSF9899-600x400.jpg 600w\" sizes=\"(max-width: 2560px) 100vw, 2560px\" \/><\/a><\/p>\n<p>&nbsp;<\/p>\n<p>&nbsp;<\/p>\n<p>&nbsp;<\/p>\n<p>&nbsp;<\/p>\n<p><strong>Beignets de morue (past\u00e9is de bacalhau)<\/strong><\/p>\n<ul>\n<li>400 g de bacalhau<\/li>\n<li>200 g de pommes de terre<\/li>\n<li>3 \u0153ufs<\/li>\n<li>1 oignon<\/li>\n<li>Persil<\/li>\n<li>Sel<\/li>\n<li>Poivre<\/li>\n<li>Huile pour faire frire<\/li>\n<\/ul>\n<p>Dessalez le bacalhau. Faites-le cuire jusqu\u2019\u00e0 ce qu\u2019il soit tendre, puis retirez-le du feu et enlevez la peau et les ar\u00eates. Ensuite, r\u00e2pez le poisson en petits morceaux \u00e0 la main. Faites cuire les pommes de terre jusqu\u2019\u00e0 ce qu\u2019elles soient tendres. \u00c9crasez-les en pur\u00e9e. M\u00e9langez-les avec du persil, un oignon, les \u0153ufs et le bacalhau. Ajoutez du sel et du poivre. M\u00e9langez jusqu\u2019\u00e0 ce que la p\u00e2te soit homog\u00e8ne. Attention \u00e0 ne pas la rendre trop molle mais pas non plus trop compacte. Chauffer l\u2019huile dans la po\u00eale. Faites passer la p\u00e2te d\u2019une cuill\u00e8re \u00e0 soupe dans l\u2019autre jusqu\u2019\u00e0 obtenir la forme d\u00e9sir\u00e9e des beignets. Faites frire dans l\u2019huile chaude, puis \u00e9gouttez sur du papier de cuisine. Servir en ap\u00e9ritif ou avec une salade verte.<\/p>\n\n\t\t<style type=\"text\/css\">\n\t\t\t#gallery-2 {\n\t\t\t\tmargin: auto;\n\t\t\t}\n\t\t\t#gallery-2 .gallery-item {\n\t\t\t\tfloat: left;\n\t\t\t\tmargin-top: 10px;\n\t\t\t\ttext-align: center;\n\t\t\t\twidth: 50%;\n\t\t\t}\n\t\t\t#gallery-2 img {\n\t\t\t\tborder: 2px solid #cfcfcf;\n\t\t\t}\n\t\t\t#gallery-2 .gallery-caption {\n\t\t\t\tmargin-left: 0;\n\t\t\t}\n\t\t\t\/* see gallery_shortcode() in wp-includes\/media.php *\/\n\t\t<\/style>\n\t\t<div id='gallery-2' class='gallery galleryid-8757 gallery-columns-2 gallery-size-large'><dl class='gallery-item'>\n\t\t\t<dt class='gallery-icon landscape'>\n\t\t\t\t<a href='https:\/\/www.suessemjetaime.lu\/fr\/bacalhaususana\/gustoso_susana_230106_dsf9715-2\/'><img width=\"1024\" height=\"683\" src=\"https:\/\/www.suessemjetaime.lu\/wp-content\/uploads\/2023\/01\/Gustoso_Susana_230106_DSF9715-1024x683.jpg\" class=\"attachment-large size-large\" alt=\"\" loading=\"lazy\" srcset=\"https:\/\/www.suessemjetaime.lu\/wp-content\/uploads\/2023\/01\/Gustoso_Susana_230106_DSF9715-1024x683.jpg 1024w, https:\/\/www.suessemjetaime.lu\/wp-content\/uploads\/2023\/01\/Gustoso_Susana_230106_DSF9715-300x200.jpg 300w, https:\/\/www.suessemjetaime.lu\/wp-content\/uploads\/2023\/01\/Gustoso_Susana_230106_DSF9715-768x512.jpg 768w, https:\/\/www.suessemjetaime.lu\/wp-content\/uploads\/2023\/01\/Gustoso_Susana_230106_DSF9715-1536x1024.jpg 1536w, https:\/\/www.suessemjetaime.lu\/wp-content\/uploads\/2023\/01\/Gustoso_Susana_230106_DSF9715-600x400.jpg 600w\" sizes=\"(max-width: 1024px) 100vw, 1024px\" \/><\/a>\n\t\t\t<\/dt><\/dl><dl class='gallery-item'>\n\t\t\t<dt class='gallery-icon landscape'>\n\t\t\t\t<a href='https:\/\/www.suessemjetaime.lu\/fr\/bacalhaususana\/gustoso_susana_230106_dsf9434-2\/'><img width=\"1024\" height=\"683\" src=\"https:\/\/www.suessemjetaime.lu\/wp-content\/uploads\/2023\/01\/Gustoso_Susana_230106_DSF9434-1024x683.jpg\" class=\"attachment-large size-large\" alt=\"\" loading=\"lazy\" srcset=\"https:\/\/www.suessemjetaime.lu\/wp-content\/uploads\/2023\/01\/Gustoso_Susana_230106_DSF9434-1024x683.jpg 1024w, https:\/\/www.suessemjetaime.lu\/wp-content\/uploads\/2023\/01\/Gustoso_Susana_230106_DSF9434-300x200.jpg 300w, https:\/\/www.suessemjetaime.lu\/wp-content\/uploads\/2023\/01\/Gustoso_Susana_230106_DSF9434-768x512.jpg 768w, https:\/\/www.suessemjetaime.lu\/wp-content\/uploads\/2023\/01\/Gustoso_Susana_230106_DSF9434-1536x1024.jpg 1536w, https:\/\/www.suessemjetaime.lu\/wp-content\/uploads\/2023\/01\/Gustoso_Susana_230106_DSF9434-600x400.jpg 600w\" sizes=\"(max-width: 1024px) 100vw, 1024px\" \/><\/a>\n\t\t\t<\/dt><\/dl><br style=\"clear: both\" \/>\n\t\t<\/div>\n\n<p><strong>Bacalhau cuit<\/strong><\/p>\n<ul>\n<li>4 filets de bacalhau<\/li>\n<li>1 litre de lait<\/li>\n<li>Huile d\u2019olive<\/li>\n<li>5 oignons<\/li>\n<li>4 gousses d\u2019ail<\/li>\n<li>Persil<\/li>\n<li>1 kg de pommes de terre \u00e0 chair farineuse<\/li>\n<li>Beurre<\/li>\n<li>Sel<\/li>\n<li>Poivre<\/li>\n<li>Muscade<\/li>\n<li>Olives noires, sans noyau<\/li>\n<li>1 chou vert<\/li>\n<li>1 pain de ma\u00efs<\/li>\n<li>Chorizo<\/li>\n<\/ul>\n<p><strong>Filets bacalhau <\/strong><\/p>\n<p>Faites cuire les filets dans un m\u00e9lange de lait et d\u2019eau. \u00c9gouttez-les, retirez les ar\u00eates et mettez les filets de c\u00f4t\u00e9. Coupez les oignons en tranches fines et faites-les revenir \u00e0 l\u2019huile d\u2019olive. Finir avec un peu de persil, assaisonner avec du sel et du poivre.<\/p>\n<p><strong>Pur\u00e9e<br \/>\n<\/strong>Pelez les pommes de terre, coupez-les en morceaux et faites-les cuire dans de l\u2019eau. \u00c9crasez les pommes de terre cuites, ajoutez du lait, du beurre fondu et de la muscade et m\u00e9langez jusqu\u2019\u00e0 ce que la pur\u00e9e soit bien lisse. Go\u00fbtez et assaisonnez si n\u00e9cessaire.<\/p>\n<p><strong>Chou<br \/>\n<\/strong>Coupez le chou en quatre, enlevez la tige, hachez-le finement et lavez-le sous l\u2019eau. Une fois que l\u2019eau a bouilli, laissez cuire le chou pendant 15 minutes. \u00c9gouttez- et assaisonnez-le. Faites dorer l\u2019ail dans une po\u00eale et ajoutez le chou cuit.<\/p>\n\n\t\t<style type=\"text\/css\">\n\t\t\t#gallery-3 {\n\t\t\t\tmargin: auto;\n\t\t\t}\n\t\t\t#gallery-3 .gallery-item {\n\t\t\t\tfloat: left;\n\t\t\t\tmargin-top: 10px;\n\t\t\t\ttext-align: center;\n\t\t\t\twidth: 33%;\n\t\t\t}\n\t\t\t#gallery-3 img {\n\t\t\t\tborder: 2px solid #cfcfcf;\n\t\t\t}\n\t\t\t#gallery-3 .gallery-caption {\n\t\t\t\tmargin-left: 0;\n\t\t\t}\n\t\t\t\/* see gallery_shortcode() in wp-includes\/media.php *\/\n\t\t<\/style>\n\t\t<div id='gallery-3' class='gallery galleryid-8757 gallery-columns-3 gallery-size-large'><dl class='gallery-item'>\n\t\t\t<dt class='gallery-icon landscape'>\n\t\t\t\t<a href='https:\/\/www.suessemjetaime.lu\/fr\/bacalhaususana\/gustoso_susana_230106_dsf9266-2\/'><img width=\"1024\" height=\"683\" src=\"https:\/\/www.suessemjetaime.lu\/wp-content\/uploads\/2023\/01\/Gustoso_Susana_230106_DSF9266-1024x683.jpg\" class=\"attachment-large size-large\" alt=\"\" loading=\"lazy\" srcset=\"https:\/\/www.suessemjetaime.lu\/wp-content\/uploads\/2023\/01\/Gustoso_Susana_230106_DSF9266-1024x683.jpg 1024w, https:\/\/www.suessemjetaime.lu\/wp-content\/uploads\/2023\/01\/Gustoso_Susana_230106_DSF9266-300x200.jpg 300w, https:\/\/www.suessemjetaime.lu\/wp-content\/uploads\/2023\/01\/Gustoso_Susana_230106_DSF9266-768x512.jpg 768w, https:\/\/www.suessemjetaime.lu\/wp-content\/uploads\/2023\/01\/Gustoso_Susana_230106_DSF9266-1536x1024.jpg 1536w, https:\/\/www.suessemjetaime.lu\/wp-content\/uploads\/2023\/01\/Gustoso_Susana_230106_DSF9266-600x400.jpg 600w\" sizes=\"(max-width: 1024px) 100vw, 1024px\" \/><\/a>\n\t\t\t<\/dt><\/dl><dl class='gallery-item'>\n\t\t\t<dt class='gallery-icon landscape'>\n\t\t\t\t<a href='https:\/\/www.suessemjetaime.lu\/fr\/bacalhaususana\/gustoso_susana_230106_dsf8928-2\/'><img width=\"1024\" height=\"683\" src=\"https:\/\/www.suessemjetaime.lu\/wp-content\/uploads\/2023\/01\/Gustoso_Susana_230106_DSF8928-1024x683.jpg\" class=\"attachment-large size-large\" alt=\"\" loading=\"lazy\" srcset=\"https:\/\/www.suessemjetaime.lu\/wp-content\/uploads\/2023\/01\/Gustoso_Susana_230106_DSF8928-1024x683.jpg 1024w, https:\/\/www.suessemjetaime.lu\/wp-content\/uploads\/2023\/01\/Gustoso_Susana_230106_DSF8928-300x200.jpg 300w, https:\/\/www.suessemjetaime.lu\/wp-content\/uploads\/2023\/01\/Gustoso_Susana_230106_DSF8928-768x512.jpg 768w, https:\/\/www.suessemjetaime.lu\/wp-content\/uploads\/2023\/01\/Gustoso_Susana_230106_DSF8928-1536x1024.jpg 1536w, https:\/\/www.suessemjetaime.lu\/wp-content\/uploads\/2023\/01\/Gustoso_Susana_230106_DSF8928-600x400.jpg 600w\" sizes=\"(max-width: 1024px) 100vw, 1024px\" \/><\/a>\n\t\t\t<\/dt><\/dl><dl class='gallery-item'>\n\t\t\t<dt class='gallery-icon landscape'>\n\t\t\t\t<a href='https:\/\/www.suessemjetaime.lu\/fr\/bacalhaususana\/gustoso_susana_230106_dsf9763-2\/'><img width=\"1024\" height=\"683\" src=\"https:\/\/www.suessemjetaime.lu\/wp-content\/uploads\/2023\/01\/Gustoso_Susana_230106_DSF9763-1024x683.jpg\" class=\"attachment-large size-large\" alt=\"\" loading=\"lazy\" srcset=\"https:\/\/www.suessemjetaime.lu\/wp-content\/uploads\/2023\/01\/Gustoso_Susana_230106_DSF9763-1024x683.jpg 1024w, https:\/\/www.suessemjetaime.lu\/wp-content\/uploads\/2023\/01\/Gustoso_Susana_230106_DSF9763-300x200.jpg 300w, https:\/\/www.suessemjetaime.lu\/wp-content\/uploads\/2023\/01\/Gustoso_Susana_230106_DSF9763-768x512.jpg 768w, https:\/\/www.suessemjetaime.lu\/wp-content\/uploads\/2023\/01\/Gustoso_Susana_230106_DSF9763-1536x1024.jpg 1536w, https:\/\/www.suessemjetaime.lu\/wp-content\/uploads\/2023\/01\/Gustoso_Susana_230106_DSF9763-600x400.jpg 600w\" sizes=\"(max-width: 1024px) 100vw, 1024px\" \/><\/a>\n\t\t\t<\/dt><\/dl><br style=\"clear: both\" \/>\n\t\t<\/div>\n\n<p><strong>Dans un moule \u00e0 gratin, faire trois couches :<br \/>\n<\/strong>1- R\u00e9partir les oignons dor\u00e9s sur le bacalhau (la morue) cuit et recouvrir de miettes de pain et de morceaux de chorizo<br \/>\n2- R\u00e9partir la pur\u00e9e (dans une rang\u00e9e) \u00e0 c\u00f4t\u00e9<br \/>\n3- R\u00e9partir le chou (dans une rang\u00e9e) \u00e0 c\u00f4t\u00e9<br \/>\nLaisser gratiner au four \u00e0 180\u00b0 pendant 30 minutes.<br \/>\nD\u00e9corer avec des olives noires et du persil.<\/p>\n<p>&nbsp;<\/p>\n<p class=\"BodyA\" style=\"text-align: center;\"><strong><span lang=\"EN-US\">Bon app\u00e9tit !<\/span><\/strong><\/p>\n","protected":false},"excerpt":{"rendered":"<p>C\u2019est en tenue de soir\u00e9e que Susana Teixeira et sa fille Vittoria nous accueillent pour Gustoso qui nous emm\u00e8ne cette fois-ci au Portugal. Les tabliers sont nou\u00e9s, les boucles d\u2019oreille \u2013 un cadeau de mamie &#8211;\u00a0 scintillent et le bacalhau [&hellip;]<\/p>\n","protected":false},"author":4,"featured_media":8759,"comment_status":"open","ping_status":"open","sticky":false,"template":"","format":"audio","meta":[],"categories":[49],"tags":[361,342],"yoast_head":"<!-- This site is optimized with the Yoast SEO plugin v15.2.1 - https:\/\/yoast.com\/wordpress\/plugins\/seo\/ -->\n<title>Bacalhau \u00e0 la Susana &bull; Suessem, je t&#039;aime<\/title>\n<meta name=\"robots\" content=\"index, follow, max-snippet:-1, max-image-preview:large, max-video-preview:-1\" \/>\n<link rel=\"canonical\" href=\"https:\/\/www.suessemjetaime.lu\/fr\/bacalhaususana\/\" \/>\n<meta property=\"og:locale\" content=\"fr_FR\" \/>\n<meta property=\"og:type\" content=\"article\" \/>\n<meta property=\"og:title\" content=\"Bacalhau \u00e0 la Susana &bull; Suessem, je t&#039;aime\" \/>\n<meta property=\"og:description\" content=\"C\u2019est en tenue de soir\u00e9e que Susana Teixeira et sa fille Vittoria nous accueillent pour Gustoso qui nous emm\u00e8ne cette fois-ci au Portugal. Les tabliers sont nou\u00e9s, les boucles d\u2019oreille \u2013 un cadeau de mamie &#8211;\u00a0 scintillent et le bacalhau [&hellip;]\" \/>\n<meta property=\"og:url\" content=\"https:\/\/www.suessemjetaime.lu\/fr\/bacalhaususana\/\" \/>\n<meta property=\"og:site_name\" content=\"Suessem, je t&#039;aime\" \/>\n<meta property=\"article:publisher\" content=\"https:\/\/www.facebook.com\/communedesanem\/\" \/>\n<meta property=\"article:published_time\" content=\"2023-03-01T13:22:48+00:00\" \/>\n<meta property=\"article:modified_time\" content=\"2023-03-16T07:16:54+00:00\" \/>\n<meta property=\"og:image\" content=\"https:\/\/www.suessemjetaime.lu\/wp-content\/uploads\/2023\/01\/Gustoso_Susana_230106_DSF9720-scaled.jpg\" \/>\n\t<meta property=\"og:image:width\" content=\"2560\" \/>\n\t<meta property=\"og:image:height\" content=\"1707\" \/>\n<meta name=\"twitter:card\" content=\"summary_large_image\" \/>\n<meta name=\"twitter:label1\" content=\"\u00c9crit par\">\n\t<meta name=\"twitter:data1\" content=\"Suessem\">\n\t<meta name=\"twitter:label2\" content=\"Dur\u00e9e de lecture est.\">\n\t<meta name=\"twitter:data2\" content=\"3 minutes\">\n<script type=\"application\/ld+json\" class=\"yoast-schema-graph\">{\"@context\":\"https:\/\/schema.org\",\"@graph\":[{\"@type\":\"Organization\",\"@id\":\"https:\/\/www.suessemjetaime.lu\/#organization\",\"name\":\"Commune de Sanem\",\"url\":\"https:\/\/www.suessemjetaime.lu\/\",\"sameAs\":[\"https:\/\/www.facebook.com\/communedesanem\/\",\"https:\/\/www.youtube.com\/channel\/UCVN7kgmkkpcfy3Hb63mx_tQ\/featured\"],\"logo\":{\"@type\":\"ImageObject\",\"@id\":\"https:\/\/www.suessemjetaime.lu\/#logo\",\"inLanguage\":\"fr-FR\",\"url\":\"https:\/\/www.suessemjetaime.lu\/wp-content\/uploads\/2019\/03\/400_188_LOGO_SANEM.png\",\"width\":400,\"height\":188,\"caption\":\"Commune de Sanem\"},\"image\":{\"@id\":\"https:\/\/www.suessemjetaime.lu\/#logo\"}},{\"@type\":\"WebSite\",\"@id\":\"https:\/\/www.suessemjetaime.lu\/#website\",\"url\":\"https:\/\/www.suessemjetaime.lu\/\",\"name\":\"Suessem, je t&#039;aime\",\"description\":\"le Blog de la commune de Sanem\",\"publisher\":{\"@id\":\"https:\/\/www.suessemjetaime.lu\/#organization\"},\"potentialAction\":[{\"@type\":\"SearchAction\",\"target\":\"https:\/\/www.suessemjetaime.lu\/?s={search_term_string}\",\"query-input\":\"required name=search_term_string\"}],\"inLanguage\":\"fr-FR\"},{\"@type\":\"ImageObject\",\"@id\":\"https:\/\/www.suessemjetaime.lu\/fr\/bacalhaususana\/#primaryimage\",\"inLanguage\":\"fr-FR\",\"url\":\"https:\/\/www.suessemjetaime.lu\/wp-content\/uploads\/2023\/01\/Gustoso_Susana_230106_DSF9720-scaled.jpg\",\"width\":2560,\"height\":1707},{\"@type\":\"WebPage\",\"@id\":\"https:\/\/www.suessemjetaime.lu\/fr\/bacalhaususana\/#webpage\",\"url\":\"https:\/\/www.suessemjetaime.lu\/fr\/bacalhaususana\/\",\"name\":\"Bacalhau \\u00e0 la Susana &bull; Suessem, je t&#039;aime\",\"isPartOf\":{\"@id\":\"https:\/\/www.suessemjetaime.lu\/#website\"},\"primaryImageOfPage\":{\"@id\":\"https:\/\/www.suessemjetaime.lu\/fr\/bacalhaususana\/#primaryimage\"},\"datePublished\":\"2023-03-01T13:22:48+00:00\",\"dateModified\":\"2023-03-16T07:16:54+00:00\",\"inLanguage\":\"fr-FR\",\"potentialAction\":[{\"@type\":\"ReadAction\",\"target\":[\"https:\/\/www.suessemjetaime.lu\/fr\/bacalhaususana\/\"]}]},{\"@type\":\"Article\",\"@id\":\"https:\/\/www.suessemjetaime.lu\/fr\/bacalhaususana\/#article\",\"isPartOf\":{\"@id\":\"https:\/\/www.suessemjetaime.lu\/fr\/bacalhaususana\/#webpage\"},\"author\":{\"@id\":\"https:\/\/www.suessemjetaime.lu\/#\/schema\/person\/0cacc039fca45c1bb3d06544fdf18c63\"},\"headline\":\"Bacalhau \\u00e0 la Susana\",\"datePublished\":\"2023-03-01T13:22:48+00:00\",\"dateModified\":\"2023-03-16T07:16:54+00:00\",\"mainEntityOfPage\":{\"@id\":\"https:\/\/www.suessemjetaime.lu\/fr\/bacalhaususana\/#webpage\"},\"commentCount\":0,\"publisher\":{\"@id\":\"https:\/\/www.suessemjetaime.lu\/#organization\"},\"image\":{\"@id\":\"https:\/\/www.suessemjetaime.lu\/fr\/bacalhaususana\/#primaryimage\"},\"keywords\":\"Gustoso,Recette\",\"articleSection\":\"Gustoso\",\"inLanguage\":\"fr-FR\",\"potentialAction\":[{\"@type\":\"CommentAction\",\"name\":\"Comment\",\"target\":[\"https:\/\/www.suessemjetaime.lu\/fr\/bacalhaususana\/#respond\"]}]},{\"@type\":\"Person\",\"@id\":\"https:\/\/www.suessemjetaime.lu\/#\/schema\/person\/0cacc039fca45c1bb3d06544fdf18c63\",\"name\":\"Suessem\",\"image\":{\"@type\":\"ImageObject\",\"@id\":\"https:\/\/www.suessemjetaime.lu\/#personlogo\",\"inLanguage\":\"fr-FR\",\"url\":\"https:\/\/secure.gravatar.com\/avatar\/77fabd1f92df29867737b77509c5795b?s=96&d=mm&r=g\",\"caption\":\"Suessem\"}}]}<\/script>\n<!-- \/ Yoast SEO plugin. -->","_links":{"self":[{"href":"https:\/\/www.suessemjetaime.lu\/fr\/wp-json\/wp\/v2\/posts\/8757\/"}],"collection":[{"href":"https:\/\/www.suessemjetaime.lu\/fr\/wp-json\/wp\/v2\/posts\/"}],"about":[{"href":"https:\/\/www.suessemjetaime.lu\/fr\/wp-json\/wp\/v2\/types\/post\/"}],"author":[{"embeddable":true,"href":"https:\/\/www.suessemjetaime.lu\/fr\/wp-json\/wp\/v2\/users\/4\/"}],"replies":[{"embeddable":true,"href":"https:\/\/www.suessemjetaime.lu\/fr\/wp-json\/wp\/v2\/comments\/?post=8757"}],"version-history":[{"count":6,"href":"https:\/\/www.suessemjetaime.lu\/fr\/wp-json\/wp\/v2\/posts\/8757\/revisions\/"}],"predecessor-version":[{"id":8959,"href":"https:\/\/www.suessemjetaime.lu\/fr\/wp-json\/wp\/v2\/posts\/8757\/revisions\/8959\/"}],"wp:featuredmedia":[{"embeddable":true,"href":"https:\/\/www.suessemjetaime.lu\/fr\/wp-json\/wp\/v2\/media\/8759\/"}],"wp:attachment":[{"href":"https:\/\/www.suessemjetaime.lu\/fr\/wp-json\/wp\/v2\/media\/?parent=8757"}],"wp:term":[{"taxonomy":"category","embeddable":true,"href":"https:\/\/www.suessemjetaime.lu\/fr\/wp-json\/wp\/v2\/categories\/?post=8757"},{"taxonomy":"post_tag","embeddable":true,"href":"https:\/\/www.suessemjetaime.lu\/fr\/wp-json\/wp\/v2\/tags\/?post=8757"}],"curies":[{"name":"wp","href":"https:\/\/api.w.org\/{rel}","templated":true}]}}