{"id":8204,"date":"2022-05-02T10:18:46","date_gmt":"2022-05-02T10:18:46","guid":{"rendered":"https:\/\/www.suessemjetaime.lu\/?p=8204"},"modified":"2022-05-02T12:23:42","modified_gmt":"2022-05-02T12:23:42","slug":"kannercampus-eng-wonnerprachteg-rees","status":"publish","type":"post","link":"https:\/\/www.suessemjetaime.lu\/fr\/kannercampus-eng-wonnerprachteg-rees\/","title":{"rendered":"Kannercampus: Eng wonnerpr\u00e4chteg Rees"},"content":{"rendered":"<p>D\u00e9couvrez notre nouvel \u00e9pisode Belval ! Dans le cadre de l&rsquo;inauguration officielle du Kannercampus Belval le 29 avril 2022, les enfants vous emm\u00e8nent dans un voyage magnifique \u00e0 travers leur nouveau campus. La chanteuse Nadja les accompagne musicalement lors de cette aventure.<\/p>\n<p>Musique : Nicool &#8211; Wonnerpr\u00e4chteg Rees<\/p>\n<p>\u00ab BELVAL ! \u00bb est la s\u00e9rie qui met en avant l\u2019actualit\u00e9 de ce quartier dynamique.<\/p>\n<p>[vc_masonry_media_grid element_width=\u00a0\u00bb3&Prime; grid_id=\u00a0\u00bbvc_gid:1651493697895-ecdc9b5e-1944-5&Prime; include=\u00a0\u00bb8228,8226,8214,8220,8218,8222,8230,8232&Prime;]<\/p>\n<p>D\u00e9couvrez <a href=\"https:\/\/www.suessem.lu\/lb\/galerie\/kannercampus-belval\/\" target=\"_blank\" rel=\"noopener noreferrer\">toutes les photos<\/a> de l&rsquo;inauguration.<\/p>\n","protected":false},"excerpt":{"rendered":"<p>D\u00e9couvrez notre nouvel \u00e9pisode Belval ! Dans le cadre de l&rsquo;inauguration officielle du Kannercampus Belval le 29 avril 2022, les enfants vous emm\u00e8nent dans un voyage magnifique \u00e0 travers leur nouveau campus. La chanteuse Nadja les accompagne musicalement lors de [&hellip;]<\/p>\n","protected":false},"author":4,"featured_media":8199,"comment_status":"closed","ping_status":"closed","sticky":false,"template":"","format":"video","meta":[],"categories":[31],"tags":[102,115,335,662,663],"yoast_head":"<!-- This site is optimized with the Yoast SEO plugin v15.2.1 - https:\/\/yoast.com\/wordpress\/plugins\/seo\/ -->\n<title>Kannercampus: Eng wonnerpr\u00e4chteg Rees &bull; Suessem, je t&#039;aime<\/title>\n<meta name=\"robots\" content=\"index, follow, max-snippet:-1, max-image-preview:large, max-video-preview:-1\" \/>\n<link rel=\"canonical\" href=\"https:\/\/www.suessemjetaime.lu\/fr\/kannercampus-eng-wonnerprachteg-rees\/\" \/>\n<meta property=\"og:locale\" content=\"fr_FR\" \/>\n<meta property=\"og:type\" content=\"article\" \/>\n<meta property=\"og:title\" content=\"Kannercampus: Eng wonnerpr\u00e4chteg Rees &bull; Suessem, je t&#039;aime\" \/>\n<meta property=\"og:description\" content=\"D\u00e9couvrez notre nouvel \u00e9pisode Belval ! Dans le cadre de l&rsquo;inauguration officielle du Kannercampus Belval le 29 avril 2022, les enfants vous emm\u00e8nent dans un voyage magnifique \u00e0 travers leur nouveau campus. La chanteuse Nadja les accompagne musicalement lors de [&hellip;]\" \/>\n<meta property=\"og:url\" content=\"https:\/\/www.suessemjetaime.lu\/fr\/kannercampus-eng-wonnerprachteg-rees\/\" \/>\n<meta property=\"og:site_name\" content=\"Suessem, je t&#039;aime\" \/>\n<meta property=\"article:publisher\" content=\"https:\/\/www.facebook.com\/communedesanem\/\" \/>\n<meta property=\"article:published_time\" content=\"2022-05-02T10:18:46+00:00\" \/>\n<meta property=\"article:modified_time\" content=\"2022-05-02T12:23:42+00:00\" \/>\n<meta property=\"og:image\" content=\"https:\/\/www.suessemjetaime.lu\/wp-content\/uploads\/2022\/05\/SjT_Thumbnail_kannercampus_220502.jpg\" \/>\n\t<meta property=\"og:image:width\" content=\"1617\" \/>\n\t<meta property=\"og:image:height\" content=\"1080\" \/>\n<meta name=\"twitter:card\" content=\"summary_large_image\" \/>\n<meta name=\"twitter:label1\" content=\"\u00c9crit par\">\n\t<meta name=\"twitter:data1\" content=\"Suessem\">\n\t<meta name=\"twitter:label2\" content=\"Dur\u00e9e de lecture est.\">\n\t<meta name=\"twitter:data2\" content=\"0 minute\">\n<script type=\"application\/ld+json\" class=\"yoast-schema-graph\">{\"@context\":\"https:\/\/schema.org\",\"@graph\":[{\"@type\":\"Organization\",\"@id\":\"https:\/\/www.suessemjetaime.lu\/#organization\",\"name\":\"Commune de Sanem\",\"url\":\"https:\/\/www.suessemjetaime.lu\/\",\"sameAs\":[\"https:\/\/www.facebook.com\/communedesanem\/\",\"https:\/\/www.youtube.com\/channel\/UCVN7kgmkkpcfy3Hb63mx_tQ\/featured\"],\"logo\":{\"@type\":\"ImageObject\",\"@id\":\"https:\/\/www.suessemjetaime.lu\/#logo\",\"inLanguage\":\"fr-FR\",\"url\":\"https:\/\/www.suessemjetaime.lu\/wp-content\/uploads\/2019\/03\/400_188_LOGO_SANEM.png\",\"width\":400,\"height\":188,\"caption\":\"Commune de Sanem\"},\"image\":{\"@id\":\"https:\/\/www.suessemjetaime.lu\/#logo\"}},{\"@type\":\"WebSite\",\"@id\":\"https:\/\/www.suessemjetaime.lu\/#website\",\"url\":\"https:\/\/www.suessemjetaime.lu\/\",\"name\":\"Suessem, je t&#039;aime\",\"description\":\"le Blog de la commune de Sanem\",\"publisher\":{\"@id\":\"https:\/\/www.suessemjetaime.lu\/#organization\"},\"potentialAction\":[{\"@type\":\"SearchAction\",\"target\":\"https:\/\/www.suessemjetaime.lu\/?s={search_term_string}\",\"query-input\":\"required name=search_term_string\"}],\"inLanguage\":\"fr-FR\"},{\"@type\":\"ImageObject\",\"@id\":\"https:\/\/www.suessemjetaime.lu\/fr\/kannercampus-eng-wonnerprachteg-rees\/#primaryimage\",\"inLanguage\":\"fr-FR\",\"url\":\"https:\/\/www.suessemjetaime.lu\/wp-content\/uploads\/2022\/05\/SjT_Thumbnail_kannercampus_220502.jpg\",\"width\":1617,\"height\":1080},{\"@type\":\"WebPage\",\"@id\":\"https:\/\/www.suessemjetaime.lu\/fr\/kannercampus-eng-wonnerprachteg-rees\/#webpage\",\"url\":\"https:\/\/www.suessemjetaime.lu\/fr\/kannercampus-eng-wonnerprachteg-rees\/\",\"name\":\"Kannercampus: Eng wonnerpr\\u00e4chteg Rees &bull; Suessem, je t&#039;aime\",\"isPartOf\":{\"@id\":\"https:\/\/www.suessemjetaime.lu\/#website\"},\"primaryImageOfPage\":{\"@id\":\"https:\/\/www.suessemjetaime.lu\/fr\/kannercampus-eng-wonnerprachteg-rees\/#primaryimage\"},\"datePublished\":\"2022-05-02T10:18:46+00:00\",\"dateModified\":\"2022-05-02T12:23:42+00:00\",\"inLanguage\":\"fr-FR\",\"potentialAction\":[{\"@type\":\"ReadAction\",\"target\":[\"https:\/\/www.suessemjetaime.lu\/fr\/kannercampus-eng-wonnerprachteg-rees\/\"]}]},{\"@type\":\"Article\",\"@id\":\"https:\/\/www.suessemjetaime.lu\/fr\/kannercampus-eng-wonnerprachteg-rees\/#article\",\"isPartOf\":{\"@id\":\"https:\/\/www.suessemjetaime.lu\/fr\/kannercampus-eng-wonnerprachteg-rees\/#webpage\"},\"author\":{\"@id\":\"https:\/\/www.suessemjetaime.lu\/#\/schema\/person\/0cacc039fca45c1bb3d06544fdf18c63\"},\"headline\":\"Kannercampus: Eng wonnerpr\\u00e4chteg Rees\",\"datePublished\":\"2022-05-02T10:18:46+00:00\",\"dateModified\":\"2022-05-02T12:23:42+00:00\",\"mainEntityOfPage\":{\"@id\":\"https:\/\/www.suessemjetaime.lu\/fr\/kannercampus-eng-wonnerprachteg-rees\/#webpage\"},\"publisher\":{\"@id\":\"https:\/\/www.suessemjetaime.lu\/#organization\"},\"image\":{\"@id\":\"https:\/\/www.suessemjetaime.lu\/fr\/kannercampus-eng-wonnerprachteg-rees\/#primaryimage\"},\"keywords\":\"belval,belval,belvaux,kannercampus,nicool\",\"articleSection\":\"Belval !\",\"inLanguage\":\"fr-FR\"},{\"@type\":\"Person\",\"@id\":\"https:\/\/www.suessemjetaime.lu\/#\/schema\/person\/0cacc039fca45c1bb3d06544fdf18c63\",\"name\":\"Suessem\",\"image\":{\"@type\":\"ImageObject\",\"@id\":\"https:\/\/www.suessemjetaime.lu\/#personlogo\",\"inLanguage\":\"fr-FR\",\"url\":\"https:\/\/secure.gravatar.com\/avatar\/77fabd1f92df29867737b77509c5795b?s=96&d=mm&r=g\",\"caption\":\"Suessem\"}}]}<\/script>\n<!-- \/ Yoast SEO plugin. -->","_links":{"self":[{"href":"https:\/\/www.suessemjetaime.lu\/fr\/wp-json\/wp\/v2\/posts\/8204\/"}],"collection":[{"href":"https:\/\/www.suessemjetaime.lu\/fr\/wp-json\/wp\/v2\/posts\/"}],"about":[{"href":"https:\/\/www.suessemjetaime.lu\/fr\/wp-json\/wp\/v2\/types\/post\/"}],"author":[{"embeddable":true,"href":"https:\/\/www.suessemjetaime.lu\/fr\/wp-json\/wp\/v2\/users\/4\/"}],"replies":[{"embeddable":true,"href":"https:\/\/www.suessemjetaime.lu\/fr\/wp-json\/wp\/v2\/comments\/?post=8204"}],"version-history":[{"count":11,"href":"https:\/\/www.suessemjetaime.lu\/fr\/wp-json\/wp\/v2\/posts\/8204\/revisions\/"}],"predecessor-version":[{"id":8248,"href":"https:\/\/www.suessemjetaime.lu\/fr\/wp-json\/wp\/v2\/posts\/8204\/revisions\/8248\/"}],"wp:featuredmedia":[{"embeddable":true,"href":"https:\/\/www.suessemjetaime.lu\/fr\/wp-json\/wp\/v2\/media\/8199\/"}],"wp:attachment":[{"href":"https:\/\/www.suessemjetaime.lu\/fr\/wp-json\/wp\/v2\/media\/?parent=8204"}],"wp:term":[{"taxonomy":"category","embeddable":true,"href":"https:\/\/www.suessemjetaime.lu\/fr\/wp-json\/wp\/v2\/categories\/?post=8204"},{"taxonomy":"post_tag","embeddable":true,"href":"https:\/\/www.suessemjetaime.lu\/fr\/wp-json\/wp\/v2\/tags\/?post=8204"}],"curies":[{"name":"wp","href":"https:\/\/api.w.org\/{rel}","templated":true}]}}