{"id":7789,"date":"2022-03-18T13:34:30","date_gmt":"2022-03-18T13:34:30","guid":{"rendered":"https:\/\/www.suessemjetaime.lu\/?p=7789"},"modified":"2022-03-21T15:29:25","modified_gmt":"2022-03-21T15:29:25","slug":"suede","status":"publish","type":"post","link":"https:\/\/www.suessemjetaime.lu\/fr\/suede\/","title":{"rendered":"Tack f\u00f6r maten &#8211; Merci pour le repas"},"content":{"rendered":"<p>\u00c0 80km \u00e0 peine de Stockholm, ce qui repr\u00e9sente trois bonnes heures en voiture, se niche Blid\u00f6, l\u2019une des quelque 24.000 petites \u00eeles formant l\u2019archipel de\u00a0Stockholm, d\u2019o\u00f9 Anna Mathieu est originaire. Pour rejoindre ce \u00ab\u00a0paradis magique\u00a0\u00bb, nom dont Georges, le mari d\u2019Anna, affuble l\u2019\u00eele au nord de Stockholm, il faut traverser pas moins de sept \u00eeles et emprunter \u00e0 deux reprises le ferry.\u00a0 Sinon, la travers\u00e9e en bateau \u00e0 partir de Stockholm constitue une magnifique alternative pour arriver \u00e0 destination.<\/p>\n<p><a href=\"https:\/\/www.suessemjetaime.lu\/wp-content\/uploads\/2022\/01\/Anna_220110_gustoso_DSF4517-scaled.jpg\"><img loading=\"lazy\" class=\"alignright wp-image-7803 size-full\" src=\"https:\/\/www.suessemjetaime.lu\/wp-content\/uploads\/2022\/01\/Anna_220110_gustoso_DSF4517-scaled.jpg\" alt=\"\" width=\"1707\" height=\"2560\" srcset=\"https:\/\/www.suessemjetaime.lu\/wp-content\/uploads\/2022\/01\/Anna_220110_gustoso_DSF4517-scaled.jpg 1707w, https:\/\/www.suessemjetaime.lu\/wp-content\/uploads\/2022\/01\/Anna_220110_gustoso_DSF4517-200x300.jpg 200w, https:\/\/www.suessemjetaime.lu\/wp-content\/uploads\/2022\/01\/Anna_220110_gustoso_DSF4517-683x1024.jpg 683w, https:\/\/www.suessemjetaime.lu\/wp-content\/uploads\/2022\/01\/Anna_220110_gustoso_DSF4517-768x1152.jpg 768w, https:\/\/www.suessemjetaime.lu\/wp-content\/uploads\/2022\/01\/Anna_220110_gustoso_DSF4517-1024x1536.jpg 1024w, https:\/\/www.suessemjetaime.lu\/wp-content\/uploads\/2022\/01\/Anna_220110_gustoso_DSF4517-1365x2048.jpg 1365w, https:\/\/www.suessemjetaime.lu\/wp-content\/uploads\/2022\/01\/Anna_220110_gustoso_DSF4517-600x900.jpg 600w\" sizes=\"(max-width: 1707px) 100vw, 1707px\" \/><\/a><\/p>\n\n\t\t<style type=\"text\/css\">\n\t\t\t#gallery-1 {\n\t\t\t\tmargin: auto;\n\t\t\t}\n\t\t\t#gallery-1 .gallery-item {\n\t\t\t\tfloat: left;\n\t\t\t\tmargin-top: 10px;\n\t\t\t\ttext-align: center;\n\t\t\t\twidth: 50%;\n\t\t\t}\n\t\t\t#gallery-1 img {\n\t\t\t\tborder: 2px solid #cfcfcf;\n\t\t\t}\n\t\t\t#gallery-1 .gallery-caption {\n\t\t\t\tmargin-left: 0;\n\t\t\t}\n\t\t\t\/* see gallery_shortcode() in wp-includes\/media.php *\/\n\t\t<\/style>\n\t\t<div id='gallery-1' class='gallery galleryid-7789 gallery-columns-2 gallery-size-large'><dl class='gallery-item'>\n\t\t\t<dt class='gallery-icon landscape'>\n\t\t\t\t<a href='https:\/\/www.suessemjetaime.lu\/wp-content\/uploads\/2022\/01\/Anna_220110_gustoso_DSF4453-scaled.jpg'><img width=\"1024\" height=\"683\" src=\"https:\/\/www.suessemjetaime.lu\/wp-content\/uploads\/2022\/01\/Anna_220110_gustoso_DSF4453-1024x683.jpg\" class=\"attachment-large size-large\" alt=\"\" loading=\"lazy\" srcset=\"https:\/\/www.suessemjetaime.lu\/wp-content\/uploads\/2022\/01\/Anna_220110_gustoso_DSF4453-1024x683.jpg 1024w, https:\/\/www.suessemjetaime.lu\/wp-content\/uploads\/2022\/01\/Anna_220110_gustoso_DSF4453-300x200.jpg 300w, https:\/\/www.suessemjetaime.lu\/wp-content\/uploads\/2022\/01\/Anna_220110_gustoso_DSF4453-768x512.jpg 768w, https:\/\/www.suessemjetaime.lu\/wp-content\/uploads\/2022\/01\/Anna_220110_gustoso_DSF4453-1536x1024.jpg 1536w, https:\/\/www.suessemjetaime.lu\/wp-content\/uploads\/2022\/01\/Anna_220110_gustoso_DSF4453-600x400.jpg 600w\" sizes=\"(max-width: 1024px) 100vw, 1024px\" \/><\/a>\n\t\t\t<\/dt><\/dl><dl class='gallery-item'>\n\t\t\t<dt class='gallery-icon landscape'>\n\t\t\t\t<a href='https:\/\/www.suessemjetaime.lu\/wp-content\/uploads\/2022\/01\/Anna_220110_gustoso_DSF3933-scaled.jpg'><img width=\"1024\" height=\"683\" src=\"https:\/\/www.suessemjetaime.lu\/wp-content\/uploads\/2022\/01\/Anna_220110_gustoso_DSF3933-1024x683.jpg\" class=\"attachment-large size-large\" alt=\"\" loading=\"lazy\" srcset=\"https:\/\/www.suessemjetaime.lu\/wp-content\/uploads\/2022\/01\/Anna_220110_gustoso_DSF3933-1024x683.jpg 1024w, https:\/\/www.suessemjetaime.lu\/wp-content\/uploads\/2022\/01\/Anna_220110_gustoso_DSF3933-300x200.jpg 300w, https:\/\/www.suessemjetaime.lu\/wp-content\/uploads\/2022\/01\/Anna_220110_gustoso_DSF3933-768x512.jpg 768w, https:\/\/www.suessemjetaime.lu\/wp-content\/uploads\/2022\/01\/Anna_220110_gustoso_DSF3933-1536x1024.jpg 1536w, https:\/\/www.suessemjetaime.lu\/wp-content\/uploads\/2022\/01\/Anna_220110_gustoso_DSF3933-600x400.jpg 600w\" sizes=\"(max-width: 1024px) 100vw, 1024px\" \/><\/a>\n\t\t\t<\/dt><\/dl><br style=\"clear: both\" \/>\n\t\t<\/div>\n\n<p><!--more--><\/p>\n<p>&nbsp;<\/p>\n<p>Magique et idyllique, voici des mots qui ponctuent le repas su\u00e9dois chez les Mathieu \u00e0 Belvaux. Magique, parce que m\u00eame en avril, il arrive que d\u2019un coup, la neige tombe en flocons \u00e9pais, et idyllique puisqu\u2019en se baladant, il n\u2019est pas rare d\u2019apercevoir un \u00e9lan majestueux.<\/p>\n<p>Alors qu\u2019Anna Mathieu a ses origines en Su\u00e8de et en Allemagne, Georges est natif du Luxembourg. Apr\u00e8s leur rencontre \u00e0 Heidelberg en 1978, ils ont emprunt\u00e9 le chemin menant de Heidelberg au Luxembourg en 2004 en compagnie de leurs filles Sophie et Marie. Mise \u00e0 part leur propre maison d\u2019\u00e9dition, cr\u00e9\u00e9e \u00e0 deux, Anna a dirig\u00e9 le Club Senior \u00e0 Mondercange pendant 18 ans.<\/p>\n<p>Tout juste retrait\u00e9e, Anna Mathieu nous a ouvert la porte de sa cuisine su\u00e9doise, qui est avant tout <em>antigaspi<\/em>. \u00ab Pour moi, il est tout \u00e0 fait normal de ne pas gaspiller de la nourriture \u00bb, explique Anna en riant : \u00ab Les Su\u00e9dois mangent pour vivre et ne vivent pas pour manger \u00bb. \u00a0Au sein de la commission d\u2019int\u00e9gration de la Commune de Sanem, la jeune pensionn\u00e9e, dynamique et bouillante d\u2019id\u00e9es, s\u2019engage avant tout puisqu\u2019elle estime que l\u2019int\u00e9gration est \u00e0 deux sens.<\/p>\n<p>M\u00eame si Georges est traditionnellement au fourneau dans le m\u00e9nage, Anna a fait une exception pour <em>Gustoso.<\/em> Le plat qu\u2019elle nous a mitonn\u00e9, surtout connu en rapport avec un constructeur de meubles su\u00e9dois, ce sont des <em>K\u00f6ttbullar<\/em>, servis avec pommes vapeur et des airelles. Le Saumon au four \u00e9tait une deuxi\u00e8me option, suivie d\u2019un Baiser aux fruits rouges et chocolat blanc en dessert. Les enfants l\u2019accompagnent de lait en Su\u00e8de alors que les adultes pr\u00e9f\u00e8rent l\u2019arroser d\u2019une bi\u00e8re l\u00e9g\u00e8re.<\/p>\n<p>Tack f\u00f6r maten (Merci pour le repas)<\/p>\n\n\t\t<style type=\"text\/css\">\n\t\t\t#gallery-2 {\n\t\t\t\tmargin: auto;\n\t\t\t}\n\t\t\t#gallery-2 .gallery-item {\n\t\t\t\tfloat: left;\n\t\t\t\tmargin-top: 10px;\n\t\t\t\ttext-align: center;\n\t\t\t\twidth: 50%;\n\t\t\t}\n\t\t\t#gallery-2 img {\n\t\t\t\tborder: 2px solid #cfcfcf;\n\t\t\t}\n\t\t\t#gallery-2 .gallery-caption {\n\t\t\t\tmargin-left: 0;\n\t\t\t}\n\t\t\t\/* see gallery_shortcode() in wp-includes\/media.php *\/\n\t\t<\/style>\n\t\t<div id='gallery-2' class='gallery galleryid-7789 gallery-columns-2 gallery-size-full'><dl class='gallery-item'>\n\t\t\t<dt class='gallery-icon landscape'>\n\t\t\t\t<a href='https:\/\/www.suessemjetaime.lu\/fr\/suede\/anna_220110_gustoso_dsf3887\/'><img width=\"2560\" height=\"1707\" src=\"https:\/\/www.suessemjetaime.lu\/wp-content\/uploads\/2022\/01\/Anna_220110_gustoso_DSF3887-scaled.jpg\" class=\"attachment-full size-full\" alt=\"\" loading=\"lazy\" srcset=\"https:\/\/www.suessemjetaime.lu\/wp-content\/uploads\/2022\/01\/Anna_220110_gustoso_DSF3887-scaled.jpg 2560w, https:\/\/www.suessemjetaime.lu\/wp-content\/uploads\/2022\/01\/Anna_220110_gustoso_DSF3887-300x200.jpg 300w, https:\/\/www.suessemjetaime.lu\/wp-content\/uploads\/2022\/01\/Anna_220110_gustoso_DSF3887-1024x683.jpg 1024w, https:\/\/www.suessemjetaime.lu\/wp-content\/uploads\/2022\/01\/Anna_220110_gustoso_DSF3887-768x512.jpg 768w, https:\/\/www.suessemjetaime.lu\/wp-content\/uploads\/2022\/01\/Anna_220110_gustoso_DSF3887-1536x1024.jpg 1536w, https:\/\/www.suessemjetaime.lu\/wp-content\/uploads\/2022\/01\/Anna_220110_gustoso_DSF3887-600x400.jpg 600w\" sizes=\"(max-width: 2560px) 100vw, 2560px\" \/><\/a>\n\t\t\t<\/dt><\/dl><dl class='gallery-item'>\n\t\t\t<dt class='gallery-icon landscape'>\n\t\t\t\t<a href='https:\/\/www.suessemjetaime.lu\/fr\/suede\/anna_220110_gustoso_dsf4442\/'><img width=\"2560\" height=\"1707\" src=\"https:\/\/www.suessemjetaime.lu\/wp-content\/uploads\/2022\/01\/Anna_220110_gustoso_DSF4442-scaled.jpg\" class=\"attachment-full size-full\" alt=\"\" loading=\"lazy\" srcset=\"https:\/\/www.suessemjetaime.lu\/wp-content\/uploads\/2022\/01\/Anna_220110_gustoso_DSF4442-scaled.jpg 2560w, https:\/\/www.suessemjetaime.lu\/wp-content\/uploads\/2022\/01\/Anna_220110_gustoso_DSF4442-300x200.jpg 300w, https:\/\/www.suessemjetaime.lu\/wp-content\/uploads\/2022\/01\/Anna_220110_gustoso_DSF4442-1024x683.jpg 1024w, https:\/\/www.suessemjetaime.lu\/wp-content\/uploads\/2022\/01\/Anna_220110_gustoso_DSF4442-768x512.jpg 768w, https:\/\/www.suessemjetaime.lu\/wp-content\/uploads\/2022\/01\/Anna_220110_gustoso_DSF4442-1536x1024.jpg 1536w, https:\/\/www.suessemjetaime.lu\/wp-content\/uploads\/2022\/01\/Anna_220110_gustoso_DSF4442-600x400.jpg 600w\" sizes=\"(max-width: 2560px) 100vw, 2560px\" \/><\/a>\n\t\t\t<\/dt><\/dl><br style=\"clear: both\" \/>\n\t\t<\/div>\n\n<p>Bouts de pain aux crevettes agr\u00e9ment\u00e9s de caviar (petite bo\u00eete de caviar St\u00f6rrogen)<\/p>\n<p>Pour l\u2019entr\u00e9e :<\/p>\n<ul>\n<li style=\"list-style-type: none;\">\n<ul>\n<li style=\"list-style-type: none;\">\n<ul>\n<li>Yaourt<\/li>\n<li>Fromage frais<\/li>\n<li>Oignons hach\u00e9s menus<\/li>\n<\/ul>\n<\/li>\n<\/ul>\n<\/li>\n<\/ul>\n<p>M\u00e9langer le yaourt avec le <em>fromage frais<\/em> et les oignons, poser le m\u00e9lange sur les bouts de pain, le garnir avec 2-3 crevettes et\/ou du caviar et d\u00e9corer le tout avec de l\u2019aneth. Quelques gouttes de citron pourront encore affiner la pr\u00e9paration.<\/p>\n<p>Pour les <em>K\u00f6ttbullar<\/em> :<\/p>\n<ul>\n<li style=\"list-style-type: none;\">\n<ul>\n<li style=\"list-style-type: none;\">\n<ul>\n<li>K\u00f6ttbullar<\/li>\n<li>700 g de viande hach\u00e9e<\/li>\n<li>1 oeuf<\/li>\n<li>1 tasse de bouillon (+\/- 200 ml)<\/li>\n<li>4 cuill\u00e8res \u00e0 soupe de grumeaux de pain s\u00e9ch\u00e9s<\/li>\n<li>1,5 cuiller\u00e9e \u00e0 caf\u00e9 de sel<\/li>\n<li>\u00bc de cuiller\u00e9e \u00e0 caf\u00e9 de poivre<\/li>\n<\/ul>\n<\/li>\n<\/ul>\n<\/li>\n<\/ul>\n<p>Hacher menus les oignons et les saisir pour les d\u00e9glacer. D\u00e9poser les grumeaux de pain dans un plat, verser le bouillon par-dessus et les faire tremper quelques minutes. Ajouter la viande hach\u00e9e, saler et poivrer et m\u00e9langer le tout \u00e0 la main jusqu\u2019\u00e0 obtention d\u2019une p\u00e2te. Former les K\u00f6ttbullar \u00e0 la main en boulettes et faire saisir au beurre. Ne pas poser trop de K\u00f6ttbullar en m\u00eame temps dans la po\u00eale, afin qu\u2019elles puissent \u00eatre bien saisies. Une fois que les boulettes sont cuites, verser la cr\u00e8me dans la po\u00eale contenant la graisse des K\u00f6ttbullar et faire revenir le tout. Servir la sauce cr\u00e8me dans une sauci\u00e8re et les K\u00f6ttbullar dans un plat pr\u00e9chauff\u00e9 afin qu\u2019elles restent bien chaudes. D\u00e9corer avec des pommes de terres vapeur et du persil.<\/p>\n<p><a href=\"https:\/\/www.suessemjetaime.lu\/wp-content\/uploads\/2022\/01\/Anna_220110_gustoso_DSF3986-scaled.jpg\"><img loading=\"lazy\" class=\"alignright wp-image-7812 size-full\" src=\"https:\/\/www.suessemjetaime.lu\/wp-content\/uploads\/2022\/01\/Anna_220110_gustoso_DSF3986-scaled.jpg\" alt=\"\" width=\"2560\" height=\"1707\" srcset=\"https:\/\/www.suessemjetaime.lu\/wp-content\/uploads\/2022\/01\/Anna_220110_gustoso_DSF3986-scaled.jpg 2560w, https:\/\/www.suessemjetaime.lu\/wp-content\/uploads\/2022\/01\/Anna_220110_gustoso_DSF3986-300x200.jpg 300w, https:\/\/www.suessemjetaime.lu\/wp-content\/uploads\/2022\/01\/Anna_220110_gustoso_DSF3986-1024x683.jpg 1024w, https:\/\/www.suessemjetaime.lu\/wp-content\/uploads\/2022\/01\/Anna_220110_gustoso_DSF3986-768x512.jpg 768w, https:\/\/www.suessemjetaime.lu\/wp-content\/uploads\/2022\/01\/Anna_220110_gustoso_DSF3986-1536x1024.jpg 1536w, https:\/\/www.suessemjetaime.lu\/wp-content\/uploads\/2022\/01\/Anna_220110_gustoso_DSF3986-600x400.jpg 600w\" sizes=\"(max-width: 2560px) 100vw, 2560px\" \/><\/a><br \/>\nBaiser aux fruits rouges et chocolat blanc :<\/p>\n<ul>\n<li style=\"list-style-type: none;\">\n<ul>\n<li style=\"list-style-type: none;\">\n<ul>\n<li>4 oeufs<\/li>\n<li>200 g de sucre<\/li>\n<li>Sel<\/li>\n<li>Jus de citron<\/li>\n<\/ul>\n<\/li>\n<\/ul>\n<\/li>\n<\/ul>\n<p>Pr\u00e9paration :<\/p>\n<p>Battre les \u0153ufs et le sucre avec une prise de sel et le jus d\u2019un citron jusqu\u2019\u00e0 ce que le mixer se d\u00e9tache difficilement de la masse (6 minutes environ). Ensuite, mettre au four pendant 100 minutes \u00e0 une temp\u00e9rature de 90\u00b0 en haut et en bas. Laisser refroidir, garnir de fruits rouges et noirs congel\u00e9s ainsi que du chocolat et r\u00e9enfourner jusqu\u2019\u00e0 ce que le tout soit fondu.<\/p>\n\n\t\t<style type=\"text\/css\">\n\t\t\t#gallery-3 {\n\t\t\t\tmargin: auto;\n\t\t\t}\n\t\t\t#gallery-3 .gallery-item {\n\t\t\t\tfloat: left;\n\t\t\t\tmargin-top: 10px;\n\t\t\t\ttext-align: center;\n\t\t\t\twidth: 50%;\n\t\t\t}\n\t\t\t#gallery-3 img {\n\t\t\t\tborder: 2px solid #cfcfcf;\n\t\t\t}\n\t\t\t#gallery-3 .gallery-caption {\n\t\t\t\tmargin-left: 0;\n\t\t\t}\n\t\t\t\/* see gallery_shortcode() in wp-includes\/media.php *\/\n\t\t<\/style>\n\t\t<div id='gallery-3' class='gallery galleryid-7789 gallery-columns-2 gallery-size-large'><dl class='gallery-item'>\n\t\t\t<dt class='gallery-icon landscape'>\n\t\t\t\t<a href='https:\/\/www.suessemjetaime.lu\/wp-content\/uploads\/2022\/01\/Anna_220110_gustoso_DSF3887-1-scaled.jpg'><img width=\"1024\" height=\"683\" src=\"https:\/\/www.suessemjetaime.lu\/wp-content\/uploads\/2022\/01\/Anna_220110_gustoso_DSF3887-1-1024x683.jpg\" class=\"attachment-large size-large\" alt=\"\" loading=\"lazy\" srcset=\"https:\/\/www.suessemjetaime.lu\/wp-content\/uploads\/2022\/01\/Anna_220110_gustoso_DSF3887-1-1024x683.jpg 1024w, https:\/\/www.suessemjetaime.lu\/wp-content\/uploads\/2022\/01\/Anna_220110_gustoso_DSF3887-1-300x200.jpg 300w, https:\/\/www.suessemjetaime.lu\/wp-content\/uploads\/2022\/01\/Anna_220110_gustoso_DSF3887-1-768x512.jpg 768w, https:\/\/www.suessemjetaime.lu\/wp-content\/uploads\/2022\/01\/Anna_220110_gustoso_DSF3887-1-1536x1024.jpg 1536w, https:\/\/www.suessemjetaime.lu\/wp-content\/uploads\/2022\/01\/Anna_220110_gustoso_DSF3887-1-600x400.jpg 600w\" sizes=\"(max-width: 1024px) 100vw, 1024px\" \/><\/a>\n\t\t\t<\/dt><\/dl><dl class='gallery-item'>\n\t\t\t<dt class='gallery-icon landscape'>\n\t\t\t\t<a href='https:\/\/www.suessemjetaime.lu\/wp-content\/uploads\/2022\/01\/Anna_220110_gustoso_DSF4361-scaled.jpg'><img width=\"1024\" height=\"683\" src=\"https:\/\/www.suessemjetaime.lu\/wp-content\/uploads\/2022\/01\/Anna_220110_gustoso_DSF4361-1024x683.jpg\" class=\"attachment-large size-large\" alt=\"\" loading=\"lazy\" srcset=\"https:\/\/www.suessemjetaime.lu\/wp-content\/uploads\/2022\/01\/Anna_220110_gustoso_DSF4361-1024x683.jpg 1024w, https:\/\/www.suessemjetaime.lu\/wp-content\/uploads\/2022\/01\/Anna_220110_gustoso_DSF4361-300x200.jpg 300w, https:\/\/www.suessemjetaime.lu\/wp-content\/uploads\/2022\/01\/Anna_220110_gustoso_DSF4361-768x512.jpg 768w, https:\/\/www.suessemjetaime.lu\/wp-content\/uploads\/2022\/01\/Anna_220110_gustoso_DSF4361-1536x1024.jpg 1536w, https:\/\/www.suessemjetaime.lu\/wp-content\/uploads\/2022\/01\/Anna_220110_gustoso_DSF4361-600x400.jpg 600w\" sizes=\"(max-width: 1024px) 100vw, 1024px\" \/><\/a>\n\t\t\t<\/dt><\/dl><br style=\"clear: both\" \/>\n\t\t<\/div>\n\n<p class=\"BodyA\" style=\"text-align: center;\"><strong><span lang=\"EN-US\"><a href=\"https:\/\/www.suessemjetaime.lu\/wp-content\/uploads\/2022\/01\/Anna_220110_gustoso_DSF3995-scaled.jpg\"><img loading=\"lazy\" class=\"alignright size-full wp-image-7817\" src=\"https:\/\/www.suessemjetaime.lu\/wp-content\/uploads\/2022\/01\/Anna_220110_gustoso_DSF3995-scaled.jpg\" alt=\"\" width=\"2560\" height=\"1707\" srcset=\"https:\/\/www.suessemjetaime.lu\/wp-content\/uploads\/2022\/01\/Anna_220110_gustoso_DSF3995-scaled.jpg 2560w, https:\/\/www.suessemjetaime.lu\/wp-content\/uploads\/2022\/01\/Anna_220110_gustoso_DSF3995-300x200.jpg 300w, https:\/\/www.suessemjetaime.lu\/wp-content\/uploads\/2022\/01\/Anna_220110_gustoso_DSF3995-1024x683.jpg 1024w, https:\/\/www.suessemjetaime.lu\/wp-content\/uploads\/2022\/01\/Anna_220110_gustoso_DSF3995-768x512.jpg 768w, https:\/\/www.suessemjetaime.lu\/wp-content\/uploads\/2022\/01\/Anna_220110_gustoso_DSF3995-1536x1024.jpg 1536w, https:\/\/www.suessemjetaime.lu\/wp-content\/uploads\/2022\/01\/Anna_220110_gustoso_DSF3995-600x400.jpg 600w\" sizes=\"(max-width: 2560px) 100vw, 2560px\" \/><\/a>Smaklig m\u00e5ltid &#8211; Bon App\u00e9tit ! <\/span><\/strong><\/p>\n","protected":false},"excerpt":{"rendered":"<p>\u00c0 80km \u00e0 peine de Stockholm, ce qui repr\u00e9sente trois bonnes heures en voiture, se niche Blid\u00f6, l\u2019une des quelque 24.000 petites \u00eeles formant l\u2019archipel de\u00a0Stockholm, d\u2019o\u00f9 Anna Mathieu est originaire. Pour rejoindre ce \u00ab\u00a0paradis magique\u00a0\u00bb, nom dont Georges, le [&hellip;]<\/p>\n","protected":false},"author":4,"featured_media":8120,"comment_status":"open","ping_status":"open","sticky":false,"template":"","format":"standard","meta":[],"categories":[49],"tags":[361,342,652],"yoast_head":"<!-- This site is optimized with the Yoast SEO plugin v15.2.1 - https:\/\/yoast.com\/wordpress\/plugins\/seo\/ -->\n<title>Tack f\u00f6r maten - Merci pour le repas &bull; Suessem, je t&#039;aime<\/title>\n<meta name=\"robots\" content=\"index, follow, max-snippet:-1, max-image-preview:large, max-video-preview:-1\" \/>\n<link rel=\"canonical\" href=\"https:\/\/www.suessemjetaime.lu\/fr\/suede\/\" \/>\n<meta property=\"og:locale\" content=\"fr_FR\" \/>\n<meta property=\"og:type\" content=\"article\" \/>\n<meta property=\"og:title\" content=\"Tack f\u00f6r maten - Merci pour le repas &bull; Suessem, je t&#039;aime\" \/>\n<meta property=\"og:description\" content=\"\u00c0 80km \u00e0 peine de Stockholm, ce qui repr\u00e9sente trois bonnes heures en voiture, se niche Blid\u00f6, l\u2019une des quelque 24.000 petites \u00eeles formant l\u2019archipel de\u00a0Stockholm, d\u2019o\u00f9 Anna Mathieu est originaire. Pour rejoindre ce \u00ab\u00a0paradis magique\u00a0\u00bb, nom dont Georges, le [&hellip;]\" \/>\n<meta property=\"og:url\" content=\"https:\/\/www.suessemjetaime.lu\/fr\/suede\/\" \/>\n<meta property=\"og:site_name\" content=\"Suessem, je t&#039;aime\" \/>\n<meta property=\"article:publisher\" content=\"https:\/\/www.facebook.com\/communedesanem\/\" \/>\n<meta property=\"article:published_time\" content=\"2022-03-18T13:34:30+00:00\" \/>\n<meta property=\"article:modified_time\" content=\"2022-03-21T15:29:25+00:00\" \/>\n<meta property=\"og:image\" content=\"https:\/\/www.suessemjetaime.lu\/wp-content\/uploads\/2022\/03\/SjT_Thumbnail_GustosoSchweden_220211-copy.jpg\" \/>\n\t<meta property=\"og:image:width\" content=\"1617\" \/>\n\t<meta property=\"og:image:height\" content=\"1080\" \/>\n<meta name=\"twitter:card\" content=\"summary_large_image\" \/>\n<meta name=\"twitter:label1\" content=\"\u00c9crit par\">\n\t<meta name=\"twitter:data1\" content=\"Suessem\">\n\t<meta name=\"twitter:label2\" content=\"Dur\u00e9e de lecture est.\">\n\t<meta name=\"twitter:data2\" content=\"3 minutes\">\n<script type=\"application\/ld+json\" class=\"yoast-schema-graph\">{\"@context\":\"https:\/\/schema.org\",\"@graph\":[{\"@type\":\"Organization\",\"@id\":\"https:\/\/www.suessemjetaime.lu\/#organization\",\"name\":\"Commune de Sanem\",\"url\":\"https:\/\/www.suessemjetaime.lu\/\",\"sameAs\":[\"https:\/\/www.facebook.com\/communedesanem\/\",\"https:\/\/www.youtube.com\/channel\/UCVN7kgmkkpcfy3Hb63mx_tQ\/featured\"],\"logo\":{\"@type\":\"ImageObject\",\"@id\":\"https:\/\/www.suessemjetaime.lu\/#logo\",\"inLanguage\":\"fr-FR\",\"url\":\"https:\/\/www.suessemjetaime.lu\/wp-content\/uploads\/2019\/03\/400_188_LOGO_SANEM.png\",\"width\":400,\"height\":188,\"caption\":\"Commune de Sanem\"},\"image\":{\"@id\":\"https:\/\/www.suessemjetaime.lu\/#logo\"}},{\"@type\":\"WebSite\",\"@id\":\"https:\/\/www.suessemjetaime.lu\/#website\",\"url\":\"https:\/\/www.suessemjetaime.lu\/\",\"name\":\"Suessem, je t&#039;aime\",\"description\":\"le Blog de la commune de Sanem\",\"publisher\":{\"@id\":\"https:\/\/www.suessemjetaime.lu\/#organization\"},\"potentialAction\":[{\"@type\":\"SearchAction\",\"target\":\"https:\/\/www.suessemjetaime.lu\/?s={search_term_string}\",\"query-input\":\"required name=search_term_string\"}],\"inLanguage\":\"fr-FR\"},{\"@type\":\"ImageObject\",\"@id\":\"https:\/\/www.suessemjetaime.lu\/fr\/suede\/#primaryimage\",\"inLanguage\":\"fr-FR\",\"url\":\"https:\/\/www.suessemjetaime.lu\/wp-content\/uploads\/2022\/03\/SjT_Thumbnail_GustosoSchweden_220211-copy.jpg\",\"width\":1617,\"height\":1080},{\"@type\":\"WebPage\",\"@id\":\"https:\/\/www.suessemjetaime.lu\/fr\/suede\/#webpage\",\"url\":\"https:\/\/www.suessemjetaime.lu\/fr\/suede\/\",\"name\":\"Tack f\\u00f6r maten - Merci pour le repas &bull; Suessem, je t&#039;aime\",\"isPartOf\":{\"@id\":\"https:\/\/www.suessemjetaime.lu\/#website\"},\"primaryImageOfPage\":{\"@id\":\"https:\/\/www.suessemjetaime.lu\/fr\/suede\/#primaryimage\"},\"datePublished\":\"2022-03-18T13:34:30+00:00\",\"dateModified\":\"2022-03-21T15:29:25+00:00\",\"inLanguage\":\"fr-FR\",\"potentialAction\":[{\"@type\":\"ReadAction\",\"target\":[\"https:\/\/www.suessemjetaime.lu\/fr\/suede\/\"]}]},{\"@type\":\"Article\",\"@id\":\"https:\/\/www.suessemjetaime.lu\/fr\/suede\/#article\",\"isPartOf\":{\"@id\":\"https:\/\/www.suessemjetaime.lu\/fr\/suede\/#webpage\"},\"author\":{\"@id\":\"https:\/\/www.suessemjetaime.lu\/#\/schema\/person\/0cacc039fca45c1bb3d06544fdf18c63\"},\"headline\":\"Tack f\\u00f6r maten &#8211; Merci pour le repas\",\"datePublished\":\"2022-03-18T13:34:30+00:00\",\"dateModified\":\"2022-03-21T15:29:25+00:00\",\"mainEntityOfPage\":{\"@id\":\"https:\/\/www.suessemjetaime.lu\/fr\/suede\/#webpage\"},\"commentCount\":0,\"publisher\":{\"@id\":\"https:\/\/www.suessemjetaime.lu\/#organization\"},\"image\":{\"@id\":\"https:\/\/www.suessemjetaime.lu\/fr\/suede\/#primaryimage\"},\"keywords\":\"Gustoso,Recette,suede\",\"articleSection\":\"Gustoso\",\"inLanguage\":\"fr-FR\",\"potentialAction\":[{\"@type\":\"CommentAction\",\"name\":\"Comment\",\"target\":[\"https:\/\/www.suessemjetaime.lu\/fr\/suede\/#respond\"]}]},{\"@type\":\"Person\",\"@id\":\"https:\/\/www.suessemjetaime.lu\/#\/schema\/person\/0cacc039fca45c1bb3d06544fdf18c63\",\"name\":\"Suessem\",\"image\":{\"@type\":\"ImageObject\",\"@id\":\"https:\/\/www.suessemjetaime.lu\/#personlogo\",\"inLanguage\":\"fr-FR\",\"url\":\"https:\/\/secure.gravatar.com\/avatar\/77fabd1f92df29867737b77509c5795b?s=96&d=mm&r=g\",\"caption\":\"Suessem\"}}]}<\/script>\n<!-- \/ Yoast SEO plugin. -->","_links":{"self":[{"href":"https:\/\/www.suessemjetaime.lu\/fr\/wp-json\/wp\/v2\/posts\/7789\/"}],"collection":[{"href":"https:\/\/www.suessemjetaime.lu\/fr\/wp-json\/wp\/v2\/posts\/"}],"about":[{"href":"https:\/\/www.suessemjetaime.lu\/fr\/wp-json\/wp\/v2\/types\/post\/"}],"author":[{"embeddable":true,"href":"https:\/\/www.suessemjetaime.lu\/fr\/wp-json\/wp\/v2\/users\/4\/"}],"replies":[{"embeddable":true,"href":"https:\/\/www.suessemjetaime.lu\/fr\/wp-json\/wp\/v2\/comments\/?post=7789"}],"version-history":[{"count":7,"href":"https:\/\/www.suessemjetaime.lu\/fr\/wp-json\/wp\/v2\/posts\/7789\/revisions\/"}],"predecessor-version":[{"id":8139,"href":"https:\/\/www.suessemjetaime.lu\/fr\/wp-json\/wp\/v2\/posts\/7789\/revisions\/8139\/"}],"wp:featuredmedia":[{"embeddable":true,"href":"https:\/\/www.suessemjetaime.lu\/fr\/wp-json\/wp\/v2\/media\/8120\/"}],"wp:attachment":[{"href":"https:\/\/www.suessemjetaime.lu\/fr\/wp-json\/wp\/v2\/media\/?parent=7789"}],"wp:term":[{"taxonomy":"category","embeddable":true,"href":"https:\/\/www.suessemjetaime.lu\/fr\/wp-json\/wp\/v2\/categories\/?post=7789"},{"taxonomy":"post_tag","embeddable":true,"href":"https:\/\/www.suessemjetaime.lu\/fr\/wp-json\/wp\/v2\/tags\/?post=7789"}],"curies":[{"name":"wp","href":"https:\/\/api.w.org\/{rel}","templated":true}]}}