{"id":7681,"date":"2022-01-06T14:38:59","date_gmt":"2022-01-06T14:38:59","guid":{"rendered":"https:\/\/www.suessemjetaime.lu\/?p=7681"},"modified":"2022-01-12T10:08:10","modified_gmt":"2022-01-12T10:08:10","slug":"serviceeau","status":"publish","type":"post","link":"https:\/\/www.suessemjetaime.lu\/fr\/serviceeau\/","title":{"rendered":"En route avec le Service Eau potable"},"content":{"rendered":"<p>[vc_row][vc_column][vc_column_text]Il s\u2019agit de l\u2019aliment le mieux contr\u00f4l\u00e9 par les autorit\u00e9s, et en prime, nous avons la chance qu\u2019elle est accessible partout et \u00e0 bon prix : l\u2019eau du robinet. Mais d\u2019o\u00f9 provient cette eau, o\u00f9 est-elle stock\u00e9e et qui la contr\u00f4le ? Pour obtenir les r\u00e9ponses \u00e0 ces questions, nous avons regard\u00e9 par-dessus l\u2019\u00e9paule de Pascal Reinert, ma\u00eetre d&rsquo;eau du Service Eau potable.<!--more--><\/p>\n<p>&nbsp;<\/p>\n<p>Vous \u00eates certainement nombreux \u00e0 vous \u00eatre balad\u00e9s le long de l\u2019un des quatre r\u00e9servoirs d\u2019eau potable de la commune sans forc\u00e9ment vous poser la question de ce qui se passe derri\u00e8re leurs murs. Pareil pour la Rue du Bois derri\u00e8re la <em>Dickskopp<\/em> \u00e0 Soleuvre. Dans le r\u00e9servoir <em>L\u00ebtsch\u00ebf,<\/em> l\u2019on se trouve en plein milieu de deux chambres \u00e0 eaux d\u2019une capacit\u00e9 de stockage de 2.000 m<sup>3<\/sup> chacune. En tout, cela fait 4 millions de litres d\u2019eau du r\u00e9servoir <em>Rebierg<\/em> dont la commune b\u00e9n\u00e9ficie par le biais du SES (Syndicat des Eaux du Sud). C\u2019est \u00e0 partir de l\u00e0 que les 22 communes du Sud et leurs 205.000 habitants sont approvisionn\u00e9s quotidiennement en eau potable, propre et fra\u00eeche. Rien qu\u2019en 2020, cette eau a fait l\u2019objet de 2.500 contr\u00f4les sans que l\u2019on ait constat\u00e9 une seule anomalie.<\/p>\n<p>En dehors de Belvaux et de Soleuvre, Belval est \u00e9galement approvisionn\u00e9 en eau potable en provenance du r\u00e9servoir <em>L\u00ebtsch\u00ebf<\/em>. Rien que de ce r\u00e9servoir, 1,8 million de litres d\u2019eau traversent chaque jour les canalisations pour arriver dans les diff\u00e9rents m\u00e9nages. La consommation journali\u00e8re de la commune\u00a0 se monte \u00e0 3 millions de litres avec un pic le soir entre 19.00 et 22.00 heures. Cela n\u2019emp\u00eache que t\u00f4t le matin, entre 7.00 et 8.00 heures, et pendant l\u2019heure de midi, la consommation est \u00e9galement \u00e9lev\u00e9e.<\/p>\n<p><a href=\"https:\/\/www.suessemjetaime.lu\/wp-content\/uploads\/2022\/01\/ITV_PascalReinert_211130_DSF3328-scaled.jpg\"><br \/>\n<\/a><a href=\"https:\/\/www.suessemjetaime.lu\/wp-content\/uploads\/2022\/01\/ITV_PascalReinert_211130_DSF3258-scaled.jpg\"><img loading=\"lazy\" class=\"alignright wp-image-7695 size-full\" src=\"https:\/\/www.suessemjetaime.lu\/wp-content\/uploads\/2022\/01\/ITV_PascalReinert_211130_DSF3258-scaled.jpg\" alt=\"\" width=\"2560\" height=\"1707\" srcset=\"https:\/\/www.suessemjetaime.lu\/wp-content\/uploads\/2022\/01\/ITV_PascalReinert_211130_DSF3258-scaled.jpg 2560w, https:\/\/www.suessemjetaime.lu\/wp-content\/uploads\/2022\/01\/ITV_PascalReinert_211130_DSF3258-300x200.jpg 300w, https:\/\/www.suessemjetaime.lu\/wp-content\/uploads\/2022\/01\/ITV_PascalReinert_211130_DSF3258-1024x683.jpg 1024w, https:\/\/www.suessemjetaime.lu\/wp-content\/uploads\/2022\/01\/ITV_PascalReinert_211130_DSF3258-768x512.jpg 768w, https:\/\/www.suessemjetaime.lu\/wp-content\/uploads\/2022\/01\/ITV_PascalReinert_211130_DSF3258-1536x1024.jpg 1536w, https:\/\/www.suessemjetaime.lu\/wp-content\/uploads\/2022\/01\/ITV_PascalReinert_211130_DSF3258-600x400.jpg 600w\" sizes=\"(max-width: 2560px) 100vw, 2560px\" \/><\/a><\/p>\n<p>&nbsp;<\/p>\n<p>Les deux chambres \u00e0 eau du <em>L\u00ebtsch\u00ebf<\/em> sont encore coup\u00e9es en deux au moyen d\u2019un mur. L\u2019eau en provenance de la SES est pomp\u00e9e d\u2019un c\u00f4t\u00e9 dans la chambre, fait un tour avant de s\u2019\u00e9couler de l\u2019autre c\u00f4t\u00e9 pour rejoindre les canalisations. \u00ab Ces compartiments servent \u00e0 faire en sorte que l\u2019eau reste en mouvement \u00bb,\u00a0 explique Pol Thiry du Service Eau potable. \u00ab Il peut arriver que l\u2019eau qui sort de vos robinets ne soit pas tout \u00e0 fait clair pendant un court moment, lorsque le robinet \u00e9tait ferm\u00e9 pendant une p\u00e9riode plus longue. C\u2019est d\u00fb au fait que l\u2019eau ne circule pas en permanence dans les canalisations des maisons. Lorsque l\u2019eau stagne, il peut arriver qu\u2019elle d\u00e9veloppe des germes, c\u2019est pourquoi on conseille de faire couler l\u2019eau pendant quelques minutes lorsqu\u2019on n\u2019a pas \u00e9t\u00e9 \u00e0 la maison pendant quelque temps. \u00bb, ajoute Pol Thiry, contrema\u00eetre.<\/p>\n<p>&nbsp;<\/p>\n<p><a href=\"https:\/\/www.suessemjetaime.lu\/wp-content\/uploads\/2022\/01\/ITV_PascalReinert_211130_DSF4194-scaled.jpg\"><img loading=\"lazy\" class=\"aligncenter wp-image-7673 size-large\" src=\"https:\/\/www.suessemjetaime.lu\/wp-content\/uploads\/2022\/01\/ITV_PascalReinert_211130_DSF4194-1024x683.jpg\" alt=\"\" width=\"1024\" height=\"683\" srcset=\"https:\/\/www.suessemjetaime.lu\/wp-content\/uploads\/2022\/01\/ITV_PascalReinert_211130_DSF4194-1024x683.jpg 1024w, https:\/\/www.suessemjetaime.lu\/wp-content\/uploads\/2022\/01\/ITV_PascalReinert_211130_DSF4194-300x200.jpg 300w, https:\/\/www.suessemjetaime.lu\/wp-content\/uploads\/2022\/01\/ITV_PascalReinert_211130_DSF4194-768x512.jpg 768w, https:\/\/www.suessemjetaime.lu\/wp-content\/uploads\/2022\/01\/ITV_PascalReinert_211130_DSF4194-1536x1024.jpg 1536w, https:\/\/www.suessemjetaime.lu\/wp-content\/uploads\/2022\/01\/ITV_PascalReinert_211130_DSF4194-600x400.jpg 600w\" sizes=\"(max-width: 1024px) 100vw, 1024px\" \/><\/a><\/p>\n<p>&nbsp;<\/p>\n<p>Le Service Eau potable de la Commune de Sanem emploie 10 personnes. Le contr\u00f4le et la surveillance sont compl\u00e8tement digitalis\u00e9s. \u00ab Ce qui permet de tout documenter \u00bb, ajoute le ma\u00eetre d&rsquo;eau Pascal Reinert. \u00ab Gr\u00e2ce \u00e0 des contr\u00f4les syst\u00e9matiques et une intervention rapide en cas de fuite, nous arrivons \u00e0 maintenir les pertes \u00e0 environ 5 %, soit une valeur excellente <span class=\"Y2IQFc\" lang=\"fr\">et aussi un grand m\u00e9rite de mon pr\u00e9d\u00e9cesseur Claude Heinen <\/span>\u00bb, continue Pascal Reinert dans ses explications. \u00ab D\u00e8s que l\u2019on d\u00e9tecte une anomalie au niveau de la courbe, nous proc\u00e9dons \u00e0 une recherche afin de pouvoir d\u00e9finir par o\u00f9 l\u2019eau s\u2019\u00e9chappe \u00bb.<\/p>\n<blockquote><p>Lorsque l\u2019eau provenant des sources de glace devient rare en \u00e9t\u00e9, on injecte \u00e9galement de l\u2019eau du barrage d\u2019Esch-sur-S\u00fbre (<em>Staus\u00e9i<\/em>).<\/p><\/blockquote>\n<p>Mais d\u2019autres projets encore font partie des attributions du Service Eau potable. Le r\u00e9servoir <em>L\u00ebtsch\u00ebf<\/em> a \u00e9t\u00e9 enti\u00e8rement remis \u00e0 neuf entre 2016 et 2017 afin de pouvoir approvisionner les nouveaux quartiers r\u00e9sidentiels de Belval. Et l\u2019ann\u00e9e prochaine, il est pr\u00e9vu d\u2019assainir le r\u00e9servoir <em>D\u00e4nneb\u00ebsch<\/em> dans sa totalit\u00e9. \u00ab Au niveau national, nous nous situons \u00e0 un tr\u00e8s bon niveau pour ce qui est des canalisations de la commune \u00bb, pr\u00e9cise le sympathique gardien des eaux. En guise de conclusions, il faut souligner que l\u2019eau du robinet se boit sans soucis.<\/p>\n<p>&nbsp;<\/p>\n<p>[vc_row][vc_column][vc_masonry_media_grid style=\u00a0\u00bblazy\u00a0\u00bb items_per_page=\u00a0\u00bb5&Prime; gap=\u00a0\u00bb15&Prime; initial_loading_animation=\u00a0\u00bbfadeIn\u00a0\u00bb grid_id=\u00a0\u00bbvc_gid:1641547458662-17dad231-d8e5-3&Prime; include=\u00a0\u00bb7735,7729,7677,7707,7690,7711,7763,7715,7759,7719,7755,7725,7737,7743,7747,7751,7692,7765&Prime;][\/vc_column][\/vc_row]<\/p>\n","protected":false},"excerpt":{"rendered":"<p>[vc_row][vc_column][vc_column_text]Il s\u2019agit de l\u2019aliment le mieux contr\u00f4l\u00e9 par les autorit\u00e9s, et en prime, nous avons la chance qu\u2019elle est accessible partout et \u00e0 bon prix : l\u2019eau du robinet. Mais d\u2019o\u00f9 provient cette eau, o\u00f9 est-elle stock\u00e9e et qui la [&hellip;]<\/p>\n","protected":false},"author":4,"featured_media":7672,"comment_status":"open","ping_status":"open","sticky":false,"template":"","format":"standard","meta":[],"categories":[28],"tags":[603,602,101,601],"yoast_head":"<!-- This site is optimized with the Yoast SEO plugin v15.2.1 - https:\/\/yoast.com\/wordpress\/plugins\/seo\/ -->\n<title>En route avec le Service Eau potable &bull; Suessem, je t&#039;aime<\/title>\n<meta name=\"robots\" content=\"index, follow, max-snippet:-1, max-image-preview:large, max-video-preview:-1\" \/>\n<link rel=\"canonical\" href=\"https:\/\/www.suessemjetaime.lu\/fr\/serviceeau\/\" \/>\n<meta property=\"og:locale\" content=\"fr_FR\" \/>\n<meta property=\"og:type\" content=\"article\" \/>\n<meta property=\"og:title\" content=\"En route avec le Service Eau potable &bull; Suessem, je t&#039;aime\" \/>\n<meta property=\"og:description\" content=\"[vc_row][vc_column][vc_column_text]Il s\u2019agit de l\u2019aliment le mieux contr\u00f4l\u00e9 par les autorit\u00e9s, et en prime, nous avons la chance qu\u2019elle est accessible partout et \u00e0 bon prix : l\u2019eau du robinet. Mais d\u2019o\u00f9 provient cette eau, o\u00f9 est-elle stock\u00e9e et qui la [&hellip;]\" \/>\n<meta property=\"og:url\" content=\"https:\/\/www.suessemjetaime.lu\/fr\/serviceeau\/\" \/>\n<meta property=\"og:site_name\" content=\"Suessem, je t&#039;aime\" \/>\n<meta property=\"article:publisher\" content=\"https:\/\/www.facebook.com\/communedesanem\/\" \/>\n<meta property=\"article:published_time\" content=\"2022-01-06T14:38:59+00:00\" \/>\n<meta property=\"article:modified_time\" content=\"2022-01-12T10:08:10+00:00\" \/>\n<meta property=\"og:image\" content=\"https:\/\/www.suessemjetaime.lu\/wp-content\/uploads\/2022\/01\/ITV_PascalReinert_211130_DSF3638-scaled.jpg\" \/>\n\t<meta property=\"og:image:width\" content=\"2560\" \/>\n\t<meta property=\"og:image:height\" content=\"1707\" \/>\n<meta name=\"twitter:card\" content=\"summary_large_image\" \/>\n<meta name=\"twitter:label1\" content=\"\u00c9crit par\">\n\t<meta name=\"twitter:data1\" content=\"Suessem\">\n\t<meta name=\"twitter:label2\" content=\"Dur\u00e9e de lecture est.\">\n\t<meta name=\"twitter:data2\" content=\"3 minutes\">\n<script type=\"application\/ld+json\" class=\"yoast-schema-graph\">{\"@context\":\"https:\/\/schema.org\",\"@graph\":[{\"@type\":\"Organization\",\"@id\":\"https:\/\/www.suessemjetaime.lu\/#organization\",\"name\":\"Commune de Sanem\",\"url\":\"https:\/\/www.suessemjetaime.lu\/\",\"sameAs\":[\"https:\/\/www.facebook.com\/communedesanem\/\",\"https:\/\/www.youtube.com\/channel\/UCVN7kgmkkpcfy3Hb63mx_tQ\/featured\"],\"logo\":{\"@type\":\"ImageObject\",\"@id\":\"https:\/\/www.suessemjetaime.lu\/#logo\",\"inLanguage\":\"fr-FR\",\"url\":\"https:\/\/www.suessemjetaime.lu\/wp-content\/uploads\/2019\/03\/400_188_LOGO_SANEM.png\",\"width\":400,\"height\":188,\"caption\":\"Commune de Sanem\"},\"image\":{\"@id\":\"https:\/\/www.suessemjetaime.lu\/#logo\"}},{\"@type\":\"WebSite\",\"@id\":\"https:\/\/www.suessemjetaime.lu\/#website\",\"url\":\"https:\/\/www.suessemjetaime.lu\/\",\"name\":\"Suessem, je t&#039;aime\",\"description\":\"le Blog de la commune de Sanem\",\"publisher\":{\"@id\":\"https:\/\/www.suessemjetaime.lu\/#organization\"},\"potentialAction\":[{\"@type\":\"SearchAction\",\"target\":\"https:\/\/www.suessemjetaime.lu\/?s={search_term_string}\",\"query-input\":\"required name=search_term_string\"}],\"inLanguage\":\"fr-FR\"},{\"@type\":\"ImageObject\",\"@id\":\"https:\/\/www.suessemjetaime.lu\/fr\/serviceeau\/#primaryimage\",\"inLanguage\":\"fr-FR\",\"url\":\"https:\/\/www.suessemjetaime.lu\/wp-content\/uploads\/2022\/01\/ITV_PascalReinert_211130_DSF3638-scaled.jpg\",\"width\":2560,\"height\":1707},{\"@type\":\"WebPage\",\"@id\":\"https:\/\/www.suessemjetaime.lu\/fr\/serviceeau\/#webpage\",\"url\":\"https:\/\/www.suessemjetaime.lu\/fr\/serviceeau\/\",\"name\":\"En route avec le Service Eau potable &bull; Suessem, je t&#039;aime\",\"isPartOf\":{\"@id\":\"https:\/\/www.suessemjetaime.lu\/#website\"},\"primaryImageOfPage\":{\"@id\":\"https:\/\/www.suessemjetaime.lu\/fr\/serviceeau\/#primaryimage\"},\"datePublished\":\"2022-01-06T14:38:59+00:00\",\"dateModified\":\"2022-01-12T10:08:10+00:00\",\"inLanguage\":\"fr-FR\",\"potentialAction\":[{\"@type\":\"ReadAction\",\"target\":[\"https:\/\/www.suessemjetaime.lu\/fr\/serviceeau\/\"]}]},{\"@type\":\"Article\",\"@id\":\"https:\/\/www.suessemjetaime.lu\/fr\/serviceeau\/#article\",\"isPartOf\":{\"@id\":\"https:\/\/www.suessemjetaime.lu\/fr\/serviceeau\/#webpage\"},\"author\":{\"@id\":\"https:\/\/www.suessemjetaime.lu\/#\/schema\/person\/0cacc039fca45c1bb3d06544fdf18c63\"},\"headline\":\"En route avec le Service Eau potable\",\"datePublished\":\"2022-01-06T14:38:59+00:00\",\"dateModified\":\"2022-01-12T10:08:10+00:00\",\"mainEntityOfPage\":{\"@id\":\"https:\/\/www.suessemjetaime.lu\/fr\/serviceeau\/#webpage\"},\"commentCount\":0,\"publisher\":{\"@id\":\"https:\/\/www.suessemjetaime.lu\/#organization\"},\"image\":{\"@id\":\"https:\/\/www.suessemjetaime.lu\/fr\/serviceeau\/#primaryimage\"},\"keywords\":\"eau potable,r\\u00e9servoirs d'eau,sanem,service eau potable\",\"articleSection\":\"Life!\",\"inLanguage\":\"fr-FR\",\"potentialAction\":[{\"@type\":\"CommentAction\",\"name\":\"Comment\",\"target\":[\"https:\/\/www.suessemjetaime.lu\/fr\/serviceeau\/#respond\"]}]},{\"@type\":\"Person\",\"@id\":\"https:\/\/www.suessemjetaime.lu\/#\/schema\/person\/0cacc039fca45c1bb3d06544fdf18c63\",\"name\":\"Suessem\",\"image\":{\"@type\":\"ImageObject\",\"@id\":\"https:\/\/www.suessemjetaime.lu\/#personlogo\",\"inLanguage\":\"fr-FR\",\"url\":\"https:\/\/secure.gravatar.com\/avatar\/77fabd1f92df29867737b77509c5795b?s=96&d=mm&r=g\",\"caption\":\"Suessem\"}}]}<\/script>\n<!-- \/ Yoast SEO plugin. -->","_links":{"self":[{"href":"https:\/\/www.suessemjetaime.lu\/fr\/wp-json\/wp\/v2\/posts\/7681\/"}],"collection":[{"href":"https:\/\/www.suessemjetaime.lu\/fr\/wp-json\/wp\/v2\/posts\/"}],"about":[{"href":"https:\/\/www.suessemjetaime.lu\/fr\/wp-json\/wp\/v2\/types\/post\/"}],"author":[{"embeddable":true,"href":"https:\/\/www.suessemjetaime.lu\/fr\/wp-json\/wp\/v2\/users\/4\/"}],"replies":[{"embeddable":true,"href":"https:\/\/www.suessemjetaime.lu\/fr\/wp-json\/wp\/v2\/comments\/?post=7681"}],"version-history":[{"count":13,"href":"https:\/\/www.suessemjetaime.lu\/fr\/wp-json\/wp\/v2\/posts\/7681\/revisions\/"}],"predecessor-version":[{"id":7775,"href":"https:\/\/www.suessemjetaime.lu\/fr\/wp-json\/wp\/v2\/posts\/7681\/revisions\/7775\/"}],"wp:featuredmedia":[{"embeddable":true,"href":"https:\/\/www.suessemjetaime.lu\/fr\/wp-json\/wp\/v2\/media\/7672\/"}],"wp:attachment":[{"href":"https:\/\/www.suessemjetaime.lu\/fr\/wp-json\/wp\/v2\/media\/?parent=7681"}],"wp:term":[{"taxonomy":"category","embeddable":true,"href":"https:\/\/www.suessemjetaime.lu\/fr\/wp-json\/wp\/v2\/categories\/?post=7681"},{"taxonomy":"post_tag","embeddable":true,"href":"https:\/\/www.suessemjetaime.lu\/fr\/wp-json\/wp\/v2\/tags\/?post=7681"}],"curies":[{"name":"wp","href":"https:\/\/api.w.org\/{rel}","templated":true}]}}