{"id":7453,"date":"2021-10-20T13:17:46","date_gmt":"2021-10-20T13:17:46","guid":{"rendered":"https:\/\/www.suessemjetaime.lu\/?p=7453"},"modified":"2021-11-03T06:58:49","modified_gmt":"2021-11-03T06:58:49","slug":"maisonmedicale","status":"publish","type":"post","link":"https:\/\/www.suessemjetaime.lu\/fr\/maisonmedicale\/","title":{"rendered":"Nouvelle Maison m\u00e9dicale \u00e0 Belval"},"content":{"rendered":"<p><strong><em>Inauguration en pr\u00e9sence de la ministre de la Sant\u00e9 \u00a0<\/em><\/strong><\/p>\n<p><strong>Le mercredi, 22 septembre 2021, la Maison m\u00e9dicale flambant neuve a \u00e9t\u00e9 inaugur\u00e9e \u00e0 Belval \u00e0 l\u2019Avenue du Swing, en pr\u00e9sence de la ministre de la Sant\u00e9 Paulette Lenert, de la bourgmestre de Sanem Simone Asselborn-Bintz ainsi que des repr\u00e9sentant\u00b7e\u00b7s<\/strong><strong> du CMG (Cercle des m\u00e9decins g\u00e9n\u00e9ralistes) et de l\u2019AMMD (Association des m\u00e9decins et m\u00e9decins-dentistes).<\/strong><\/p>\n<p><a href=\"https:\/\/www.suessemjetaime.lu\/wp-content\/uploads\/2021\/10\/MaisonMedicale_210922-scaled.jpg\"><img loading=\"lazy\" class=\"alignnone wp-image-7458 size-full\" src=\"https:\/\/www.suessemjetaime.lu\/wp-content\/uploads\/2021\/10\/MaisonMedicale_210922-scaled.jpg\" alt=\"\" width=\"2560\" height=\"1707\" srcset=\"https:\/\/www.suessemjetaime.lu\/wp-content\/uploads\/2021\/10\/MaisonMedicale_210922-scaled.jpg 2560w, https:\/\/www.suessemjetaime.lu\/wp-content\/uploads\/2021\/10\/MaisonMedicale_210922-300x200.jpg 300w, https:\/\/www.suessemjetaime.lu\/wp-content\/uploads\/2021\/10\/MaisonMedicale_210922-1024x683.jpg 1024w, https:\/\/www.suessemjetaime.lu\/wp-content\/uploads\/2021\/10\/MaisonMedicale_210922-768x512.jpg 768w, https:\/\/www.suessemjetaime.lu\/wp-content\/uploads\/2021\/10\/MaisonMedicale_210922-1536x1024.jpg 1536w, https:\/\/www.suessemjetaime.lu\/wp-content\/uploads\/2021\/10\/MaisonMedicale_210922-600x400.jpg 600w\" sizes=\"(max-width: 2560px) 100vw, 2560px\" \/><\/a><\/p>\n<p>La plupart d\u2019entre nous ont d\u00e9j\u00e0 \u00e9t\u00e9 amen\u00e9s \u00e0 recourir un jour ou l\u2019autre \u00e0 une Maison m\u00e9dicale, que ce soit le soir apr\u00e8s les heures r\u00e9guli\u00e8res, le week-end ou un jour f\u00e9ri\u00e9. Puisqu\u2019on ne d\u00e9cide pas soi-m\u00eame du moment o\u00f9 l\u2019on tombe malade. Et c\u2019est pr\u00e9cis\u00e9ment pour ces cas-l\u00e0 que les trois Maisons m\u00e9dicales ont \u00e9t\u00e9 cr\u00e9\u00e9es au Luxembourg. Au Sud du pays, l\u2019adresse n\u2019est plus rue Emile Mayrisch \u00e0 Esch, mais bien le 3-5 Avenue du Swing \u00e0 Belval depuis le 23 septembre dernier.<\/p>\n<p>Madame Paulette Lenert, ministre de la Sant\u00e9, a soulign\u00e9 que cette nouvelle Maison m\u00e9dicale constitue une pi\u00e8ce de puzzle suppl\u00e9mentaire d\u2019un syst\u00e8me de sant\u00e9 moderne et\u00a0 voit d\u2019un bon oeil que les patient(e)s pourront \u00eatre soign\u00e9(e)s dans des conditions optimales \u00e0 cette nouvelle adresse.\u00a0 En outre, la ministre de la Sant\u00e9 estime qu\u2019il est essentiel de d\u00e9charger davantage les services des urgences de cette mani\u00e8re.<\/p>\n<p><a href=\"https:\/\/www.suessemjetaime.lu\/wp-content\/uploads\/2021\/10\/MaisonMedicale_210922-26-scaled.jpg\"><img loading=\"lazy\" class=\"alignnone size-full wp-image-7456\" src=\"https:\/\/www.suessemjetaime.lu\/wp-content\/uploads\/2021\/10\/MaisonMedicale_210922-26-scaled.jpg\" alt=\"\" width=\"2560\" height=\"1707\" srcset=\"https:\/\/www.suessemjetaime.lu\/wp-content\/uploads\/2021\/10\/MaisonMedicale_210922-26-scaled.jpg 2560w, https:\/\/www.suessemjetaime.lu\/wp-content\/uploads\/2021\/10\/MaisonMedicale_210922-26-300x200.jpg 300w, https:\/\/www.suessemjetaime.lu\/wp-content\/uploads\/2021\/10\/MaisonMedicale_210922-26-1024x683.jpg 1024w, https:\/\/www.suessemjetaime.lu\/wp-content\/uploads\/2021\/10\/MaisonMedicale_210922-26-768x512.jpg 768w, https:\/\/www.suessemjetaime.lu\/wp-content\/uploads\/2021\/10\/MaisonMedicale_210922-26-1536x1024.jpg 1536w, https:\/\/www.suessemjetaime.lu\/wp-content\/uploads\/2021\/10\/MaisonMedicale_210922-26-600x400.jpg 600w\" sizes=\"(max-width: 2560px) 100vw, 2560px\" \/><\/a><\/p>\n<p>Pendant la journ\u00e9e, l\u2019espace de 750 m<sup>2<\/sup>, clair et lumineux, est utilis\u00e9 par la <em>Croix Rouge<\/em> et le Minist\u00e8re de la Sant\u00e9. Le docteur Guillaume Steichen, secr\u00e9taire g\u00e9n\u00e9ral de l\u2019AMMD, a particuli\u00e8rement appr\u00e9ci\u00e9 qu\u2019\u00e0 cette nouvelle adresse, les m\u00e9decins ne disposent non seulement de dortoirs ad\u00e9quats, mais \u00e9galement de vestiaires et d\u2019une salle de s\u00e9jour. Gr\u00e2ce \u00e0 cette nouvelle infrastructure, les services de nuit gagneront en attractivit\u00e9.<\/p>\n<p>Pour sa part, Madame la bourgmestre Simone Asselborn-Bintz a soulign\u00e9 la collaboration ais\u00e9e avec le Minist\u00e8re, qui a permis d\u2019implanter ce projet quasiment en un temps record. \u00ab De plus, \u00bb estime-t-elle, \u00ab\u00a0la dynamique et le concept de mobilit\u00e9 propres \u00e0 Belval en font un endroit id\u00e9al pour notre nouvelle Maison m\u00e9dicale. \u00bb<\/p>\n<p><a href=\"https:\/\/www.suessemjetaime.lu\/wp-content\/uploads\/2021\/10\/MaisonMedicale_210922-19-scaled.jpg\"><img loading=\"lazy\" class=\"alignnone size-full wp-image-7468\" src=\"https:\/\/www.suessemjetaime.lu\/wp-content\/uploads\/2021\/10\/MaisonMedicale_210922-19-scaled.jpg\" alt=\"\" width=\"2560\" height=\"1706\" srcset=\"https:\/\/www.suessemjetaime.lu\/wp-content\/uploads\/2021\/10\/MaisonMedicale_210922-19-scaled.jpg 2560w, https:\/\/www.suessemjetaime.lu\/wp-content\/uploads\/2021\/10\/MaisonMedicale_210922-19-300x200.jpg 300w, https:\/\/www.suessemjetaime.lu\/wp-content\/uploads\/2021\/10\/MaisonMedicale_210922-19-1024x683.jpg 1024w, https:\/\/www.suessemjetaime.lu\/wp-content\/uploads\/2021\/10\/MaisonMedicale_210922-19-768x512.jpg 768w, https:\/\/www.suessemjetaime.lu\/wp-content\/uploads\/2021\/10\/MaisonMedicale_210922-19-1536x1024.jpg 1536w, https:\/\/www.suessemjetaime.lu\/wp-content\/uploads\/2021\/10\/MaisonMedicale_210922-19-600x400.jpg 600w\" sizes=\"(max-width: 2560px) 100vw, 2560px\" \/><\/a><\/p>\n<p>&nbsp;<\/p>\n<p><strong>Adresse<\/strong><\/p>\n<p>Belval<br \/>\n3-5, Avenue du Swing<br \/>\nL-4367 Belvaux<\/p>\n<p><strong>Heures d\u2019ouverture<\/strong><\/p>\n<p>En semaine : de 20.00 \u00e0 00.00 heures<br \/>\nLe samedi, le dimanche et les jours f\u00e9ri\u00e9s : 08.00 \u00e0 00.00 heures<\/p>\n<p><strong>Quand peut-on recourir \u00e0 une Maison m\u00e9dicale ? <\/strong><\/p>\n<p>Chaque fois que vous souhaitez contacter votre m\u00e9decin de famille en raison de votre \u00e9tat de sant\u00e9, et que vous ne pouvez pas attendre que ce dernier ait repris son service.<br \/>\n<strong>Apr\u00e8s minuit, vous \u00eates pri\u00e9\u00b7e\u00b7s d\u2019appeler le 112<\/strong>. Votre appel sera transf\u00e9r\u00e9 au m\u00e9decin de la Maison m\u00e9dicale qui vous contactera d\u00e8s que possible. En cas de n\u00e9cessit\u00e9 absolue, le m\u00e9decin pourra faire une visite chez vous \u00e0 domicile.<\/p>\n","protected":false},"excerpt":{"rendered":"<p>Inauguration en pr\u00e9sence de la ministre de la Sant\u00e9 \u00a0 Le mercredi, 22 septembre 2021, la Maison m\u00e9dicale flambant neuve a \u00e9t\u00e9 inaugur\u00e9e \u00e0 Belval \u00e0 l\u2019Avenue du Swing, en pr\u00e9sence de la ministre de la Sant\u00e9 Paulette Lenert, de [&hellip;]<\/p>\n","protected":false},"author":4,"featured_media":7454,"comment_status":"open","ping_status":"open","sticky":false,"template":"","format":"standard","meta":[],"categories":[31],"tags":[102,549,550,551,101],"yoast_head":"<!-- This site is optimized with the Yoast SEO plugin v15.2.1 - https:\/\/yoast.com\/wordpress\/plugins\/seo\/ -->\n<title>Nouvelle Maison m\u00e9dicale \u00e0 Belval &bull; Suessem, je t&#039;aime<\/title>\n<meta name=\"robots\" content=\"index, follow, max-snippet:-1, max-image-preview:large, max-video-preview:-1\" \/>\n<link rel=\"canonical\" href=\"https:\/\/www.suessemjetaime.lu\/fr\/maisonmedicale\/\" \/>\n<meta property=\"og:locale\" content=\"fr_FR\" \/>\n<meta property=\"og:type\" content=\"article\" \/>\n<meta property=\"og:title\" content=\"Nouvelle Maison m\u00e9dicale \u00e0 Belval &bull; Suessem, je t&#039;aime\" \/>\n<meta property=\"og:description\" content=\"Inauguration en pr\u00e9sence de la ministre de la Sant\u00e9 \u00a0 Le mercredi, 22 septembre 2021, la Maison m\u00e9dicale flambant neuve a \u00e9t\u00e9 inaugur\u00e9e \u00e0 Belval \u00e0 l\u2019Avenue du Swing, en pr\u00e9sence de la ministre de la Sant\u00e9 Paulette Lenert, de [&hellip;]\" \/>\n<meta property=\"og:url\" content=\"https:\/\/www.suessemjetaime.lu\/fr\/maisonmedicale\/\" \/>\n<meta property=\"og:site_name\" content=\"Suessem, je t&#039;aime\" \/>\n<meta property=\"article:publisher\" content=\"https:\/\/www.facebook.com\/communedesanem\/\" \/>\n<meta property=\"article:published_time\" content=\"2021-10-20T13:17:46+00:00\" \/>\n<meta property=\"article:modified_time\" content=\"2021-11-03T06:58:49+00:00\" \/>\n<meta property=\"og:image\" content=\"https:\/\/www.suessemjetaime.lu\/wp-content\/uploads\/2021\/10\/MaisonMedicale_210922-11-scaled.jpg\" \/>\n\t<meta property=\"og:image:width\" content=\"2560\" \/>\n\t<meta property=\"og:image:height\" content=\"1707\" \/>\n<meta name=\"twitter:card\" content=\"summary_large_image\" \/>\n<meta name=\"twitter:label1\" content=\"\u00c9crit par\">\n\t<meta name=\"twitter:data1\" content=\"Suessem\">\n\t<meta name=\"twitter:label2\" content=\"Dur\u00e9e de lecture est.\">\n\t<meta name=\"twitter:data2\" content=\"2 minutes\">\n<script type=\"application\/ld+json\" class=\"yoast-schema-graph\">{\"@context\":\"https:\/\/schema.org\",\"@graph\":[{\"@type\":\"Organization\",\"@id\":\"https:\/\/www.suessemjetaime.lu\/#organization\",\"name\":\"Commune de Sanem\",\"url\":\"https:\/\/www.suessemjetaime.lu\/\",\"sameAs\":[\"https:\/\/www.facebook.com\/communedesanem\/\",\"https:\/\/www.youtube.com\/channel\/UCVN7kgmkkpcfy3Hb63mx_tQ\/featured\"],\"logo\":{\"@type\":\"ImageObject\",\"@id\":\"https:\/\/www.suessemjetaime.lu\/#logo\",\"inLanguage\":\"fr-FR\",\"url\":\"https:\/\/www.suessemjetaime.lu\/wp-content\/uploads\/2019\/03\/400_188_LOGO_SANEM.png\",\"width\":400,\"height\":188,\"caption\":\"Commune de Sanem\"},\"image\":{\"@id\":\"https:\/\/www.suessemjetaime.lu\/#logo\"}},{\"@type\":\"WebSite\",\"@id\":\"https:\/\/www.suessemjetaime.lu\/#website\",\"url\":\"https:\/\/www.suessemjetaime.lu\/\",\"name\":\"Suessem, je t&#039;aime\",\"description\":\"le Blog de la commune de Sanem\",\"publisher\":{\"@id\":\"https:\/\/www.suessemjetaime.lu\/#organization\"},\"potentialAction\":[{\"@type\":\"SearchAction\",\"target\":\"https:\/\/www.suessemjetaime.lu\/?s={search_term_string}\",\"query-input\":\"required name=search_term_string\"}],\"inLanguage\":\"fr-FR\"},{\"@type\":\"ImageObject\",\"@id\":\"https:\/\/www.suessemjetaime.lu\/fr\/maisonmedicale\/#primaryimage\",\"inLanguage\":\"fr-FR\",\"url\":\"https:\/\/www.suessemjetaime.lu\/wp-content\/uploads\/2021\/10\/MaisonMedicale_210922-11-scaled.jpg\",\"width\":2560,\"height\":1707},{\"@type\":\"WebPage\",\"@id\":\"https:\/\/www.suessemjetaime.lu\/fr\/maisonmedicale\/#webpage\",\"url\":\"https:\/\/www.suessemjetaime.lu\/fr\/maisonmedicale\/\",\"name\":\"Nouvelle Maison m\\u00e9dicale \\u00e0 Belval &bull; Suessem, je t&#039;aime\",\"isPartOf\":{\"@id\":\"https:\/\/www.suessemjetaime.lu\/#website\"},\"primaryImageOfPage\":{\"@id\":\"https:\/\/www.suessemjetaime.lu\/fr\/maisonmedicale\/#primaryimage\"},\"datePublished\":\"2021-10-20T13:17:46+00:00\",\"dateModified\":\"2021-11-03T06:58:49+00:00\",\"inLanguage\":\"fr-FR\",\"potentialAction\":[{\"@type\":\"ReadAction\",\"target\":[\"https:\/\/www.suessemjetaime.lu\/fr\/maisonmedicale\/\"]}]},{\"@type\":\"Article\",\"@id\":\"https:\/\/www.suessemjetaime.lu\/fr\/maisonmedicale\/#article\",\"isPartOf\":{\"@id\":\"https:\/\/www.suessemjetaime.lu\/fr\/maisonmedicale\/#webpage\"},\"author\":{\"@id\":\"https:\/\/www.suessemjetaime.lu\/#\/schema\/person\/0cacc039fca45c1bb3d06544fdf18c63\"},\"headline\":\"Nouvelle Maison m\\u00e9dicale \\u00e0 Belval\",\"datePublished\":\"2021-10-20T13:17:46+00:00\",\"dateModified\":\"2021-11-03T06:58:49+00:00\",\"mainEntityOfPage\":{\"@id\":\"https:\/\/www.suessemjetaime.lu\/fr\/maisonmedicale\/#webpage\"},\"commentCount\":0,\"publisher\":{\"@id\":\"https:\/\/www.suessemjetaime.lu\/#organization\"},\"image\":{\"@id\":\"https:\/\/www.suessemjetaime.lu\/fr\/maisonmedicale\/#primaryimage\"},\"keywords\":\"belval,maison m\\u00e9dicale,ministre de la sant\\u00e9,Paulette Lenert,sanem\",\"articleSection\":\"Belval !\",\"inLanguage\":\"fr-FR\",\"potentialAction\":[{\"@type\":\"CommentAction\",\"name\":\"Comment\",\"target\":[\"https:\/\/www.suessemjetaime.lu\/fr\/maisonmedicale\/#respond\"]}]},{\"@type\":\"Person\",\"@id\":\"https:\/\/www.suessemjetaime.lu\/#\/schema\/person\/0cacc039fca45c1bb3d06544fdf18c63\",\"name\":\"Suessem\",\"image\":{\"@type\":\"ImageObject\",\"@id\":\"https:\/\/www.suessemjetaime.lu\/#personlogo\",\"inLanguage\":\"fr-FR\",\"url\":\"https:\/\/secure.gravatar.com\/avatar\/77fabd1f92df29867737b77509c5795b?s=96&d=mm&r=g\",\"caption\":\"Suessem\"}}]}<\/script>\n<!-- \/ Yoast SEO plugin. -->","_links":{"self":[{"href":"https:\/\/www.suessemjetaime.lu\/fr\/wp-json\/wp\/v2\/posts\/7453\/"}],"collection":[{"href":"https:\/\/www.suessemjetaime.lu\/fr\/wp-json\/wp\/v2\/posts\/"}],"about":[{"href":"https:\/\/www.suessemjetaime.lu\/fr\/wp-json\/wp\/v2\/types\/post\/"}],"author":[{"embeddable":true,"href":"https:\/\/www.suessemjetaime.lu\/fr\/wp-json\/wp\/v2\/users\/4\/"}],"replies":[{"embeddable":true,"href":"https:\/\/www.suessemjetaime.lu\/fr\/wp-json\/wp\/v2\/comments\/?post=7453"}],"version-history":[{"count":8,"href":"https:\/\/www.suessemjetaime.lu\/fr\/wp-json\/wp\/v2\/posts\/7453\/revisions\/"}],"predecessor-version":[{"id":7538,"href":"https:\/\/www.suessemjetaime.lu\/fr\/wp-json\/wp\/v2\/posts\/7453\/revisions\/7538\/"}],"wp:featuredmedia":[{"embeddable":true,"href":"https:\/\/www.suessemjetaime.lu\/fr\/wp-json\/wp\/v2\/media\/7454\/"}],"wp:attachment":[{"href":"https:\/\/www.suessemjetaime.lu\/fr\/wp-json\/wp\/v2\/media\/?parent=7453"}],"wp:term":[{"taxonomy":"category","embeddable":true,"href":"https:\/\/www.suessemjetaime.lu\/fr\/wp-json\/wp\/v2\/categories\/?post=7453"},{"taxonomy":"post_tag","embeddable":true,"href":"https:\/\/www.suessemjetaime.lu\/fr\/wp-json\/wp\/v2\/tags\/?post=7453"}],"curies":[{"name":"wp","href":"https:\/\/api.w.org\/{rel}","templated":true}]}}