{"id":6520,"date":"2020-05-25T09:57:51","date_gmt":"2020-05-25T09:57:51","guid":{"rendered":"https:\/\/www.suessemjetaime.lu\/?p=6520"},"modified":"2020-05-25T09:57:51","modified_gmt":"2020-05-25T09:57:51","slug":"iran-un-monde-a-part","status":"publish","type":"post","link":"https:\/\/www.suessemjetaime.lu\/fr\/iran-un-monde-a-part\/","title":{"rendered":"L&rsquo;Iran, un monde \u00e0 part"},"content":{"rendered":"<p><strong>\u00ab\u2009La terre a deux \u00e9poux\u00a0: l&rsquo;amer et le doux\u2009\u00bb. Ce proverbe iranien symbolise la recherche de l\u2019harmonie que l\u2019on retrouve aussi dans la cuisine de la r\u00e9publique islamique, mise \u00e0 l\u2019honneur dans notre rubrique de recettes de la Commission de l\u2019Int\u00e9gration de la Commune de Sanem. Le pays, qui fait la taille de l\u2019Angleterre, de la France, de l\u2019Espagne, de l\u2019Italie et de la Suisse r\u00e9unies, pr\u00e9sente une grande vari\u00e9t\u00e9 culinaire \u00e0 travers ses diff\u00e9rentes r\u00e9gions.<\/strong><\/p>\n<p><strong><a href=\"https:\/\/www.suessemjetaime.lu\/wp-content\/uploads\/2020\/05\/DSF5791.jpg\"><img loading=\"lazy\" class=\"alignnone wp-image-6479 size-full\" src=\"https:\/\/www.suessemjetaime.lu\/wp-content\/uploads\/2020\/05\/DSF5791.jpg\" alt=\"\" width=\"2048\" height=\"1365\" srcset=\"https:\/\/www.suessemjetaime.lu\/wp-content\/uploads\/2020\/05\/DSF5791.jpg 2048w, https:\/\/www.suessemjetaime.lu\/wp-content\/uploads\/2020\/05\/DSF5791-300x200.jpg 300w, https:\/\/www.suessemjetaime.lu\/wp-content\/uploads\/2020\/05\/DSF5791-768x512.jpg 768w, https:\/\/www.suessemjetaime.lu\/wp-content\/uploads\/2020\/05\/DSF5791-1024x683.jpg 1024w, https:\/\/www.suessemjetaime.lu\/wp-content\/uploads\/2020\/05\/DSF5791-600x400.jpg 600w\" sizes=\"(max-width: 2048px) 100vw, 2048px\" \/><\/a><\/strong><\/p>\n\n\t\t<style type=\"text\/css\">\n\t\t\t#gallery-1 {\n\t\t\t\tmargin: auto;\n\t\t\t}\n\t\t\t#gallery-1 .gallery-item {\n\t\t\t\tfloat: left;\n\t\t\t\tmargin-top: 10px;\n\t\t\t\ttext-align: center;\n\t\t\t\twidth: 50%;\n\t\t\t}\n\t\t\t#gallery-1 img {\n\t\t\t\tborder: 2px solid #cfcfcf;\n\t\t\t}\n\t\t\t#gallery-1 .gallery-caption {\n\t\t\t\tmargin-left: 0;\n\t\t\t}\n\t\t\t\/* see gallery_shortcode() in wp-includes\/media.php *\/\n\t\t<\/style>\n\t\t<div id='gallery-1' class='gallery galleryid-6520 gallery-columns-2 gallery-size-large'><dl class='gallery-item'>\n\t\t\t<dt class='gallery-icon landscape'>\n\t\t\t\t<a href='https:\/\/www.suessemjetaime.lu\/wp-content\/uploads\/2020\/05\/DSF5815.jpg'><img width=\"1024\" height=\"683\" src=\"https:\/\/www.suessemjetaime.lu\/wp-content\/uploads\/2020\/05\/DSF5815-1024x683.jpg\" class=\"attachment-large size-large\" alt=\"\" loading=\"lazy\" srcset=\"https:\/\/www.suessemjetaime.lu\/wp-content\/uploads\/2020\/05\/DSF5815-1024x683.jpg 1024w, https:\/\/www.suessemjetaime.lu\/wp-content\/uploads\/2020\/05\/DSF5815-300x200.jpg 300w, https:\/\/www.suessemjetaime.lu\/wp-content\/uploads\/2020\/05\/DSF5815-768x512.jpg 768w, https:\/\/www.suessemjetaime.lu\/wp-content\/uploads\/2020\/05\/DSF5815-600x400.jpg 600w\" sizes=\"(max-width: 1024px) 100vw, 1024px\" \/><\/a>\n\t\t\t<\/dt><\/dl><dl class='gallery-item'>\n\t\t\t<dt class='gallery-icon landscape'>\n\t\t\t\t<a href='https:\/\/www.suessemjetaime.lu\/wp-content\/uploads\/2020\/05\/DSF5524.jpg'><img width=\"1024\" height=\"683\" src=\"https:\/\/www.suessemjetaime.lu\/wp-content\/uploads\/2020\/05\/DSF5524-1024x683.jpg\" class=\"attachment-large size-large\" alt=\"\" loading=\"lazy\" srcset=\"https:\/\/www.suessemjetaime.lu\/wp-content\/uploads\/2020\/05\/DSF5524-1024x683.jpg 1024w, https:\/\/www.suessemjetaime.lu\/wp-content\/uploads\/2020\/05\/DSF5524-300x200.jpg 300w, https:\/\/www.suessemjetaime.lu\/wp-content\/uploads\/2020\/05\/DSF5524-768x512.jpg 768w, https:\/\/www.suessemjetaime.lu\/wp-content\/uploads\/2020\/05\/DSF5524-600x400.jpg 600w\" sizes=\"(max-width: 1024px) 100vw, 1024px\" \/><\/a>\n\t\t\t<\/dt><\/dl><br style=\"clear: both\" \/>\n\t\t<\/div>\n\n<p><!--more--><\/p>\n<p>Saiedeh Sadeghi est originaire de T\u00e9h\u00e9ran, ville dynamique, anim\u00e9e et tr\u00e8s vivante. Pendant trois ans, elle y a fait des \u00e9tudes en psychologie et a travaill\u00e9 parall\u00e8lement en tant que coiffeuse. Elle fut oblig\u00e9e d\u2019abandonner sa vie d\u2019\u00e9tudiante et de quitter sa patrie en novembre 2018, laissant derri\u00e8re elle ses deux fr\u00e8res, trois s\u0153urs et ses parents. Apr\u00e8s un passage en Italie, sa petite famille obtint le statut de r\u00e9fugi\u00e9 au Luxembourg en d\u00e9cembre 2019. Saiedeh est mari\u00e9e et a un gar\u00e7on de 10 ans.<\/p>\n<p>Elle d\u00e9cida vite de ne pas rester les bras crois\u00e9s et d\u2019utiliser ses nombreux talents de mani\u00e8re b\u00e9n\u00e9vole, notamment en tant que coiffeuse \u00e0 la Maison de la coh\u00e9sion sociale, comme instructrice \u00e0 l\u2019Hariko \u00e0 Esch-sur-Alzette pour enseigner la fabrication de sacs en cuir ou comme participante \u00e0 l\u2019atelier pour enfants au Foyer Dickskopp \u00e0 Soleuvre. Elle a aussi commenc\u00e9 \u00e0 \u00e9tudier le fran\u00e7ais et le luxembourgeois. Actuellement \u00e0 la recherche d\u2019un logement et d\u2019un emploi, elle essaie d\u2019avancer son projet d\u2019un propre food truck pour se tailler une place dans notre soci\u00e9t\u00e9, car elle a aussi un talent inn\u00e9 pour le culinaire.<\/p>\n\n\t\t<style type=\"text\/css\">\n\t\t\t#gallery-2 {\n\t\t\t\tmargin: auto;\n\t\t\t}\n\t\t\t#gallery-2 .gallery-item {\n\t\t\t\tfloat: left;\n\t\t\t\tmargin-top: 10px;\n\t\t\t\ttext-align: center;\n\t\t\t\twidth: 50%;\n\t\t\t}\n\t\t\t#gallery-2 img {\n\t\t\t\tborder: 2px solid #cfcfcf;\n\t\t\t}\n\t\t\t#gallery-2 .gallery-caption {\n\t\t\t\tmargin-left: 0;\n\t\t\t}\n\t\t\t\/* see gallery_shortcode() in wp-includes\/media.php *\/\n\t\t<\/style>\n\t\t<div id='gallery-2' class='gallery galleryid-6520 gallery-columns-2 gallery-size-large'><dl class='gallery-item'>\n\t\t\t<dt class='gallery-icon landscape'>\n\t\t\t\t<a href='https:\/\/www.suessemjetaime.lu\/wp-content\/uploads\/2020\/05\/DSF5840.jpg'><img width=\"1024\" height=\"683\" src=\"https:\/\/www.suessemjetaime.lu\/wp-content\/uploads\/2020\/05\/DSF5840-1024x683.jpg\" class=\"attachment-large size-large\" alt=\"\" loading=\"lazy\" srcset=\"https:\/\/www.suessemjetaime.lu\/wp-content\/uploads\/2020\/05\/DSF5840-1024x683.jpg 1024w, https:\/\/www.suessemjetaime.lu\/wp-content\/uploads\/2020\/05\/DSF5840-300x200.jpg 300w, https:\/\/www.suessemjetaime.lu\/wp-content\/uploads\/2020\/05\/DSF5840-768x512.jpg 768w, https:\/\/www.suessemjetaime.lu\/wp-content\/uploads\/2020\/05\/DSF5840-600x400.jpg 600w\" sizes=\"(max-width: 1024px) 100vw, 1024px\" \/><\/a>\n\t\t\t<\/dt><\/dl><dl class='gallery-item'>\n\t\t\t<dt class='gallery-icon landscape'>\n\t\t\t\t<a href='https:\/\/www.suessemjetaime.lu\/wp-content\/uploads\/2020\/05\/DSF5433.jpg'><img width=\"1024\" height=\"683\" src=\"https:\/\/www.suessemjetaime.lu\/wp-content\/uploads\/2020\/05\/DSF5433-1024x683.jpg\" class=\"attachment-large size-large\" alt=\"\" loading=\"lazy\" srcset=\"https:\/\/www.suessemjetaime.lu\/wp-content\/uploads\/2020\/05\/DSF5433-1024x683.jpg 1024w, https:\/\/www.suessemjetaime.lu\/wp-content\/uploads\/2020\/05\/DSF5433-300x200.jpg 300w, https:\/\/www.suessemjetaime.lu\/wp-content\/uploads\/2020\/05\/DSF5433-768x512.jpg 768w, https:\/\/www.suessemjetaime.lu\/wp-content\/uploads\/2020\/05\/DSF5433-600x400.jpg 600w\" sizes=\"(max-width: 1024px) 100vw, 1024px\" \/><\/a>\n\t\t\t<\/dt><\/dl><br style=\"clear: both\" \/>\n\t\t<\/div>\n\n<p><a href=\"https:\/\/www.suessemjetaime.lu\/wp-content\/uploads\/2020\/05\/DSF5846.jpg\"><img loading=\"lazy\" class=\"alignnone wp-image-6493 size-full\" src=\"https:\/\/www.suessemjetaime.lu\/wp-content\/uploads\/2020\/05\/DSF5846.jpg\" alt=\"\" width=\"2048\" height=\"1365\" srcset=\"https:\/\/www.suessemjetaime.lu\/wp-content\/uploads\/2020\/05\/DSF5846.jpg 2048w, https:\/\/www.suessemjetaime.lu\/wp-content\/uploads\/2020\/05\/DSF5846-300x200.jpg 300w, https:\/\/www.suessemjetaime.lu\/wp-content\/uploads\/2020\/05\/DSF5846-768x512.jpg 768w, https:\/\/www.suessemjetaime.lu\/wp-content\/uploads\/2020\/05\/DSF5846-1024x683.jpg 1024w, https:\/\/www.suessemjetaime.lu\/wp-content\/uploads\/2020\/05\/DSF5846-600x400.jpg 600w\" sizes=\"(max-width: 2048px) 100vw, 2048px\" \/><\/a><\/p>\n<p>Le riz basmati est la base de l\u2019alimentation dans son pays d\u2019origine. La cuisine iranienne est g\u00e9n\u00e9reuse, savoureuse et plut\u00f4t \u00e9quilibr\u00e9e, mais souvent marqu\u00e9e par des notes subtiles d\u2019acidit\u00e9. Originaire de la capitale, Saiedeh propose un plat typique qui en est l\u2019exemple parfait et, avant tout dans des r\u00e9gions plus rurales du pays, se mange aussi sans viande. L\u2019<em>Adas Polo<\/em> existe dans beaucoup de variations et \u00e0 cause de sa polyvalence, le plat est propos\u00e9 \u00e0 toute occasion, que ce soit lors d\u2019un petit repas en famille ou d\u2019un mariage.<\/p>\n<p>Pour pr\u00e9parer l\u2019<strong>Adas Polo<\/strong>, on a besoin de :<\/p>\n<ul>\n<li>3 tasses de riz basmati<\/li>\n<li>200 g de b\u0153uf hach\u00e9<\/li>\n<li>1 tasse de raisins secs<\/li>\n<li>1,5 tasse de lentilles<\/li>\n<li>2 oignons<\/li>\n<li>Huile<\/li>\n<li>Curcuma<\/li>\n<li>Safran<\/li>\n<li>Cannelle<\/li>\n<li>Poivre<\/li>\n<li>Sel<\/li>\n<\/ul>\n\n\t\t<style type=\"text\/css\">\n\t\t\t#gallery-3 {\n\t\t\t\tmargin: auto;\n\t\t\t}\n\t\t\t#gallery-3 .gallery-item {\n\t\t\t\tfloat: left;\n\t\t\t\tmargin-top: 10px;\n\t\t\t\ttext-align: center;\n\t\t\t\twidth: 50%;\n\t\t\t}\n\t\t\t#gallery-3 img {\n\t\t\t\tborder: 2px solid #cfcfcf;\n\t\t\t}\n\t\t\t#gallery-3 .gallery-caption {\n\t\t\t\tmargin-left: 0;\n\t\t\t}\n\t\t\t\/* see gallery_shortcode() in wp-includes\/media.php *\/\n\t\t<\/style>\n\t\t<div id='gallery-3' class='gallery galleryid-6520 gallery-columns-2 gallery-size-large'><dl class='gallery-item'>\n\t\t\t<dt class='gallery-icon landscape'>\n\t\t\t\t<a href='https:\/\/www.suessemjetaime.lu\/wp-content\/uploads\/2020\/05\/DSF5685.jpg'><img width=\"1024\" height=\"683\" src=\"https:\/\/www.suessemjetaime.lu\/wp-content\/uploads\/2020\/05\/DSF5685-1024x683.jpg\" class=\"attachment-large size-large\" alt=\"\" loading=\"lazy\" srcset=\"https:\/\/www.suessemjetaime.lu\/wp-content\/uploads\/2020\/05\/DSF5685-1024x683.jpg 1024w, https:\/\/www.suessemjetaime.lu\/wp-content\/uploads\/2020\/05\/DSF5685-300x200.jpg 300w, https:\/\/www.suessemjetaime.lu\/wp-content\/uploads\/2020\/05\/DSF5685-768x512.jpg 768w, https:\/\/www.suessemjetaime.lu\/wp-content\/uploads\/2020\/05\/DSF5685-600x400.jpg 600w\" sizes=\"(max-width: 1024px) 100vw, 1024px\" \/><\/a>\n\t\t\t<\/dt><\/dl><dl class='gallery-item'>\n\t\t\t<dt class='gallery-icon landscape'>\n\t\t\t\t<a href='https:\/\/www.suessemjetaime.lu\/wp-content\/uploads\/2020\/05\/DSF5521.jpg'><img width=\"1024\" height=\"683\" src=\"https:\/\/www.suessemjetaime.lu\/wp-content\/uploads\/2020\/05\/DSF5521-1024x683.jpg\" class=\"attachment-large size-large\" alt=\"\" loading=\"lazy\" srcset=\"https:\/\/www.suessemjetaime.lu\/wp-content\/uploads\/2020\/05\/DSF5521-1024x683.jpg 1024w, https:\/\/www.suessemjetaime.lu\/wp-content\/uploads\/2020\/05\/DSF5521-300x200.jpg 300w, https:\/\/www.suessemjetaime.lu\/wp-content\/uploads\/2020\/05\/DSF5521-768x512.jpg 768w, https:\/\/www.suessemjetaime.lu\/wp-content\/uploads\/2020\/05\/DSF5521-600x400.jpg 600w\" sizes=\"(max-width: 1024px) 100vw, 1024px\" \/><\/a>\n\t\t\t<\/dt><\/dl><br style=\"clear: both\" \/>\n\t\t<\/div>\n\n<p>Laisser tremper le riz dans de l\u2019eau ti\u00e8de sal\u00e9e pendant au moins 1 heure. Ensuite rincer le riz plusieurs fois jusqu\u2019\u00e0 ce que l\u2019eau soit claire. Rincer les lentilles, les cuire et laisser mijoter pendant 20-25 minutes en veillant \u00e0 ce qu\u2019elles ne deviennent pas trop p\u00e2teuses. \u00c9mincer les oignons et les faire revenir dans l\u2019huile jusqu\u2019\u00e0 ce qu\u2019ils soient transparents. Ajouter la viande et les \u00e9pices, et faire revenir doucement pendant 20 minutes tout au plus. Assaisonner au go\u00fbt.<\/p>\n<p>Faire revenir les raisins secs dans l\u2019huile pendant 2 minutes. Faire cuire le riz pendant 5 minutes pour qu\u2019il soit <em>al dente<\/em>. \u00c9goutter le riz et les lentilles et les ajouter, couche par couche, dans une marmite en alternant riz et lentilles et en finissant par le riz. Couvrir pendant 20 minutes. Dresser sur un plat avec la viande et d\u00e9corer avec les raisins.<\/p>\n<p><a href=\"https:\/\/www.suessemjetaime.lu\/wp-content\/uploads\/2020\/05\/DSF5758.jpg\"><img loading=\"lazy\" class=\"alignnone wp-image-6475 size-full\" src=\"https:\/\/www.suessemjetaime.lu\/wp-content\/uploads\/2020\/05\/DSF5758.jpg\" alt=\"\" width=\"2048\" height=\"1365\" srcset=\"https:\/\/www.suessemjetaime.lu\/wp-content\/uploads\/2020\/05\/DSF5758.jpg 2048w, https:\/\/www.suessemjetaime.lu\/wp-content\/uploads\/2020\/05\/DSF5758-300x200.jpg 300w, https:\/\/www.suessemjetaime.lu\/wp-content\/uploads\/2020\/05\/DSF5758-768x512.jpg 768w, https:\/\/www.suessemjetaime.lu\/wp-content\/uploads\/2020\/05\/DSF5758-1024x683.jpg 1024w, https:\/\/www.suessemjetaime.lu\/wp-content\/uploads\/2020\/05\/DSF5758-600x400.jpg 600w\" sizes=\"(max-width: 2048px) 100vw, 2048px\" \/><\/a><\/p>\n\n\t\t<style type=\"text\/css\">\n\t\t\t#gallery-4 {\n\t\t\t\tmargin: auto;\n\t\t\t}\n\t\t\t#gallery-4 .gallery-item {\n\t\t\t\tfloat: left;\n\t\t\t\tmargin-top: 10px;\n\t\t\t\ttext-align: center;\n\t\t\t\twidth: 50%;\n\t\t\t}\n\t\t\t#gallery-4 img {\n\t\t\t\tborder: 2px solid #cfcfcf;\n\t\t\t}\n\t\t\t#gallery-4 .gallery-caption {\n\t\t\t\tmargin-left: 0;\n\t\t\t}\n\t\t\t\/* see gallery_shortcode() in wp-includes\/media.php *\/\n\t\t<\/style>\n\t\t<div id='gallery-4' class='gallery galleryid-6520 gallery-columns-2 gallery-size-large'><dl class='gallery-item'>\n\t\t\t<dt class='gallery-icon landscape'>\n\t\t\t\t<a href='https:\/\/www.suessemjetaime.lu\/wp-content\/uploads\/2020\/05\/DSF5940.jpg'><img width=\"1024\" height=\"683\" src=\"https:\/\/www.suessemjetaime.lu\/wp-content\/uploads\/2020\/05\/DSF5940-1024x683.jpg\" class=\"attachment-large size-large\" alt=\"\" loading=\"lazy\" srcset=\"https:\/\/www.suessemjetaime.lu\/wp-content\/uploads\/2020\/05\/DSF5940-1024x683.jpg 1024w, https:\/\/www.suessemjetaime.lu\/wp-content\/uploads\/2020\/05\/DSF5940-300x200.jpg 300w, https:\/\/www.suessemjetaime.lu\/wp-content\/uploads\/2020\/05\/DSF5940-768x512.jpg 768w, https:\/\/www.suessemjetaime.lu\/wp-content\/uploads\/2020\/05\/DSF5940-600x400.jpg 600w\" sizes=\"(max-width: 1024px) 100vw, 1024px\" \/><\/a>\n\t\t\t<\/dt><\/dl><dl class='gallery-item'>\n\t\t\t<dt class='gallery-icon landscape'>\n\t\t\t\t<a href='https:\/\/www.suessemjetaime.lu\/wp-content\/uploads\/2020\/05\/DSF5956.jpg'><img width=\"1024\" height=\"683\" src=\"https:\/\/www.suessemjetaime.lu\/wp-content\/uploads\/2020\/05\/DSF5956-1024x683.jpg\" class=\"attachment-large size-large\" alt=\"\" loading=\"lazy\" srcset=\"https:\/\/www.suessemjetaime.lu\/wp-content\/uploads\/2020\/05\/DSF5956-1024x683.jpg 1024w, https:\/\/www.suessemjetaime.lu\/wp-content\/uploads\/2020\/05\/DSF5956-300x200.jpg 300w, https:\/\/www.suessemjetaime.lu\/wp-content\/uploads\/2020\/05\/DSF5956-768x512.jpg 768w, https:\/\/www.suessemjetaime.lu\/wp-content\/uploads\/2020\/05\/DSF5956-600x400.jpg 600w\" sizes=\"(max-width: 1024px) 100vw, 1024px\" \/><\/a>\n\t\t\t<\/dt><\/dl><br style=\"clear: both\" \/>\n\t\t<\/div>\n\n<p><a href=\"https:\/\/www.suessemjetaime.lu\/wp-content\/uploads\/2020\/05\/DSF5984.jpg\"><img loading=\"lazy\" class=\"alignnone wp-image-6509 size-full\" src=\"https:\/\/www.suessemjetaime.lu\/wp-content\/uploads\/2020\/05\/DSF5984.jpg\" alt=\"\" width=\"2048\" height=\"1365\" srcset=\"https:\/\/www.suessemjetaime.lu\/wp-content\/uploads\/2020\/05\/DSF5984.jpg 2048w, https:\/\/www.suessemjetaime.lu\/wp-content\/uploads\/2020\/05\/DSF5984-300x200.jpg 300w, https:\/\/www.suessemjetaime.lu\/wp-content\/uploads\/2020\/05\/DSF5984-768x512.jpg 768w, https:\/\/www.suessemjetaime.lu\/wp-content\/uploads\/2020\/05\/DSF5984-1024x683.jpg 1024w, https:\/\/www.suessemjetaime.lu\/wp-content\/uploads\/2020\/05\/DSF5984-600x400.jpg 600w\" sizes=\"(max-width: 2048px) 100vw, 2048px\" \/><\/a><\/p>\n<p style=\"text-align: center;\"><strong>Bon app\u00e9tit !<\/strong><\/p>\n","protected":false},"excerpt":{"rendered":"<p>\u00ab\u2009La terre a deux \u00e9poux\u00a0: l&rsquo;amer et le doux\u2009\u00bb. Ce proverbe iranien symbolise la recherche de l\u2019harmonie que l\u2019on retrouve aussi dans la cuisine de la r\u00e9publique islamique, mise \u00e0 l\u2019honneur dans notre rubrique de recettes de la Commission de [&hellip;]<\/p>\n","protected":false},"author":4,"featured_media":6517,"comment_status":"closed","ping_status":"closed","sticky":false,"template":"","format":"standard","meta":[],"categories":[49],"tags":[339,250,338,341,342,340,337],"yoast_head":"<!-- This site is optimized with the Yoast SEO plugin v15.2.1 - https:\/\/yoast.com\/wordpress\/plugins\/seo\/ -->\n<title>L&#039;Iran, un monde \u00e0 part &bull; Suessem, je t&#039;aime<\/title>\n<meta name=\"robots\" content=\"index, follow, max-snippet:-1, max-image-preview:large, max-video-preview:-1\" \/>\n<link rel=\"canonical\" href=\"https:\/\/www.suessemjetaime.lu\/fr\/iran-un-monde-a-part\/\" \/>\n<meta property=\"og:locale\" content=\"fr_FR\" \/>\n<meta property=\"og:type\" content=\"article\" \/>\n<meta property=\"og:title\" content=\"L&#039;Iran, un monde \u00e0 part &bull; Suessem, je t&#039;aime\" \/>\n<meta property=\"og:description\" content=\"\u00ab\u2009La terre a deux \u00e9poux\u00a0: l&rsquo;amer et le doux\u2009\u00bb. Ce proverbe iranien symbolise la recherche de l\u2019harmonie que l\u2019on retrouve aussi dans la cuisine de la r\u00e9publique islamique, mise \u00e0 l\u2019honneur dans notre rubrique de recettes de la Commission de [&hellip;]\" \/>\n<meta property=\"og:url\" content=\"https:\/\/www.suessemjetaime.lu\/fr\/iran-un-monde-a-part\/\" \/>\n<meta property=\"og:site_name\" content=\"Suessem, je t&#039;aime\" \/>\n<meta property=\"article:publisher\" content=\"https:\/\/www.facebook.com\/communedesanem\/\" \/>\n<meta property=\"article:published_time\" content=\"2020-05-25T09:57:51+00:00\" \/>\n<meta property=\"og:image\" content=\"https:\/\/www.suessemjetaime.lu\/wp-content\/uploads\/2020\/05\/DSF6019.jpg\" \/>\n\t<meta property=\"og:image:width\" content=\"2048\" \/>\n\t<meta property=\"og:image:height\" content=\"1365\" \/>\n<meta name=\"twitter:card\" content=\"summary_large_image\" \/>\n<meta name=\"twitter:label1\" content=\"\u00c9crit par\">\n\t<meta name=\"twitter:data1\" content=\"Suessem\">\n\t<meta name=\"twitter:label2\" content=\"Dur\u00e9e de lecture est.\">\n\t<meta name=\"twitter:data2\" content=\"2 minutes\">\n<script type=\"application\/ld+json\" class=\"yoast-schema-graph\">{\"@context\":\"https:\/\/schema.org\",\"@graph\":[{\"@type\":\"Organization\",\"@id\":\"https:\/\/www.suessemjetaime.lu\/#organization\",\"name\":\"Commune de Sanem\",\"url\":\"https:\/\/www.suessemjetaime.lu\/\",\"sameAs\":[\"https:\/\/www.facebook.com\/communedesanem\/\",\"https:\/\/www.youtube.com\/channel\/UCVN7kgmkkpcfy3Hb63mx_tQ\/featured\"],\"logo\":{\"@type\":\"ImageObject\",\"@id\":\"https:\/\/www.suessemjetaime.lu\/#logo\",\"inLanguage\":\"fr-FR\",\"url\":\"https:\/\/www.suessemjetaime.lu\/wp-content\/uploads\/2019\/03\/400_188_LOGO_SANEM.png\",\"width\":400,\"height\":188,\"caption\":\"Commune de Sanem\"},\"image\":{\"@id\":\"https:\/\/www.suessemjetaime.lu\/#logo\"}},{\"@type\":\"WebSite\",\"@id\":\"https:\/\/www.suessemjetaime.lu\/#website\",\"url\":\"https:\/\/www.suessemjetaime.lu\/\",\"name\":\"Suessem, je t&#039;aime\",\"description\":\"le Blog de la commune de Sanem\",\"publisher\":{\"@id\":\"https:\/\/www.suessemjetaime.lu\/#organization\"},\"potentialAction\":[{\"@type\":\"SearchAction\",\"target\":\"https:\/\/www.suessemjetaime.lu\/?s={search_term_string}\",\"query-input\":\"required name=search_term_string\"}],\"inLanguage\":\"fr-FR\"},{\"@type\":\"ImageObject\",\"@id\":\"https:\/\/www.suessemjetaime.lu\/fr\/iran-un-monde-a-part\/#primaryimage\",\"inLanguage\":\"fr-FR\",\"url\":\"https:\/\/www.suessemjetaime.lu\/wp-content\/uploads\/2020\/05\/DSF6019.jpg\",\"width\":2048,\"height\":1365},{\"@type\":\"WebPage\",\"@id\":\"https:\/\/www.suessemjetaime.lu\/fr\/iran-un-monde-a-part\/#webpage\",\"url\":\"https:\/\/www.suessemjetaime.lu\/fr\/iran-un-monde-a-part\/\",\"name\":\"L'Iran, un monde \\u00e0 part &bull; Suessem, je t&#039;aime\",\"isPartOf\":{\"@id\":\"https:\/\/www.suessemjetaime.lu\/#website\"},\"primaryImageOfPage\":{\"@id\":\"https:\/\/www.suessemjetaime.lu\/fr\/iran-un-monde-a-part\/#primaryimage\"},\"datePublished\":\"2020-05-25T09:57:51+00:00\",\"dateModified\":\"2020-05-25T09:57:51+00:00\",\"inLanguage\":\"fr-FR\",\"potentialAction\":[{\"@type\":\"ReadAction\",\"target\":[\"https:\/\/www.suessemjetaime.lu\/fr\/iran-un-monde-a-part\/\"]}]},{\"@type\":\"Article\",\"@id\":\"https:\/\/www.suessemjetaime.lu\/fr\/iran-un-monde-a-part\/#article\",\"isPartOf\":{\"@id\":\"https:\/\/www.suessemjetaime.lu\/fr\/iran-un-monde-a-part\/#webpage\"},\"author\":{\"@id\":\"https:\/\/www.suessemjetaime.lu\/#\/schema\/person\/0cacc039fca45c1bb3d06544fdf18c63\"},\"headline\":\"L&rsquo;Iran, un monde \\u00e0 part\",\"datePublished\":\"2020-05-25T09:57:51+00:00\",\"dateModified\":\"2020-05-25T09:57:51+00:00\",\"mainEntityOfPage\":{\"@id\":\"https:\/\/www.suessemjetaime.lu\/fr\/iran-un-monde-a-part\/#webpage\"},\"publisher\":{\"@id\":\"https:\/\/www.suessemjetaime.lu\/#organization\"},\"image\":{\"@id\":\"https:\/\/www.suessemjetaime.lu\/fr\/iran-un-monde-a-part\/#primaryimage\"},\"keywords\":\"Adas Polo,cuisine,Iran,Lentilles,Recette,Riz,Saiedeh Sadeghi\",\"articleSection\":\"Gustoso\",\"inLanguage\":\"fr-FR\"},{\"@type\":\"Person\",\"@id\":\"https:\/\/www.suessemjetaime.lu\/#\/schema\/person\/0cacc039fca45c1bb3d06544fdf18c63\",\"name\":\"Suessem\",\"image\":{\"@type\":\"ImageObject\",\"@id\":\"https:\/\/www.suessemjetaime.lu\/#personlogo\",\"inLanguage\":\"fr-FR\",\"url\":\"https:\/\/secure.gravatar.com\/avatar\/77fabd1f92df29867737b77509c5795b?s=96&d=mm&r=g\",\"caption\":\"Suessem\"}}]}<\/script>\n<!-- \/ Yoast SEO plugin. -->","_links":{"self":[{"href":"https:\/\/www.suessemjetaime.lu\/fr\/wp-json\/wp\/v2\/posts\/6520\/"}],"collection":[{"href":"https:\/\/www.suessemjetaime.lu\/fr\/wp-json\/wp\/v2\/posts\/"}],"about":[{"href":"https:\/\/www.suessemjetaime.lu\/fr\/wp-json\/wp\/v2\/types\/post\/"}],"author":[{"embeddable":true,"href":"https:\/\/www.suessemjetaime.lu\/fr\/wp-json\/wp\/v2\/users\/4\/"}],"replies":[{"embeddable":true,"href":"https:\/\/www.suessemjetaime.lu\/fr\/wp-json\/wp\/v2\/comments\/?post=6520"}],"version-history":[{"count":1,"href":"https:\/\/www.suessemjetaime.lu\/fr\/wp-json\/wp\/v2\/posts\/6520\/revisions\/"}],"predecessor-version":[{"id":6521,"href":"https:\/\/www.suessemjetaime.lu\/fr\/wp-json\/wp\/v2\/posts\/6520\/revisions\/6521\/"}],"wp:featuredmedia":[{"embeddable":true,"href":"https:\/\/www.suessemjetaime.lu\/fr\/wp-json\/wp\/v2\/media\/6517\/"}],"wp:attachment":[{"href":"https:\/\/www.suessemjetaime.lu\/fr\/wp-json\/wp\/v2\/media\/?parent=6520"}],"wp:term":[{"taxonomy":"category","embeddable":true,"href":"https:\/\/www.suessemjetaime.lu\/fr\/wp-json\/wp\/v2\/categories\/?post=6520"},{"taxonomy":"post_tag","embeddable":true,"href":"https:\/\/www.suessemjetaime.lu\/fr\/wp-json\/wp\/v2\/tags\/?post=6520"}],"curies":[{"name":"wp","href":"https:\/\/api.w.org\/{rel}","templated":true}]}}