{"id":6229,"date":"2020-03-01T12:00:33","date_gmt":"2020-03-01T12:00:33","guid":{"rendered":"https:\/\/www.suessemjetaime.lu\/vive-la-france\/"},"modified":"2020-03-10T08:01:30","modified_gmt":"2020-03-10T08:01:30","slug":"vive-la-france","status":"publish","type":"post","link":"https:\/\/www.suessemjetaime.lu\/fr\/vive-la-france\/","title":{"rendered":"Vive la France !"},"content":{"rendered":"<p><strong>Le Sport rassemble les gens. Et parfois, il r\u00e9ussit m\u00eame \u00e0 les unir pour de bon. Il y a bien longtemps que Nathalie Demange, Fran\u00e7aise d\u2019origine, vint \u00e0 Schifflange dans le cadre d\u2019un tournoi de p\u00e9tanque pour vivre sa passion. Elle y rencontra non seulement son futur mari, mais commen\u00e7a aussi \u00e0 prendre pied au Luxembourg.\u00a0 Depuis l\u2019ann\u00e9e derni\u00e8re, la r\u00e9sidente d\u2019Ehlerange poss\u00e8de la nationalit\u00e9 luxembourgeoise et repr\u00e9senta le Grand-Duch\u00e9 entre autres aux Jeux des petits \u00c9tats d\u2019Europe au Mont\u00e9n\u00e9gro o\u00f9 elle d\u00e9crocha une m\u00e9daille d\u2019or.<\/strong><\/p>\n<p><strong><a href=\"https:\/\/www.suessemjetaime.lu\/wp-content\/uploads\/2020\/02\/XH12225-copy.jpg\"><img loading=\"lazy\" class=\"alignnone wp-image-6213 size-full\" src=\"https:\/\/www.suessemjetaime.lu\/wp-content\/uploads\/2020\/02\/XH12225-copy.jpg\" alt=\"\" width=\"2048\" height=\"1365\" srcset=\"https:\/\/www.suessemjetaime.lu\/wp-content\/uploads\/2020\/02\/XH12225-copy.jpg 2048w, https:\/\/www.suessemjetaime.lu\/wp-content\/uploads\/2020\/02\/XH12225-copy-300x200.jpg 300w, https:\/\/www.suessemjetaime.lu\/wp-content\/uploads\/2020\/02\/XH12225-copy-768x512.jpg 768w, https:\/\/www.suessemjetaime.lu\/wp-content\/uploads\/2020\/02\/XH12225-copy-1024x683.jpg 1024w, https:\/\/www.suessemjetaime.lu\/wp-content\/uploads\/2020\/02\/XH12225-copy-600x400.jpg 600w\" sizes=\"(max-width: 2048px) 100vw, 2048px\" \/><\/a><\/strong><\/p>\n\n\t\t<style type=\"text\/css\">\n\t\t\t#gallery-1 {\n\t\t\t\tmargin: auto;\n\t\t\t}\n\t\t\t#gallery-1 .gallery-item {\n\t\t\t\tfloat: left;\n\t\t\t\tmargin-top: 10px;\n\t\t\t\ttext-align: center;\n\t\t\t\twidth: 50%;\n\t\t\t}\n\t\t\t#gallery-1 img {\n\t\t\t\tborder: 2px solid #cfcfcf;\n\t\t\t}\n\t\t\t#gallery-1 .gallery-caption {\n\t\t\t\tmargin-left: 0;\n\t\t\t}\n\t\t\t\/* see gallery_shortcode() in wp-includes\/media.php *\/\n\t\t<\/style>\n\t\t<div id='gallery-1' class='gallery galleryid-6229 gallery-columns-2 gallery-size-large'><dl class='gallery-item'>\n\t\t\t<dt class='gallery-icon landscape'>\n\t\t\t\t<a href='https:\/\/www.suessemjetaime.lu\/wp-content\/uploads\/2020\/02\/XH11992.jpg'><img width=\"1024\" height=\"683\" src=\"https:\/\/www.suessemjetaime.lu\/wp-content\/uploads\/2020\/02\/XH11992-1024x683.jpg\" class=\"attachment-large size-large\" alt=\"\" loading=\"lazy\" srcset=\"https:\/\/www.suessemjetaime.lu\/wp-content\/uploads\/2020\/02\/XH11992-1024x683.jpg 1024w, https:\/\/www.suessemjetaime.lu\/wp-content\/uploads\/2020\/02\/XH11992-300x200.jpg 300w, https:\/\/www.suessemjetaime.lu\/wp-content\/uploads\/2020\/02\/XH11992-768x512.jpg 768w, https:\/\/www.suessemjetaime.lu\/wp-content\/uploads\/2020\/02\/XH11992-600x400.jpg 600w\" sizes=\"(max-width: 1024px) 100vw, 1024px\" \/><\/a>\n\t\t\t<\/dt><\/dl><dl class='gallery-item'>\n\t\t\t<dt class='gallery-icon landscape'>\n\t\t\t\t<a href='https:\/\/www.suessemjetaime.lu\/wp-content\/uploads\/2020\/02\/XH11996.jpg'><img width=\"1024\" height=\"683\" src=\"https:\/\/www.suessemjetaime.lu\/wp-content\/uploads\/2020\/02\/XH11996-1024x683.jpg\" class=\"attachment-large size-large\" alt=\"\" loading=\"lazy\" srcset=\"https:\/\/www.suessemjetaime.lu\/wp-content\/uploads\/2020\/02\/XH11996-1024x683.jpg 1024w, https:\/\/www.suessemjetaime.lu\/wp-content\/uploads\/2020\/02\/XH11996-300x200.jpg 300w, https:\/\/www.suessemjetaime.lu\/wp-content\/uploads\/2020\/02\/XH11996-768x512.jpg 768w, https:\/\/www.suessemjetaime.lu\/wp-content\/uploads\/2020\/02\/XH11996-600x400.jpg 600w\" sizes=\"(max-width: 1024px) 100vw, 1024px\" \/><\/a>\n\t\t\t<\/dt><\/dl><br style=\"clear: both\" \/>\n\t\t<\/div>\n\n<p><!--more--><\/p>\n<p>Elle nous fait d\u00e9couvrir sa cuisine la porte grande ouverte et ce n\u2019est pas par hasard que sa m\u00e8re est au rendez-vous. Elles ont pr\u00e9vu un retour aux sources culinaire authentique, mettant \u00e0 l\u2019honneur les racines familiales qui se trouvent dans le d\u00e9partement des Vosges \u00e0 Bruy\u00e8res et qui rappelle fortement la r\u00e9gion voisine, l\u2019Alsace.<\/p>\n\n\t\t<style type=\"text\/css\">\n\t\t\t#gallery-2 {\n\t\t\t\tmargin: auto;\n\t\t\t}\n\t\t\t#gallery-2 .gallery-item {\n\t\t\t\tfloat: left;\n\t\t\t\tmargin-top: 10px;\n\t\t\t\ttext-align: center;\n\t\t\t\twidth: 50%;\n\t\t\t}\n\t\t\t#gallery-2 img {\n\t\t\t\tborder: 2px solid #cfcfcf;\n\t\t\t}\n\t\t\t#gallery-2 .gallery-caption {\n\t\t\t\tmargin-left: 0;\n\t\t\t}\n\t\t\t\/* see gallery_shortcode() in wp-includes\/media.php *\/\n\t\t<\/style>\n\t\t<div id='gallery-2' class='gallery galleryid-6229 gallery-columns-2 gallery-size-large'><dl class='gallery-item'>\n\t\t\t<dt class='gallery-icon landscape'>\n\t\t\t\t<a href='https:\/\/www.suessemjetaime.lu\/wp-content\/uploads\/2020\/02\/XH12005.jpg'><img width=\"1024\" height=\"683\" src=\"https:\/\/www.suessemjetaime.lu\/wp-content\/uploads\/2020\/02\/XH12005-1024x683.jpg\" class=\"attachment-large size-large\" alt=\"\" loading=\"lazy\" srcset=\"https:\/\/www.suessemjetaime.lu\/wp-content\/uploads\/2020\/02\/XH12005-1024x683.jpg 1024w, https:\/\/www.suessemjetaime.lu\/wp-content\/uploads\/2020\/02\/XH12005-300x200.jpg 300w, https:\/\/www.suessemjetaime.lu\/wp-content\/uploads\/2020\/02\/XH12005-768x512.jpg 768w, https:\/\/www.suessemjetaime.lu\/wp-content\/uploads\/2020\/02\/XH12005-600x400.jpg 600w\" sizes=\"(max-width: 1024px) 100vw, 1024px\" \/><\/a>\n\t\t\t<\/dt><\/dl><dl class='gallery-item'>\n\t\t\t<dt class='gallery-icon landscape'>\n\t\t\t\t<a href='https:\/\/www.suessemjetaime.lu\/wp-content\/uploads\/2020\/02\/XH12008.jpg'><img width=\"1024\" height=\"683\" src=\"https:\/\/www.suessemjetaime.lu\/wp-content\/uploads\/2020\/02\/XH12008-1024x683.jpg\" class=\"attachment-large size-large\" alt=\"\" loading=\"lazy\" srcset=\"https:\/\/www.suessemjetaime.lu\/wp-content\/uploads\/2020\/02\/XH12008-1024x683.jpg 1024w, https:\/\/www.suessemjetaime.lu\/wp-content\/uploads\/2020\/02\/XH12008-300x200.jpg 300w, https:\/\/www.suessemjetaime.lu\/wp-content\/uploads\/2020\/02\/XH12008-768x512.jpg 768w, https:\/\/www.suessemjetaime.lu\/wp-content\/uploads\/2020\/02\/XH12008-600x400.jpg 600w\" sizes=\"(max-width: 1024px) 100vw, 1024px\" \/><\/a>\n\t\t\t<\/dt><\/dl><br style=\"clear: both\" \/>\n\t\t<\/div>\n\n<p><a href=\"https:\/\/www.suessemjetaime.lu\/wp-content\/uploads\/2020\/02\/XH12134.jpg\"><img loading=\"lazy\" class=\"alignnone wp-image-6201 size-full\" src=\"https:\/\/www.suessemjetaime.lu\/wp-content\/uploads\/2020\/02\/XH12134.jpg\" alt=\"\" width=\"2048\" height=\"1365\" srcset=\"https:\/\/www.suessemjetaime.lu\/wp-content\/uploads\/2020\/02\/XH12134.jpg 2048w, https:\/\/www.suessemjetaime.lu\/wp-content\/uploads\/2020\/02\/XH12134-300x200.jpg 300w, https:\/\/www.suessemjetaime.lu\/wp-content\/uploads\/2020\/02\/XH12134-768x512.jpg 768w, https:\/\/www.suessemjetaime.lu\/wp-content\/uploads\/2020\/02\/XH12134-1024x683.jpg 1024w, https:\/\/www.suessemjetaime.lu\/wp-content\/uploads\/2020\/02\/XH12134-600x400.jpg 600w\" sizes=\"(max-width: 2048px) 100vw, 2048px\" \/><\/a><\/p>\n<p>Comment pr\u00e9parait-on un plat savoureux \u00e0 l\u2019\u00e9poque quand on n\u2019avait pas vraiment le temps de passer toute sa matin\u00e9e en cuisine\u00a0? Attention, le four \u00e0 micro-ondes n\u2019avait pas encore \u00e9t\u00e9 invent\u00e9. Le seul four du village se trouvait chez le boulanger et quand il avait cuit ses pains, tout le village profitait de la chaleur r\u00e9siduelle de son four. Avant de se rendre \u00e0 la messe ou de faire le m\u00e9nage, les femmes y emmenaient leurs cocottes remplies avec les ingr\u00e9dients, scell\u00e9es herm\u00e9tiquement au niveau des couvercles avec de la p\u00e2te. En laissant le tout mijoter jusqu\u2019\u00e0 midi, elles arrivaient \u00e0 pr\u00e9parer un plat copieux pour une grande famille sans trop d\u2019effort. Le nom alsacien <em>baeckeoffe<\/em> rappelle l\u2019origine de la pr\u00e9paration.<\/p>\n<p>La recette de Nathalie Demange est con\u00e7ue pour 8-10 personnes. Pour pr\u00e9parer le <strong>baeckeoffe<\/strong>, on a besoin de :<\/p>\n<ul>\n<li>700 g \u00e9chine de porc<\/li>\n<li>700 g \u00e9paule d\u2019agneau<\/li>\n<li>700 g g\u00eete ou paleron (b\u0153uf)<\/li>\n<li>1 pied de porc<\/li>\n<li>1,5 kg pommes de terre<\/li>\n<li>100 g farine<\/li>\n<li>3 carottes<\/li>\n<li>1 poireau<\/li>\n<li>2 oignons<\/li>\n<li>Poivre<\/li>\n<li>Sel<\/li>\n<\/ul>\n<p>Pour la <strong>marinade<\/strong>, on a besoin de :<\/p>\n<ul>\n<li>75 cl de vin blanc sec d\u2019Alsace<\/li>\n<li>1 gros oignon \u00e9minc\u00e9<\/li>\n<li>1 gousse d\u2019ail \u00e9cras\u00e9e<\/li>\n<li>1 branche de thym<\/li>\n<li>2 feuilles de laurier<\/li>\n<\/ul>\n\n\t\t<style type=\"text\/css\">\n\t\t\t#gallery-3 {\n\t\t\t\tmargin: auto;\n\t\t\t}\n\t\t\t#gallery-3 .gallery-item {\n\t\t\t\tfloat: left;\n\t\t\t\tmargin-top: 10px;\n\t\t\t\ttext-align: center;\n\t\t\t\twidth: 50%;\n\t\t\t}\n\t\t\t#gallery-3 img {\n\t\t\t\tborder: 2px solid #cfcfcf;\n\t\t\t}\n\t\t\t#gallery-3 .gallery-caption {\n\t\t\t\tmargin-left: 0;\n\t\t\t}\n\t\t\t\/* see gallery_shortcode() in wp-includes\/media.php *\/\n\t\t<\/style>\n\t\t<div id='gallery-3' class='gallery galleryid-6229 gallery-columns-2 gallery-size-large'><dl class='gallery-item'>\n\t\t\t<dt class='gallery-icon landscape'>\n\t\t\t\t<a href='https:\/\/www.suessemjetaime.lu\/wp-content\/uploads\/2020\/02\/XH12191.jpg'><img width=\"1024\" height=\"683\" src=\"https:\/\/www.suessemjetaime.lu\/wp-content\/uploads\/2020\/02\/XH12191-1024x683.jpg\" class=\"attachment-large size-large\" alt=\"\" loading=\"lazy\" srcset=\"https:\/\/www.suessemjetaime.lu\/wp-content\/uploads\/2020\/02\/XH12191-1024x683.jpg 1024w, https:\/\/www.suessemjetaime.lu\/wp-content\/uploads\/2020\/02\/XH12191-300x200.jpg 300w, https:\/\/www.suessemjetaime.lu\/wp-content\/uploads\/2020\/02\/XH12191-768x512.jpg 768w, https:\/\/www.suessemjetaime.lu\/wp-content\/uploads\/2020\/02\/XH12191-600x400.jpg 600w\" sizes=\"(max-width: 1024px) 100vw, 1024px\" \/><\/a>\n\t\t\t<\/dt><\/dl><dl class='gallery-item'>\n\t\t\t<dt class='gallery-icon landscape'>\n\t\t\t\t<a href='https:\/\/www.suessemjetaime.lu\/wp-content\/uploads\/2020\/02\/XH11961.jpg'><img width=\"1024\" height=\"683\" src=\"https:\/\/www.suessemjetaime.lu\/wp-content\/uploads\/2020\/02\/XH11961-1024x683.jpg\" class=\"attachment-large size-large\" alt=\"\" loading=\"lazy\" srcset=\"https:\/\/www.suessemjetaime.lu\/wp-content\/uploads\/2020\/02\/XH11961-1024x683.jpg 1024w, https:\/\/www.suessemjetaime.lu\/wp-content\/uploads\/2020\/02\/XH11961-300x200.jpg 300w, https:\/\/www.suessemjetaime.lu\/wp-content\/uploads\/2020\/02\/XH11961-768x512.jpg 768w, https:\/\/www.suessemjetaime.lu\/wp-content\/uploads\/2020\/02\/XH11961-600x400.jpg 600w\" sizes=\"(max-width: 1024px) 100vw, 1024px\" \/><\/a>\n\t\t\t<\/dt><\/dl><br style=\"clear: both\" \/>\n\t\t<\/div>\n\n<p>Couper la viande en cubes de 5 cm. Les r\u00e9frig\u00e9rer 24 heures dans un grand plat avec les ingr\u00e9dients de la marinade. \u00c9plucher les pommes de terre et les carottes, et les couper en tr\u00e8s fines rondelles. \u00c9mincer les oignons. \u00c9goutter la viande et garder le jus de la marinade. Beurrer la terrine en terre cuite allant au four et disposer successivement : une couche d\u2019oignon, une couche de pommes de terre et de carottes, les morceaux de viande, le pied de porc fendu en deux, une couche de pommes de terre et de carottes, le poireau. Saler et poivrer chaque couche. Verser le jus de la marinade jusqu\u2019au niveau des pommes de terre.<\/p>\n<p>Poser le couvercle et le souder \u00e0 la terrine avec un cordon de p\u00e2te fait avec la farine et 1 cuill\u00e8re \u00e0 soupe d\u2019eau. Cuire pendant environ 2,5 heures au four \u00e0 200\u00b0.<\/p>\n<p><a href=\"https:\/\/www.suessemjetaime.lu\/wp-content\/uploads\/2020\/02\/XH12043-copy.jpg\"><img loading=\"lazy\" class=\"alignnone wp-image-6187 size-full\" src=\"https:\/\/www.suessemjetaime.lu\/wp-content\/uploads\/2020\/02\/XH12043-copy.jpg\" alt=\"\" width=\"2048\" height=\"1365\" srcset=\"https:\/\/www.suessemjetaime.lu\/wp-content\/uploads\/2020\/02\/XH12043-copy.jpg 2048w, https:\/\/www.suessemjetaime.lu\/wp-content\/uploads\/2020\/02\/XH12043-copy-300x200.jpg 300w, https:\/\/www.suessemjetaime.lu\/wp-content\/uploads\/2020\/02\/XH12043-copy-768x512.jpg 768w, https:\/\/www.suessemjetaime.lu\/wp-content\/uploads\/2020\/02\/XH12043-copy-1024x683.jpg 1024w, https:\/\/www.suessemjetaime.lu\/wp-content\/uploads\/2020\/02\/XH12043-copy-600x400.jpg 600w\" sizes=\"(max-width: 2048px) 100vw, 2048px\" \/><\/a><\/p>\n\n\t\t<style type=\"text\/css\">\n\t\t\t#gallery-4 {\n\t\t\t\tmargin: auto;\n\t\t\t}\n\t\t\t#gallery-4 .gallery-item {\n\t\t\t\tfloat: left;\n\t\t\t\tmargin-top: 10px;\n\t\t\t\ttext-align: center;\n\t\t\t\twidth: 50%;\n\t\t\t}\n\t\t\t#gallery-4 img {\n\t\t\t\tborder: 2px solid #cfcfcf;\n\t\t\t}\n\t\t\t#gallery-4 .gallery-caption {\n\t\t\t\tmargin-left: 0;\n\t\t\t}\n\t\t\t\/* see gallery_shortcode() in wp-includes\/media.php *\/\n\t\t<\/style>\n\t\t<div id='gallery-4' class='gallery galleryid-6229 gallery-columns-2 gallery-size-large'><dl class='gallery-item'>\n\t\t\t<dt class='gallery-icon landscape'>\n\t\t\t\t<a href='https:\/\/www.suessemjetaime.lu\/wp-content\/uploads\/2020\/02\/XH12175.jpg'><img width=\"1024\" height=\"683\" src=\"https:\/\/www.suessemjetaime.lu\/wp-content\/uploads\/2020\/02\/XH12175-1024x683.jpg\" class=\"attachment-large size-large\" alt=\"\" loading=\"lazy\" srcset=\"https:\/\/www.suessemjetaime.lu\/wp-content\/uploads\/2020\/02\/XH12175-1024x683.jpg 1024w, https:\/\/www.suessemjetaime.lu\/wp-content\/uploads\/2020\/02\/XH12175-300x200.jpg 300w, https:\/\/www.suessemjetaime.lu\/wp-content\/uploads\/2020\/02\/XH12175-768x512.jpg 768w, https:\/\/www.suessemjetaime.lu\/wp-content\/uploads\/2020\/02\/XH12175-600x400.jpg 600w\" sizes=\"(max-width: 1024px) 100vw, 1024px\" \/><\/a>\n\t\t\t<\/dt><\/dl><dl class='gallery-item'>\n\t\t\t<dt class='gallery-icon landscape'>\n\t\t\t\t<a href='https:\/\/www.suessemjetaime.lu\/wp-content\/uploads\/2020\/02\/XH12192.jpg'><img width=\"1024\" height=\"683\" src=\"https:\/\/www.suessemjetaime.lu\/wp-content\/uploads\/2020\/02\/XH12192-1024x683.jpg\" class=\"attachment-large size-large\" alt=\"\" loading=\"lazy\" srcset=\"https:\/\/www.suessemjetaime.lu\/wp-content\/uploads\/2020\/02\/XH12192-1024x683.jpg 1024w, https:\/\/www.suessemjetaime.lu\/wp-content\/uploads\/2020\/02\/XH12192-300x200.jpg 300w, https:\/\/www.suessemjetaime.lu\/wp-content\/uploads\/2020\/02\/XH12192-768x512.jpg 768w, https:\/\/www.suessemjetaime.lu\/wp-content\/uploads\/2020\/02\/XH12192-600x400.jpg 600w\" sizes=\"(max-width: 1024px) 100vw, 1024px\" \/><\/a>\n\t\t\t<\/dt><\/dl><br style=\"clear: both\" \/>\n\t\t<\/div>\n\n<p><a href=\"https:\/\/www.suessemjetaime.lu\/wp-content\/uploads\/2020\/02\/XH12200.jpg\"><img loading=\"lazy\" class=\"alignnone wp-image-6211 size-full\" src=\"https:\/\/www.suessemjetaime.lu\/wp-content\/uploads\/2020\/02\/XH12200.jpg\" alt=\"\" width=\"2048\" height=\"1365\" srcset=\"https:\/\/www.suessemjetaime.lu\/wp-content\/uploads\/2020\/02\/XH12200.jpg 2048w, https:\/\/www.suessemjetaime.lu\/wp-content\/uploads\/2020\/02\/XH12200-300x200.jpg 300w, https:\/\/www.suessemjetaime.lu\/wp-content\/uploads\/2020\/02\/XH12200-768x512.jpg 768w, https:\/\/www.suessemjetaime.lu\/wp-content\/uploads\/2020\/02\/XH12200-1024x683.jpg 1024w, https:\/\/www.suessemjetaime.lu\/wp-content\/uploads\/2020\/02\/XH12200-600x400.jpg 600w\" sizes=\"(max-width: 2048px) 100vw, 2048px\" \/><\/a><\/p>\n<hr \/>\n<p>Pour la <strong>salade vosgienne<\/strong> pour 4 personnes, on a besoin de :<\/p>\n<ul>\n<li>Salade verte ou pissenlit<\/li>\n<li>200 g lardon fum\u00e9<\/li>\n<li>4 \u0153ufs<\/li>\n<li>Pain coup\u00e9 en cubes<\/li>\n<li>Cr\u00e8me fra\u00eeche \u00e9paisse<\/li>\n<li>Moutarde<\/li>\n<li>Vinaigre<\/li>\n<li>Huile d\u2019olive<\/li>\n<li>8 tomates cerises<\/li>\n<li>Ciboulettes<\/li>\n<li>\u00c9chalotes<\/li>\n<\/ul>\n<p>Pr\u00e9parer une vinaigrette \u00e0 la base d\u2019huile d\u2019olive, vinaigre, moutarde, ciboulette et \u00e9chalote. Laver et essorer la salade, ensuite disposer dans une assiette. Faire revenir les lardons et les r\u00e9server au chaud. Faire revenir les croutons de pain dans une po\u00eale avec un peu d\u2019huile<\/p>\n<p><a href=\"https:\/\/www.suessemjetaime.lu\/wp-content\/uploads\/2020\/02\/XH12080.jpg\"><img loading=\"lazy\" class=\"alignnone wp-image-6195 size-full\" src=\"https:\/\/www.suessemjetaime.lu\/wp-content\/uploads\/2020\/02\/XH12080.jpg\" alt=\"\" width=\"2048\" height=\"1365\" srcset=\"https:\/\/www.suessemjetaime.lu\/wp-content\/uploads\/2020\/02\/XH12080.jpg 2048w, https:\/\/www.suessemjetaime.lu\/wp-content\/uploads\/2020\/02\/XH12080-300x200.jpg 300w, https:\/\/www.suessemjetaime.lu\/wp-content\/uploads\/2020\/02\/XH12080-768x512.jpg 768w, https:\/\/www.suessemjetaime.lu\/wp-content\/uploads\/2020\/02\/XH12080-1024x683.jpg 1024w, https:\/\/www.suessemjetaime.lu\/wp-content\/uploads\/2020\/02\/XH12080-600x400.jpg 600w\" sizes=\"(max-width: 2048px) 100vw, 2048px\" \/><\/a><\/p>\n\n\t\t<style type=\"text\/css\">\n\t\t\t#gallery-5 {\n\t\t\t\tmargin: auto;\n\t\t\t}\n\t\t\t#gallery-5 .gallery-item {\n\t\t\t\tfloat: left;\n\t\t\t\tmargin-top: 10px;\n\t\t\t\ttext-align: center;\n\t\t\t\twidth: 50%;\n\t\t\t}\n\t\t\t#gallery-5 img {\n\t\t\t\tborder: 2px solid #cfcfcf;\n\t\t\t}\n\t\t\t#gallery-5 .gallery-caption {\n\t\t\t\tmargin-left: 0;\n\t\t\t}\n\t\t\t\/* see gallery_shortcode() in wp-includes\/media.php *\/\n\t\t<\/style>\n\t\t<div id='gallery-5' class='gallery galleryid-6229 gallery-columns-2 gallery-size-large'><dl class='gallery-item'>\n\t\t\t<dt class='gallery-icon landscape'>\n\t\t\t\t<a href='https:\/\/www.suessemjetaime.lu\/wp-content\/uploads\/2020\/02\/XH11923.jpg'><img width=\"1024\" height=\"683\" src=\"https:\/\/www.suessemjetaime.lu\/wp-content\/uploads\/2020\/02\/XH11923-1024x683.jpg\" class=\"attachment-large size-large\" alt=\"\" loading=\"lazy\" srcset=\"https:\/\/www.suessemjetaime.lu\/wp-content\/uploads\/2020\/02\/XH11923-1024x683.jpg 1024w, https:\/\/www.suessemjetaime.lu\/wp-content\/uploads\/2020\/02\/XH11923-300x200.jpg 300w, https:\/\/www.suessemjetaime.lu\/wp-content\/uploads\/2020\/02\/XH11923-768x512.jpg 768w, https:\/\/www.suessemjetaime.lu\/wp-content\/uploads\/2020\/02\/XH11923-600x400.jpg 600w\" sizes=\"(max-width: 1024px) 100vw, 1024px\" \/><\/a>\n\t\t\t<\/dt><\/dl><dl class='gallery-item'>\n\t\t\t<dt class='gallery-icon landscape'>\n\t\t\t\t<a href='https:\/\/www.suessemjetaime.lu\/wp-content\/uploads\/2020\/02\/XH12067.jpg'><img width=\"1024\" height=\"683\" src=\"https:\/\/www.suessemjetaime.lu\/wp-content\/uploads\/2020\/02\/XH12067-1024x683.jpg\" class=\"attachment-large size-large\" alt=\"\" loading=\"lazy\" srcset=\"https:\/\/www.suessemjetaime.lu\/wp-content\/uploads\/2020\/02\/XH12067-1024x683.jpg 1024w, https:\/\/www.suessemjetaime.lu\/wp-content\/uploads\/2020\/02\/XH12067-300x200.jpg 300w, https:\/\/www.suessemjetaime.lu\/wp-content\/uploads\/2020\/02\/XH12067-768x512.jpg 768w, https:\/\/www.suessemjetaime.lu\/wp-content\/uploads\/2020\/02\/XH12067-600x400.jpg 600w\" sizes=\"(max-width: 1024px) 100vw, 1024px\" \/><\/a>\n\t\t\t<\/dt><\/dl><br style=\"clear: both\" \/>\n\t\t<\/div>\n\n<p><a href=\"https:\/\/www.suessemjetaime.lu\/wp-content\/uploads\/2020\/02\/XH12073.jpg\"><img loading=\"lazy\" class=\"alignnone wp-image-6193 size-full\" src=\"https:\/\/www.suessemjetaime.lu\/wp-content\/uploads\/2020\/02\/XH12073.jpg\" alt=\"\" width=\"2048\" height=\"1365\" srcset=\"https:\/\/www.suessemjetaime.lu\/wp-content\/uploads\/2020\/02\/XH12073.jpg 2048w, https:\/\/www.suessemjetaime.lu\/wp-content\/uploads\/2020\/02\/XH12073-300x200.jpg 300w, https:\/\/www.suessemjetaime.lu\/wp-content\/uploads\/2020\/02\/XH12073-768x512.jpg 768w, https:\/\/www.suessemjetaime.lu\/wp-content\/uploads\/2020\/02\/XH12073-1024x683.jpg 1024w, https:\/\/www.suessemjetaime.lu\/wp-content\/uploads\/2020\/02\/XH12073-600x400.jpg 600w\" sizes=\"(max-width: 2048px) 100vw, 2048px\" \/><\/a><\/p>\n<p>Faire cuire les \u0153ufs \u00ab mollets \u00bb : les d\u00e9poser d\u00e9licatement dans l\u2019eau fr\u00e9missante et laisser cuire entre 5 minutes 45 secondes et 6 minutes. Les retirer et mettre imm\u00e9diatement dans un saladier rempli d\u2019eau froide afin d\u2019arr\u00eater la cuisson. Les \u00e9caler d\u00e9licatement. Sur la salade, mettre les tomates cerises, les lardons et les croutons de pain. Verser un peu de vinaigrette et une cuill\u00e8re \u00e0 caf\u00e9 de cr\u00e8me fra\u00eeche, et d\u00e9poser l\u2019\u0153uf mollet encore ti\u00e8de. Pour un plat plus consistant et complet, il est possible d\u2019y ajouter des pommes de terre r\u00f4ties.<\/p>\n\n\t\t<style type=\"text\/css\">\n\t\t\t#gallery-6 {\n\t\t\t\tmargin: auto;\n\t\t\t}\n\t\t\t#gallery-6 .gallery-item {\n\t\t\t\tfloat: left;\n\t\t\t\tmargin-top: 10px;\n\t\t\t\ttext-align: center;\n\t\t\t\twidth: 50%;\n\t\t\t}\n\t\t\t#gallery-6 img {\n\t\t\t\tborder: 2px solid #cfcfcf;\n\t\t\t}\n\t\t\t#gallery-6 .gallery-caption {\n\t\t\t\tmargin-left: 0;\n\t\t\t}\n\t\t\t\/* see gallery_shortcode() in wp-includes\/media.php *\/\n\t\t<\/style>\n\t\t<div id='gallery-6' class='gallery galleryid-6229 gallery-columns-2 gallery-size-large'><dl class='gallery-item'>\n\t\t\t<dt class='gallery-icon landscape'>\n\t\t\t\t<a href='https:\/\/www.suessemjetaime.lu\/wp-content\/uploads\/2020\/02\/XH12164.jpg'><img width=\"1024\" height=\"683\" src=\"https:\/\/www.suessemjetaime.lu\/wp-content\/uploads\/2020\/02\/XH12164-1024x683.jpg\" class=\"attachment-large size-large\" alt=\"\" loading=\"lazy\" srcset=\"https:\/\/www.suessemjetaime.lu\/wp-content\/uploads\/2020\/02\/XH12164-1024x683.jpg 1024w, https:\/\/www.suessemjetaime.lu\/wp-content\/uploads\/2020\/02\/XH12164-300x200.jpg 300w, https:\/\/www.suessemjetaime.lu\/wp-content\/uploads\/2020\/02\/XH12164-768x512.jpg 768w, https:\/\/www.suessemjetaime.lu\/wp-content\/uploads\/2020\/02\/XH12164-600x400.jpg 600w\" sizes=\"(max-width: 1024px) 100vw, 1024px\" \/><\/a>\n\t\t\t<\/dt><\/dl><dl class='gallery-item'>\n\t\t\t<dt class='gallery-icon landscape'>\n\t\t\t\t<a href='https:\/\/www.suessemjetaime.lu\/wp-content\/uploads\/2020\/02\/XH12171.jpg'><img width=\"1024\" height=\"683\" src=\"https:\/\/www.suessemjetaime.lu\/wp-content\/uploads\/2020\/02\/XH12171-1024x683.jpg\" class=\"attachment-large size-large\" alt=\"\" loading=\"lazy\" srcset=\"https:\/\/www.suessemjetaime.lu\/wp-content\/uploads\/2020\/02\/XH12171-1024x683.jpg 1024w, https:\/\/www.suessemjetaime.lu\/wp-content\/uploads\/2020\/02\/XH12171-300x200.jpg 300w, https:\/\/www.suessemjetaime.lu\/wp-content\/uploads\/2020\/02\/XH12171-768x512.jpg 768w, https:\/\/www.suessemjetaime.lu\/wp-content\/uploads\/2020\/02\/XH12171-600x400.jpg 600w\" sizes=\"(max-width: 1024px) 100vw, 1024px\" \/><\/a>\n\t\t\t<\/dt><\/dl><br style=\"clear: both\" \/>\n\t\t<\/div>\n\n<hr \/>\n<p>Pour les <strong>beignets de myrtilles<\/strong> pour 4-6 personnes, on a besoin de :<\/p>\n<ul>\n<li>2 \u0153ufs<\/li>\n<li>250 g myrtilles sauvages<\/li>\n<li>250 g farine<\/li>\n<li>25 cl lait<\/li>\n<li>Sucre fin<\/li>\n<li>1 sachet de sucre vanill\u00e9 (facultatif)<\/li>\n<\/ul>\n<p>Faire la p\u00e2te : faire un puits dans la farine, y ajouter les \u0153ufs et m\u00e9langer en ajoutant progressivement le lait puis 2 c. \u00e0 s. de sucre fin. C\u2019est comme une p\u00e2te \u00e0 cr\u00eape, mais plus \u00e9paisse. Laisser reposer environ 1 heure. Ajouter les myrtilles. Cuire dans une po\u00eale avec un peu d\u2019huile en faisant des petits tas \u00e9cras\u00e9s, puis les retourner. D\u00e9poser les beignets sur un papier absorbant et les saupoudrer de sucre. Servir ti\u00e8de, avec une boule de glace vanille par exemple.<\/p>\n\n\t\t<style type=\"text\/css\">\n\t\t\t#gallery-7 {\n\t\t\t\tmargin: auto;\n\t\t\t}\n\t\t\t#gallery-7 .gallery-item {\n\t\t\t\tfloat: left;\n\t\t\t\tmargin-top: 10px;\n\t\t\t\ttext-align: center;\n\t\t\t\twidth: 50%;\n\t\t\t}\n\t\t\t#gallery-7 img {\n\t\t\t\tborder: 2px solid #cfcfcf;\n\t\t\t}\n\t\t\t#gallery-7 .gallery-caption {\n\t\t\t\tmargin-left: 0;\n\t\t\t}\n\t\t\t\/* see gallery_shortcode() in wp-includes\/media.php *\/\n\t\t<\/style>\n\t\t<div id='gallery-7' class='gallery galleryid-6229 gallery-columns-2 gallery-size-large'><dl class='gallery-item'>\n\t\t\t<dt class='gallery-icon landscape'>\n\t\t\t\t<a href='https:\/\/www.suessemjetaime.lu\/wp-content\/uploads\/2020\/02\/XH11862.jpg'><img width=\"1024\" height=\"683\" src=\"https:\/\/www.suessemjetaime.lu\/wp-content\/uploads\/2020\/02\/XH11862-1024x683.jpg\" class=\"attachment-large size-large\" alt=\"\" loading=\"lazy\" srcset=\"https:\/\/www.suessemjetaime.lu\/wp-content\/uploads\/2020\/02\/XH11862-1024x683.jpg 1024w, https:\/\/www.suessemjetaime.lu\/wp-content\/uploads\/2020\/02\/XH11862-300x200.jpg 300w, https:\/\/www.suessemjetaime.lu\/wp-content\/uploads\/2020\/02\/XH11862-768x512.jpg 768w, https:\/\/www.suessemjetaime.lu\/wp-content\/uploads\/2020\/02\/XH11862-600x400.jpg 600w\" sizes=\"(max-width: 1024px) 100vw, 1024px\" \/><\/a>\n\t\t\t<\/dt><\/dl><dl class='gallery-item'>\n\t\t\t<dt class='gallery-icon landscape'>\n\t\t\t\t<a href='https:\/\/www.suessemjetaime.lu\/wp-content\/uploads\/2020\/02\/XH12082.jpg'><img width=\"1024\" height=\"683\" src=\"https:\/\/www.suessemjetaime.lu\/wp-content\/uploads\/2020\/02\/XH12082-1024x683.jpg\" class=\"attachment-large size-large\" alt=\"\" loading=\"lazy\" srcset=\"https:\/\/www.suessemjetaime.lu\/wp-content\/uploads\/2020\/02\/XH12082-1024x683.jpg 1024w, https:\/\/www.suessemjetaime.lu\/wp-content\/uploads\/2020\/02\/XH12082-300x200.jpg 300w, https:\/\/www.suessemjetaime.lu\/wp-content\/uploads\/2020\/02\/XH12082-768x512.jpg 768w, https:\/\/www.suessemjetaime.lu\/wp-content\/uploads\/2020\/02\/XH12082-600x400.jpg 600w\" sizes=\"(max-width: 1024px) 100vw, 1024px\" \/><\/a>\n\t\t\t<\/dt><\/dl><br style=\"clear: both\" \/>\n\t\t<\/div>\n\n<p><a href=\"https:\/\/www.suessemjetaime.lu\/wp-content\/uploads\/2020\/02\/XH12128.jpg\"><img loading=\"lazy\" class=\"alignnone wp-image-6199 size-full\" src=\"https:\/\/www.suessemjetaime.lu\/wp-content\/uploads\/2020\/02\/XH12128.jpg\" alt=\"\" width=\"2048\" height=\"1365\" srcset=\"https:\/\/www.suessemjetaime.lu\/wp-content\/uploads\/2020\/02\/XH12128.jpg 2048w, https:\/\/www.suessemjetaime.lu\/wp-content\/uploads\/2020\/02\/XH12128-300x200.jpg 300w, https:\/\/www.suessemjetaime.lu\/wp-content\/uploads\/2020\/02\/XH12128-768x512.jpg 768w, https:\/\/www.suessemjetaime.lu\/wp-content\/uploads\/2020\/02\/XH12128-1024x683.jpg 1024w, https:\/\/www.suessemjetaime.lu\/wp-content\/uploads\/2020\/02\/XH12128-600x400.jpg 600w\" sizes=\"(max-width: 2048px) 100vw, 2048px\" \/><\/a><\/p>\n\n\t\t<style type=\"text\/css\">\n\t\t\t#gallery-8 {\n\t\t\t\tmargin: auto;\n\t\t\t}\n\t\t\t#gallery-8 .gallery-item {\n\t\t\t\tfloat: left;\n\t\t\t\tmargin-top: 10px;\n\t\t\t\ttext-align: center;\n\t\t\t\twidth: 50%;\n\t\t\t}\n\t\t\t#gallery-8 img {\n\t\t\t\tborder: 2px solid #cfcfcf;\n\t\t\t}\n\t\t\t#gallery-8 .gallery-caption {\n\t\t\t\tmargin-left: 0;\n\t\t\t}\n\t\t\t\/* see gallery_shortcode() in wp-includes\/media.php *\/\n\t\t<\/style>\n\t\t<div id='gallery-8' class='gallery galleryid-6229 gallery-columns-2 gallery-size-large'><dl class='gallery-item'>\n\t\t\t<dt class='gallery-icon landscape'>\n\t\t\t\t<a href='https:\/\/www.suessemjetaime.lu\/wp-content\/uploads\/2020\/02\/XH12212.jpg'><img width=\"1024\" height=\"683\" src=\"https:\/\/www.suessemjetaime.lu\/wp-content\/uploads\/2020\/02\/XH12212-1024x683.jpg\" class=\"attachment-large size-large\" alt=\"\" loading=\"lazy\" srcset=\"https:\/\/www.suessemjetaime.lu\/wp-content\/uploads\/2020\/02\/XH12212-1024x683.jpg 1024w, https:\/\/www.suessemjetaime.lu\/wp-content\/uploads\/2020\/02\/XH12212-300x200.jpg 300w, https:\/\/www.suessemjetaime.lu\/wp-content\/uploads\/2020\/02\/XH12212-768x512.jpg 768w, https:\/\/www.suessemjetaime.lu\/wp-content\/uploads\/2020\/02\/XH12212-600x400.jpg 600w\" sizes=\"(max-width: 1024px) 100vw, 1024px\" \/><\/a>\n\t\t\t<\/dt><\/dl><dl class='gallery-item'>\n\t\t\t<dt class='gallery-icon landscape'>\n\t\t\t\t<a href='https:\/\/www.suessemjetaime.lu\/wp-content\/uploads\/2020\/02\/XH11977.jpg'><img width=\"1024\" height=\"683\" src=\"https:\/\/www.suessemjetaime.lu\/wp-content\/uploads\/2020\/02\/XH11977-1024x683.jpg\" class=\"attachment-large size-large\" alt=\"\" loading=\"lazy\" srcset=\"https:\/\/www.suessemjetaime.lu\/wp-content\/uploads\/2020\/02\/XH11977-1024x683.jpg 1024w, https:\/\/www.suessemjetaime.lu\/wp-content\/uploads\/2020\/02\/XH11977-300x200.jpg 300w, https:\/\/www.suessemjetaime.lu\/wp-content\/uploads\/2020\/02\/XH11977-768x512.jpg 768w, https:\/\/www.suessemjetaime.lu\/wp-content\/uploads\/2020\/02\/XH11977-600x400.jpg 600w\" sizes=\"(max-width: 1024px) 100vw, 1024px\" \/><\/a>\n\t\t\t<\/dt><\/dl><br style=\"clear: both\" \/>\n\t\t<\/div>\n\n<p style=\"text-align: center;\"><strong>Bon app\u00e9tit !<\/strong><\/p>\n","protected":false},"excerpt":{"rendered":"<p>Le Sport rassemble les gens. Et parfois, il r\u00e9ussit m\u00eame \u00e0 les unir pour de bon. Il y a bien longtemps que Nathalie Demange, Fran\u00e7aise d\u2019origine, vint \u00e0 Schifflange dans le cadre d\u2019un tournoi de p\u00e9tanque pour vivre sa passion. [&hellip;]<\/p>\n","protected":false},"author":4,"featured_media":6216,"comment_status":"closed","ping_status":"closed","sticky":false,"template":"","format":"standard","meta":[],"categories":[49],"tags":[250,251,252],"yoast_head":"<!-- This site is optimized with the Yoast SEO plugin v15.2.1 - https:\/\/yoast.com\/wordpress\/plugins\/seo\/ -->\n<title>Vive la France ! &bull; Suessem, je t&#039;aime<\/title>\n<meta name=\"robots\" content=\"index, follow, max-snippet:-1, max-image-preview:large, max-video-preview:-1\" \/>\n<link rel=\"canonical\" href=\"https:\/\/www.suessemjetaime.lu\/fr\/vive-la-france\/\" \/>\n<meta property=\"og:locale\" content=\"fr_FR\" \/>\n<meta property=\"og:type\" content=\"article\" \/>\n<meta property=\"og:title\" content=\"Vive la France ! &bull; Suessem, je t&#039;aime\" \/>\n<meta property=\"og:description\" content=\"Le Sport rassemble les gens. Et parfois, il r\u00e9ussit m\u00eame \u00e0 les unir pour de bon. Il y a bien longtemps que Nathalie Demange, Fran\u00e7aise d\u2019origine, vint \u00e0 Schifflange dans le cadre d\u2019un tournoi de p\u00e9tanque pour vivre sa passion. [&hellip;]\" \/>\n<meta property=\"og:url\" content=\"https:\/\/www.suessemjetaime.lu\/fr\/vive-la-france\/\" \/>\n<meta property=\"og:site_name\" content=\"Suessem, je t&#039;aime\" \/>\n<meta property=\"article:publisher\" content=\"https:\/\/www.facebook.com\/communedesanem\/\" \/>\n<meta property=\"article:published_time\" content=\"2020-03-01T12:00:33+00:00\" \/>\n<meta property=\"article:modified_time\" content=\"2020-03-10T08:01:30+00:00\" \/>\n<meta property=\"og:image\" content=\"https:\/\/www.suessemjetaime.lu\/wp-content\/uploads\/2020\/02\/XH12231.jpg\" \/>\n\t<meta property=\"og:image:width\" content=\"2048\" \/>\n\t<meta property=\"og:image:height\" content=\"1365\" \/>\n<meta name=\"twitter:card\" content=\"summary_large_image\" \/>\n<meta name=\"twitter:label1\" content=\"\u00c9crit par\">\n\t<meta name=\"twitter:data1\" content=\"Suessem\">\n\t<meta name=\"twitter:label2\" content=\"Dur\u00e9e de lecture est.\">\n\t<meta name=\"twitter:data2\" content=\"4 minutes\">\n<script type=\"application\/ld+json\" class=\"yoast-schema-graph\">{\"@context\":\"https:\/\/schema.org\",\"@graph\":[{\"@type\":\"Organization\",\"@id\":\"https:\/\/www.suessemjetaime.lu\/#organization\",\"name\":\"Commune de Sanem\",\"url\":\"https:\/\/www.suessemjetaime.lu\/\",\"sameAs\":[\"https:\/\/www.facebook.com\/communedesanem\/\",\"https:\/\/www.youtube.com\/channel\/UCVN7kgmkkpcfy3Hb63mx_tQ\/featured\"],\"logo\":{\"@type\":\"ImageObject\",\"@id\":\"https:\/\/www.suessemjetaime.lu\/#logo\",\"inLanguage\":\"fr-FR\",\"url\":\"https:\/\/www.suessemjetaime.lu\/wp-content\/uploads\/2019\/03\/400_188_LOGO_SANEM.png\",\"width\":400,\"height\":188,\"caption\":\"Commune de Sanem\"},\"image\":{\"@id\":\"https:\/\/www.suessemjetaime.lu\/#logo\"}},{\"@type\":\"WebSite\",\"@id\":\"https:\/\/www.suessemjetaime.lu\/#website\",\"url\":\"https:\/\/www.suessemjetaime.lu\/\",\"name\":\"Suessem, je t&#039;aime\",\"description\":\"le Blog de la commune de Sanem\",\"publisher\":{\"@id\":\"https:\/\/www.suessemjetaime.lu\/#organization\"},\"potentialAction\":[{\"@type\":\"SearchAction\",\"target\":\"https:\/\/www.suessemjetaime.lu\/?s={search_term_string}\",\"query-input\":\"required name=search_term_string\"}],\"inLanguage\":\"fr-FR\"},{\"@type\":\"ImageObject\",\"@id\":\"https:\/\/www.suessemjetaime.lu\/fr\/vive-la-france\/#primaryimage\",\"inLanguage\":\"fr-FR\",\"url\":\"https:\/\/www.suessemjetaime.lu\/wp-content\/uploads\/2020\/02\/XH12231.jpg\",\"width\":2048,\"height\":1365},{\"@type\":\"WebPage\",\"@id\":\"https:\/\/www.suessemjetaime.lu\/fr\/vive-la-france\/#webpage\",\"url\":\"https:\/\/www.suessemjetaime.lu\/fr\/vive-la-france\/\",\"name\":\"Vive la France ! &bull; Suessem, je t&#039;aime\",\"isPartOf\":{\"@id\":\"https:\/\/www.suessemjetaime.lu\/#website\"},\"primaryImageOfPage\":{\"@id\":\"https:\/\/www.suessemjetaime.lu\/fr\/vive-la-france\/#primaryimage\"},\"datePublished\":\"2020-03-01T12:00:33+00:00\",\"dateModified\":\"2020-03-10T08:01:30+00:00\",\"inLanguage\":\"fr-FR\",\"potentialAction\":[{\"@type\":\"ReadAction\",\"target\":[\"https:\/\/www.suessemjetaime.lu\/fr\/vive-la-france\/\"]}]},{\"@type\":\"Article\",\"@id\":\"https:\/\/www.suessemjetaime.lu\/fr\/vive-la-france\/#article\",\"isPartOf\":{\"@id\":\"https:\/\/www.suessemjetaime.lu\/fr\/vive-la-france\/#webpage\"},\"author\":{\"@id\":\"https:\/\/www.suessemjetaime.lu\/#\/schema\/person\/0cacc039fca45c1bb3d06544fdf18c63\"},\"headline\":\"Vive la France !\",\"datePublished\":\"2020-03-01T12:00:33+00:00\",\"dateModified\":\"2020-03-10T08:01:30+00:00\",\"mainEntityOfPage\":{\"@id\":\"https:\/\/www.suessemjetaime.lu\/fr\/vive-la-france\/#webpage\"},\"publisher\":{\"@id\":\"https:\/\/www.suessemjetaime.lu\/#organization\"},\"image\":{\"@id\":\"https:\/\/www.suessemjetaime.lu\/fr\/vive-la-france\/#primaryimage\"},\"keywords\":\"cuisine,france,nathalie demange\",\"articleSection\":\"Gustoso\",\"inLanguage\":\"fr-FR\"},{\"@type\":\"Person\",\"@id\":\"https:\/\/www.suessemjetaime.lu\/#\/schema\/person\/0cacc039fca45c1bb3d06544fdf18c63\",\"name\":\"Suessem\",\"image\":{\"@type\":\"ImageObject\",\"@id\":\"https:\/\/www.suessemjetaime.lu\/#personlogo\",\"inLanguage\":\"fr-FR\",\"url\":\"https:\/\/secure.gravatar.com\/avatar\/77fabd1f92df29867737b77509c5795b?s=96&d=mm&r=g\",\"caption\":\"Suessem\"}}]}<\/script>\n<!-- \/ Yoast SEO plugin. -->","_links":{"self":[{"href":"https:\/\/www.suessemjetaime.lu\/fr\/wp-json\/wp\/v2\/posts\/6229\/"}],"collection":[{"href":"https:\/\/www.suessemjetaime.lu\/fr\/wp-json\/wp\/v2\/posts\/"}],"about":[{"href":"https:\/\/www.suessemjetaime.lu\/fr\/wp-json\/wp\/v2\/types\/post\/"}],"author":[{"embeddable":true,"href":"https:\/\/www.suessemjetaime.lu\/fr\/wp-json\/wp\/v2\/users\/4\/"}],"replies":[{"embeddable":true,"href":"https:\/\/www.suessemjetaime.lu\/fr\/wp-json\/wp\/v2\/comments\/?post=6229"}],"version-history":[{"count":2,"href":"https:\/\/www.suessemjetaime.lu\/fr\/wp-json\/wp\/v2\/posts\/6229\/revisions\/"}],"predecessor-version":[{"id":6304,"href":"https:\/\/www.suessemjetaime.lu\/fr\/wp-json\/wp\/v2\/posts\/6229\/revisions\/6304\/"}],"wp:featuredmedia":[{"embeddable":true,"href":"https:\/\/www.suessemjetaime.lu\/fr\/wp-json\/wp\/v2\/media\/6216\/"}],"wp:attachment":[{"href":"https:\/\/www.suessemjetaime.lu\/fr\/wp-json\/wp\/v2\/media\/?parent=6229"}],"wp:term":[{"taxonomy":"category","embeddable":true,"href":"https:\/\/www.suessemjetaime.lu\/fr\/wp-json\/wp\/v2\/categories\/?post=6229"},{"taxonomy":"post_tag","embeddable":true,"href":"https:\/\/www.suessemjetaime.lu\/fr\/wp-json\/wp\/v2\/tags\/?post=6229"}],"curies":[{"name":"wp","href":"https:\/\/api.w.org\/{rel}","templated":true}]}}