{"id":6159,"date":"2020-02-27T11:46:47","date_gmt":"2020-02-27T11:46:47","guid":{"rendered":"https:\/\/www.suessemjetaime.lu\/cafe-chaplin-convivialite-et-tradition\/"},"modified":"2020-02-29T13:44:53","modified_gmt":"2020-02-29T13:44:53","slug":"cafe-chaplin-convivialite-et-tradition","status":"publish","type":"post","link":"https:\/\/www.suessemjetaime.lu\/fr\/cafe-chaplin-convivialite-et-tradition\/","title":{"rendered":"Caf\u00e9 Chaplin : Convivialit\u00e9 et tradition"},"content":{"rendered":"<p><strong>On nous avait pr\u00e9venu, nous allions ressentir toute la chaleur et la sympathie des habitants d\u2019Ehlerange en passant la porte du Caf\u00e9 Chaplin, situ\u00e9 sur la Commune de Sanem. Nous y avons rencontr\u00e9 la propri\u00e9taire, Stefania Zaccardelli. Au Caf\u00e9 Chaplin, elle y est arriv\u00e9e il y a 12 ans et y a tout appris. D\u2019abord en tant que serveuse puis responsable pour finir \u00e0 la t\u00eate du navire. G\u00e9rante d\u2019un caf\u00e9, elle s\u2019y est de suite vue et s\u2019y voit encore pour quelques ann\u00e9es. Stefania est ce genre de personne qui vous sert un espresso comme \u00e0 la maison, toujours avec le sourire.<\/strong><\/p>\n<p><!--more--><\/p>\n<p>\u00c0 Ehlerange, le Caf\u00e9 Chaplin est connu de tous. R\u00e9el QG pour les habitu\u00e9s, depuis devenus des amis, s\u2019y arr\u00eater vous donnera imm\u00e9diatement envie d\u2019y revenir. Voil\u00e0 d\u00e9j\u00e0 cent ans que ce commerce fait l\u2019angle de la rue de Mondercange, on y boit des caf\u00e9s, on prend l\u2019ap\u00e9ritif et on y refait le monde. Et m\u00eame si la d\u00e9coration du Chaplin a \u00e9t\u00e9 int\u00e9gralement revue par Stefania, lui donnant des airs de chalet avec des notes de bois et de belles pierres, cela n\u2019enl\u00e8ve rien \u00e0 ce lieu charmant.<\/p>\n<p>Derni\u00e8re nouveaut\u00e9 pour les petits creux, d\u00e9couvrez la cuisine grecque de Tsatsos. C\u2019est en s\u2019associant avec son ami que l\u2019aventure Souvlaki est n\u00e9e : on vous propose une cuisine m\u00e9diterran\u00e9enne aux inspirations grecques avec ses pitas et ses grillades. Envie de danser et de vous amuser ? C\u2019est l\u2019endroit id\u00e9al o\u00f9 se retrouver un vendredi soir : soir\u00e9es \u00e0 th\u00e8me et ambiance festive sont au programme !<\/p>\n<p>&nbsp;<\/p>\n","protected":false},"excerpt":{"rendered":"<p>On nous avait pr\u00e9venu, nous allions ressentir toute la chaleur et la sympathie des habitants d\u2019Ehlerange en passant la porte du Caf\u00e9 Chaplin, situ\u00e9 sur la Commune de Sanem. Nous y avons rencontr\u00e9 la propri\u00e9taire, Stefania Zaccardelli. Au Caf\u00e9 Chaplin, [&hellip;]<\/p>\n","protected":false},"author":4,"featured_media":6302,"comment_status":"closed","ping_status":"closed","sticky":false,"template":"","format":"video","meta":[],"categories":[28],"tags":[238,241,240],"yoast_head":"<!-- This site is optimized with the Yoast SEO plugin v15.2.1 - https:\/\/yoast.com\/wordpress\/plugins\/seo\/ -->\n<title>Caf\u00e9 Chaplin : Convivialit\u00e9 et tradition &bull; Suessem, je t&#039;aime<\/title>\n<meta name=\"robots\" content=\"index, follow, max-snippet:-1, max-image-preview:large, max-video-preview:-1\" \/>\n<link rel=\"canonical\" href=\"https:\/\/www.suessemjetaime.lu\/fr\/cafe-chaplin-convivialite-et-tradition\/\" \/>\n<meta property=\"og:locale\" content=\"fr_FR\" \/>\n<meta property=\"og:type\" content=\"article\" \/>\n<meta property=\"og:title\" content=\"Caf\u00e9 Chaplin : Convivialit\u00e9 et tradition &bull; Suessem, je t&#039;aime\" \/>\n<meta property=\"og:description\" content=\"On nous avait pr\u00e9venu, nous allions ressentir toute la chaleur et la sympathie des habitants d\u2019Ehlerange en passant la porte du Caf\u00e9 Chaplin, situ\u00e9 sur la Commune de Sanem. Nous y avons rencontr\u00e9 la propri\u00e9taire, Stefania Zaccardelli. Au Caf\u00e9 Chaplin, [&hellip;]\" \/>\n<meta property=\"og:url\" content=\"https:\/\/www.suessemjetaime.lu\/fr\/cafe-chaplin-convivialite-et-tradition\/\" \/>\n<meta property=\"og:site_name\" content=\"Suessem, je t&#039;aime\" \/>\n<meta property=\"article:publisher\" content=\"https:\/\/www.facebook.com\/communedesanem\/\" \/>\n<meta property=\"article:published_time\" content=\"2020-02-27T11:46:47+00:00\" \/>\n<meta property=\"article:modified_time\" content=\"2020-02-29T13:44:53+00:00\" \/>\n<meta property=\"og:image\" content=\"https:\/\/www.suessemjetaime.lu\/wp-content\/uploads\/2020\/03\/Chaplin-thumb-2.jpg\" \/>\n\t<meta property=\"og:image:width\" content=\"1620\" \/>\n\t<meta property=\"og:image:height\" content=\"1080\" \/>\n<meta name=\"twitter:card\" content=\"summary_large_image\" \/>\n<meta name=\"twitter:label1\" content=\"\u00c9crit par\">\n\t<meta name=\"twitter:data1\" content=\"Suessem\">\n\t<meta name=\"twitter:label2\" content=\"Dur\u00e9e de lecture est.\">\n\t<meta name=\"twitter:data2\" content=\"1 minute\">\n<script type=\"application\/ld+json\" class=\"yoast-schema-graph\">{\"@context\":\"https:\/\/schema.org\",\"@graph\":[{\"@type\":\"Organization\",\"@id\":\"https:\/\/www.suessemjetaime.lu\/#organization\",\"name\":\"Commune de Sanem\",\"url\":\"https:\/\/www.suessemjetaime.lu\/\",\"sameAs\":[\"https:\/\/www.facebook.com\/communedesanem\/\",\"https:\/\/www.youtube.com\/channel\/UCVN7kgmkkpcfy3Hb63mx_tQ\/featured\"],\"logo\":{\"@type\":\"ImageObject\",\"@id\":\"https:\/\/www.suessemjetaime.lu\/#logo\",\"inLanguage\":\"fr-FR\",\"url\":\"https:\/\/www.suessemjetaime.lu\/wp-content\/uploads\/2019\/03\/400_188_LOGO_SANEM.png\",\"width\":400,\"height\":188,\"caption\":\"Commune de Sanem\"},\"image\":{\"@id\":\"https:\/\/www.suessemjetaime.lu\/#logo\"}},{\"@type\":\"WebSite\",\"@id\":\"https:\/\/www.suessemjetaime.lu\/#website\",\"url\":\"https:\/\/www.suessemjetaime.lu\/\",\"name\":\"Suessem, je t&#039;aime\",\"description\":\"le Blog de la commune de Sanem\",\"publisher\":{\"@id\":\"https:\/\/www.suessemjetaime.lu\/#organization\"},\"potentialAction\":[{\"@type\":\"SearchAction\",\"target\":\"https:\/\/www.suessemjetaime.lu\/?s={search_term_string}\",\"query-input\":\"required name=search_term_string\"}],\"inLanguage\":\"fr-FR\"},{\"@type\":\"ImageObject\",\"@id\":\"https:\/\/www.suessemjetaime.lu\/fr\/cafe-chaplin-convivialite-et-tradition\/#primaryimage\",\"inLanguage\":\"fr-FR\",\"url\":\"https:\/\/www.suessemjetaime.lu\/wp-content\/uploads\/2020\/03\/Chaplin-thumb-2.jpg\",\"width\":1620,\"height\":1080},{\"@type\":\"WebPage\",\"@id\":\"https:\/\/www.suessemjetaime.lu\/fr\/cafe-chaplin-convivialite-et-tradition\/#webpage\",\"url\":\"https:\/\/www.suessemjetaime.lu\/fr\/cafe-chaplin-convivialite-et-tradition\/\",\"name\":\"Caf\\u00e9 Chaplin : Convivialit\\u00e9 et tradition &bull; Suessem, je t&#039;aime\",\"isPartOf\":{\"@id\":\"https:\/\/www.suessemjetaime.lu\/#website\"},\"primaryImageOfPage\":{\"@id\":\"https:\/\/www.suessemjetaime.lu\/fr\/cafe-chaplin-convivialite-et-tradition\/#primaryimage\"},\"datePublished\":\"2020-02-27T11:46:47+00:00\",\"dateModified\":\"2020-02-29T13:44:53+00:00\",\"inLanguage\":\"fr-FR\",\"potentialAction\":[{\"@type\":\"ReadAction\",\"target\":[\"https:\/\/www.suessemjetaime.lu\/fr\/cafe-chaplin-convivialite-et-tradition\/\"]}]},{\"@type\":\"Article\",\"@id\":\"https:\/\/www.suessemjetaime.lu\/fr\/cafe-chaplin-convivialite-et-tradition\/#article\",\"isPartOf\":{\"@id\":\"https:\/\/www.suessemjetaime.lu\/fr\/cafe-chaplin-convivialite-et-tradition\/#webpage\"},\"author\":{\"@id\":\"https:\/\/www.suessemjetaime.lu\/#\/schema\/person\/0cacc039fca45c1bb3d06544fdf18c63\"},\"headline\":\"Caf\\u00e9 Chaplin : Convivialit\\u00e9 et tradition\",\"datePublished\":\"2020-02-27T11:46:47+00:00\",\"dateModified\":\"2020-02-29T13:44:53+00:00\",\"mainEntityOfPage\":{\"@id\":\"https:\/\/www.suessemjetaime.lu\/fr\/cafe-chaplin-convivialite-et-tradition\/#webpage\"},\"publisher\":{\"@id\":\"https:\/\/www.suessemjetaime.lu\/#organization\"},\"image\":{\"@id\":\"https:\/\/www.suessemjetaime.lu\/fr\/cafe-chaplin-convivialite-et-tradition\/#primaryimage\"},\"keywords\":\"caf\\u00e9 chaplin,ehlerange,\\u00e9ilereng\",\"articleSection\":\"Life!\",\"inLanguage\":\"fr-FR\"},{\"@type\":\"Person\",\"@id\":\"https:\/\/www.suessemjetaime.lu\/#\/schema\/person\/0cacc039fca45c1bb3d06544fdf18c63\",\"name\":\"Suessem\",\"image\":{\"@type\":\"ImageObject\",\"@id\":\"https:\/\/www.suessemjetaime.lu\/#personlogo\",\"inLanguage\":\"fr-FR\",\"url\":\"https:\/\/secure.gravatar.com\/avatar\/77fabd1f92df29867737b77509c5795b?s=96&d=mm&r=g\",\"caption\":\"Suessem\"}}]}<\/script>\n<!-- \/ Yoast SEO plugin. -->","_links":{"self":[{"href":"https:\/\/www.suessemjetaime.lu\/fr\/wp-json\/wp\/v2\/posts\/6159\/"}],"collection":[{"href":"https:\/\/www.suessemjetaime.lu\/fr\/wp-json\/wp\/v2\/posts\/"}],"about":[{"href":"https:\/\/www.suessemjetaime.lu\/fr\/wp-json\/wp\/v2\/types\/post\/"}],"author":[{"embeddable":true,"href":"https:\/\/www.suessemjetaime.lu\/fr\/wp-json\/wp\/v2\/users\/4\/"}],"replies":[{"embeddable":true,"href":"https:\/\/www.suessemjetaime.lu\/fr\/wp-json\/wp\/v2\/comments\/?post=6159"}],"version-history":[{"count":1,"href":"https:\/\/www.suessemjetaime.lu\/fr\/wp-json\/wp\/v2\/posts\/6159\/revisions\/"}],"predecessor-version":[{"id":6160,"href":"https:\/\/www.suessemjetaime.lu\/fr\/wp-json\/wp\/v2\/posts\/6159\/revisions\/6160\/"}],"wp:featuredmedia":[{"embeddable":true,"href":"https:\/\/www.suessemjetaime.lu\/fr\/wp-json\/wp\/v2\/media\/6302\/"}],"wp:attachment":[{"href":"https:\/\/www.suessemjetaime.lu\/fr\/wp-json\/wp\/v2\/media\/?parent=6159"}],"wp:term":[{"taxonomy":"category","embeddable":true,"href":"https:\/\/www.suessemjetaime.lu\/fr\/wp-json\/wp\/v2\/categories\/?post=6159"},{"taxonomy":"post_tag","embeddable":true,"href":"https:\/\/www.suessemjetaime.lu\/fr\/wp-json\/wp\/v2\/tags\/?post=6159"}],"curies":[{"name":"wp","href":"https:\/\/api.w.org\/{rel}","templated":true}]}}