{"id":4906,"date":"2019-07-17T10:47:49","date_gmt":"2019-07-17T10:47:49","guid":{"rendered":"https:\/\/www.suessemjetaime.lu\/?p=4906"},"modified":"2019-10-02T10:16:17","modified_gmt":"2019-10-02T10:16:17","slug":"enfilez-vos-chaussures-de-marche-et-plongez-dans-la-nature-sanemoise","status":"publish","type":"post","link":"https:\/\/www.suessemjetaime.lu\/fr\/enfilez-vos-chaussures-de-marche-et-plongez-dans-la-nature-sanemoise\/","title":{"rendered":"Enfilez vos chaussures de marche et plongez dans la nature sanemoise !"},"content":{"rendered":"<p><strong>Sanem, une commune verte, ce n\u2019est plus \u00e0 prouver ! <u><a href=\"\/fr\/a-vos-velos\/\" target=\"_blank\" rel=\"noopener noreferrer\">Apr\u00e8s vous avoir emmen\u00e9 en v\u00e9lo autour du parc du Gaalgebierg <\/u><\/a>, c\u2019est \u00e0 pied que Jill vous fixe cette fois-ci rendez-vous, pour une randonn\u00e9e de quelques kilom\u00e8tres qui prend son d\u00e9part dans la localit\u00e9 de Belvaux. <\/strong><\/p>\n<p><!--more--><\/p>\n<p>Que ce soit pour faire une activit\u00e9 en famille, se ressourcer seul(e) dans la nature, ou simplement pour d\u00e9couvrir les environs, ce circuit p\u00e9destre de 9.3 kilom\u00e8tres ne vous laissera pas indiff\u00e9rent.<\/p>\n<p>Le d\u00e9part se prend depuis l\u2019administration communale de Sanem (60 rue de la Poste \u00e0 Belvaux), et vous emm\u00e8ne \u00e0 travers la for\u00eat et les champs. Pour vous \u00e9vader et respirer l\u2019air frais et vivifiant de la r\u00e9gion, c\u2019est le top !<\/p>\n<p>Sac viss\u00e9 sur votre dos et gourde d\u2019eau \u00e0 la main, c\u2019est parti pour les premiers m\u00e8tres qui vous m\u00e8neront jusqu\u2019au Pakebierg. Contournez ensuite la Tour Hertzienne puis, courage, entamez la mont\u00e9e jusqu\u2019au L\u00f6tschef !<\/p>\n<p>Apr\u00e8s une pause bien m\u00e9rit\u00e9e, un dernier effort vous attend pour atteindre le Zolverknapp, le point le plus \u00e9lev\u00e9 du sud du Grand-Duch\u00e9. Une fois arriv\u00e9, de l\u00e0, vous aurez tout le loisir d\u2019admirer le splendide panorama qui s\u2019offre \u00e0 vous. On ne vous avait pas menti, la vue est \u00e0 couper le souffle !<\/p>\n<p>Pour les derniers kilom\u00e8tres, passez devant le Centre d&rsquo;accueil pour r\u00e9fugi\u00e9s et le KUSS, et empruntez le sentier national \u00ab Sentier du Sud \u00bb jusqu\u2019au Gaalgebierg. Vous retournerez alors vers votre point de d\u00e9part, la maison communale.<\/p>\n<p>&nbsp;<\/p>\n<p><a href=\"https:\/\/www.visitluxembourg.com\/fr\/adresse\/walking\/circuit-pedestre-belvaux\" target=\"_blank\" rel=\"noopener noreferrer\"><img loading=\"lazy\" class=\"alignnone wp-image-4911 size-large\" src=\"https:\/\/www.suessemjetaime.lu\/wp-content\/uploads\/2019\/09\/1200_sanem_escape_carte-1024x756.jpg\" alt=\"\" width=\"1024\" height=\"756\" srcset=\"https:\/\/www.suessemjetaime.lu\/wp-content\/uploads\/2019\/09\/1200_sanem_escape_carte-1024x756.jpg 1024w, https:\/\/www.suessemjetaime.lu\/wp-content\/uploads\/2019\/09\/1200_sanem_escape_carte-300x222.jpg 300w, https:\/\/www.suessemjetaime.lu\/wp-content\/uploads\/2019\/09\/1200_sanem_escape_carte-768x567.jpg 768w, https:\/\/www.suessemjetaime.lu\/wp-content\/uploads\/2019\/09\/1200_sanem_escape_carte-600x443.jpg 600w, https:\/\/www.suessemjetaime.lu\/wp-content\/uploads\/2019\/09\/1200_sanem_escape_carte.jpg 1200w\" sizes=\"(max-width: 1024px) 100vw, 1024px\" \/><\/a><\/p>\n<p>Et si, avant de rentrer chez vous, vous prolongiez votre effort de deux kilom\u00e8tres suppl\u00e9mentaires pour d\u00e9couvrir <u><a href=\"https:\/\/www.suessemjetaime.lu\/fr\/entdeckt-dschneekegkeete-vun-ochocolats\/\" target=\"_blank\" rel=\"noopener noreferrer\">ochocolats<\/a><\/u> ? Si vous \u00eates amateur de douceurs chocolat\u00e9es, cette boutique est faite pour vous\u2026 Apr\u00e8s votre longue marche, qui plus est, vous m\u00e9ritez amplement de savourer quelques pralines !<\/p>\n<p>Vous \u00eates amateur de randonn\u00e9es ? <u><a href=\"http:\/\/www.suessem.lu\/plans\/\" target=\"_blank\" rel=\"noopener noreferrer\">D\u00e9couvrez d&rsquo;autres sentiers de notre commune !<\/a><\/u><\/p>\n<hr \/>\n<p><img loading=\"lazy\" class=\"alignnone size-full wp-image-4907\" src=\"\/wp-content\/uploads\/2019\/09\/500_escape-sanem-300x129.gif\" alt=\"\" width=\"300\" height=\"129\" \/><\/p>\n<p><strong>Escape, c\u2019est la s\u00e9rie qui vous permet de vous \u00e9vader<\/strong><br \/>\n<strong>dans la riche nature de la Commune de Sanem.<\/strong><\/p>\n","protected":false},"excerpt":{"rendered":"<p>Sanem, une commune verte, ce n\u2019est plus \u00e0 prouver ! Apr\u00e8s vous avoir emmen\u00e9 en v\u00e9lo autour du parc du Gaalgebierg , c\u2019est \u00e0 pied que Jill vous fixe cette fois-ci rendez-vous, pour une randonn\u00e9e de quelques kilom\u00e8tres qui prend [&hellip;]<\/p>\n","protected":false},"author":4,"featured_media":4923,"comment_status":"closed","ping_status":"closed","sticky":false,"template":"","format":"video","meta":[],"categories":[39],"tags":[],"yoast_head":"<!-- This site is optimized with the Yoast SEO plugin v15.2.1 - https:\/\/yoast.com\/wordpress\/plugins\/seo\/ -->\n<title>Enfilez vos chaussures de marche et plongez dans la nature sanemoise ! &bull; Suessem, je t&#039;aime<\/title>\n<meta name=\"robots\" content=\"index, follow, max-snippet:-1, max-image-preview:large, max-video-preview:-1\" \/>\n<link rel=\"canonical\" href=\"https:\/\/www.suessemjetaime.lu\/fr\/enfilez-vos-chaussures-de-marche-et-plongez-dans-la-nature-sanemoise\/\" \/>\n<meta property=\"og:locale\" content=\"fr_FR\" \/>\n<meta property=\"og:type\" content=\"article\" \/>\n<meta property=\"og:title\" content=\"Enfilez vos chaussures de marche et plongez dans la nature sanemoise ! &bull; Suessem, je t&#039;aime\" \/>\n<meta property=\"og:description\" content=\"Sanem, une commune verte, ce n\u2019est plus \u00e0 prouver ! Apr\u00e8s vous avoir emmen\u00e9 en v\u00e9lo autour du parc du Gaalgebierg , c\u2019est \u00e0 pied que Jill vous fixe cette fois-ci rendez-vous, pour une randonn\u00e9e de quelques kilom\u00e8tres qui prend [&hellip;]\" \/>\n<meta property=\"og:url\" content=\"https:\/\/www.suessemjetaime.lu\/fr\/enfilez-vos-chaussures-de-marche-et-plongez-dans-la-nature-sanemoise\/\" \/>\n<meta property=\"og:site_name\" content=\"Suessem, je t&#039;aime\" \/>\n<meta property=\"article:publisher\" content=\"https:\/\/www.facebook.com\/communedesanem\/\" \/>\n<meta property=\"article:published_time\" content=\"2019-07-17T10:47:49+00:00\" \/>\n<meta property=\"article:modified_time\" content=\"2019-10-02T10:16:17+00:00\" \/>\n<meta property=\"og:image\" content=\"https:\/\/www.suessemjetaime.lu\/wp-content\/uploads\/2019\/09\/1200_800_vignette_escape_ep2.jpg\" \/>\n\t<meta property=\"og:image:width\" content=\"1200\" \/>\n\t<meta property=\"og:image:height\" content=\"800\" \/>\n<meta name=\"twitter:card\" content=\"summary_large_image\" \/>\n<meta name=\"twitter:label1\" content=\"\u00c9crit par\">\n\t<meta name=\"twitter:data1\" content=\"Suessem\">\n\t<meta name=\"twitter:label2\" content=\"Dur\u00e9e de lecture est.\">\n\t<meta name=\"twitter:data2\" content=\"1 minute\">\n<script type=\"application\/ld+json\" class=\"yoast-schema-graph\">{\"@context\":\"https:\/\/schema.org\",\"@graph\":[{\"@type\":\"Organization\",\"@id\":\"https:\/\/www.suessemjetaime.lu\/#organization\",\"name\":\"Commune de Sanem\",\"url\":\"https:\/\/www.suessemjetaime.lu\/\",\"sameAs\":[\"https:\/\/www.facebook.com\/communedesanem\/\",\"https:\/\/www.youtube.com\/channel\/UCVN7kgmkkpcfy3Hb63mx_tQ\/featured\"],\"logo\":{\"@type\":\"ImageObject\",\"@id\":\"https:\/\/www.suessemjetaime.lu\/#logo\",\"inLanguage\":\"fr-FR\",\"url\":\"https:\/\/www.suessemjetaime.lu\/wp-content\/uploads\/2019\/03\/400_188_LOGO_SANEM.png\",\"width\":400,\"height\":188,\"caption\":\"Commune de Sanem\"},\"image\":{\"@id\":\"https:\/\/www.suessemjetaime.lu\/#logo\"}},{\"@type\":\"WebSite\",\"@id\":\"https:\/\/www.suessemjetaime.lu\/#website\",\"url\":\"https:\/\/www.suessemjetaime.lu\/\",\"name\":\"Suessem, je t&#039;aime\",\"description\":\"le Blog de la commune de Sanem\",\"publisher\":{\"@id\":\"https:\/\/www.suessemjetaime.lu\/#organization\"},\"potentialAction\":[{\"@type\":\"SearchAction\",\"target\":\"https:\/\/www.suessemjetaime.lu\/?s={search_term_string}\",\"query-input\":\"required name=search_term_string\"}],\"inLanguage\":\"fr-FR\"},{\"@type\":\"ImageObject\",\"@id\":\"https:\/\/www.suessemjetaime.lu\/fr\/enfilez-vos-chaussures-de-marche-et-plongez-dans-la-nature-sanemoise\/#primaryimage\",\"inLanguage\":\"fr-FR\",\"url\":\"https:\/\/www.suessemjetaime.lu\/wp-content\/uploads\/2019\/09\/1200_800_vignette_escape_ep2.jpg\",\"width\":1200,\"height\":800},{\"@type\":\"WebPage\",\"@id\":\"https:\/\/www.suessemjetaime.lu\/fr\/enfilez-vos-chaussures-de-marche-et-plongez-dans-la-nature-sanemoise\/#webpage\",\"url\":\"https:\/\/www.suessemjetaime.lu\/fr\/enfilez-vos-chaussures-de-marche-et-plongez-dans-la-nature-sanemoise\/\",\"name\":\"Enfilez vos chaussures de marche et plongez dans la nature sanemoise ! &bull; Suessem, je t&#039;aime\",\"isPartOf\":{\"@id\":\"https:\/\/www.suessemjetaime.lu\/#website\"},\"primaryImageOfPage\":{\"@id\":\"https:\/\/www.suessemjetaime.lu\/fr\/enfilez-vos-chaussures-de-marche-et-plongez-dans-la-nature-sanemoise\/#primaryimage\"},\"datePublished\":\"2019-07-17T10:47:49+00:00\",\"dateModified\":\"2019-10-02T10:16:17+00:00\",\"inLanguage\":\"fr-FR\",\"potentialAction\":[{\"@type\":\"ReadAction\",\"target\":[\"https:\/\/www.suessemjetaime.lu\/fr\/enfilez-vos-chaussures-de-marche-et-plongez-dans-la-nature-sanemoise\/\"]}]},{\"@type\":\"Article\",\"@id\":\"https:\/\/www.suessemjetaime.lu\/fr\/enfilez-vos-chaussures-de-marche-et-plongez-dans-la-nature-sanemoise\/#article\",\"isPartOf\":{\"@id\":\"https:\/\/www.suessemjetaime.lu\/fr\/enfilez-vos-chaussures-de-marche-et-plongez-dans-la-nature-sanemoise\/#webpage\"},\"author\":{\"@id\":\"https:\/\/www.suessemjetaime.lu\/#\/schema\/person\/0cacc039fca45c1bb3d06544fdf18c63\"},\"headline\":\"Enfilez vos chaussures de marche et plongez dans la nature sanemoise !\",\"datePublished\":\"2019-07-17T10:47:49+00:00\",\"dateModified\":\"2019-10-02T10:16:17+00:00\",\"mainEntityOfPage\":{\"@id\":\"https:\/\/www.suessemjetaime.lu\/fr\/enfilez-vos-chaussures-de-marche-et-plongez-dans-la-nature-sanemoise\/#webpage\"},\"publisher\":{\"@id\":\"https:\/\/www.suessemjetaime.lu\/#organization\"},\"image\":{\"@id\":\"https:\/\/www.suessemjetaime.lu\/fr\/enfilez-vos-chaussures-de-marche-et-plongez-dans-la-nature-sanemoise\/#primaryimage\"},\"articleSection\":\"Escape\",\"inLanguage\":\"fr-FR\"},{\"@type\":\"Person\",\"@id\":\"https:\/\/www.suessemjetaime.lu\/#\/schema\/person\/0cacc039fca45c1bb3d06544fdf18c63\",\"name\":\"Suessem\",\"image\":{\"@type\":\"ImageObject\",\"@id\":\"https:\/\/www.suessemjetaime.lu\/#personlogo\",\"inLanguage\":\"fr-FR\",\"url\":\"https:\/\/secure.gravatar.com\/avatar\/77fabd1f92df29867737b77509c5795b?s=96&d=mm&r=g\",\"caption\":\"Suessem\"}}]}<\/script>\n<!-- \/ Yoast SEO plugin. -->","_links":{"self":[{"href":"https:\/\/www.suessemjetaime.lu\/fr\/wp-json\/wp\/v2\/posts\/4906\/"}],"collection":[{"href":"https:\/\/www.suessemjetaime.lu\/fr\/wp-json\/wp\/v2\/posts\/"}],"about":[{"href":"https:\/\/www.suessemjetaime.lu\/fr\/wp-json\/wp\/v2\/types\/post\/"}],"author":[{"embeddable":true,"href":"https:\/\/www.suessemjetaime.lu\/fr\/wp-json\/wp\/v2\/users\/4\/"}],"replies":[{"embeddable":true,"href":"https:\/\/www.suessemjetaime.lu\/fr\/wp-json\/wp\/v2\/comments\/?post=4906"}],"version-history":[{"count":9,"href":"https:\/\/www.suessemjetaime.lu\/fr\/wp-json\/wp\/v2\/posts\/4906\/revisions\/"}],"predecessor-version":[{"id":5171,"href":"https:\/\/www.suessemjetaime.lu\/fr\/wp-json\/wp\/v2\/posts\/4906\/revisions\/5171\/"}],"wp:featuredmedia":[{"embeddable":true,"href":"https:\/\/www.suessemjetaime.lu\/fr\/wp-json\/wp\/v2\/media\/4923\/"}],"wp:attachment":[{"href":"https:\/\/www.suessemjetaime.lu\/fr\/wp-json\/wp\/v2\/media\/?parent=4906"}],"wp:term":[{"taxonomy":"category","embeddable":true,"href":"https:\/\/www.suessemjetaime.lu\/fr\/wp-json\/wp\/v2\/categories\/?post=4906"},{"taxonomy":"post_tag","embeddable":true,"href":"https:\/\/www.suessemjetaime.lu\/fr\/wp-json\/wp\/v2\/tags\/?post=4906"}],"curies":[{"name":"wp","href":"https:\/\/api.w.org\/{rel}","templated":true}]}}