{"id":4760,"date":"2019-07-15T13:45:22","date_gmt":"2019-07-15T13:45:22","guid":{"rendered":"https:\/\/www.suessemjetaime.lu\/den-therapiehond-mozart-am-asaz\/"},"modified":"2020-05-09T12:12:33","modified_gmt":"2020-05-09T12:12:33","slug":"mozart-un-chien-de-therapie-en-action","status":"publish","type":"post","link":"https:\/\/www.suessemjetaime.lu\/fr\/mozart-un-chien-de-therapie-en-action\/","title":{"rendered":"Mozart, un chien de th\u00e9rapie en action"},"content":{"rendered":"<h3><strong>\u00c0 quatre pattes au CIPA REWA<\/strong><\/h3>\n<p><strong>Il est scientifiquement \u00e9tabli que les chiens ont une influence positive sur les s\u00e9niors. Cela se confirme chaque jour au CIPA R\u00e9sidence Op der Waassertrap \u00e0 Belvaux, o\u00f9 Mozart, un chien de th\u00e9rapie heureux et motiv\u00e9, se prom\u00e8ne dans les couloirs, cherche le contact avec les gens et leur dessine un large sourire sur le visage. Les c\u00e2lins et les caresses abondent.\u00a0\u00a0<\/strong><\/p>\n<p>\u00ab\u00a0Mozart est le meilleur de tous\u00a0\u00bb. C\u2019est ce que l\u2019on entend encore et encore quand on parle aux habitants de ce collaborateur amplement poilu et \u00e0 quatre pattes. On remarque \u00e0 quel point Mozart, \u00e2g\u00e9 de trois ans, est un divertissement bienvenu dans leur quotidien. Il r\u00e9jouit les gens et ouvre leurs c\u0153urs\u2026 et parfois aussi la bo\u00eete \u00e0 friandises que l\u2019un(e) ou l\u2019autre cache dans son d\u00e9ambulateur. Avec Madame Valentin aussi, Mozart sait d\u2019embl\u00e9e o\u00f9 elle cache les biscuits.<\/p>\n<p><img loading=\"lazy\" class=\"alignnone size-full wp-image-4743\" src=\"https:\/\/www.suessemjetaime.lu\/wp-content\/uploads\/2019\/07\/MOZART_SANEM_8.jpg\" alt=\"\" width=\"1200\" height=\"801\" srcset=\"https:\/\/www.suessemjetaime.lu\/wp-content\/uploads\/2019\/07\/MOZART_SANEM_8.jpg 1200w, https:\/\/www.suessemjetaime.lu\/wp-content\/uploads\/2019\/07\/MOZART_SANEM_8-300x200.jpg 300w, https:\/\/www.suessemjetaime.lu\/wp-content\/uploads\/2019\/07\/MOZART_SANEM_8-768x513.jpg 768w, https:\/\/www.suessemjetaime.lu\/wp-content\/uploads\/2019\/07\/MOZART_SANEM_8-1024x684.jpg 1024w, https:\/\/www.suessemjetaime.lu\/wp-content\/uploads\/2019\/07\/MOZART_SANEM_8-600x401.jpg 600w\" sizes=\"(max-width: 1200px) 100vw, 1200px\" \/><\/p>\n<blockquote>\n<blockquote><p><em>\u00ab\u00a0Il fait partie de ma vie, comme un membre de ma famille\u00a0\u00bb <\/em><em>(Mme Valentin)<\/em><\/p><\/blockquote>\n<\/blockquote>\n<p>Madame Valentin a emm\u00e9nag\u00e9 au CIPA REWA en novembre dernier et elle souligne que Mozart l\u2019a beaucoup aid\u00e9e pour s\u2019habituer \u00e0 sa nouvelle situation et pour trouver ses marques. Sans son \u00ab\u00a0Stippi\u00a0\u00bb ou \u00ab\u00a0Liibling\u00a0\u00bb, comme elle appelle le chien, elle aurait eu nettement plus de mal \u00e0 s\u2019int\u00e9grer.<\/p>\n<p>Mozart a commenc\u00e9 son travail en tant que chien de th\u00e9rapie au CIPA le 2 mai 2018. Sa premi\u00e8re personne de r\u00e9f\u00e9rence fut l\u2019ergoth\u00e9rapeute Laura, chez qui le chien habite. Elle l\u2019am\u00e8ne au travail chaque jour et passe 80% de son temps avec lui. Il est bien \u00e9vident qu\u2019il a droit \u00e0 ses pauses, o\u00f9 il peut s\u2019\u00e9tirer et se reposer au bureau de Laura. Laura est assist\u00e9e par \u00c9milie, l\u2019infirmi\u00e8re responsable du premier \u00e9tage. Entretemps, deux autres collaborateurs, Linda du service de soins et Jean-Pietro de l\u2019\u00e9quipe d\u2019animation, ont suivi une formation de base pour pourvoir travailler avec Mozart.<\/p>\n<p><img loading=\"lazy\" class=\"alignnone size-full wp-image-4747\" src=\"https:\/\/www.suessemjetaime.lu\/wp-content\/uploads\/2019\/07\/MOZART_SANEM_6.jpg\" alt=\"\" width=\"1200\" height=\"801\" srcset=\"https:\/\/www.suessemjetaime.lu\/wp-content\/uploads\/2019\/07\/MOZART_SANEM_6.jpg 1200w, https:\/\/www.suessemjetaime.lu\/wp-content\/uploads\/2019\/07\/MOZART_SANEM_6-300x200.jpg 300w, https:\/\/www.suessemjetaime.lu\/wp-content\/uploads\/2019\/07\/MOZART_SANEM_6-768x513.jpg 768w, https:\/\/www.suessemjetaime.lu\/wp-content\/uploads\/2019\/07\/MOZART_SANEM_6-1024x684.jpg 1024w, https:\/\/www.suessemjetaime.lu\/wp-content\/uploads\/2019\/07\/MOZART_SANEM_6-600x401.jpg 600w\" sizes=\"(max-width: 1200px) 100vw, 1200px\" \/><\/p>\n<p>Mozart bosse au CIPA du lundi au vendredi, \u00e0 moins qu\u2019il ne prenne son cong\u00e9 amplement m\u00e9rit\u00e9 en compagnie de Laura. Chaque jour, il effectue une ou deux activit\u00e9s avec les habitants, soit des exercices de mobilit\u00e9 ou de m\u00e9moire, soit des s\u00e9ances \u00e0 l\u2019atelier d\u2019\u00e9quilibre, ou bien tout simplement des visites. \u00c0 part cela, chaque jour \u00e0 11 heures du matin, il part en promenade avec les r\u00e9sidents si le temps le permet.<\/p>\n<p><img loading=\"lazy\" class=\"alignnone size-full wp-image-4749\" src=\"https:\/\/www.suessemjetaime.lu\/wp-content\/uploads\/2019\/07\/MOZART_SANEM_5.jpg\" alt=\"\" width=\"1200\" height=\"801\" srcset=\"https:\/\/www.suessemjetaime.lu\/wp-content\/uploads\/2019\/07\/MOZART_SANEM_5.jpg 1200w, https:\/\/www.suessemjetaime.lu\/wp-content\/uploads\/2019\/07\/MOZART_SANEM_5-300x200.jpg 300w, https:\/\/www.suessemjetaime.lu\/wp-content\/uploads\/2019\/07\/MOZART_SANEM_5-768x513.jpg 768w, https:\/\/www.suessemjetaime.lu\/wp-content\/uploads\/2019\/07\/MOZART_SANEM_5-1024x684.jpg 1024w, https:\/\/www.suessemjetaime.lu\/wp-content\/uploads\/2019\/07\/MOZART_SANEM_5-600x401.jpg 600w\" sizes=\"(max-width: 1200px) 100vw, 1200px\" \/><\/p>\n<p>Ce matin, dans la salle \u00ab\u00a0Fit a Gesond\u00a0\u00bb, nous avons assist\u00e9 \u00e0 un int\u00e9ressant entrainement de mobilit\u00e9. Apr\u00e8s un bonjour joyeux des deux c\u00f4t\u00e9s, Mesdames Glesener et Donnersbach ont \u2013 comme premier exercice \u2013 tenu un cerceau que Mozart a alors travers\u00e9. Apr\u00e8s, elles ont jou\u00e9 au \u00ab\u00a0basket\u00a0\u00bb\u00a0: Pour chaque panier r\u00e9ussi, un biscuit suppl\u00e9mentaire a \u00e9t\u00e9 ajout\u00e9 sur le compte de Mozart que les deux dames ont pu lui administrer \u00e0 la fin de l\u2019exercice. Puis elles ont lanc\u00e9 un d\u00e9 en \u00e9toffe que le chien leur a rapport\u00e9. Pour l\u2019exercice final, elles ont cach\u00e9 des friandises dans un soi-disant jeu d\u2019intelligence pour chien, une \u00e9preuve que Mozart a ma\u00eetris\u00e9 avec bravoure.<\/p>\n\n\t\t<style type=\"text\/css\">\n\t\t\t#gallery-1 {\n\t\t\t\tmargin: auto;\n\t\t\t}\n\t\t\t#gallery-1 .gallery-item {\n\t\t\t\tfloat: left;\n\t\t\t\tmargin-top: 10px;\n\t\t\t\ttext-align: center;\n\t\t\t\twidth: 50%;\n\t\t\t}\n\t\t\t#gallery-1 img {\n\t\t\t\tborder: 2px solid #cfcfcf;\n\t\t\t}\n\t\t\t#gallery-1 .gallery-caption {\n\t\t\t\tmargin-left: 0;\n\t\t\t}\n\t\t\t\/* see gallery_shortcode() in wp-includes\/media.php *\/\n\t\t<\/style>\n\t\t<div id='gallery-1' class='gallery galleryid-4760 gallery-columns-2 gallery-size-large'><dl class='gallery-item'>\n\t\t\t<dt class='gallery-icon landscape'>\n\t\t\t\t<img width=\"1024\" height=\"684\" src=\"https:\/\/www.suessemjetaime.lu\/wp-content\/uploads\/2019\/07\/MOZART_SANEM_1-1024x684.jpg\" class=\"attachment-large size-large\" alt=\"\" loading=\"lazy\" srcset=\"https:\/\/www.suessemjetaime.lu\/wp-content\/uploads\/2019\/07\/MOZART_SANEM_1-1024x684.jpg 1024w, https:\/\/www.suessemjetaime.lu\/wp-content\/uploads\/2019\/07\/MOZART_SANEM_1-300x200.jpg 300w, https:\/\/www.suessemjetaime.lu\/wp-content\/uploads\/2019\/07\/MOZART_SANEM_1-768x513.jpg 768w, https:\/\/www.suessemjetaime.lu\/wp-content\/uploads\/2019\/07\/MOZART_SANEM_1-600x401.jpg 600w, https:\/\/www.suessemjetaime.lu\/wp-content\/uploads\/2019\/07\/MOZART_SANEM_1.jpg 1200w\" sizes=\"(max-width: 1024px) 100vw, 1024px\" \/>\n\t\t\t<\/dt><\/dl><dl class='gallery-item'>\n\t\t\t<dt class='gallery-icon landscape'>\n\t\t\t\t<img width=\"1024\" height=\"684\" src=\"https:\/\/www.suessemjetaime.lu\/wp-content\/uploads\/2019\/07\/MOZART_SANEM_9-1024x684.jpg\" class=\"attachment-large size-large\" alt=\"\" loading=\"lazy\" srcset=\"https:\/\/www.suessemjetaime.lu\/wp-content\/uploads\/2019\/07\/MOZART_SANEM_9-1024x684.jpg 1024w, https:\/\/www.suessemjetaime.lu\/wp-content\/uploads\/2019\/07\/MOZART_SANEM_9-300x200.jpg 300w, https:\/\/www.suessemjetaime.lu\/wp-content\/uploads\/2019\/07\/MOZART_SANEM_9-768x513.jpg 768w, https:\/\/www.suessemjetaime.lu\/wp-content\/uploads\/2019\/07\/MOZART_SANEM_9-600x401.jpg 600w, https:\/\/www.suessemjetaime.lu\/wp-content\/uploads\/2019\/07\/MOZART_SANEM_9.jpg 1200w\" sizes=\"(max-width: 1024px) 100vw, 1024px\" \/>\n\t\t\t<\/dt><\/dl><br style=\"clear: both\" \/>\n\t\t<\/div>\n\n<blockquote>\n<blockquote><p><em>\u00ab\u00a0Mozart est vraiment une belle b\u00eate, un bon chien qui m\u2019est all\u00e9 droit au c\u0153ur d\u00e8s notre premi\u00e8re rencontre\u00a0\u00bb <\/em><em>(Mme Donnersbach)<\/em><\/p><\/blockquote>\n<\/blockquote>\n<p>Apr\u00e8s un adieu chaleureux, o\u00f9 Mozart aime bien prof\u00e9rer un baiser \u00ab\u00a0liquide\u00a0\u00bb, Madame Donnersbach confirme qu\u2019elle a eu une relation privil\u00e9gi\u00e9e avec le chien d\u00e8s le d\u00e9but. Il aurait senti d\u2019embl\u00e9e \u00e0 quel point elle l\u2019adore et il se serait approch\u00e9 d\u2019elle \u00e0 chaque fois pour jouer ou se faire c\u00e2liner. \u00ab Chaque jour, il m\u2019apporte autant de joie qu\u2019un \u00eatre humain. Je serais profond\u00e9ment triste et le pleurerais s\u2019il n\u2019\u00e9tait plus avec nous\u00a0\u00bb, dit Madame Donnersbach tout en c\u00e2linant le chien.<\/p>\n<p><img loading=\"lazy\" class=\"alignnone size-full wp-image-4751\" src=\"https:\/\/www.suessemjetaime.lu\/wp-content\/uploads\/2019\/07\/MOZART_SANEM_4.jpg\" alt=\"\" width=\"1200\" height=\"801\" srcset=\"https:\/\/www.suessemjetaime.lu\/wp-content\/uploads\/2019\/07\/MOZART_SANEM_4.jpg 1200w, https:\/\/www.suessemjetaime.lu\/wp-content\/uploads\/2019\/07\/MOZART_SANEM_4-300x200.jpg 300w, https:\/\/www.suessemjetaime.lu\/wp-content\/uploads\/2019\/07\/MOZART_SANEM_4-768x513.jpg 768w, https:\/\/www.suessemjetaime.lu\/wp-content\/uploads\/2019\/07\/MOZART_SANEM_4-1024x684.jpg 1024w, https:\/\/www.suessemjetaime.lu\/wp-content\/uploads\/2019\/07\/MOZART_SANEM_4-600x401.jpg 600w\" sizes=\"(max-width: 1200px) 100vw, 1200px\" \/><\/p>\n<p>Les chiens transmettent la compassion, la chaleur et un sentiment de s\u00e9curit\u00e9, sans porter de jugement ou sans attendre une contrepartie. Les caresses et les c\u00e2lins lib\u00e8rent l\u2019ocytocine dans le corps humain, la soi-disant \u00ab\u00a0hormone des c\u00e2lins\u00a0\u00bb. Ceci fortifie la confiance et r\u00e9duit le stress et la peur, ce que confirment les membres du personnel du CIPA REWA. Depuis que\u00a0Mozart a pris son service au CIPA, les effets positifs relatifs au chien se font remarquer de plus en plus. Sa pr\u00e9sence ne remplace pas les th\u00e9rapies classiques, mais peut certainement les soutenir. Il est prouv\u00e9 que l\u2019interaction avec des chiens n\u2019a pas que des effets physiologiques, comme un abaissement de la tension art\u00e9rielle, la stabilisation du syst\u00e8me circulatoire ou la r\u00e9duction du stress, elle peut aussi avoir des effets mentaux et psychologiques. Les chiens th\u00e9rapeutiques favorisent donc le bien-\u00eatre \u00e9motionnel et la confiance en soi, dans de nombreux cas ils offrent \u00e9galement un important support dans la vie ainsi que dans des situations de crise. Les chiens fonctionnent aussi comme catalyseurs sociaux et sortent les gens de leur isolation.<\/p>\n<p><img loading=\"lazy\" class=\"alignnone size-full wp-image-4753\" src=\"https:\/\/www.suessemjetaime.lu\/wp-content\/uploads\/2019\/07\/MOZART_SANEM_3.jpg\" alt=\"\" width=\"1200\" height=\"801\" srcset=\"https:\/\/www.suessemjetaime.lu\/wp-content\/uploads\/2019\/07\/MOZART_SANEM_3.jpg 1200w, https:\/\/www.suessemjetaime.lu\/wp-content\/uploads\/2019\/07\/MOZART_SANEM_3-300x200.jpg 300w, https:\/\/www.suessemjetaime.lu\/wp-content\/uploads\/2019\/07\/MOZART_SANEM_3-768x513.jpg 768w, https:\/\/www.suessemjetaime.lu\/wp-content\/uploads\/2019\/07\/MOZART_SANEM_3-1024x684.jpg 1024w, https:\/\/www.suessemjetaime.lu\/wp-content\/uploads\/2019\/07\/MOZART_SANEM_3-600x401.jpg 600w\" sizes=\"(max-width: 1200px) 100vw, 1200px\" \/><\/p>\n<p>Pour toutes ces raisons, l\u2019id\u00e9e est n\u00e9e en 2015 d\u2019utiliser un tel \u00ab\u00a0chien d\u2019accompagnement social\u00a0\u00bb au CIPA REWA. Apr\u00e8s une conf\u00e9rence avec \u00ab\u00a0Handi\u2019chiens\u00a0\u00bb (Association nationale d\u2019\u00e9ducation de chiens d\u2019assistance pour personnes en situation de handicap) et un sondage interne, le projet a pu \u00eatre lanc\u00e9. L\u2019asbl ASA, qui est en partenariat avec \u00ab\u00a0Handi\u2019chiens\u00a0\u00bb (o\u00f9 Mozart a eu sa formation intensive) a financ\u00e9 le chien. Et c\u2019est le CIPA qui assume les frais d\u2019entretien du gentil Golden Retriever.<\/p>\n<p>Madame Marx souligne \u00e9galement \u00e0 quel point Mozart est un bon et gentil chien. \u00ab\u00a0C\u2019est formidable de se promener avec lui. Il est toujours heureux lorsqu\u2019il se retrouve dans un pr\u00e9 et c\u2019est un plaisir de l\u2019observer quand il court apr\u00e8s sa balle\u00a0\u00bb nous confie-t-elle finalement.<\/p>\n<p><img loading=\"lazy\" class=\"alignnone size-full wp-image-4745\" src=\"https:\/\/www.suessemjetaime.lu\/wp-content\/uploads\/2019\/07\/MOZART_SANEM_7.jpg\" alt=\"\" width=\"1200\" height=\"801\" srcset=\"https:\/\/www.suessemjetaime.lu\/wp-content\/uploads\/2019\/07\/MOZART_SANEM_7.jpg 1200w, https:\/\/www.suessemjetaime.lu\/wp-content\/uploads\/2019\/07\/MOZART_SANEM_7-300x200.jpg 300w, https:\/\/www.suessemjetaime.lu\/wp-content\/uploads\/2019\/07\/MOZART_SANEM_7-768x513.jpg 768w, https:\/\/www.suessemjetaime.lu\/wp-content\/uploads\/2019\/07\/MOZART_SANEM_7-1024x684.jpg 1024w, https:\/\/www.suessemjetaime.lu\/wp-content\/uploads\/2019\/07\/MOZART_SANEM_7-600x401.jpg 600w\" sizes=\"(max-width: 1200px) 100vw, 1200px\" \/><\/p>\n<blockquote>\n<blockquote><p><em>\u00ab Mozart est ce qui pouvait nous arriver de mieux ici \u00bb(Mme Marx)<\/em><\/p><\/blockquote>\n<\/blockquote>\n<p>&nbsp;<\/p>\n<hr \/>\n<p><strong><br \/>\n\u00ab\u00a0E Stopp fir e Mupp\u00a0\u00bb \/ \u00ab\u00a0Un bouchon pour un chien\u00a0\u00bb<\/strong><\/p>\n<p><em>L\u2019asbl ASA finance des chiens d\u2019assistance et de th\u00e9rapie au Luxembourg. Avec son action \u00ab\u00a0E Stopp fir e Mupp\u00a0\u00bb \/ \u00ab\u00a0Un bouchon pour un chien\u00a0\u00bb, elle collectionne des bouchons de bouteilles en plastique pour financer leur formation.\u00a0\u00a0<\/em><\/p>\n<p><a href=\"http:\/\/www.asa-asbl.lu\/\" target=\"_blank\" rel=\"noopener noreferrer\">www.asa-asbl.lu<\/a><\/p>\n<p><strong>\u00ab\u00a0Handi\u2019chiens\u00a0\u00bb<\/strong><\/p>\n<p><em>L\u2019association fran\u00e7aise \u00ab\u00a0Handi\u2019chiens\u00a0\u00bb (Association nationale d\u2019\u00e9ducation de chiens d\u2019assistance pour personnes en situation de handicap) forme des chiens d\u2019assistance et de th\u00e9rapie. Depuis 1989, 2.200 chiens ont \u00e9t\u00e9 form\u00e9s. En 2018, leur nombre \u00e9tait de 148.<\/em><\/p>\n<p><a href=\"http:\/\/www.handichiens.org\/\" target=\"_blank\" rel=\"noopener noreferrer\">www.handichiens.org<\/a><\/p>\n<p>&nbsp;<\/p>\n","protected":false},"excerpt":{"rendered":"<p>\u00c0 quatre pattes au CIPA REWA Il est scientifiquement \u00e9tabli que les chiens ont une influence positive sur les s\u00e9niors. Cela se confirme chaque jour au CIPA R\u00e9sidence Op der Waassertrap \u00e0 Belvaux, o\u00f9 Mozart, un chien de th\u00e9rapie heureux [&hellip;]<\/p>\n","protected":false},"author":4,"featured_media":4738,"comment_status":"closed","ping_status":"closed","sticky":false,"template":"","format":"standard","meta":[],"categories":[31],"tags":[],"yoast_head":"<!-- This site is optimized with the Yoast SEO plugin v15.2.1 - https:\/\/yoast.com\/wordpress\/plugins\/seo\/ -->\n<title>Mozart, un chien de th\u00e9rapie en action &bull; Suessem, je t&#039;aime<\/title>\n<meta name=\"robots\" content=\"index, follow, max-snippet:-1, max-image-preview:large, max-video-preview:-1\" \/>\n<link rel=\"canonical\" href=\"https:\/\/www.suessemjetaime.lu\/fr\/mozart-un-chien-de-therapie-en-action\/\" \/>\n<meta property=\"og:locale\" content=\"fr_FR\" \/>\n<meta property=\"og:type\" content=\"article\" \/>\n<meta property=\"og:title\" content=\"Mozart, un chien de th\u00e9rapie en action &bull; Suessem, je t&#039;aime\" \/>\n<meta property=\"og:description\" content=\"\u00c0 quatre pattes au CIPA REWA Il est scientifiquement \u00e9tabli que les chiens ont une influence positive sur les s\u00e9niors. Cela se confirme chaque jour au CIPA R\u00e9sidence Op der Waassertrap \u00e0 Belvaux, o\u00f9 Mozart, un chien de th\u00e9rapie heureux [&hellip;]\" \/>\n<meta property=\"og:url\" content=\"https:\/\/www.suessemjetaime.lu\/fr\/mozart-un-chien-de-therapie-en-action\/\" \/>\n<meta property=\"og:site_name\" content=\"Suessem, je t&#039;aime\" \/>\n<meta property=\"article:publisher\" content=\"https:\/\/www.facebook.com\/communedesanem\/\" \/>\n<meta property=\"article:published_time\" content=\"2019-07-15T13:45:22+00:00\" \/>\n<meta property=\"article:modified_time\" content=\"2020-05-09T12:12:33+00:00\" \/>\n<meta property=\"og:image\" content=\"https:\/\/www.suessemjetaime.lu\/wp-content\/uploads\/2019\/07\/MOZART_SANEM_featured.jpg\" \/>\n\t<meta property=\"og:image:width\" content=\"1600\" \/>\n\t<meta property=\"og:image:height\" content=\"1068\" \/>\n<meta name=\"twitter:card\" content=\"summary_large_image\" \/>\n<meta name=\"twitter:label1\" content=\"\u00c9crit par\">\n\t<meta name=\"twitter:data1\" content=\"Suessem\">\n\t<meta name=\"twitter:label2\" content=\"Dur\u00e9e de lecture est.\">\n\t<meta name=\"twitter:data2\" content=\"4 minutes\">\n<script type=\"application\/ld+json\" class=\"yoast-schema-graph\">{\"@context\":\"https:\/\/schema.org\",\"@graph\":[{\"@type\":\"Organization\",\"@id\":\"https:\/\/www.suessemjetaime.lu\/#organization\",\"name\":\"Commune de Sanem\",\"url\":\"https:\/\/www.suessemjetaime.lu\/\",\"sameAs\":[\"https:\/\/www.facebook.com\/communedesanem\/\",\"https:\/\/www.youtube.com\/channel\/UCVN7kgmkkpcfy3Hb63mx_tQ\/featured\"],\"logo\":{\"@type\":\"ImageObject\",\"@id\":\"https:\/\/www.suessemjetaime.lu\/#logo\",\"inLanguage\":\"fr-FR\",\"url\":\"https:\/\/www.suessemjetaime.lu\/wp-content\/uploads\/2019\/03\/400_188_LOGO_SANEM.png\",\"width\":400,\"height\":188,\"caption\":\"Commune de Sanem\"},\"image\":{\"@id\":\"https:\/\/www.suessemjetaime.lu\/#logo\"}},{\"@type\":\"WebSite\",\"@id\":\"https:\/\/www.suessemjetaime.lu\/#website\",\"url\":\"https:\/\/www.suessemjetaime.lu\/\",\"name\":\"Suessem, je t&#039;aime\",\"description\":\"le Blog de la commune de Sanem\",\"publisher\":{\"@id\":\"https:\/\/www.suessemjetaime.lu\/#organization\"},\"potentialAction\":[{\"@type\":\"SearchAction\",\"target\":\"https:\/\/www.suessemjetaime.lu\/?s={search_term_string}\",\"query-input\":\"required name=search_term_string\"}],\"inLanguage\":\"fr-FR\"},{\"@type\":\"ImageObject\",\"@id\":\"https:\/\/www.suessemjetaime.lu\/fr\/mozart-un-chien-de-therapie-en-action\/#primaryimage\",\"inLanguage\":\"fr-FR\",\"url\":\"https:\/\/www.suessemjetaime.lu\/wp-content\/uploads\/2019\/07\/MOZART_SANEM_featured.jpg\",\"width\":1600,\"height\":1068},{\"@type\":\"WebPage\",\"@id\":\"https:\/\/www.suessemjetaime.lu\/fr\/mozart-un-chien-de-therapie-en-action\/#webpage\",\"url\":\"https:\/\/www.suessemjetaime.lu\/fr\/mozart-un-chien-de-therapie-en-action\/\",\"name\":\"Mozart, un chien de th\\u00e9rapie en action &bull; Suessem, je t&#039;aime\",\"isPartOf\":{\"@id\":\"https:\/\/www.suessemjetaime.lu\/#website\"},\"primaryImageOfPage\":{\"@id\":\"https:\/\/www.suessemjetaime.lu\/fr\/mozart-un-chien-de-therapie-en-action\/#primaryimage\"},\"datePublished\":\"2019-07-15T13:45:22+00:00\",\"dateModified\":\"2020-05-09T12:12:33+00:00\",\"inLanguage\":\"fr-FR\",\"potentialAction\":[{\"@type\":\"ReadAction\",\"target\":[\"https:\/\/www.suessemjetaime.lu\/fr\/mozart-un-chien-de-therapie-en-action\/\"]}]},{\"@type\":\"Article\",\"@id\":\"https:\/\/www.suessemjetaime.lu\/fr\/mozart-un-chien-de-therapie-en-action\/#article\",\"isPartOf\":{\"@id\":\"https:\/\/www.suessemjetaime.lu\/fr\/mozart-un-chien-de-therapie-en-action\/#webpage\"},\"author\":{\"@id\":\"https:\/\/www.suessemjetaime.lu\/#\/schema\/person\/0cacc039fca45c1bb3d06544fdf18c63\"},\"headline\":\"Mozart, un chien de th\\u00e9rapie en action\",\"datePublished\":\"2019-07-15T13:45:22+00:00\",\"dateModified\":\"2020-05-09T12:12:33+00:00\",\"mainEntityOfPage\":{\"@id\":\"https:\/\/www.suessemjetaime.lu\/fr\/mozart-un-chien-de-therapie-en-action\/#webpage\"},\"publisher\":{\"@id\":\"https:\/\/www.suessemjetaime.lu\/#organization\"},\"image\":{\"@id\":\"https:\/\/www.suessemjetaime.lu\/fr\/mozart-un-chien-de-therapie-en-action\/#primaryimage\"},\"articleSection\":\"Belval !\",\"inLanguage\":\"fr-FR\"},{\"@type\":\"Person\",\"@id\":\"https:\/\/www.suessemjetaime.lu\/#\/schema\/person\/0cacc039fca45c1bb3d06544fdf18c63\",\"name\":\"Suessem\",\"image\":{\"@type\":\"ImageObject\",\"@id\":\"https:\/\/www.suessemjetaime.lu\/#personlogo\",\"inLanguage\":\"fr-FR\",\"url\":\"https:\/\/secure.gravatar.com\/avatar\/77fabd1f92df29867737b77509c5795b?s=96&d=mm&r=g\",\"caption\":\"Suessem\"}}]}<\/script>\n<!-- \/ Yoast SEO plugin. -->","_links":{"self":[{"href":"https:\/\/www.suessemjetaime.lu\/fr\/wp-json\/wp\/v2\/posts\/4760\/"}],"collection":[{"href":"https:\/\/www.suessemjetaime.lu\/fr\/wp-json\/wp\/v2\/posts\/"}],"about":[{"href":"https:\/\/www.suessemjetaime.lu\/fr\/wp-json\/wp\/v2\/types\/post\/"}],"author":[{"embeddable":true,"href":"https:\/\/www.suessemjetaime.lu\/fr\/wp-json\/wp\/v2\/users\/4\/"}],"replies":[{"embeddable":true,"href":"https:\/\/www.suessemjetaime.lu\/fr\/wp-json\/wp\/v2\/comments\/?post=4760"}],"version-history":[{"count":6,"href":"https:\/\/www.suessemjetaime.lu\/fr\/wp-json\/wp\/v2\/posts\/4760\/revisions\/"}],"predecessor-version":[{"id":6441,"href":"https:\/\/www.suessemjetaime.lu\/fr\/wp-json\/wp\/v2\/posts\/4760\/revisions\/6441\/"}],"wp:featuredmedia":[{"embeddable":true,"href":"https:\/\/www.suessemjetaime.lu\/fr\/wp-json\/wp\/v2\/media\/4738\/"}],"wp:attachment":[{"href":"https:\/\/www.suessemjetaime.lu\/fr\/wp-json\/wp\/v2\/media\/?parent=4760"}],"wp:term":[{"taxonomy":"category","embeddable":true,"href":"https:\/\/www.suessemjetaime.lu\/fr\/wp-json\/wp\/v2\/categories\/?post=4760"},{"taxonomy":"post_tag","embeddable":true,"href":"https:\/\/www.suessemjetaime.lu\/fr\/wp-json\/wp\/v2\/tags\/?post=4760"}],"curies":[{"name":"wp","href":"https:\/\/api.w.org\/{rel}","templated":true}]}}