{"id":4715,"date":"2019-07-10T13:38:54","date_gmt":"2019-07-10T13:38:54","guid":{"rendered":"https:\/\/www.suessemjetaime.lu\/?p=4715"},"modified":"2019-09-25T07:36:55","modified_gmt":"2019-09-25T07:36:55","slug":"les-jardins-communautaires-lame-verte-de-sanem","status":"publish","type":"post","link":"https:\/\/www.suessemjetaime.lu\/fr\/les-jardins-communautaires-lame-verte-de-sanem\/","title":{"rendered":"Les jardins communautaires, l\u2019\u00e2me verte de Sanem"},"content":{"rendered":"<p><strong>Les oiseaux chantent et le soleil est radieux. C\u2019est par un chaud samedi d\u2019\u00e9t\u00e9 que nous avons pris la direction du jardin communautaire de Sanem, situ\u00e9 \u00e0 quelques encablures du Ch\u00e2teau de la Commune. Au programme : remuer la terre, semer nos l\u00e9gumes pr\u00e9f\u00e9r\u00e9s, arroser le terrain, nourrir les poules. Autant vous dire que nous n\u2019avons pas \u00e9t\u00e9 d\u00e9\u00e7u par nos premiers pas en tant que jardinier.<\/strong><\/p>\n<p><!--more--><\/p>\n<p><img loading=\"lazy\" class=\"alignnone size-full wp-image-4716\" src=\"https:\/\/www.suessemjetaime.lu\/wp-content\/uploads\/2019\/07\/1200_sanem_engel_007.jpg\" alt=\"\" width=\"1200\" height=\"800\" srcset=\"https:\/\/www.suessemjetaime.lu\/wp-content\/uploads\/2019\/07\/1200_sanem_engel_007.jpg 1200w, https:\/\/www.suessemjetaime.lu\/wp-content\/uploads\/2019\/07\/1200_sanem_engel_007-300x200.jpg 300w, https:\/\/www.suessemjetaime.lu\/wp-content\/uploads\/2019\/07\/1200_sanem_engel_007-768x512.jpg 768w, https:\/\/www.suessemjetaime.lu\/wp-content\/uploads\/2019\/07\/1200_sanem_engel_007-1024x683.jpg 1024w, https:\/\/www.suessemjetaime.lu\/wp-content\/uploads\/2019\/07\/1200_sanem_engel_007-600x400.jpg 600w\" sizes=\"(max-width: 1200px) 100vw, 1200px\" \/><\/p>\n<p>Chapeau sur la t\u00eate, c\u2019est \u00e0 10h tapantes que nous d\u00e9barquons dans ce jardin partag\u00e9 et solidaire. L\u00e0, un attroupement est d\u00e9j\u00e0 form\u00e9, et s\u2019appr\u00eate \u00e0 s\u2019activer, outils \u00e0 la main. Ils sont environ une douzaine \u00e0 se retrouver chaque d\u00e9but de week-end, en matin\u00e9e, pour prendre soin de ce qui est devenu, au fil des mois, leur jardin. C&rsquo;\u00e9tait d&rsquo;ailleurs l&rsquo;objectif, comme nous le mentionne Georges Engel, bourgmestre de la commune : \u00ab\u00a0le jardin communautaire vient r\u00e9pondre \u00e0 une demande de la population, puisque ce ne sont pas tous les citoyens qui ont l&rsquo;espace n\u00e9cessaire pour en am\u00e9nager un, ni les connaissances suffisantes pour s&rsquo;en occuper correctement. Mon souhait \u00e9tait que les gens se l&rsquo;approprient et soient fiers de l&rsquo;entretenir\u00a0\u00bb.<\/p>\n<p><img loading=\"lazy\" class=\"alignnone size-full wp-image-4720\" src=\"https:\/\/www.suessemjetaime.lu\/wp-content\/uploads\/2019\/07\/1200_sanem_jardin-communautaire-sanem_027.jpg\" alt=\"\" width=\"1200\" height=\"800\" srcset=\"https:\/\/www.suessemjetaime.lu\/wp-content\/uploads\/2019\/07\/1200_sanem_jardin-communautaire-sanem_027.jpg 1200w, https:\/\/www.suessemjetaime.lu\/wp-content\/uploads\/2019\/07\/1200_sanem_jardin-communautaire-sanem_027-300x200.jpg 300w, https:\/\/www.suessemjetaime.lu\/wp-content\/uploads\/2019\/07\/1200_sanem_jardin-communautaire-sanem_027-768x512.jpg 768w, https:\/\/www.suessemjetaime.lu\/wp-content\/uploads\/2019\/07\/1200_sanem_jardin-communautaire-sanem_027-1024x683.jpg 1024w, https:\/\/www.suessemjetaime.lu\/wp-content\/uploads\/2019\/07\/1200_sanem_jardin-communautaire-sanem_027-600x400.jpg 600w\" sizes=\"(max-width: 1200px) 100vw, 1200px\" \/><\/p>\n<p>Parmi les fid\u00e8les de la premi\u00e8re heure, on retrouve Gaby Bierlair, qui ne manquerait ce rendez-vous hebdomadaire pour rien au monde. Il faut dire qu&rsquo;elle est une passionn\u00e9e. C\u2019est de sa m\u00e8re que lui vient cet amour pour le jardinage. Avoir la main verte, c\u2019est de famille ! En septembre 2017, lorsqu\u2019elle entend parler du projet, elle est imm\u00e9diatement s\u00e9duite : \u00ab je voulais jardiner, \u00e9videmment, mais aussi transmettre mes connaissances, montrer qu\u2019avec un petit terrain, on peut en tirer de nombreux fruits et l\u00e9gumes \u00bb.<\/p>\n<p><img loading=\"lazy\" class=\"alignnone size-full wp-image-4722\" src=\"https:\/\/www.suessemjetaime.lu\/wp-content\/uploads\/2019\/07\/1200_sanem_jardin-communautaire-sanem_024.jpg\" alt=\"\" width=\"1200\" height=\"800\" srcset=\"https:\/\/www.suessemjetaime.lu\/wp-content\/uploads\/2019\/07\/1200_sanem_jardin-communautaire-sanem_024.jpg 1200w, https:\/\/www.suessemjetaime.lu\/wp-content\/uploads\/2019\/07\/1200_sanem_jardin-communautaire-sanem_024-300x200.jpg 300w, https:\/\/www.suessemjetaime.lu\/wp-content\/uploads\/2019\/07\/1200_sanem_jardin-communautaire-sanem_024-768x512.jpg 768w, https:\/\/www.suessemjetaime.lu\/wp-content\/uploads\/2019\/07\/1200_sanem_jardin-communautaire-sanem_024-1024x683.jpg 1024w, https:\/\/www.suessemjetaime.lu\/wp-content\/uploads\/2019\/07\/1200_sanem_jardin-communautaire-sanem_024-600x400.jpg 600w\" sizes=\"(max-width: 1200px) 100vw, 1200px\" \/><\/p>\n<p>Et des Sanemois, Gaby n\u2019est pas la seule \u00e0 \u00eatre conquise. Tr\u00e8s vite, le groupe de jardiniers amateurs s\u2019agrandit et la parcelle doit \u00eatre rallong\u00e9e de quelques m\u00e8tres. Une belle success-story pour cet espace qui se veut de loisir, mais aussi de sociabilit\u00e9. Car ce jardin n\u2019a pas de communautaire que le nom.<\/p>\n\n\t\t<style type=\"text\/css\">\n\t\t\t#gallery-1 {\n\t\t\t\tmargin: auto;\n\t\t\t}\n\t\t\t#gallery-1 .gallery-item {\n\t\t\t\tfloat: left;\n\t\t\t\tmargin-top: 10px;\n\t\t\t\ttext-align: center;\n\t\t\t\twidth: 50%;\n\t\t\t}\n\t\t\t#gallery-1 img {\n\t\t\t\tborder: 2px solid #cfcfcf;\n\t\t\t}\n\t\t\t#gallery-1 .gallery-caption {\n\t\t\t\tmargin-left: 0;\n\t\t\t}\n\t\t\t\/* see gallery_shortcode() in wp-includes\/media.php *\/\n\t\t<\/style>\n\t\t<div id='gallery-1' class='gallery galleryid-4715 gallery-columns-2 gallery-size-large'><dl class='gallery-item'>\n\t\t\t<dt class='gallery-icon landscape'>\n\t\t\t\t<img width=\"1024\" height=\"683\" src=\"https:\/\/www.suessemjetaime.lu\/wp-content\/uploads\/2019\/07\/1200_sanem_jardin-communautaire-sanem_010-1024x683.jpg\" class=\"attachment-large size-large\" alt=\"\" loading=\"lazy\" srcset=\"https:\/\/www.suessemjetaime.lu\/wp-content\/uploads\/2019\/07\/1200_sanem_jardin-communautaire-sanem_010-1024x683.jpg 1024w, https:\/\/www.suessemjetaime.lu\/wp-content\/uploads\/2019\/07\/1200_sanem_jardin-communautaire-sanem_010-300x200.jpg 300w, https:\/\/www.suessemjetaime.lu\/wp-content\/uploads\/2019\/07\/1200_sanem_jardin-communautaire-sanem_010-768x512.jpg 768w, https:\/\/www.suessemjetaime.lu\/wp-content\/uploads\/2019\/07\/1200_sanem_jardin-communautaire-sanem_010-600x400.jpg 600w, https:\/\/www.suessemjetaime.lu\/wp-content\/uploads\/2019\/07\/1200_sanem_jardin-communautaire-sanem_010.jpg 1200w\" sizes=\"(max-width: 1024px) 100vw, 1024px\" \/>\n\t\t\t<\/dt><\/dl><dl class='gallery-item'>\n\t\t\t<dt class='gallery-icon landscape'>\n\t\t\t\t<img width=\"1024\" height=\"683\" src=\"https:\/\/www.suessemjetaime.lu\/wp-content\/uploads\/2019\/07\/1200_sanem_jardin-communautaire-sanem_012-1024x683.jpg\" class=\"attachment-large size-large\" alt=\"\" loading=\"lazy\" srcset=\"https:\/\/www.suessemjetaime.lu\/wp-content\/uploads\/2019\/07\/1200_sanem_jardin-communautaire-sanem_012-1024x683.jpg 1024w, https:\/\/www.suessemjetaime.lu\/wp-content\/uploads\/2019\/07\/1200_sanem_jardin-communautaire-sanem_012-300x200.jpg 300w, https:\/\/www.suessemjetaime.lu\/wp-content\/uploads\/2019\/07\/1200_sanem_jardin-communautaire-sanem_012-768x512.jpg 768w, https:\/\/www.suessemjetaime.lu\/wp-content\/uploads\/2019\/07\/1200_sanem_jardin-communautaire-sanem_012-600x400.jpg 600w, https:\/\/www.suessemjetaime.lu\/wp-content\/uploads\/2019\/07\/1200_sanem_jardin-communautaire-sanem_012.jpg 1200w\" sizes=\"(max-width: 1024px) 100vw, 1024px\" \/>\n\t\t\t<\/dt><\/dl><br style=\"clear: both\" \/>\n\t\t<\/div>\n\n<p><strong>Un collectif r\u00e9uni autour d\u2019une m\u00eame passion<\/strong><\/p>\n<p>Comme l\u2019indiquent Jos Mathieu et David Hengen, du Service \u00e9cologique de la Commune, c\u2019est avant tout un lieu de vie. Il permet de faire des rencontres et de nouer des amiti\u00e9s. Il est synonyme d\u2019\u00e9changes, de partage et de collectivit\u00e9. \u00ab Chacun est libre de s\u2019exprimer et toutes les d\u00e9cisions se prennent en groupe. L\u2019une des derni\u00e8res qu\u2019ils ont prises concernent les pommes de terre. Cette ann\u00e9e, tous ont d\u00e9cr\u00e9t\u00e9 qu\u2019ils allaient adopter le principe de la culture sous paille \u00bb explique Jos.<\/p>\n<p><img loading=\"lazy\" class=\"alignnone size-full wp-image-4732\" src=\"https:\/\/www.suessemjetaime.lu\/wp-content\/uploads\/2019\/07\/1200_sanem_jardin-communautaire-sanem_003.jpg\" alt=\"\" width=\"1200\" height=\"800\" srcset=\"https:\/\/www.suessemjetaime.lu\/wp-content\/uploads\/2019\/07\/1200_sanem_jardin-communautaire-sanem_003.jpg 1200w, https:\/\/www.suessemjetaime.lu\/wp-content\/uploads\/2019\/07\/1200_sanem_jardin-communautaire-sanem_003-300x200.jpg 300w, https:\/\/www.suessemjetaime.lu\/wp-content\/uploads\/2019\/07\/1200_sanem_jardin-communautaire-sanem_003-768x512.jpg 768w, https:\/\/www.suessemjetaime.lu\/wp-content\/uploads\/2019\/07\/1200_sanem_jardin-communautaire-sanem_003-1024x683.jpg 1024w, https:\/\/www.suessemjetaime.lu\/wp-content\/uploads\/2019\/07\/1200_sanem_jardin-communautaire-sanem_003-600x400.jpg 600w\" sizes=\"(max-width: 1200px) 100vw, 1200px\" \/><\/p>\n<p>Entre les fraises, groseilles et autres haricots verts, c\u2019est une serre qui a fait son apparition. L\u00e0 encore, il s\u2019agit d\u2019un souhait commun. Tout comme le poulailler qui abritent quelques volatiles, pour le plus grand plaisir des plus petits qui traversent le jardin et s\u2019arr\u00eatent pour les observer avec amusement. \u00ab Nous nous relayons \u00e0 tour de r\u00f4le pour prendre soin d\u2019elles \u00bb raconte Gaby, qui habite \u00e0 quelques centaines de m\u00e8tres \u00e0 peine du jardin. Cette proximit\u00e9 lui laisse donc l\u2019occasion de s\u2019y rendre plusieurs fois par semaine, de v\u00e9rifier que tout va bien, et d\u2019effectuer quelques r\u00e9coltes lorsque c\u2019est n\u00e9cessaire. \u00ab C\u2019est toujours agr\u00e9able de r\u00e9colter ce que l\u2019on s\u00e8me, et je suis d\u2019autant plus enthousiaste lorsque je vois nos jeunes jardiniers qui s\u2019\u00e9merveillent de voir que l\u2019on n\u2019est pas oblig\u00e9 de se rendre en magasin lorsqu\u2019on veut manger des petits pois ou consommer des feuilles de menthe \u00bb.<\/p>\n<p><img loading=\"lazy\" class=\"alignnone size-full wp-image-4726\" src=\"https:\/\/www.suessemjetaime.lu\/wp-content\/uploads\/2019\/07\/1200_sanem_jardin-communautaire-sanem_021.jpg\" alt=\"\" width=\"1200\" height=\"800\" srcset=\"https:\/\/www.suessemjetaime.lu\/wp-content\/uploads\/2019\/07\/1200_sanem_jardin-communautaire-sanem_021.jpg 1200w, https:\/\/www.suessemjetaime.lu\/wp-content\/uploads\/2019\/07\/1200_sanem_jardin-communautaire-sanem_021-300x200.jpg 300w, https:\/\/www.suessemjetaime.lu\/wp-content\/uploads\/2019\/07\/1200_sanem_jardin-communautaire-sanem_021-768x512.jpg 768w, https:\/\/www.suessemjetaime.lu\/wp-content\/uploads\/2019\/07\/1200_sanem_jardin-communautaire-sanem_021-1024x683.jpg 1024w, https:\/\/www.suessemjetaime.lu\/wp-content\/uploads\/2019\/07\/1200_sanem_jardin-communautaire-sanem_021-600x400.jpg 600w\" sizes=\"(max-width: 1200px) 100vw, 1200px\" \/><\/p>\n<p><strong>Respecter la nature au maximum<\/strong><\/p>\n<p>Dans la Commune, la localit\u00e9 de Belval accueille \u00e9galement son jardin communautaire, celui du Matgesfeld. L\u00e0, le syst\u00e8me est un peu diff\u00e9rent. \u00ab Chacun poss\u00e8de sa propre parcelle et peut planter ce qu\u2019il souhaite dessus \u00bb indique David Hengen, avant d\u2019ajouter : \u00ab il existe bien \u00e9videmment des r\u00e8gles \u00e0 respecter. La premi\u00e8re concerne la non-utilisation de pesticides, qui sont d\u2019ailleurs strictement interdits sur la Commune depuis plusieurs ann\u00e9es d\u00e9j\u00e0. L\u2019objectif, vraiment, est de cultiver des fruits et des l\u00e9gumes selon le principe de la permaculture, de mani\u00e8re respectueuse pour l\u2019environnement et pour l\u2019humain \u00bb.<\/p>\n<p><img loading=\"lazy\" class=\"alignnone size-full wp-image-4718\" src=\"https:\/\/www.suessemjetaime.lu\/wp-content\/uploads\/2019\/07\/1200_sanem_jardin-communautaire-sanem_028.jpg\" alt=\"\" width=\"1200\" height=\"800\" srcset=\"https:\/\/www.suessemjetaime.lu\/wp-content\/uploads\/2019\/07\/1200_sanem_jardin-communautaire-sanem_028.jpg 1200w, https:\/\/www.suessemjetaime.lu\/wp-content\/uploads\/2019\/07\/1200_sanem_jardin-communautaire-sanem_028-300x200.jpg 300w, https:\/\/www.suessemjetaime.lu\/wp-content\/uploads\/2019\/07\/1200_sanem_jardin-communautaire-sanem_028-768x512.jpg 768w, https:\/\/www.suessemjetaime.lu\/wp-content\/uploads\/2019\/07\/1200_sanem_jardin-communautaire-sanem_028-1024x683.jpg 1024w, https:\/\/www.suessemjetaime.lu\/wp-content\/uploads\/2019\/07\/1200_sanem_jardin-communautaire-sanem_028-600x400.jpg 600w\" sizes=\"(max-width: 1200px) 100vw, 1200px\" \/><\/p>\n<p>Si l\u2019ensemble des lopins de terre sont complets \u00e0 Belval, le jardin de Sanem, lui, peut toujours accueillir de nouveaux jardiniers en herbe. Il n\u2019y a pas d\u2019inscription n\u00e9cessaire, il suffit simplement de s\u2019y rendre le samedi entre 10h et 12h. Pour plus d\u2019info, vous pouvez adresser un mail \u00e0 <a>service.ecologique@suessem.lu<\/a>ou t\u00e9l\u00e9phoner au 593.075.653.<\/p>\n<p>Ehlerange et Soleuvre ne sont pas en reste. Le service \u00e9cologique de la Commune entend bien implanter un jardin communautaire sur ces deux localit\u00e9s. \u00ab Reste \u00e0 voir la forme qu\u2019il prendra : un jardin de fleurs, un jardin de plantes m\u00e9dicinales, etc. Nous devrons en discuter avec la population locale, mais nous restons ouverts \u00e0 toutes les propositions \u00bb commente Jos Mathieu.<\/p>\n","protected":false},"excerpt":{"rendered":"<p>Les oiseaux chantent et le soleil est radieux. C\u2019est par un chaud samedi d\u2019\u00e9t\u00e9 que nous avons pris la direction du jardin communautaire de Sanem, situ\u00e9 \u00e0 quelques encablures du Ch\u00e2teau de la Commune. Au programme : remuer la terre, [&hellip;]<\/p>\n","protected":false},"author":4,"featured_media":4724,"comment_status":"closed","ping_status":"closed","sticky":false,"template":"","format":"standard","meta":[],"categories":[39],"tags":[],"yoast_head":"<!-- This site is optimized with the Yoast SEO plugin v15.2.1 - https:\/\/yoast.com\/wordpress\/plugins\/seo\/ -->\n<title>Les jardins communautaires, l\u2019\u00e2me verte de Sanem &bull; Suessem, je t&#039;aime<\/title>\n<meta name=\"robots\" content=\"index, follow, max-snippet:-1, max-image-preview:large, max-video-preview:-1\" \/>\n<link rel=\"canonical\" href=\"https:\/\/www.suessemjetaime.lu\/fr\/les-jardins-communautaires-lame-verte-de-sanem\/\" \/>\n<meta property=\"og:locale\" content=\"fr_FR\" \/>\n<meta property=\"og:type\" content=\"article\" \/>\n<meta property=\"og:title\" content=\"Les jardins communautaires, l\u2019\u00e2me verte de Sanem &bull; Suessem, je t&#039;aime\" \/>\n<meta property=\"og:description\" content=\"Les oiseaux chantent et le soleil est radieux. C\u2019est par un chaud samedi d\u2019\u00e9t\u00e9 que nous avons pris la direction du jardin communautaire de Sanem, situ\u00e9 \u00e0 quelques encablures du Ch\u00e2teau de la Commune. Au programme : remuer la terre, [&hellip;]\" \/>\n<meta property=\"og:url\" content=\"https:\/\/www.suessemjetaime.lu\/fr\/les-jardins-communautaires-lame-verte-de-sanem\/\" \/>\n<meta property=\"og:site_name\" content=\"Suessem, je t&#039;aime\" \/>\n<meta property=\"article:publisher\" content=\"https:\/\/www.facebook.com\/communedesanem\/\" \/>\n<meta property=\"article:published_time\" content=\"2019-07-10T13:38:54+00:00\" \/>\n<meta property=\"article:modified_time\" content=\"2019-09-25T07:36:55+00:00\" \/>\n<meta property=\"og:image\" content=\"https:\/\/www.suessemjetaime.lu\/wp-content\/uploads\/2019\/07\/1200_sanem_jardin-communautaire-sanem_022.jpg\" \/>\n\t<meta property=\"og:image:width\" content=\"1200\" \/>\n\t<meta property=\"og:image:height\" content=\"800\" \/>\n<meta name=\"twitter:card\" content=\"summary_large_image\" \/>\n<meta name=\"twitter:label1\" content=\"\u00c9crit par\">\n\t<meta name=\"twitter:data1\" content=\"Suessem\">\n\t<meta name=\"twitter:label2\" content=\"Dur\u00e9e de lecture est.\">\n\t<meta name=\"twitter:data2\" content=\"3 minutes\">\n<script type=\"application\/ld+json\" class=\"yoast-schema-graph\">{\"@context\":\"https:\/\/schema.org\",\"@graph\":[{\"@type\":\"Organization\",\"@id\":\"https:\/\/www.suessemjetaime.lu\/#organization\",\"name\":\"Commune de Sanem\",\"url\":\"https:\/\/www.suessemjetaime.lu\/\",\"sameAs\":[\"https:\/\/www.facebook.com\/communedesanem\/\",\"https:\/\/www.youtube.com\/channel\/UCVN7kgmkkpcfy3Hb63mx_tQ\/featured\"],\"logo\":{\"@type\":\"ImageObject\",\"@id\":\"https:\/\/www.suessemjetaime.lu\/#logo\",\"inLanguage\":\"fr-FR\",\"url\":\"https:\/\/www.suessemjetaime.lu\/wp-content\/uploads\/2019\/03\/400_188_LOGO_SANEM.png\",\"width\":400,\"height\":188,\"caption\":\"Commune de Sanem\"},\"image\":{\"@id\":\"https:\/\/www.suessemjetaime.lu\/#logo\"}},{\"@type\":\"WebSite\",\"@id\":\"https:\/\/www.suessemjetaime.lu\/#website\",\"url\":\"https:\/\/www.suessemjetaime.lu\/\",\"name\":\"Suessem, je t&#039;aime\",\"description\":\"le Blog de la commune de Sanem\",\"publisher\":{\"@id\":\"https:\/\/www.suessemjetaime.lu\/#organization\"},\"potentialAction\":[{\"@type\":\"SearchAction\",\"target\":\"https:\/\/www.suessemjetaime.lu\/?s={search_term_string}\",\"query-input\":\"required name=search_term_string\"}],\"inLanguage\":\"fr-FR\"},{\"@type\":\"ImageObject\",\"@id\":\"https:\/\/www.suessemjetaime.lu\/fr\/les-jardins-communautaires-lame-verte-de-sanem\/#primaryimage\",\"inLanguage\":\"fr-FR\",\"url\":\"https:\/\/www.suessemjetaime.lu\/wp-content\/uploads\/2019\/07\/1200_sanem_jardin-communautaire-sanem_022.jpg\",\"width\":1200,\"height\":800},{\"@type\":\"WebPage\",\"@id\":\"https:\/\/www.suessemjetaime.lu\/fr\/les-jardins-communautaires-lame-verte-de-sanem\/#webpage\",\"url\":\"https:\/\/www.suessemjetaime.lu\/fr\/les-jardins-communautaires-lame-verte-de-sanem\/\",\"name\":\"Les jardins communautaires, l\\u2019\\u00e2me verte de Sanem &bull; Suessem, je t&#039;aime\",\"isPartOf\":{\"@id\":\"https:\/\/www.suessemjetaime.lu\/#website\"},\"primaryImageOfPage\":{\"@id\":\"https:\/\/www.suessemjetaime.lu\/fr\/les-jardins-communautaires-lame-verte-de-sanem\/#primaryimage\"},\"datePublished\":\"2019-07-10T13:38:54+00:00\",\"dateModified\":\"2019-09-25T07:36:55+00:00\",\"inLanguage\":\"fr-FR\",\"potentialAction\":[{\"@type\":\"ReadAction\",\"target\":[\"https:\/\/www.suessemjetaime.lu\/fr\/les-jardins-communautaires-lame-verte-de-sanem\/\"]}]},{\"@type\":\"Article\",\"@id\":\"https:\/\/www.suessemjetaime.lu\/fr\/les-jardins-communautaires-lame-verte-de-sanem\/#article\",\"isPartOf\":{\"@id\":\"https:\/\/www.suessemjetaime.lu\/fr\/les-jardins-communautaires-lame-verte-de-sanem\/#webpage\"},\"author\":{\"@id\":\"https:\/\/www.suessemjetaime.lu\/#\/schema\/person\/0cacc039fca45c1bb3d06544fdf18c63\"},\"headline\":\"Les jardins communautaires, l\\u2019\\u00e2me verte de Sanem\",\"datePublished\":\"2019-07-10T13:38:54+00:00\",\"dateModified\":\"2019-09-25T07:36:55+00:00\",\"mainEntityOfPage\":{\"@id\":\"https:\/\/www.suessemjetaime.lu\/fr\/les-jardins-communautaires-lame-verte-de-sanem\/#webpage\"},\"publisher\":{\"@id\":\"https:\/\/www.suessemjetaime.lu\/#organization\"},\"image\":{\"@id\":\"https:\/\/www.suessemjetaime.lu\/fr\/les-jardins-communautaires-lame-verte-de-sanem\/#primaryimage\"},\"articleSection\":\"Escape\",\"inLanguage\":\"fr-FR\"},{\"@type\":\"Person\",\"@id\":\"https:\/\/www.suessemjetaime.lu\/#\/schema\/person\/0cacc039fca45c1bb3d06544fdf18c63\",\"name\":\"Suessem\",\"image\":{\"@type\":\"ImageObject\",\"@id\":\"https:\/\/www.suessemjetaime.lu\/#personlogo\",\"inLanguage\":\"fr-FR\",\"url\":\"https:\/\/secure.gravatar.com\/avatar\/77fabd1f92df29867737b77509c5795b?s=96&d=mm&r=g\",\"caption\":\"Suessem\"}}]}<\/script>\n<!-- \/ Yoast SEO plugin. -->","_links":{"self":[{"href":"https:\/\/www.suessemjetaime.lu\/fr\/wp-json\/wp\/v2\/posts\/4715\/"}],"collection":[{"href":"https:\/\/www.suessemjetaime.lu\/fr\/wp-json\/wp\/v2\/posts\/"}],"about":[{"href":"https:\/\/www.suessemjetaime.lu\/fr\/wp-json\/wp\/v2\/types\/post\/"}],"author":[{"embeddable":true,"href":"https:\/\/www.suessemjetaime.lu\/fr\/wp-json\/wp\/v2\/users\/4\/"}],"replies":[{"embeddable":true,"href":"https:\/\/www.suessemjetaime.lu\/fr\/wp-json\/wp\/v2\/comments\/?post=4715"}],"version-history":[{"count":1,"href":"https:\/\/www.suessemjetaime.lu\/fr\/wp-json\/wp\/v2\/posts\/4715\/revisions\/"}],"predecessor-version":[{"id":4734,"href":"https:\/\/www.suessemjetaime.lu\/fr\/wp-json\/wp\/v2\/posts\/4715\/revisions\/4734\/"}],"wp:featuredmedia":[{"embeddable":true,"href":"https:\/\/www.suessemjetaime.lu\/fr\/wp-json\/wp\/v2\/media\/4724\/"}],"wp:attachment":[{"href":"https:\/\/www.suessemjetaime.lu\/fr\/wp-json\/wp\/v2\/media\/?parent=4715"}],"wp:term":[{"taxonomy":"category","embeddable":true,"href":"https:\/\/www.suessemjetaime.lu\/fr\/wp-json\/wp\/v2\/categories\/?post=4715"},{"taxonomy":"post_tag","embeddable":true,"href":"https:\/\/www.suessemjetaime.lu\/fr\/wp-json\/wp\/v2\/tags\/?post=4715"}],"curies":[{"name":"wp","href":"https:\/\/api.w.org\/{rel}","templated":true}]}}