{"id":4711,"date":"2019-07-03T13:27:02","date_gmt":"2019-07-03T13:27:02","guid":{"rendered":"https:\/\/www.suessemjetaime.lu\/entdeckt-dschneekegkeete-vun-ochocolats\/"},"modified":"2020-05-09T12:06:06","modified_gmt":"2020-05-09T12:06:06","slug":"entdeckt-dschneekegkeete-vun-ochocolats","status":"publish","type":"post","link":"https:\/\/www.suessemjetaime.lu\/fr\/entdeckt-dschneekegkeete-vun-ochocolats\/","title":{"rendered":"Fondez pour les gourmandises d\u2019ochocolats !"},"content":{"rendered":"<p><strong>Passionn\u00e9e par le chocolat, Monique Kunnert a choisi d\u2019en faire son m\u00e9tier. Puisque nous sommes de grands gourmands, c\u2019est les papilles en \u00e9veil que nous avons franchi la porte de sa boutique install\u00e9e \u00e0 Soleuvre ! <\/strong><br \/>\n<!--more--><\/p>\n<p>Pour Monique, c\u2019est un retour aux sources. Apr\u00e8s avoir pass\u00e9 une partie de sa jeunesse sur la <a href=\"https:\/\/www.suessem.lu\/fr\/\" target=\"_blank\" rel=\"noopener noreferrer\">Commune de Sanem<\/a>, elle y signe son retour en tant que commer\u00e7ante, dans un local dont elle est tomb\u00e9e amoureuse au premier regard.<\/p>\n<p>A l\u2019honneur, dans son magasin, un produit phare. Celui qu\u2019elle affectionne tout particuli\u00e8rement : le chocolat. Et ce n\u2019est pas n\u2019importe lequel qu\u2019elle a voulu mettre en \u00e9vidence.<\/p>\n<p>Les douceurs qu\u2019elle propose, ce sont celles de <a href=\"https:\/\/sigoji.be\/\" target=\"_blank\" rel=\"noopener noreferrer\">Sigoji<\/a>, une marque belge cr\u00e9\u00e9e en 2014 par Euphrasie Mbamba, elle aussi passionn\u00e9e par les f\u00e8ves de cacao. C\u2019est au d\u00e9tour des all\u00e9es du Salon du Chocolat de Bruxelles que Monique a, pour la premi\u00e8re fois, eu l\u2019occasion de go\u00fbter les d\u00e9lices de la belgo-camerounaise. Le coup de foudre a \u00e9t\u00e9 imm\u00e9diat.<\/p>\n<p>Des ingr\u00e9dients de haute qualit\u00e9 pour des chocolats hors du commun<\/p>\n<p>Tomb\u00e9e sous le charme de ces chocolats depuis lors pl\u00e9biscit\u00e9s par le c\u00e9l\u00e8bre Gault&amp;Millau, Monique les appr\u00e9cie pour leurs ingr\u00e9dients qui sont s\u00e9lectionn\u00e9s avec grand soin, et qui permettent de se faire plaisir sans culpabiliser.<\/p>\n<p>Dans sa boutique, on est donc \u00e0 mille lieux des chocolats industriels. Tous sont fabriqu\u00e9s \u00e0 base de f\u00e8ves d\u2019origine du Cameroun, de Madagascar et de Ha\u00efti, et associ\u00e9s \u00e0 des saveurs telles que le caf\u00e9, le gingembre, le caramel beurre sal\u00e9, les agrumes, ou encore la noisette.<\/p>\n<p>Amateurs de petites gourmandises chocolat\u00e9es, vous savez donc o\u00f9 vous arr\u00eater d\u00e9sormais, pour en savourer !<\/p>\n<p><strong>O chocolats<\/strong><br \/>\n276 rue Metzerlach<span class=\"Apple-converted-space\"><br \/>\n<\/span>Soleuvre<br \/>\nT\u00e9l : +352 26 59 06 49<span class=\"Apple-converted-space\"><br \/>\n<\/span>contact@ochocolats.lu<br \/>\n<a href=\"http:\/\/www.ochocolats.lu\/\" target=\"_blank\" rel=\"noopener noreferrer\">www.ochocolats.lu<\/a><\/p>\n<p>&nbsp;<\/p>\n<p>&nbsp;<\/p>\n","protected":false},"excerpt":{"rendered":"<p>Passionn\u00e9e par le chocolat, Monique Kunnert a choisi d\u2019en faire son m\u00e9tier. Puisque nous sommes de grands gourmands, c\u2019est les papilles en \u00e9veil que nous avons franchi la porte de sa boutique install\u00e9e \u00e0 Soleuvre !<\/p>\n","protected":false},"author":4,"featured_media":4709,"comment_status":"closed","ping_status":"closed","sticky":false,"template":"","format":"video","meta":[],"categories":[28],"tags":[],"yoast_head":"<!-- This site is optimized with the Yoast SEO plugin v15.2.1 - https:\/\/yoast.com\/wordpress\/plugins\/seo\/ -->\n<title>Fondez pour les gourmandises d\u2019ochocolats ! &bull; Suessem, je t&#039;aime<\/title>\n<meta name=\"robots\" content=\"index, follow, max-snippet:-1, max-image-preview:large, max-video-preview:-1\" \/>\n<link rel=\"canonical\" href=\"https:\/\/www.suessemjetaime.lu\/fr\/entdeckt-dschneekegkeete-vun-ochocolats\/\" \/>\n<meta property=\"og:locale\" content=\"fr_FR\" \/>\n<meta property=\"og:type\" content=\"article\" \/>\n<meta property=\"og:title\" content=\"Fondez pour les gourmandises d\u2019ochocolats ! &bull; Suessem, je t&#039;aime\" \/>\n<meta property=\"og:description\" content=\"Passionn\u00e9e par le chocolat, Monique Kunnert a choisi d\u2019en faire son m\u00e9tier. Puisque nous sommes de grands gourmands, c\u2019est les papilles en \u00e9veil que nous avons franchi la porte de sa boutique install\u00e9e \u00e0 Soleuvre !\" \/>\n<meta property=\"og:url\" content=\"https:\/\/www.suessemjetaime.lu\/fr\/entdeckt-dschneekegkeete-vun-ochocolats\/\" \/>\n<meta property=\"og:site_name\" content=\"Suessem, je t&#039;aime\" \/>\n<meta property=\"article:publisher\" content=\"https:\/\/www.facebook.com\/communedesanem\/\" \/>\n<meta property=\"article:published_time\" content=\"2019-07-03T13:27:02+00:00\" \/>\n<meta property=\"article:modified_time\" content=\"2020-05-09T12:06:06+00:00\" \/>\n<meta property=\"og:image\" content=\"https:\/\/www.suessemjetaime.lu\/wp-content\/uploads\/2019\/07\/1200_800_ochocolat.jpg\" \/>\n\t<meta property=\"og:image:width\" content=\"1200\" \/>\n\t<meta property=\"og:image:height\" content=\"800\" \/>\n<meta name=\"twitter:card\" content=\"summary_large_image\" \/>\n<meta name=\"twitter:label1\" content=\"\u00c9crit par\">\n\t<meta name=\"twitter:data1\" content=\"Suessem\">\n\t<meta name=\"twitter:label2\" content=\"Dur\u00e9e de lecture est.\">\n\t<meta name=\"twitter:data2\" content=\"1 minute\">\n<script type=\"application\/ld+json\" class=\"yoast-schema-graph\">{\"@context\":\"https:\/\/schema.org\",\"@graph\":[{\"@type\":\"Organization\",\"@id\":\"https:\/\/www.suessemjetaime.lu\/#organization\",\"name\":\"Commune de Sanem\",\"url\":\"https:\/\/www.suessemjetaime.lu\/\",\"sameAs\":[\"https:\/\/www.facebook.com\/communedesanem\/\",\"https:\/\/www.youtube.com\/channel\/UCVN7kgmkkpcfy3Hb63mx_tQ\/featured\"],\"logo\":{\"@type\":\"ImageObject\",\"@id\":\"https:\/\/www.suessemjetaime.lu\/#logo\",\"inLanguage\":\"fr-FR\",\"url\":\"https:\/\/www.suessemjetaime.lu\/wp-content\/uploads\/2019\/03\/400_188_LOGO_SANEM.png\",\"width\":400,\"height\":188,\"caption\":\"Commune de Sanem\"},\"image\":{\"@id\":\"https:\/\/www.suessemjetaime.lu\/#logo\"}},{\"@type\":\"WebSite\",\"@id\":\"https:\/\/www.suessemjetaime.lu\/#website\",\"url\":\"https:\/\/www.suessemjetaime.lu\/\",\"name\":\"Suessem, je t&#039;aime\",\"description\":\"le Blog de la commune de Sanem\",\"publisher\":{\"@id\":\"https:\/\/www.suessemjetaime.lu\/#organization\"},\"potentialAction\":[{\"@type\":\"SearchAction\",\"target\":\"https:\/\/www.suessemjetaime.lu\/?s={search_term_string}\",\"query-input\":\"required name=search_term_string\"}],\"inLanguage\":\"fr-FR\"},{\"@type\":\"ImageObject\",\"@id\":\"https:\/\/www.suessemjetaime.lu\/fr\/entdeckt-dschneekegkeete-vun-ochocolats\/#primaryimage\",\"inLanguage\":\"fr-FR\",\"url\":\"https:\/\/www.suessemjetaime.lu\/wp-content\/uploads\/2019\/07\/1200_800_ochocolat.jpg\",\"width\":1200,\"height\":800},{\"@type\":\"WebPage\",\"@id\":\"https:\/\/www.suessemjetaime.lu\/fr\/entdeckt-dschneekegkeete-vun-ochocolats\/#webpage\",\"url\":\"https:\/\/www.suessemjetaime.lu\/fr\/entdeckt-dschneekegkeete-vun-ochocolats\/\",\"name\":\"Fondez pour les gourmandises d\\u2019ochocolats ! &bull; Suessem, je t&#039;aime\",\"isPartOf\":{\"@id\":\"https:\/\/www.suessemjetaime.lu\/#website\"},\"primaryImageOfPage\":{\"@id\":\"https:\/\/www.suessemjetaime.lu\/fr\/entdeckt-dschneekegkeete-vun-ochocolats\/#primaryimage\"},\"datePublished\":\"2019-07-03T13:27:02+00:00\",\"dateModified\":\"2020-05-09T12:06:06+00:00\",\"inLanguage\":\"fr-FR\",\"potentialAction\":[{\"@type\":\"ReadAction\",\"target\":[\"https:\/\/www.suessemjetaime.lu\/fr\/entdeckt-dschneekegkeete-vun-ochocolats\/\"]}]},{\"@type\":\"Article\",\"@id\":\"https:\/\/www.suessemjetaime.lu\/fr\/entdeckt-dschneekegkeete-vun-ochocolats\/#article\",\"isPartOf\":{\"@id\":\"https:\/\/www.suessemjetaime.lu\/fr\/entdeckt-dschneekegkeete-vun-ochocolats\/#webpage\"},\"author\":{\"@id\":\"https:\/\/www.suessemjetaime.lu\/#\/schema\/person\/0cacc039fca45c1bb3d06544fdf18c63\"},\"headline\":\"Fondez pour les gourmandises d\\u2019ochocolats !\",\"datePublished\":\"2019-07-03T13:27:02+00:00\",\"dateModified\":\"2020-05-09T12:06:06+00:00\",\"mainEntityOfPage\":{\"@id\":\"https:\/\/www.suessemjetaime.lu\/fr\/entdeckt-dschneekegkeete-vun-ochocolats\/#webpage\"},\"publisher\":{\"@id\":\"https:\/\/www.suessemjetaime.lu\/#organization\"},\"image\":{\"@id\":\"https:\/\/www.suessemjetaime.lu\/fr\/entdeckt-dschneekegkeete-vun-ochocolats\/#primaryimage\"},\"articleSection\":\"Life!\",\"inLanguage\":\"fr-FR\"},{\"@type\":\"Person\",\"@id\":\"https:\/\/www.suessemjetaime.lu\/#\/schema\/person\/0cacc039fca45c1bb3d06544fdf18c63\",\"name\":\"Suessem\",\"image\":{\"@type\":\"ImageObject\",\"@id\":\"https:\/\/www.suessemjetaime.lu\/#personlogo\",\"inLanguage\":\"fr-FR\",\"url\":\"https:\/\/secure.gravatar.com\/avatar\/77fabd1f92df29867737b77509c5795b?s=96&d=mm&r=g\",\"caption\":\"Suessem\"}}]}<\/script>\n<!-- \/ Yoast SEO plugin. -->","_links":{"self":[{"href":"https:\/\/www.suessemjetaime.lu\/fr\/wp-json\/wp\/v2\/posts\/4711\/"}],"collection":[{"href":"https:\/\/www.suessemjetaime.lu\/fr\/wp-json\/wp\/v2\/posts\/"}],"about":[{"href":"https:\/\/www.suessemjetaime.lu\/fr\/wp-json\/wp\/v2\/types\/post\/"}],"author":[{"embeddable":true,"href":"https:\/\/www.suessemjetaime.lu\/fr\/wp-json\/wp\/v2\/users\/4\/"}],"replies":[{"embeddable":true,"href":"https:\/\/www.suessemjetaime.lu\/fr\/wp-json\/wp\/v2\/comments\/?post=4711"}],"version-history":[{"count":5,"href":"https:\/\/www.suessemjetaime.lu\/fr\/wp-json\/wp\/v2\/posts\/4711\/revisions\/"}],"predecessor-version":[{"id":6431,"href":"https:\/\/www.suessemjetaime.lu\/fr\/wp-json\/wp\/v2\/posts\/4711\/revisions\/6431\/"}],"wp:featuredmedia":[{"embeddable":true,"href":"https:\/\/www.suessemjetaime.lu\/fr\/wp-json\/wp\/v2\/media\/4709\/"}],"wp:attachment":[{"href":"https:\/\/www.suessemjetaime.lu\/fr\/wp-json\/wp\/v2\/media\/?parent=4711"}],"wp:term":[{"taxonomy":"category","embeddable":true,"href":"https:\/\/www.suessemjetaime.lu\/fr\/wp-json\/wp\/v2\/categories\/?post=4711"},{"taxonomy":"post_tag","embeddable":true,"href":"https:\/\/www.suessemjetaime.lu\/fr\/wp-json\/wp\/v2\/tags\/?post=4711"}],"curies":[{"name":"wp","href":"https:\/\/api.w.org\/{rel}","templated":true}]}}