{"id":4589,"date":"2019-06-11T09:55:26","date_gmt":"2019-06-11T09:55:26","guid":{"rendered":"https:\/\/www.suessemjetaime.lu\/?p=4589"},"modified":"2020-05-09T12:09:49","modified_gmt":"2020-05-09T12:09:49","slug":"feeling-summer-with-summerfeeling","status":"publish","type":"post","link":"https:\/\/www.suessemjetaime.lu\/fr\/feeling-summer-with-summerfeeling\/","title":{"rendered":"Feeling summer with Summerfeeling!"},"content":{"rendered":"<p><strong>Les 8-9-10 juin dernier, \u00e0 quelques jours de l\u2019arriv\u00e9e de l\u2019\u00e9t\u00e9, qu\u2019il faisait bon fl\u00e2ner dans le parc du Ch\u00e2teau de Sanem. Pour cette seconde \u00e9dition du Summerfeeling, les petits plats avaient \u00e9t\u00e9 mis dans les grands : march\u00e9 solidaire, fleurs et plantes \u00e0 foison, d\u00e9co de jardin, animations, stands de nourriture et concerts\u2026 Il y en avait pour tous les go\u00fbts et pour tous les \u00e2ges ! Revivez avec nous l\u2019agr\u00e9able moment que nous y avons pass\u00e9 !<\/strong><\/p>\n<p><!--more--><\/p>\n<p>A peine arriv\u00e9s, le Ch\u00e2teau se dresse devant nous, majestueux, un peu comme dans un conte de f\u00e9e. Mais ici, pas de princesse ni de prince, mais bien des centaines de personnes venues, comme nous, d\u00e9ambuler parmi les diff\u00e9rents exposants pr\u00e9sents.<\/p>\n<p><img loading=\"lazy\" class=\"alignnone size-full wp-image-4595\" src=\"https:\/\/www.suessemjetaime.lu\/wp-content\/uploads\/2019\/07\/sanem_20190610__076.jpg\" alt=\"\" width=\"1200\" height=\"800\" srcset=\"https:\/\/www.suessemjetaime.lu\/wp-content\/uploads\/2019\/07\/sanem_20190610__076.jpg 1200w, https:\/\/www.suessemjetaime.lu\/wp-content\/uploads\/2019\/07\/sanem_20190610__076-300x200.jpg 300w, https:\/\/www.suessemjetaime.lu\/wp-content\/uploads\/2019\/07\/sanem_20190610__076-768x512.jpg 768w, https:\/\/www.suessemjetaime.lu\/wp-content\/uploads\/2019\/07\/sanem_20190610__076-1024x683.jpg 1024w, https:\/\/www.suessemjetaime.lu\/wp-content\/uploads\/2019\/07\/sanem_20190610__076-600x400.jpg 600w\" sizes=\"(max-width: 1200px) 100vw, 1200px\" \/><\/p>\n<p>Premier stop, la grande tente install\u00e9e sp\u00e9cialement pour l\u2019occasion, et qui abrite un march\u00e9 solidaire. A l\u2019int\u00e9rieur, c\u2019est une v\u00e9ritable mine d\u2019or pour les visiteurs d\u00e9sireux de faire le plein de produits issus du commerce \u00e9quitable. Des p\u00e2tes \u00e0 tartiner Fair Trade, des paquets de caf\u00e9 \u00ab de L\u00e9iwe Kaffi \u00bb propos\u00e9s par <a href=\"http:\/\/eisepicerie.lu\/\" target=\"_blank\" rel=\"noopener noreferrer\">Eis Epicerie<\/a>, et des liqueurs et bi\u00e8res artisanales produites par une entreprise locale appel\u00e9e <a href=\"https:\/\/www.eau-de-jouvence.com\/\" target=\"_blank\" rel=\"noopener noreferrer\">Eau de Jouvence<\/a>.<\/p>\n\n\t\t<style type=\"text\/css\">\n\t\t\t#gallery-1 {\n\t\t\t\tmargin: auto;\n\t\t\t}\n\t\t\t#gallery-1 .gallery-item {\n\t\t\t\tfloat: left;\n\t\t\t\tmargin-top: 10px;\n\t\t\t\ttext-align: center;\n\t\t\t\twidth: 50%;\n\t\t\t}\n\t\t\t#gallery-1 img {\n\t\t\t\tborder: 2px solid #cfcfcf;\n\t\t\t}\n\t\t\t#gallery-1 .gallery-caption {\n\t\t\t\tmargin-left: 0;\n\t\t\t}\n\t\t\t\/* see gallery_shortcode() in wp-includes\/media.php *\/\n\t\t<\/style>\n\t\t<div id='gallery-1' class='gallery galleryid-4589 gallery-columns-2 gallery-size-large'><dl class='gallery-item'>\n\t\t\t<dt class='gallery-icon landscape'>\n\t\t\t\t<img width=\"1024\" height=\"683\" src=\"https:\/\/www.suessemjetaime.lu\/wp-content\/uploads\/2019\/07\/sanem_20190610__018-1024x683.jpg\" class=\"attachment-large size-large\" alt=\"\" loading=\"lazy\" srcset=\"https:\/\/www.suessemjetaime.lu\/wp-content\/uploads\/2019\/07\/sanem_20190610__018-1024x683.jpg 1024w, https:\/\/www.suessemjetaime.lu\/wp-content\/uploads\/2019\/07\/sanem_20190610__018-300x200.jpg 300w, https:\/\/www.suessemjetaime.lu\/wp-content\/uploads\/2019\/07\/sanem_20190610__018-768x512.jpg 768w, https:\/\/www.suessemjetaime.lu\/wp-content\/uploads\/2019\/07\/sanem_20190610__018-600x400.jpg 600w, https:\/\/www.suessemjetaime.lu\/wp-content\/uploads\/2019\/07\/sanem_20190610__018.jpg 1200w\" sizes=\"(max-width: 1024px) 100vw, 1024px\" \/>\n\t\t\t<\/dt><\/dl><dl class='gallery-item'>\n\t\t\t<dt class='gallery-icon landscape'>\n\t\t\t\t<img width=\"1024\" height=\"683\" src=\"https:\/\/www.suessemjetaime.lu\/wp-content\/uploads\/2019\/07\/sanem_20190610__007-1024x683.jpg\" class=\"attachment-large size-large\" alt=\"\" loading=\"lazy\" srcset=\"https:\/\/www.suessemjetaime.lu\/wp-content\/uploads\/2019\/07\/sanem_20190610__007-1024x683.jpg 1024w, https:\/\/www.suessemjetaime.lu\/wp-content\/uploads\/2019\/07\/sanem_20190610__007-300x200.jpg 300w, https:\/\/www.suessemjetaime.lu\/wp-content\/uploads\/2019\/07\/sanem_20190610__007-768x512.jpg 768w, https:\/\/www.suessemjetaime.lu\/wp-content\/uploads\/2019\/07\/sanem_20190610__007-600x400.jpg 600w, https:\/\/www.suessemjetaime.lu\/wp-content\/uploads\/2019\/07\/sanem_20190610__007.jpg 1200w\" sizes=\"(max-width: 1024px) 100vw, 1024px\" \/>\n\t\t\t<\/dt><\/dl><br style=\"clear: both\" \/>\n\t\t<\/div>\n\n<p>Les bras charg\u00e9s de bonnes choses, nous poursuivons notre visite. Les beaux jours approchant, nous craquons pour un chapeau fabriqu\u00e9 en sacs de caf\u00e9 recycl\u00e9 vendu par <a href=\"https:\/\/sustained.lu\/\" target=\"_blank\" rel=\"noopener noreferrer\">Sustained.lu<\/a>, avant de jeter notre d\u00e9volu sur des savons artisanaux, un terrarium, et un adorable coussin en forme de hibou.<\/p>\n\n\t\t<style type=\"text\/css\">\n\t\t\t#gallery-2 {\n\t\t\t\tmargin: auto;\n\t\t\t}\n\t\t\t#gallery-2 .gallery-item {\n\t\t\t\tfloat: left;\n\t\t\t\tmargin-top: 10px;\n\t\t\t\ttext-align: center;\n\t\t\t\twidth: 33%;\n\t\t\t}\n\t\t\t#gallery-2 img {\n\t\t\t\tborder: 2px solid #cfcfcf;\n\t\t\t}\n\t\t\t#gallery-2 .gallery-caption {\n\t\t\t\tmargin-left: 0;\n\t\t\t}\n\t\t\t\/* see gallery_shortcode() in wp-includes\/media.php *\/\n\t\t<\/style>\n\t\t<div id='gallery-2' class='gallery galleryid-4589 gallery-columns-3 gallery-size-large'><dl class='gallery-item'>\n\t\t\t<dt class='gallery-icon landscape'>\n\t\t\t\t<img width=\"1024\" height=\"683\" src=\"https:\/\/www.suessemjetaime.lu\/wp-content\/uploads\/2019\/07\/sanem_20190610__004-1024x683.jpg\" class=\"attachment-large size-large\" alt=\"\" loading=\"lazy\" srcset=\"https:\/\/www.suessemjetaime.lu\/wp-content\/uploads\/2019\/07\/sanem_20190610__004-1024x683.jpg 1024w, https:\/\/www.suessemjetaime.lu\/wp-content\/uploads\/2019\/07\/sanem_20190610__004-300x200.jpg 300w, https:\/\/www.suessemjetaime.lu\/wp-content\/uploads\/2019\/07\/sanem_20190610__004-768x512.jpg 768w, https:\/\/www.suessemjetaime.lu\/wp-content\/uploads\/2019\/07\/sanem_20190610__004-600x400.jpg 600w, https:\/\/www.suessemjetaime.lu\/wp-content\/uploads\/2019\/07\/sanem_20190610__004.jpg 1200w\" sizes=\"(max-width: 1024px) 100vw, 1024px\" \/>\n\t\t\t<\/dt><\/dl><dl class='gallery-item'>\n\t\t\t<dt class='gallery-icon landscape'>\n\t\t\t\t<img width=\"1024\" height=\"683\" src=\"https:\/\/www.suessemjetaime.lu\/wp-content\/uploads\/2019\/07\/sanem_20190610__011-1024x683.jpg\" class=\"attachment-large size-large\" alt=\"\" loading=\"lazy\" srcset=\"https:\/\/www.suessemjetaime.lu\/wp-content\/uploads\/2019\/07\/sanem_20190610__011-1024x683.jpg 1024w, https:\/\/www.suessemjetaime.lu\/wp-content\/uploads\/2019\/07\/sanem_20190610__011-300x200.jpg 300w, https:\/\/www.suessemjetaime.lu\/wp-content\/uploads\/2019\/07\/sanem_20190610__011-768x512.jpg 768w, https:\/\/www.suessemjetaime.lu\/wp-content\/uploads\/2019\/07\/sanem_20190610__011-600x400.jpg 600w, https:\/\/www.suessemjetaime.lu\/wp-content\/uploads\/2019\/07\/sanem_20190610__011.jpg 1200w\" sizes=\"(max-width: 1024px) 100vw, 1024px\" \/>\n\t\t\t<\/dt><\/dl><dl class='gallery-item'>\n\t\t\t<dt class='gallery-icon landscape'>\n\t\t\t\t<img width=\"1024\" height=\"683\" src=\"https:\/\/www.suessemjetaime.lu\/wp-content\/uploads\/2019\/07\/sanem_20190610__010-1024x683.jpg\" class=\"attachment-large size-large\" alt=\"\" loading=\"lazy\" srcset=\"https:\/\/www.suessemjetaime.lu\/wp-content\/uploads\/2019\/07\/sanem_20190610__010-1024x683.jpg 1024w, https:\/\/www.suessemjetaime.lu\/wp-content\/uploads\/2019\/07\/sanem_20190610__010-300x200.jpg 300w, https:\/\/www.suessemjetaime.lu\/wp-content\/uploads\/2019\/07\/sanem_20190610__010-768x512.jpg 768w, https:\/\/www.suessemjetaime.lu\/wp-content\/uploads\/2019\/07\/sanem_20190610__010-600x400.jpg 600w, https:\/\/www.suessemjetaime.lu\/wp-content\/uploads\/2019\/07\/sanem_20190610__010.jpg 1200w\" sizes=\"(max-width: 1024px) 100vw, 1024px\" \/>\n\t\t\t<\/dt><\/dl><br style=\"clear: both\" \/>\n\t\t<\/div>\n\n<p>Avant de prendre la direction des jardins, nous effectuons un passage sur le stand de l\u2019<a href=\"https:\/\/www.suessem.lu\/fr\/la-commune\/la-commune-sengage\/dgemeng-suessem-helleft-asbl\/\" target=\"_blank\" rel=\"noopener noreferrer\">asbl D\u2019Gemeng Suessem h\u00eblleft<\/a>, qui s\u2019engage pour le d\u00e9veloppement humanitaire de r\u00e9gions pauvres, en soutenant des initiatives aux niveaux communal et national.<\/p>\n<p><img loading=\"lazy\" class=\"alignnone size-full wp-image-4627\" src=\"https:\/\/www.suessemjetaime.lu\/wp-content\/uploads\/2019\/07\/sanem_20190610__097.jpg\" alt=\"\" width=\"1200\" height=\"800\" srcset=\"https:\/\/www.suessemjetaime.lu\/wp-content\/uploads\/2019\/07\/sanem_20190610__097.jpg 1200w, https:\/\/www.suessemjetaime.lu\/wp-content\/uploads\/2019\/07\/sanem_20190610__097-300x200.jpg 300w, https:\/\/www.suessemjetaime.lu\/wp-content\/uploads\/2019\/07\/sanem_20190610__097-768x512.jpg 768w, https:\/\/www.suessemjetaime.lu\/wp-content\/uploads\/2019\/07\/sanem_20190610__097-1024x683.jpg 1024w, https:\/\/www.suessemjetaime.lu\/wp-content\/uploads\/2019\/07\/sanem_20190610__097-600x400.jpg 600w\" sizes=\"(max-width: 1200px) 100vw, 1200px\" \/><\/p>\n<p><strong>Une ambiance festive et chaleureuse ! <\/strong><\/p>\n<p>De retour en plein air, nous tombons nez \u00e0 nez avec un attroupement d\u2019enfants. Entre deux \u00e9clats de rire, ils s\u2019en donnent \u00e0 c\u0153ur joie. Il faut dire qu\u2019ils ont de quoi s\u2019amuser : grimage, dessins \u00e0 colorier, initiation aux arts du cirque, etc., tout a \u00e9t\u00e9 mis en place pour qu\u2019ils profitent \u00e9galement de l\u2019\u00e9v\u00e9nement.<\/p>\n\n\t\t<style type=\"text\/css\">\n\t\t\t#gallery-3 {\n\t\t\t\tmargin: auto;\n\t\t\t}\n\t\t\t#gallery-3 .gallery-item {\n\t\t\t\tfloat: left;\n\t\t\t\tmargin-top: 10px;\n\t\t\t\ttext-align: center;\n\t\t\t\twidth: 50%;\n\t\t\t}\n\t\t\t#gallery-3 img {\n\t\t\t\tborder: 2px solid #cfcfcf;\n\t\t\t}\n\t\t\t#gallery-3 .gallery-caption {\n\t\t\t\tmargin-left: 0;\n\t\t\t}\n\t\t\t\/* see gallery_shortcode() in wp-includes\/media.php *\/\n\t\t<\/style>\n\t\t<div id='gallery-3' class='gallery galleryid-4589 gallery-columns-2 gallery-size-large'><dl class='gallery-item'>\n\t\t\t<dt class='gallery-icon landscape'>\n\t\t\t\t<img width=\"1024\" height=\"683\" src=\"https:\/\/www.suessemjetaime.lu\/wp-content\/uploads\/2019\/07\/sanem_20190610__021-1024x683.jpg\" class=\"attachment-large size-large\" alt=\"\" loading=\"lazy\" srcset=\"https:\/\/www.suessemjetaime.lu\/wp-content\/uploads\/2019\/07\/sanem_20190610__021-1024x683.jpg 1024w, https:\/\/www.suessemjetaime.lu\/wp-content\/uploads\/2019\/07\/sanem_20190610__021-300x200.jpg 300w, https:\/\/www.suessemjetaime.lu\/wp-content\/uploads\/2019\/07\/sanem_20190610__021-768x512.jpg 768w, https:\/\/www.suessemjetaime.lu\/wp-content\/uploads\/2019\/07\/sanem_20190610__021-600x400.jpg 600w, https:\/\/www.suessemjetaime.lu\/wp-content\/uploads\/2019\/07\/sanem_20190610__021.jpg 1200w\" sizes=\"(max-width: 1024px) 100vw, 1024px\" \/>\n\t\t\t<\/dt><\/dl><dl class='gallery-item'>\n\t\t\t<dt class='gallery-icon landscape'>\n\t\t\t\t<img width=\"1024\" height=\"683\" src=\"https:\/\/www.suessemjetaime.lu\/wp-content\/uploads\/2019\/07\/sanem_20190610__024-1024x683.jpg\" class=\"attachment-large size-large\" alt=\"\" loading=\"lazy\" srcset=\"https:\/\/www.suessemjetaime.lu\/wp-content\/uploads\/2019\/07\/sanem_20190610__024-1024x683.jpg 1024w, https:\/\/www.suessemjetaime.lu\/wp-content\/uploads\/2019\/07\/sanem_20190610__024-300x200.jpg 300w, https:\/\/www.suessemjetaime.lu\/wp-content\/uploads\/2019\/07\/sanem_20190610__024-768x512.jpg 768w, https:\/\/www.suessemjetaime.lu\/wp-content\/uploads\/2019\/07\/sanem_20190610__024-600x400.jpg 600w, https:\/\/www.suessemjetaime.lu\/wp-content\/uploads\/2019\/07\/sanem_20190610__024.jpg 1200w\" sizes=\"(max-width: 1024px) 100vw, 1024px\" \/>\n\t\t\t<\/dt><\/dl><br style=\"clear: both\" \/>\n\t\t<\/div>\n\n<p>De notre c\u00f4t\u00e9, nous continuons notre balade et, honn\u00eatement, nous ne savons plus o\u00f9 donner de la t\u00eate, tant les exposants sont nombreux. L\u00e0, les amateurs de jardinage, de fleurs, de plantes et de d\u00e9coration d\u2019ext\u00e9rieur que nous sommes sont conquis\u2026 Avoir devant soi plus de choix, c\u2019est impossible ! Une fois encore, apr\u00e8s avoir fait le plein de bons conseils aupr\u00e8s des professionnels pr\u00e9sents, nous effectuons quelques achats qui se retrouveront dans notre jardin et sur notre terrasse.<\/p>\n\n\t\t<style type=\"text\/css\">\n\t\t\t#gallery-4 {\n\t\t\t\tmargin: auto;\n\t\t\t}\n\t\t\t#gallery-4 .gallery-item {\n\t\t\t\tfloat: left;\n\t\t\t\tmargin-top: 10px;\n\t\t\t\ttext-align: center;\n\t\t\t\twidth: 33%;\n\t\t\t}\n\t\t\t#gallery-4 img {\n\t\t\t\tborder: 2px solid #cfcfcf;\n\t\t\t}\n\t\t\t#gallery-4 .gallery-caption {\n\t\t\t\tmargin-left: 0;\n\t\t\t}\n\t\t\t\/* see gallery_shortcode() in wp-includes\/media.php *\/\n\t\t<\/style>\n\t\t<div id='gallery-4' class='gallery galleryid-4589 gallery-columns-3 gallery-size-large'><dl class='gallery-item'>\n\t\t\t<dt class='gallery-icon landscape'>\n\t\t\t\t<img width=\"1024\" height=\"683\" src=\"https:\/\/www.suessemjetaime.lu\/wp-content\/uploads\/2019\/07\/sanem_20190610__046-1024x683.jpg\" class=\"attachment-large size-large\" alt=\"\" loading=\"lazy\" srcset=\"https:\/\/www.suessemjetaime.lu\/wp-content\/uploads\/2019\/07\/sanem_20190610__046-1024x683.jpg 1024w, https:\/\/www.suessemjetaime.lu\/wp-content\/uploads\/2019\/07\/sanem_20190610__046-300x200.jpg 300w, https:\/\/www.suessemjetaime.lu\/wp-content\/uploads\/2019\/07\/sanem_20190610__046-768x512.jpg 768w, https:\/\/www.suessemjetaime.lu\/wp-content\/uploads\/2019\/07\/sanem_20190610__046-600x400.jpg 600w, https:\/\/www.suessemjetaime.lu\/wp-content\/uploads\/2019\/07\/sanem_20190610__046.jpg 1200w\" sizes=\"(max-width: 1024px) 100vw, 1024px\" \/>\n\t\t\t<\/dt><\/dl><dl class='gallery-item'>\n\t\t\t<dt class='gallery-icon landscape'>\n\t\t\t\t<img width=\"1024\" height=\"683\" src=\"https:\/\/www.suessemjetaime.lu\/wp-content\/uploads\/2019\/07\/sanem_20190610__035-1024x683.jpg\" class=\"attachment-large size-large\" alt=\"\" loading=\"lazy\" srcset=\"https:\/\/www.suessemjetaime.lu\/wp-content\/uploads\/2019\/07\/sanem_20190610__035-1024x683.jpg 1024w, https:\/\/www.suessemjetaime.lu\/wp-content\/uploads\/2019\/07\/sanem_20190610__035-300x200.jpg 300w, https:\/\/www.suessemjetaime.lu\/wp-content\/uploads\/2019\/07\/sanem_20190610__035-768x512.jpg 768w, https:\/\/www.suessemjetaime.lu\/wp-content\/uploads\/2019\/07\/sanem_20190610__035-600x400.jpg 600w, https:\/\/www.suessemjetaime.lu\/wp-content\/uploads\/2019\/07\/sanem_20190610__035.jpg 1200w\" sizes=\"(max-width: 1024px) 100vw, 1024px\" \/>\n\t\t\t<\/dt><\/dl><dl class='gallery-item'>\n\t\t\t<dt class='gallery-icon landscape'>\n\t\t\t\t<img width=\"1024\" height=\"683\" src=\"https:\/\/www.suessemjetaime.lu\/wp-content\/uploads\/2019\/07\/sanem_20190610__092-1024x683.jpg\" class=\"attachment-large size-large\" alt=\"\" loading=\"lazy\" srcset=\"https:\/\/www.suessemjetaime.lu\/wp-content\/uploads\/2019\/07\/sanem_20190610__092-1024x683.jpg 1024w, https:\/\/www.suessemjetaime.lu\/wp-content\/uploads\/2019\/07\/sanem_20190610__092-300x200.jpg 300w, https:\/\/www.suessemjetaime.lu\/wp-content\/uploads\/2019\/07\/sanem_20190610__092-768x512.jpg 768w, https:\/\/www.suessemjetaime.lu\/wp-content\/uploads\/2019\/07\/sanem_20190610__092-600x400.jpg 600w, https:\/\/www.suessemjetaime.lu\/wp-content\/uploads\/2019\/07\/sanem_20190610__092.jpg 1200w\" sizes=\"(max-width: 1024px) 100vw, 1024px\" \/>\n\t\t\t<\/dt><\/dl><br style=\"clear: both\" \/>\n\t\t<\/div>\n\n\n\t\t<style type=\"text\/css\">\n\t\t\t#gallery-5 {\n\t\t\t\tmargin: auto;\n\t\t\t}\n\t\t\t#gallery-5 .gallery-item {\n\t\t\t\tfloat: left;\n\t\t\t\tmargin-top: 10px;\n\t\t\t\ttext-align: center;\n\t\t\t\twidth: 50%;\n\t\t\t}\n\t\t\t#gallery-5 img {\n\t\t\t\tborder: 2px solid #cfcfcf;\n\t\t\t}\n\t\t\t#gallery-5 .gallery-caption {\n\t\t\t\tmargin-left: 0;\n\t\t\t}\n\t\t\t\/* see gallery_shortcode() in wp-includes\/media.php *\/\n\t\t<\/style>\n\t\t<div id='gallery-5' class='gallery galleryid-4589 gallery-columns-2 gallery-size-large'><dl class='gallery-item'>\n\t\t\t<dt class='gallery-icon landscape'>\n\t\t\t\t<img width=\"1024\" height=\"683\" src=\"https:\/\/www.suessemjetaime.lu\/wp-content\/uploads\/2019\/07\/sanem_20190610__028-1024x683.jpg\" class=\"attachment-large size-large\" alt=\"\" loading=\"lazy\" srcset=\"https:\/\/www.suessemjetaime.lu\/wp-content\/uploads\/2019\/07\/sanem_20190610__028-1024x683.jpg 1024w, https:\/\/www.suessemjetaime.lu\/wp-content\/uploads\/2019\/07\/sanem_20190610__028-300x200.jpg 300w, https:\/\/www.suessemjetaime.lu\/wp-content\/uploads\/2019\/07\/sanem_20190610__028-768x512.jpg 768w, https:\/\/www.suessemjetaime.lu\/wp-content\/uploads\/2019\/07\/sanem_20190610__028-600x400.jpg 600w, https:\/\/www.suessemjetaime.lu\/wp-content\/uploads\/2019\/07\/sanem_20190610__028.jpg 1200w\" sizes=\"(max-width: 1024px) 100vw, 1024px\" \/>\n\t\t\t<\/dt><\/dl><dl class='gallery-item'>\n\t\t\t<dt class='gallery-icon landscape'>\n\t\t\t\t<img width=\"1024\" height=\"683\" src=\"https:\/\/www.suessemjetaime.lu\/wp-content\/uploads\/2019\/07\/sanem_20190610__087-1024x683.jpg\" class=\"attachment-large size-large\" alt=\"\" loading=\"lazy\" srcset=\"https:\/\/www.suessemjetaime.lu\/wp-content\/uploads\/2019\/07\/sanem_20190610__087-1024x683.jpg 1024w, https:\/\/www.suessemjetaime.lu\/wp-content\/uploads\/2019\/07\/sanem_20190610__087-300x200.jpg 300w, https:\/\/www.suessemjetaime.lu\/wp-content\/uploads\/2019\/07\/sanem_20190610__087-768x512.jpg 768w, https:\/\/www.suessemjetaime.lu\/wp-content\/uploads\/2019\/07\/sanem_20190610__087-600x400.jpg 600w, https:\/\/www.suessemjetaime.lu\/wp-content\/uploads\/2019\/07\/sanem_20190610__087.jpg 1200w\" sizes=\"(max-width: 1024px) 100vw, 1024px\" \/>\n\t\t\t<\/dt><\/dl><br style=\"clear: both\" \/>\n\t\t<\/div>\n\n<p>Quelques pots de confiture plus tard, nous d\u00e9cidons de faire une pause dans notre shopping et de profiter de l\u2019ambiance musicale qui r\u00e8gne. En nous approchant de la sc\u00e8ne, le son se fait de plus en plus entra\u00eenant. Dans le public, les spectateurs sont nombreux \u00e0 frapper dans les mains et \u00e0 taper du pied. Guitare en bandouli\u00e8re, il faut dire que Serge Tonnar sait comment mettre l\u2019ambiance !<\/p>\n\n\t\t<style type=\"text\/css\">\n\t\t\t#gallery-6 {\n\t\t\t\tmargin: auto;\n\t\t\t}\n\t\t\t#gallery-6 .gallery-item {\n\t\t\t\tfloat: left;\n\t\t\t\tmargin-top: 10px;\n\t\t\t\ttext-align: center;\n\t\t\t\twidth: 33%;\n\t\t\t}\n\t\t\t#gallery-6 img {\n\t\t\t\tborder: 2px solid #cfcfcf;\n\t\t\t}\n\t\t\t#gallery-6 .gallery-caption {\n\t\t\t\tmargin-left: 0;\n\t\t\t}\n\t\t\t\/* see gallery_shortcode() in wp-includes\/media.php *\/\n\t\t<\/style>\n\t\t<div id='gallery-6' class='gallery galleryid-4589 gallery-columns-3 gallery-size-large'><dl class='gallery-item'>\n\t\t\t<dt class='gallery-icon landscape'>\n\t\t\t\t<img width=\"1024\" height=\"683\" src=\"https:\/\/www.suessemjetaime.lu\/wp-content\/uploads\/2019\/07\/sanem_20190610__124-1024x683.jpg\" class=\"attachment-large size-large\" alt=\"\" loading=\"lazy\" srcset=\"https:\/\/www.suessemjetaime.lu\/wp-content\/uploads\/2019\/07\/sanem_20190610__124-1024x683.jpg 1024w, https:\/\/www.suessemjetaime.lu\/wp-content\/uploads\/2019\/07\/sanem_20190610__124-300x200.jpg 300w, https:\/\/www.suessemjetaime.lu\/wp-content\/uploads\/2019\/07\/sanem_20190610__124-768x512.jpg 768w, https:\/\/www.suessemjetaime.lu\/wp-content\/uploads\/2019\/07\/sanem_20190610__124-600x400.jpg 600w, https:\/\/www.suessemjetaime.lu\/wp-content\/uploads\/2019\/07\/sanem_20190610__124.jpg 1200w\" sizes=\"(max-width: 1024px) 100vw, 1024px\" \/>\n\t\t\t<\/dt><\/dl><dl class='gallery-item'>\n\t\t\t<dt class='gallery-icon landscape'>\n\t\t\t\t<img width=\"1024\" height=\"683\" src=\"https:\/\/www.suessemjetaime.lu\/wp-content\/uploads\/2019\/07\/sanem_20190610__055-1024x683.jpg\" class=\"attachment-large size-large\" alt=\"\" loading=\"lazy\" srcset=\"https:\/\/www.suessemjetaime.lu\/wp-content\/uploads\/2019\/07\/sanem_20190610__055-1024x683.jpg 1024w, https:\/\/www.suessemjetaime.lu\/wp-content\/uploads\/2019\/07\/sanem_20190610__055-300x200.jpg 300w, https:\/\/www.suessemjetaime.lu\/wp-content\/uploads\/2019\/07\/sanem_20190610__055-768x512.jpg 768w, https:\/\/www.suessemjetaime.lu\/wp-content\/uploads\/2019\/07\/sanem_20190610__055-600x400.jpg 600w, https:\/\/www.suessemjetaime.lu\/wp-content\/uploads\/2019\/07\/sanem_20190610__055.jpg 1200w\" sizes=\"(max-width: 1024px) 100vw, 1024px\" \/>\n\t\t\t<\/dt><\/dl><dl class='gallery-item'>\n\t\t\t<dt class='gallery-icon landscape'>\n\t\t\t\t<img width=\"1024\" height=\"683\" src=\"https:\/\/www.suessemjetaime.lu\/wp-content\/uploads\/2019\/07\/sanem_20190610__108-1024x683.jpg\" class=\"attachment-large size-large\" alt=\"\" loading=\"lazy\" srcset=\"https:\/\/www.suessemjetaime.lu\/wp-content\/uploads\/2019\/07\/sanem_20190610__108-1024x683.jpg 1024w, https:\/\/www.suessemjetaime.lu\/wp-content\/uploads\/2019\/07\/sanem_20190610__108-300x200.jpg 300w, https:\/\/www.suessemjetaime.lu\/wp-content\/uploads\/2019\/07\/sanem_20190610__108-768x512.jpg 768w, https:\/\/www.suessemjetaime.lu\/wp-content\/uploads\/2019\/07\/sanem_20190610__108-600x400.jpg 600w, https:\/\/www.suessemjetaime.lu\/wp-content\/uploads\/2019\/07\/sanem_20190610__108.jpg 1200w\" sizes=\"(max-width: 1024px) 100vw, 1024px\" \/>\n\t\t\t<\/dt><\/dl><br style=\"clear: both\" \/>\n\t\t<\/div>\n\n\n\t\t<style type=\"text\/css\">\n\t\t\t#gallery-7 {\n\t\t\t\tmargin: auto;\n\t\t\t}\n\t\t\t#gallery-7 .gallery-item {\n\t\t\t\tfloat: left;\n\t\t\t\tmargin-top: 10px;\n\t\t\t\ttext-align: center;\n\t\t\t\twidth: 50%;\n\t\t\t}\n\t\t\t#gallery-7 img {\n\t\t\t\tborder: 2px solid #cfcfcf;\n\t\t\t}\n\t\t\t#gallery-7 .gallery-caption {\n\t\t\t\tmargin-left: 0;\n\t\t\t}\n\t\t\t\/* see gallery_shortcode() in wp-includes\/media.php *\/\n\t\t<\/style>\n\t\t<div id='gallery-7' class='gallery galleryid-4589 gallery-columns-2 gallery-size-large'><dl class='gallery-item'>\n\t\t\t<dt class='gallery-icon landscape'>\n\t\t\t\t<img width=\"1024\" height=\"683\" src=\"https:\/\/www.suessemjetaime.lu\/wp-content\/uploads\/2019\/07\/sanem_20190610__069-1024x683.jpg\" class=\"attachment-large size-large\" alt=\"\" loading=\"lazy\" srcset=\"https:\/\/www.suessemjetaime.lu\/wp-content\/uploads\/2019\/07\/sanem_20190610__069-1024x683.jpg 1024w, https:\/\/www.suessemjetaime.lu\/wp-content\/uploads\/2019\/07\/sanem_20190610__069-300x200.jpg 300w, https:\/\/www.suessemjetaime.lu\/wp-content\/uploads\/2019\/07\/sanem_20190610__069-768x512.jpg 768w, https:\/\/www.suessemjetaime.lu\/wp-content\/uploads\/2019\/07\/sanem_20190610__069-600x400.jpg 600w, https:\/\/www.suessemjetaime.lu\/wp-content\/uploads\/2019\/07\/sanem_20190610__069.jpg 1200w\" sizes=\"(max-width: 1024px) 100vw, 1024px\" \/>\n\t\t\t<\/dt><\/dl><dl class='gallery-item'>\n\t\t\t<dt class='gallery-icon landscape'>\n\t\t\t\t<img width=\"1024\" height=\"683\" src=\"https:\/\/www.suessemjetaime.lu\/wp-content\/uploads\/2019\/07\/sanem_20190610__062-1024x683.jpg\" class=\"attachment-large size-large\" alt=\"\" loading=\"lazy\" srcset=\"https:\/\/www.suessemjetaime.lu\/wp-content\/uploads\/2019\/07\/sanem_20190610__062-1024x683.jpg 1024w, https:\/\/www.suessemjetaime.lu\/wp-content\/uploads\/2019\/07\/sanem_20190610__062-300x200.jpg 300w, https:\/\/www.suessemjetaime.lu\/wp-content\/uploads\/2019\/07\/sanem_20190610__062-768x512.jpg 768w, https:\/\/www.suessemjetaime.lu\/wp-content\/uploads\/2019\/07\/sanem_20190610__062-600x400.jpg 600w, https:\/\/www.suessemjetaime.lu\/wp-content\/uploads\/2019\/07\/sanem_20190610__062.jpg 1200w\" sizes=\"(max-width: 1024px) 100vw, 1024px\" \/>\n\t\t\t<\/dt><\/dl><br style=\"clear: both\" \/>\n\t\t<\/div>\n\n<p>Apr\u00e8s nous \u00eatre d\u00e9cha\u00een\u00e9s sur les chansons de son r\u00e9pertoire, l\u2019app\u00e9tit se fait quelque peu ressentir. Ni une ni deux, nous fon\u00e7ons vers une cahute qui a attir\u00e9 notre attention, celle de <a href=\"https:\/\/www.muffle.lu\/\" target=\"_blank\" rel=\"noopener noreferrer\">Mr &amp; Mrs Muffle<\/a>. Le concept a le m\u00e9rite d\u2019\u00eatre original puisque nous savourons une gaufre faite de bulles et repli\u00e9e sur elle-m\u00eame, \u00e0 laquelle toutes sortes de friandises sont ajout\u00e9es. Et parce que nous sommes gourmands, avant de reprendre la direction de notre voiture, un arr\u00eat s\u2019impose aupr\u00e8s des stands vendant des fromages, de la charcuterie corse et des olives\u2026 Ce sera parfait pour l\u2019ap\u00e9ro !<\/p>\n\n\t\t<style type=\"text\/css\">\n\t\t\t#gallery-8 {\n\t\t\t\tmargin: auto;\n\t\t\t}\n\t\t\t#gallery-8 .gallery-item {\n\t\t\t\tfloat: left;\n\t\t\t\tmargin-top: 10px;\n\t\t\t\ttext-align: center;\n\t\t\t\twidth: 33%;\n\t\t\t}\n\t\t\t#gallery-8 img {\n\t\t\t\tborder: 2px solid #cfcfcf;\n\t\t\t}\n\t\t\t#gallery-8 .gallery-caption {\n\t\t\t\tmargin-left: 0;\n\t\t\t}\n\t\t\t\/* see gallery_shortcode() in wp-includes\/media.php *\/\n\t\t<\/style>\n\t\t<div id='gallery-8' class='gallery galleryid-4589 gallery-columns-3 gallery-size-large'><dl class='gallery-item'>\n\t\t\t<dt class='gallery-icon landscape'>\n\t\t\t\t<img width=\"1024\" height=\"683\" src=\"https:\/\/www.suessemjetaime.lu\/wp-content\/uploads\/2019\/07\/sanem_20190610__072-1024x683.jpg\" class=\"attachment-large size-large\" alt=\"\" loading=\"lazy\" srcset=\"https:\/\/www.suessemjetaime.lu\/wp-content\/uploads\/2019\/07\/sanem_20190610__072-1024x683.jpg 1024w, https:\/\/www.suessemjetaime.lu\/wp-content\/uploads\/2019\/07\/sanem_20190610__072-300x200.jpg 300w, https:\/\/www.suessemjetaime.lu\/wp-content\/uploads\/2019\/07\/sanem_20190610__072-768x512.jpg 768w, https:\/\/www.suessemjetaime.lu\/wp-content\/uploads\/2019\/07\/sanem_20190610__072-600x400.jpg 600w, https:\/\/www.suessemjetaime.lu\/wp-content\/uploads\/2019\/07\/sanem_20190610__072.jpg 1200w\" sizes=\"(max-width: 1024px) 100vw, 1024px\" \/>\n\t\t\t<\/dt><\/dl><dl class='gallery-item'>\n\t\t\t<dt class='gallery-icon landscape'>\n\t\t\t\t<img width=\"1024\" height=\"683\" src=\"https:\/\/www.suessemjetaime.lu\/wp-content\/uploads\/2019\/07\/sanem_20190610__040-1024x683.jpg\" class=\"attachment-large size-large\" alt=\"\" loading=\"lazy\" srcset=\"https:\/\/www.suessemjetaime.lu\/wp-content\/uploads\/2019\/07\/sanem_20190610__040-1024x683.jpg 1024w, https:\/\/www.suessemjetaime.lu\/wp-content\/uploads\/2019\/07\/sanem_20190610__040-300x200.jpg 300w, https:\/\/www.suessemjetaime.lu\/wp-content\/uploads\/2019\/07\/sanem_20190610__040-768x512.jpg 768w, https:\/\/www.suessemjetaime.lu\/wp-content\/uploads\/2019\/07\/sanem_20190610__040-600x400.jpg 600w, https:\/\/www.suessemjetaime.lu\/wp-content\/uploads\/2019\/07\/sanem_20190610__040.jpg 1200w\" sizes=\"(max-width: 1024px) 100vw, 1024px\" \/>\n\t\t\t<\/dt><\/dl><dl class='gallery-item'>\n\t\t\t<dt class='gallery-icon landscape'>\n\t\t\t\t<img width=\"1024\" height=\"683\" src=\"https:\/\/www.suessemjetaime.lu\/wp-content\/uploads\/2019\/07\/sanem_20190610__073-1024x683.jpg\" class=\"attachment-large size-large\" alt=\"\" loading=\"lazy\" srcset=\"https:\/\/www.suessemjetaime.lu\/wp-content\/uploads\/2019\/07\/sanem_20190610__073-1024x683.jpg 1024w, https:\/\/www.suessemjetaime.lu\/wp-content\/uploads\/2019\/07\/sanem_20190610__073-300x200.jpg 300w, https:\/\/www.suessemjetaime.lu\/wp-content\/uploads\/2019\/07\/sanem_20190610__073-768x512.jpg 768w, https:\/\/www.suessemjetaime.lu\/wp-content\/uploads\/2019\/07\/sanem_20190610__073-600x400.jpg 600w, https:\/\/www.suessemjetaime.lu\/wp-content\/uploads\/2019\/07\/sanem_20190610__073.jpg 1200w\" sizes=\"(max-width: 1024px) 100vw, 1024px\" \/>\n\t\t\t<\/dt><\/dl><br style=\"clear: both\" \/>\n\t\t<\/div>\n\n<p>\u00c9puis\u00e9s mais satisfaits de notre journ\u00e9e, l\u2019heure est venue pour nous de quitter les verdoyants jardins du Ch\u00e2teau de Sanem. Le coffre de notre auto rempli et en route vers notre maison, nous n\u2019avons d\u00e9j\u00e0 qu\u2019une seule h\u00e2te : \u00eatre en juin 2020 pour prendre part \u00e0 une nouvelle \u00e9dition du Summerfeeling !<\/p>\n<p>&nbsp;<\/p>\n<p>&nbsp;<\/p>\n","protected":false},"excerpt":{"rendered":"<p>Les 8-9-10 juin dernier, \u00e0 quelques jours de l\u2019arriv\u00e9e de l\u2019\u00e9t\u00e9, qu\u2019il faisait bon fl\u00e2ner dans le parc du Ch\u00e2teau de Sanem. Pour cette seconde \u00e9dition du Summerfeeling, les petits plats avaient \u00e9t\u00e9 mis dans les grands : march\u00e9 solidaire, [&hellip;]<\/p>\n","protected":false},"author":4,"featured_media":4639,"comment_status":"closed","ping_status":"closed","sticky":false,"template":"","format":"standard","meta":[],"categories":[33],"tags":[],"yoast_head":"<!-- This site is optimized with the Yoast SEO plugin v15.2.1 - https:\/\/yoast.com\/wordpress\/plugins\/seo\/ -->\n<title>Feeling summer with Summerfeeling! &bull; Suessem, je t&#039;aime<\/title>\n<meta name=\"robots\" content=\"index, follow, max-snippet:-1, max-image-preview:large, max-video-preview:-1\" \/>\n<link rel=\"canonical\" href=\"https:\/\/www.suessemjetaime.lu\/fr\/feeling-summer-with-summerfeeling\/\" \/>\n<meta property=\"og:locale\" content=\"fr_FR\" \/>\n<meta property=\"og:type\" content=\"article\" \/>\n<meta property=\"og:title\" content=\"Feeling summer with Summerfeeling! &bull; Suessem, je t&#039;aime\" \/>\n<meta property=\"og:description\" content=\"Les 8-9-10 juin dernier, \u00e0 quelques jours de l\u2019arriv\u00e9e de l\u2019\u00e9t\u00e9, qu\u2019il faisait bon fl\u00e2ner dans le parc du Ch\u00e2teau de Sanem. Pour cette seconde \u00e9dition du Summerfeeling, les petits plats avaient \u00e9t\u00e9 mis dans les grands : march\u00e9 solidaire, [&hellip;]\" \/>\n<meta property=\"og:url\" content=\"https:\/\/www.suessemjetaime.lu\/fr\/feeling-summer-with-summerfeeling\/\" \/>\n<meta property=\"og:site_name\" content=\"Suessem, je t&#039;aime\" \/>\n<meta property=\"article:publisher\" content=\"https:\/\/www.facebook.com\/communedesanem\/\" \/>\n<meta property=\"article:published_time\" content=\"2019-06-11T09:55:26+00:00\" \/>\n<meta property=\"article:modified_time\" content=\"2020-05-09T12:09:49+00:00\" \/>\n<meta property=\"og:image\" content=\"https:\/\/www.suessemjetaime.lu\/wp-content\/uploads\/2019\/07\/1200_800_sanem_summer.jpg\" \/>\n\t<meta property=\"og:image:width\" content=\"1200\" \/>\n\t<meta property=\"og:image:height\" content=\"800\" \/>\n<meta name=\"twitter:card\" content=\"summary_large_image\" \/>\n<meta name=\"twitter:label1\" content=\"\u00c9crit par\">\n\t<meta name=\"twitter:data1\" content=\"Suessem\">\n\t<meta name=\"twitter:label2\" content=\"Dur\u00e9e de lecture est.\">\n\t<meta name=\"twitter:data2\" content=\"3 minutes\">\n<script type=\"application\/ld+json\" class=\"yoast-schema-graph\">{\"@context\":\"https:\/\/schema.org\",\"@graph\":[{\"@type\":\"Organization\",\"@id\":\"https:\/\/www.suessemjetaime.lu\/#organization\",\"name\":\"Commune de Sanem\",\"url\":\"https:\/\/www.suessemjetaime.lu\/\",\"sameAs\":[\"https:\/\/www.facebook.com\/communedesanem\/\",\"https:\/\/www.youtube.com\/channel\/UCVN7kgmkkpcfy3Hb63mx_tQ\/featured\"],\"logo\":{\"@type\":\"ImageObject\",\"@id\":\"https:\/\/www.suessemjetaime.lu\/#logo\",\"inLanguage\":\"fr-FR\",\"url\":\"https:\/\/www.suessemjetaime.lu\/wp-content\/uploads\/2019\/03\/400_188_LOGO_SANEM.png\",\"width\":400,\"height\":188,\"caption\":\"Commune de Sanem\"},\"image\":{\"@id\":\"https:\/\/www.suessemjetaime.lu\/#logo\"}},{\"@type\":\"WebSite\",\"@id\":\"https:\/\/www.suessemjetaime.lu\/#website\",\"url\":\"https:\/\/www.suessemjetaime.lu\/\",\"name\":\"Suessem, je t&#039;aime\",\"description\":\"le Blog de la commune de Sanem\",\"publisher\":{\"@id\":\"https:\/\/www.suessemjetaime.lu\/#organization\"},\"potentialAction\":[{\"@type\":\"SearchAction\",\"target\":\"https:\/\/www.suessemjetaime.lu\/?s={search_term_string}\",\"query-input\":\"required name=search_term_string\"}],\"inLanguage\":\"fr-FR\"},{\"@type\":\"ImageObject\",\"@id\":\"https:\/\/www.suessemjetaime.lu\/fr\/feeling-summer-with-summerfeeling\/#primaryimage\",\"inLanguage\":\"fr-FR\",\"url\":\"https:\/\/www.suessemjetaime.lu\/wp-content\/uploads\/2019\/07\/1200_800_sanem_summer.jpg\",\"width\":1200,\"height\":800},{\"@type\":\"WebPage\",\"@id\":\"https:\/\/www.suessemjetaime.lu\/fr\/feeling-summer-with-summerfeeling\/#webpage\",\"url\":\"https:\/\/www.suessemjetaime.lu\/fr\/feeling-summer-with-summerfeeling\/\",\"name\":\"Feeling summer with Summerfeeling! &bull; Suessem, je t&#039;aime\",\"isPartOf\":{\"@id\":\"https:\/\/www.suessemjetaime.lu\/#website\"},\"primaryImageOfPage\":{\"@id\":\"https:\/\/www.suessemjetaime.lu\/fr\/feeling-summer-with-summerfeeling\/#primaryimage\"},\"datePublished\":\"2019-06-11T09:55:26+00:00\",\"dateModified\":\"2020-05-09T12:09:49+00:00\",\"inLanguage\":\"fr-FR\",\"potentialAction\":[{\"@type\":\"ReadAction\",\"target\":[\"https:\/\/www.suessemjetaime.lu\/fr\/feeling-summer-with-summerfeeling\/\"]}]},{\"@type\":\"Article\",\"@id\":\"https:\/\/www.suessemjetaime.lu\/fr\/feeling-summer-with-summerfeeling\/#article\",\"isPartOf\":{\"@id\":\"https:\/\/www.suessemjetaime.lu\/fr\/feeling-summer-with-summerfeeling\/#webpage\"},\"author\":{\"@id\":\"https:\/\/www.suessemjetaime.lu\/#\/schema\/person\/0cacc039fca45c1bb3d06544fdf18c63\"},\"headline\":\"Feeling summer with Summerfeeling!\",\"datePublished\":\"2019-06-11T09:55:26+00:00\",\"dateModified\":\"2020-05-09T12:09:49+00:00\",\"mainEntityOfPage\":{\"@id\":\"https:\/\/www.suessemjetaime.lu\/fr\/feeling-summer-with-summerfeeling\/#webpage\"},\"publisher\":{\"@id\":\"https:\/\/www.suessemjetaime.lu\/#organization\"},\"image\":{\"@id\":\"https:\/\/www.suessemjetaime.lu\/fr\/feeling-summer-with-summerfeeling\/#primaryimage\"},\"articleSection\":\"Noise\",\"inLanguage\":\"fr-FR\"},{\"@type\":\"Person\",\"@id\":\"https:\/\/www.suessemjetaime.lu\/#\/schema\/person\/0cacc039fca45c1bb3d06544fdf18c63\",\"name\":\"Suessem\",\"image\":{\"@type\":\"ImageObject\",\"@id\":\"https:\/\/www.suessemjetaime.lu\/#personlogo\",\"inLanguage\":\"fr-FR\",\"url\":\"https:\/\/secure.gravatar.com\/avatar\/77fabd1f92df29867737b77509c5795b?s=96&d=mm&r=g\",\"caption\":\"Suessem\"}}]}<\/script>\n<!-- \/ Yoast SEO plugin. -->","_links":{"self":[{"href":"https:\/\/www.suessemjetaime.lu\/fr\/wp-json\/wp\/v2\/posts\/4589\/"}],"collection":[{"href":"https:\/\/www.suessemjetaime.lu\/fr\/wp-json\/wp\/v2\/posts\/"}],"about":[{"href":"https:\/\/www.suessemjetaime.lu\/fr\/wp-json\/wp\/v2\/types\/post\/"}],"author":[{"embeddable":true,"href":"https:\/\/www.suessemjetaime.lu\/fr\/wp-json\/wp\/v2\/users\/4\/"}],"replies":[{"embeddable":true,"href":"https:\/\/www.suessemjetaime.lu\/fr\/wp-json\/wp\/v2\/comments\/?post=4589"}],"version-history":[{"count":7,"href":"https:\/\/www.suessemjetaime.lu\/fr\/wp-json\/wp\/v2\/posts\/4589\/revisions\/"}],"predecessor-version":[{"id":6437,"href":"https:\/\/www.suessemjetaime.lu\/fr\/wp-json\/wp\/v2\/posts\/4589\/revisions\/6437\/"}],"wp:featuredmedia":[{"embeddable":true,"href":"https:\/\/www.suessemjetaime.lu\/fr\/wp-json\/wp\/v2\/media\/4639\/"}],"wp:attachment":[{"href":"https:\/\/www.suessemjetaime.lu\/fr\/wp-json\/wp\/v2\/media\/?parent=4589"}],"wp:term":[{"taxonomy":"category","embeddable":true,"href":"https:\/\/www.suessemjetaime.lu\/fr\/wp-json\/wp\/v2\/categories\/?post=4589"},{"taxonomy":"post_tag","embeddable":true,"href":"https:\/\/www.suessemjetaime.lu\/fr\/wp-json\/wp\/v2\/tags\/?post=4589"}],"curies":[{"name":"wp","href":"https:\/\/api.w.org\/{rel}","templated":true}]}}