{"id":12711,"date":"2025-12-17T11:20:35","date_gmt":"2025-12-17T11:20:35","guid":{"rendered":"https:\/\/www.suessemjetaime.lu\/?p=12711"},"modified":"2025-12-17T14:03:38","modified_gmt":"2025-12-17T14:03:38","slug":"nouvelle-ere-pour-le-football-feminin-dans-la-commune","status":"publish","type":"post","link":"https:\/\/www.suessemjetaime.lu\/fr\/nouvelle-ere-pour-le-football-feminin-dans-la-commune\/","title":{"rendered":"Nouvelle \u00e8re pour le football f\u00e9minin"},"content":{"rendered":"<p><strong>Il y a encore peu de temps, il \u00e9tait tr\u00e8s difficile pour les filles et femmes passionn\u00e9es de football de mener leur parcours sportif sans rencontrer d\u2019obstacles majeurs. L\u2019absence d\u2019\u00e9quipes f\u00e9minines compl\u00e8tes, l\u2019impossibilit\u00e9 d\u2019\u00e9voluer dans toutes les cat\u00e9gories d\u2019\u00e2ge\u2026<\/strong><\/p>\n<p><!--more--><\/p>\n<p>\u2026et parfois m\u00eame l\u2019obligation douloureuse de quitter leur club de c\u0153ur rendaient la pratique compliqu\u00e9e. Mais aujourd\u2019hui, une nouvelle page s\u2019\u00e9crit au CS Sanem. Gr\u00e2ce \u00e0 l\u2019engagement du club et d\u2019un comit\u00e9 d\u00e9termin\u00e9, c\u2019est le premier club de la commune \u00e0 offrir un parcours complet qui accompagne les joueuses de la cat\u00e9gorie des enfants jusqu\u2019aux \u00e9quipes seniors. Nous nous sommes rendu\u2219e\u2219s au club en octobre dernier pour comprendre ce qui a chang\u00e9, et pour d\u00e9couvrir les femmes et les filles qui participent \u00e0 cette r\u00e9volution.<\/p>\n<p>Cheryl Offermann, qui cumule les r\u00f4les de coordinatrice f\u00e9minine, joueuse et entra\u00eeneuse, explique : \u00ab\u202fJe suis entra\u00eeneuse des WU15, c\u2019est-\u00e0-dire des filles entre 13 et 15 ans. Nous avons aussi maintenant des \u00e9quipes WU11, pour les moins de 11 ans, et WU13, pour les moins de 13 ans. Nous n\u2019avons pas encore d\u2019\u00e9quipe WU17, car \u00e0 partir de 15 ans, on peut jouer dans l\u2019\u00e9quipe f\u00e9minine adultes. Ce n\u2019est pas indispensable, mais nous pensons que ce serait important d\u2019en avoir une.\u202f\u00bb<\/p>\n<p><img loading=\"lazy\" class=\"aligncenter wp-image-12713 size-full\" src=\"https:\/\/www.suessemjetaime.lu\/wp-content\/uploads\/2025\/12\/ITV_Fraefussball_251016_DSF0215-scaled.jpg\" alt=\"\" width=\"1707\" height=\"2560\" srcset=\"https:\/\/www.suessemjetaime.lu\/wp-content\/uploads\/2025\/12\/ITV_Fraefussball_251016_DSF0215-scaled.jpg 1707w, https:\/\/www.suessemjetaime.lu\/wp-content\/uploads\/2025\/12\/ITV_Fraefussball_251016_DSF0215-200x300.jpg 200w, https:\/\/www.suessemjetaime.lu\/wp-content\/uploads\/2025\/12\/ITV_Fraefussball_251016_DSF0215-683x1024.jpg 683w, https:\/\/www.suessemjetaime.lu\/wp-content\/uploads\/2025\/12\/ITV_Fraefussball_251016_DSF0215-768x1152.jpg 768w, https:\/\/www.suessemjetaime.lu\/wp-content\/uploads\/2025\/12\/ITV_Fraefussball_251016_DSF0215-1024x1536.jpg 1024w, https:\/\/www.suessemjetaime.lu\/wp-content\/uploads\/2025\/12\/ITV_Fraefussball_251016_DSF0215-1365x2048.jpg 1365w, https:\/\/www.suessemjetaime.lu\/wp-content\/uploads\/2025\/12\/ITV_Fraefussball_251016_DSF0215-600x900.jpg 600w\" sizes=\"(max-width: 1707px) 100vw, 1707px\" \/><\/p>\n\n\t\t<style type=\"text\/css\">\n\t\t\t#gallery-1 {\n\t\t\t\tmargin: auto;\n\t\t\t}\n\t\t\t#gallery-1 .gallery-item {\n\t\t\t\tfloat: left;\n\t\t\t\tmargin-top: 10px;\n\t\t\t\ttext-align: center;\n\t\t\t\twidth: 33%;\n\t\t\t}\n\t\t\t#gallery-1 img {\n\t\t\t\tborder: 2px solid #cfcfcf;\n\t\t\t}\n\t\t\t#gallery-1 .gallery-caption {\n\t\t\t\tmargin-left: 0;\n\t\t\t}\n\t\t\t\/* see gallery_shortcode() in wp-includes\/media.php *\/\n\t\t<\/style>\n\t\t<div id='gallery-1' class='gallery galleryid-12711 gallery-columns-3 gallery-size-full'><dl class='gallery-item'>\n\t\t\t<dt class='gallery-icon landscape'>\n\t\t\t\t<img width=\"2560\" height=\"1707\" src=\"https:\/\/www.suessemjetaime.lu\/wp-content\/uploads\/2025\/12\/ITV_Fraefussball_251016_DSF0306-scaled.jpg\" class=\"attachment-full size-full\" alt=\"\" loading=\"lazy\" srcset=\"https:\/\/www.suessemjetaime.lu\/wp-content\/uploads\/2025\/12\/ITV_Fraefussball_251016_DSF0306-scaled.jpg 2560w, https:\/\/www.suessemjetaime.lu\/wp-content\/uploads\/2025\/12\/ITV_Fraefussball_251016_DSF0306-300x200.jpg 300w, https:\/\/www.suessemjetaime.lu\/wp-content\/uploads\/2025\/12\/ITV_Fraefussball_251016_DSF0306-1024x683.jpg 1024w, https:\/\/www.suessemjetaime.lu\/wp-content\/uploads\/2025\/12\/ITV_Fraefussball_251016_DSF0306-768x512.jpg 768w, https:\/\/www.suessemjetaime.lu\/wp-content\/uploads\/2025\/12\/ITV_Fraefussball_251016_DSF0306-1536x1024.jpg 1536w, https:\/\/www.suessemjetaime.lu\/wp-content\/uploads\/2025\/12\/ITV_Fraefussball_251016_DSF0306-600x400.jpg 600w\" sizes=\"(max-width: 2560px) 100vw, 2560px\" \/>\n\t\t\t<\/dt><\/dl><dl class='gallery-item'>\n\t\t\t<dt class='gallery-icon landscape'>\n\t\t\t\t<img width=\"2560\" height=\"1707\" src=\"https:\/\/www.suessemjetaime.lu\/wp-content\/uploads\/2025\/12\/ITV_Fraefussball_251016_DSF0600-scaled.jpg\" class=\"attachment-full size-full\" alt=\"\" loading=\"lazy\" srcset=\"https:\/\/www.suessemjetaime.lu\/wp-content\/uploads\/2025\/12\/ITV_Fraefussball_251016_DSF0600-scaled.jpg 2560w, https:\/\/www.suessemjetaime.lu\/wp-content\/uploads\/2025\/12\/ITV_Fraefussball_251016_DSF0600-300x200.jpg 300w, https:\/\/www.suessemjetaime.lu\/wp-content\/uploads\/2025\/12\/ITV_Fraefussball_251016_DSF0600-1024x683.jpg 1024w, https:\/\/www.suessemjetaime.lu\/wp-content\/uploads\/2025\/12\/ITV_Fraefussball_251016_DSF0600-768x512.jpg 768w, https:\/\/www.suessemjetaime.lu\/wp-content\/uploads\/2025\/12\/ITV_Fraefussball_251016_DSF0600-1536x1024.jpg 1536w, https:\/\/www.suessemjetaime.lu\/wp-content\/uploads\/2025\/12\/ITV_Fraefussball_251016_DSF0600-600x400.jpg 600w\" sizes=\"(max-width: 2560px) 100vw, 2560px\" \/>\n\t\t\t<\/dt><\/dl><dl class='gallery-item'>\n\t\t\t<dt class='gallery-icon landscape'>\n\t\t\t\t<img width=\"2560\" height=\"1707\" src=\"https:\/\/www.suessemjetaime.lu\/wp-content\/uploads\/2025\/12\/ITV_Fraefussball_251016_DSF0714-scaled.jpg\" class=\"attachment-full size-full\" alt=\"\" loading=\"lazy\" srcset=\"https:\/\/www.suessemjetaime.lu\/wp-content\/uploads\/2025\/12\/ITV_Fraefussball_251016_DSF0714-scaled.jpg 2560w, https:\/\/www.suessemjetaime.lu\/wp-content\/uploads\/2025\/12\/ITV_Fraefussball_251016_DSF0714-300x200.jpg 300w, https:\/\/www.suessemjetaime.lu\/wp-content\/uploads\/2025\/12\/ITV_Fraefussball_251016_DSF0714-1024x683.jpg 1024w, https:\/\/www.suessemjetaime.lu\/wp-content\/uploads\/2025\/12\/ITV_Fraefussball_251016_DSF0714-768x512.jpg 768w, https:\/\/www.suessemjetaime.lu\/wp-content\/uploads\/2025\/12\/ITV_Fraefussball_251016_DSF0714-1536x1024.jpg 1536w, https:\/\/www.suessemjetaime.lu\/wp-content\/uploads\/2025\/12\/ITV_Fraefussball_251016_DSF0714-600x400.jpg 600w\" sizes=\"(max-width: 2560px) 100vw, 2560px\" \/>\n\t\t\t<\/dt><\/dl><br style=\"clear: both\" \/>\n\t\t<\/div>\n\n<p><img loading=\"lazy\" class=\"aligncenter size-full wp-image-12721\" src=\"https:\/\/www.suessemjetaime.lu\/wp-content\/uploads\/2025\/12\/ITV_Fraefussball_251016_DSF0393-scaled.jpg\" alt=\"\" width=\"1707\" height=\"2560\" srcset=\"https:\/\/www.suessemjetaime.lu\/wp-content\/uploads\/2025\/12\/ITV_Fraefussball_251016_DSF0393-scaled.jpg 1707w, https:\/\/www.suessemjetaime.lu\/wp-content\/uploads\/2025\/12\/ITV_Fraefussball_251016_DSF0393-200x300.jpg 200w, https:\/\/www.suessemjetaime.lu\/wp-content\/uploads\/2025\/12\/ITV_Fraefussball_251016_DSF0393-683x1024.jpg 683w, https:\/\/www.suessemjetaime.lu\/wp-content\/uploads\/2025\/12\/ITV_Fraefussball_251016_DSF0393-768x1152.jpg 768w, https:\/\/www.suessemjetaime.lu\/wp-content\/uploads\/2025\/12\/ITV_Fraefussball_251016_DSF0393-1024x1536.jpg 1024w, https:\/\/www.suessemjetaime.lu\/wp-content\/uploads\/2025\/12\/ITV_Fraefussball_251016_DSF0393-1365x2048.jpg 1365w, https:\/\/www.suessemjetaime.lu\/wp-content\/uploads\/2025\/12\/ITV_Fraefussball_251016_DSF0393-600x900.jpg 600w\" sizes=\"(max-width: 1707px) 100vw, 1707px\" \/><\/p>\n<p>Cette organisation nouvelle offre aux joueuses la possibilit\u00e9 de commencer et de progresser tout au long de leur parcours dans leur club, sans rupture. Cheryl insiste : \u00ab\u202fAujourd\u2019hui, nous avons la possibilit\u00e9 pour les filles de continuer dans leurs cat\u00e9gories d\u2019\u00e2ge. Actuellement, nous avons une trentaine de jeunes joueuses et une vingtaine dans l\u2019\u00e9quipe f\u00e9minine adulte. Le d\u00e9marrage est tr\u00e8s encourageant.\u202f\u00bb<\/p>\n<p><strong>Une r\u00e9ponse \u00e0 une demande longtemps ignor\u00e9e<\/strong><\/p>\n<p>Pendant longtemps, les clubs n\u2019avaient souvent pas assez de joueuses pour former plusieurs \u00e9quipes f\u00e9minines. R\u00e9sultat\u202f: beaucoup \u00e9taient contraintes de jouer avec les gar\u00e7ons ou de changer de club. Ce manque d\u2019options a frein\u00e9 la pratique et le d\u00e9veloppement des jeunes filles.<\/p>\n<p>Cheryl raconte : \u00ab\u202fAuparavant, il n\u2019y avait pas de v\u00e9ritable \u00e9quipe exclusivement f\u00e9minine. Ce projet est n\u00e9 de la volont\u00e9 du comit\u00e9 de donner aux filles la possibilit\u00e9 de pratiquer ce sport du d\u00e9but jusqu\u2019\u00e0 l\u2019\u00e2ge adulte dans un m\u00eame club\u202f\u00bb. En effet, \u00ab\u202fil est important que les filles n\u2019aient pas \u00e0 quitter leur club parce qu\u2019une cat\u00e9gorie d\u2019\u00e2ge manque. Nous voulons que le football f\u00e9minin soit accessible \u00e0 toutes, d\u00e8s le plus jeune \u00e2ge.\u202f\u00bb<\/p>\n<blockquote><p>\u00ab\u202fAujourd\u2019hui, nous avons la possibilit\u00e9 pour les filles de continuer dans leurs cat\u00e9gories d\u2019\u00e2ge.\u202f\u00bb \u2013 Cheryl Offermann<\/p><\/blockquote>\n<p>Les recrutements de nouvelles joueuses s\u2019effectuent progressivement mais de fa\u00e7on r\u00e9guli\u00e8re\u202f: \u00ab\u202fTous les deux ou trois semaines, de nouvelles filles viennent essayer l\u2019entra\u00eenement. Ce n\u2019est pas une foison massive, mais \u00e7a grandit, et c\u2019est tr\u00e8s prometteur.\u202f\u00bb Ces chiffres encouragent l\u2019\u00e9quipe dirigeante dans sa d\u00e9marche d\u2019inclusion et de croissance.<\/p>\n<p><strong>Des rencontres et des parcours inspirants<\/strong><\/p>\n<p>Le CS Sanem, c\u2019est aussi l\u2019histoire de femmes engag\u00e9es qui ont su faire du football leur passion et leur terrain d\u2019expression. Cheryl, elle-m\u00eame pass\u00e9e par des clubs de Hamm puis P\u00e9tange, conna\u00eet bien les difficult\u00e9s li\u00e9es \u00e0 l\u2019absence d\u2019\u00e9quipes f\u00e9minines compl\u00e8tes. Elle t\u00e9moigne : \u00ab\u202fMa fille, qui joue depuis petite, a d\u00e9j\u00e0 d\u00fb changer de club trois fois parce qu\u2019il n\u2019y avait pas de cat\u00e9gorie adapt\u00e9e dans son club. Aujourd\u2019hui, heureusement, elle peut rester dans notre club de Sanem, ce qui n\u2019avait pas toujours \u00e9t\u00e9 possible avant.\u202f\u00bb<\/p>\n<p><img loading=\"lazy\" class=\"aligncenter size-full wp-image-12733\" src=\"https:\/\/www.suessemjetaime.lu\/wp-content\/uploads\/2025\/12\/ITV_Fraefussball_251016_DSF0729-scaled.jpg\" alt=\"\" width=\"2560\" height=\"1707\" srcset=\"https:\/\/www.suessemjetaime.lu\/wp-content\/uploads\/2025\/12\/ITV_Fraefussball_251016_DSF0729-scaled.jpg 2560w, https:\/\/www.suessemjetaime.lu\/wp-content\/uploads\/2025\/12\/ITV_Fraefussball_251016_DSF0729-300x200.jpg 300w, https:\/\/www.suessemjetaime.lu\/wp-content\/uploads\/2025\/12\/ITV_Fraefussball_251016_DSF0729-1024x683.jpg 1024w, https:\/\/www.suessemjetaime.lu\/wp-content\/uploads\/2025\/12\/ITV_Fraefussball_251016_DSF0729-768x512.jpg 768w, https:\/\/www.suessemjetaime.lu\/wp-content\/uploads\/2025\/12\/ITV_Fraefussball_251016_DSF0729-1536x1024.jpg 1536w, https:\/\/www.suessemjetaime.lu\/wp-content\/uploads\/2025\/12\/ITV_Fraefussball_251016_DSF0729-600x400.jpg 600w\" sizes=\"(max-width: 2560px) 100vw, 2560px\" \/><\/p>\n\n\t\t<style type=\"text\/css\">\n\t\t\t#gallery-2 {\n\t\t\t\tmargin: auto;\n\t\t\t}\n\t\t\t#gallery-2 .gallery-item {\n\t\t\t\tfloat: left;\n\t\t\t\tmargin-top: 10px;\n\t\t\t\ttext-align: center;\n\t\t\t\twidth: 33%;\n\t\t\t}\n\t\t\t#gallery-2 img {\n\t\t\t\tborder: 2px solid #cfcfcf;\n\t\t\t}\n\t\t\t#gallery-2 .gallery-caption {\n\t\t\t\tmargin-left: 0;\n\t\t\t}\n\t\t\t\/* see gallery_shortcode() in wp-includes\/media.php *\/\n\t\t<\/style>\n\t\t<div id='gallery-2' class='gallery galleryid-12711 gallery-columns-3 gallery-size-full'><dl class='gallery-item'>\n\t\t\t<dt class='gallery-icon portrait'>\n\t\t\t\t<img width=\"1707\" height=\"2560\" src=\"https:\/\/www.suessemjetaime.lu\/wp-content\/uploads\/2025\/12\/ITV_Fraefussball_251016_DSF0409-scaled.jpg\" class=\"attachment-full size-full\" alt=\"\" loading=\"lazy\" srcset=\"https:\/\/www.suessemjetaime.lu\/wp-content\/uploads\/2025\/12\/ITV_Fraefussball_251016_DSF0409-scaled.jpg 1707w, https:\/\/www.suessemjetaime.lu\/wp-content\/uploads\/2025\/12\/ITV_Fraefussball_251016_DSF0409-200x300.jpg 200w, https:\/\/www.suessemjetaime.lu\/wp-content\/uploads\/2025\/12\/ITV_Fraefussball_251016_DSF0409-683x1024.jpg 683w, https:\/\/www.suessemjetaime.lu\/wp-content\/uploads\/2025\/12\/ITV_Fraefussball_251016_DSF0409-768x1152.jpg 768w, https:\/\/www.suessemjetaime.lu\/wp-content\/uploads\/2025\/12\/ITV_Fraefussball_251016_DSF0409-1024x1536.jpg 1024w, https:\/\/www.suessemjetaime.lu\/wp-content\/uploads\/2025\/12\/ITV_Fraefussball_251016_DSF0409-1365x2048.jpg 1365w, https:\/\/www.suessemjetaime.lu\/wp-content\/uploads\/2025\/12\/ITV_Fraefussball_251016_DSF0409-600x900.jpg 600w\" sizes=\"(max-width: 1707px) 100vw, 1707px\" \/>\n\t\t\t<\/dt><\/dl><dl class='gallery-item'>\n\t\t\t<dt class='gallery-icon portrait'>\n\t\t\t\t<img width=\"1707\" height=\"2560\" src=\"https:\/\/www.suessemjetaime.lu\/wp-content\/uploads\/2025\/12\/ITV_Fraefussball_251016_DSF0771-scaled.jpg\" class=\"attachment-full size-full\" alt=\"\" loading=\"lazy\" srcset=\"https:\/\/www.suessemjetaime.lu\/wp-content\/uploads\/2025\/12\/ITV_Fraefussball_251016_DSF0771-scaled.jpg 1707w, https:\/\/www.suessemjetaime.lu\/wp-content\/uploads\/2025\/12\/ITV_Fraefussball_251016_DSF0771-200x300.jpg 200w, https:\/\/www.suessemjetaime.lu\/wp-content\/uploads\/2025\/12\/ITV_Fraefussball_251016_DSF0771-683x1024.jpg 683w, https:\/\/www.suessemjetaime.lu\/wp-content\/uploads\/2025\/12\/ITV_Fraefussball_251016_DSF0771-768x1152.jpg 768w, https:\/\/www.suessemjetaime.lu\/wp-content\/uploads\/2025\/12\/ITV_Fraefussball_251016_DSF0771-1024x1536.jpg 1024w, https:\/\/www.suessemjetaime.lu\/wp-content\/uploads\/2025\/12\/ITV_Fraefussball_251016_DSF0771-1365x2048.jpg 1365w, https:\/\/www.suessemjetaime.lu\/wp-content\/uploads\/2025\/12\/ITV_Fraefussball_251016_DSF0771-600x900.jpg 600w\" sizes=\"(max-width: 1707px) 100vw, 1707px\" \/>\n\t\t\t<\/dt><\/dl><dl class='gallery-item'>\n\t\t\t<dt class='gallery-icon portrait'>\n\t\t\t\t<img width=\"1707\" height=\"2560\" src=\"https:\/\/www.suessemjetaime.lu\/wp-content\/uploads\/2025\/12\/ITV_Fraefussball_251016_DSF0809-scaled.jpg\" class=\"attachment-full size-full\" alt=\"\" loading=\"lazy\" srcset=\"https:\/\/www.suessemjetaime.lu\/wp-content\/uploads\/2025\/12\/ITV_Fraefussball_251016_DSF0809-scaled.jpg 1707w, https:\/\/www.suessemjetaime.lu\/wp-content\/uploads\/2025\/12\/ITV_Fraefussball_251016_DSF0809-200x300.jpg 200w, https:\/\/www.suessemjetaime.lu\/wp-content\/uploads\/2025\/12\/ITV_Fraefussball_251016_DSF0809-683x1024.jpg 683w, https:\/\/www.suessemjetaime.lu\/wp-content\/uploads\/2025\/12\/ITV_Fraefussball_251016_DSF0809-768x1152.jpg 768w, https:\/\/www.suessemjetaime.lu\/wp-content\/uploads\/2025\/12\/ITV_Fraefussball_251016_DSF0809-1024x1536.jpg 1024w, https:\/\/www.suessemjetaime.lu\/wp-content\/uploads\/2025\/12\/ITV_Fraefussball_251016_DSF0809-1365x2048.jpg 1365w, https:\/\/www.suessemjetaime.lu\/wp-content\/uploads\/2025\/12\/ITV_Fraefussball_251016_DSF0809-600x900.jpg 600w\" sizes=\"(max-width: 1707px) 100vw, 1707px\" \/>\n\t\t\t<\/dt><\/dl><br style=\"clear: both\" \/>\n\t\t<\/div>\n\n<p><img loading=\"lazy\" class=\"aligncenter size-full wp-image-12731\" src=\"https:\/\/www.suessemjetaime.lu\/wp-content\/uploads\/2025\/12\/ITV_Fraefussball_251016_DSF0720-scaled.jpg\" alt=\"\" width=\"2560\" height=\"1707\" srcset=\"https:\/\/www.suessemjetaime.lu\/wp-content\/uploads\/2025\/12\/ITV_Fraefussball_251016_DSF0720-scaled.jpg 2560w, https:\/\/www.suessemjetaime.lu\/wp-content\/uploads\/2025\/12\/ITV_Fraefussball_251016_DSF0720-300x200.jpg 300w, https:\/\/www.suessemjetaime.lu\/wp-content\/uploads\/2025\/12\/ITV_Fraefussball_251016_DSF0720-1024x683.jpg 1024w, https:\/\/www.suessemjetaime.lu\/wp-content\/uploads\/2025\/12\/ITV_Fraefussball_251016_DSF0720-768x512.jpg 768w, https:\/\/www.suessemjetaime.lu\/wp-content\/uploads\/2025\/12\/ITV_Fraefussball_251016_DSF0720-1536x1024.jpg 1536w, https:\/\/www.suessemjetaime.lu\/wp-content\/uploads\/2025\/12\/ITV_Fraefussball_251016_DSF0720-600x400.jpg 600w\" sizes=\"(max-width: 2560px) 100vw, 2560px\" \/><\/p>\n<p>Les t\u00e9moignages de joueuses illustrent parfaitement cette nouvelle dynamique. Alysha, la fille de Cheryl, a rejoint cette saison l\u2019\u00e9quipe senior du club. Elle, 16 ans, explique : \u00ab\u202fDans l\u2019\u00e9quipe, il y a des filles de 15 \u00e0 42 ans. Le m\u00e9lange d\u2019\u00e2ges se passe tr\u00e8s bien. Il y a une telle harmonie que je viens au club m\u00eame quand ce n\u2019est pas obligatoire, c\u2019est pour le plaisir.\u202f\u00bb<\/p>\n<p>Pour les plus jeunes, l\u2019exp\u00e9rience est tout aussi positive. Jo-Anne, 10 ans, partage : \u00ab\u202fJe joue en d\u00e9fense.\u00a0\u00bb Comme Alysha. \u00ab\u00a0C\u2019est ma position pr\u00e9f\u00e9r\u00e9e. Ce que j\u2019aime le plus, c\u2019est jouer les matchs et \u00eatre avec les autres filles.\u202f\u00bb La d\u00e9couverte de ce sport passe ici par la joie, les essais, les apprentissages, tout en partageant.<\/p>\n<p><strong>Lutte contre les st\u00e9r\u00e9otypes et valorisation des talents<\/strong><\/p>\n<p>Pour Cheryl, bien que le football f\u00e9minin ait fait des progr\u00e8s, des in\u00e9galit\u00e9s subsistent : \u00ab\u202fJe remarque toujours qu\u2019il y a une diff\u00e9rence entre le football f\u00e9minin et masculin, que ce soit dans les discussions, la publicit\u00e9, ou la perception des gens.\u202f\u00bb Mais elle confirme que de belles avanc\u00e9es sont en cours : \u00ab\u202fC\u2019est de mieux en mieux, \u00e7a grandit, \u00e7a \u00e9volue chaque jour.\u202f\u00bb L\u2019int\u00e9r\u00eat grandissant du public et l\u2019attention m\u00e9diatique renforcent la place du football f\u00e9minin. Dans ce contexte, le CS Sanem joue un r\u00f4le exemplaire, montrant la voie aux autres clubs dans la r\u00e9gion et suscitant l\u2019int\u00e9r\u00eat autour du football f\u00e9minin.<\/p>\n<blockquote><p>\u00ab\u202fIl y a une telle harmonie que je viens au club m\u00eame quand ce n\u2019est pas obligatoire, c\u2019est pour le plaisir.\u202f\u00bb \u2013 Alysha<\/p><\/blockquote>\n<p>Elle finit par insister : \u00ab\u202fDans notre club, nous sommes tr\u00e8s heureux d\u2019avoir mis en place ces \u00e9quipes. Le but, c\u2019est vraiment que les filles ne soient plus contraintes de changer de club. Tout le monde est le bienvenu pour essayer les entra\u00eenements, chacun progresse \u00e0 son rythme et est accept\u00e9 tel qu\u2019il est.\u202f\u00bb Fiert\u00e9 partag\u00e9e c\u00f4t\u00e9 club et joueuses, les \u00e9quipes f\u00e9minines ont d\u00e9sormais leurs propres maillots et couleurs, distincts de ceux des gar\u00e7ons, attestant de la volont\u00e9 d\u2019affirmer l\u2019identit\u00e9 des filles. Cheryl r\u00e9sume : \u00ab\u202fEmpathie, solidarit\u00e9 et joie sont au c\u0153ur de ce projet.\u202f\u00bb Alysha, jeune joueuse d\u00e9fenseuse, ajoute : \u00ab\u202fTout le monde est tr\u00e8s gentil, c\u2019est un plaisir \u00e9norme de jouer avec elles.\u202f\u00bb Ce projet n\u2019en est qu\u2019\u00e0 ses d\u00e9buts, mais le message est clair : au CS Sanem, chacun\u00b7e peut trouver sa place sur le terrain, dans un climat d\u2019\u00e9galit\u00e9 et d\u2019amiti\u00e9. Le club est fier de contribuer \u00e0 rendre le football f\u00e9minin plus visible et accessible dans la commune. Longue vie aux joueuses du CS Sanem.<\/p>\n<p><strong>Informations suppl\u00e9mentaires concernant les entrainements\u00a0: <\/strong><\/p>\n<p>WU11 &amp; WU13 | mardi et jeudi de 17h15\u201318h30<\/p>\n<p>WU15 | mercredi et vendredi de 17h30\u201319h00<\/p>\n<p>Rendez-vous au complexe sportif de Sanem<\/p>\n<p><img loading=\"lazy\" class=\"aligncenter size-full wp-image-12735\" src=\"https:\/\/www.suessemjetaime.lu\/wp-content\/uploads\/2025\/12\/ITV_Fraefussball_251016_DSF0733-scaled.jpg\" alt=\"\" width=\"2560\" height=\"1707\" srcset=\"https:\/\/www.suessemjetaime.lu\/wp-content\/uploads\/2025\/12\/ITV_Fraefussball_251016_DSF0733-scaled.jpg 2560w, https:\/\/www.suessemjetaime.lu\/wp-content\/uploads\/2025\/12\/ITV_Fraefussball_251016_DSF0733-300x200.jpg 300w, https:\/\/www.suessemjetaime.lu\/wp-content\/uploads\/2025\/12\/ITV_Fraefussball_251016_DSF0733-1024x683.jpg 1024w, https:\/\/www.suessemjetaime.lu\/wp-content\/uploads\/2025\/12\/ITV_Fraefussball_251016_DSF0733-768x512.jpg 768w, https:\/\/www.suessemjetaime.lu\/wp-content\/uploads\/2025\/12\/ITV_Fraefussball_251016_DSF0733-1536x1024.jpg 1536w, https:\/\/www.suessemjetaime.lu\/wp-content\/uploads\/2025\/12\/ITV_Fraefussball_251016_DSF0733-600x400.jpg 600w\" sizes=\"(max-width: 2560px) 100vw, 2560px\" \/><\/p>\n","protected":false},"excerpt":{"rendered":"<p>Il y a encore peu de temps, il \u00e9tait tr\u00e8s difficile pour les filles et femmes passionn\u00e9es de football de mener leur parcours sportif sans rencontrer d\u2019obstacles majeurs. L\u2019absence d\u2019\u00e9quipes f\u00e9minines compl\u00e8tes, l\u2019impossibilit\u00e9 d\u2019\u00e9voluer dans toutes les cat\u00e9gories d\u2019\u00e2ge\u2026<\/p>\n","protected":false},"author":4,"featured_media":12737,"comment_status":"closed","ping_status":"closed","sticky":false,"template":"","format":"standard","meta":[],"categories":[33],"tags":[],"yoast_head":"<!-- This site is optimized with the Yoast SEO plugin v15.2.1 - https:\/\/yoast.com\/wordpress\/plugins\/seo\/ -->\n<title>Nouvelle \u00e8re pour le football f\u00e9minin &bull; Suessem, je t&#039;aime<\/title>\n<meta name=\"robots\" content=\"index, follow, max-snippet:-1, max-image-preview:large, max-video-preview:-1\" \/>\n<link rel=\"canonical\" href=\"https:\/\/www.suessemjetaime.lu\/fr\/nouvelle-ere-pour-le-football-feminin-dans-la-commune\/\" \/>\n<meta property=\"og:locale\" content=\"fr_FR\" \/>\n<meta property=\"og:type\" content=\"article\" \/>\n<meta property=\"og:title\" content=\"Nouvelle \u00e8re pour le football f\u00e9minin &bull; Suessem, je t&#039;aime\" \/>\n<meta property=\"og:description\" content=\"Il y a encore peu de temps, il \u00e9tait tr\u00e8s difficile pour les filles et femmes passionn\u00e9es de football de mener leur parcours sportif sans rencontrer d\u2019obstacles majeurs. L\u2019absence d\u2019\u00e9quipes f\u00e9minines compl\u00e8tes, l\u2019impossibilit\u00e9 d\u2019\u00e9voluer dans toutes les cat\u00e9gories d\u2019\u00e2ge\u2026\" \/>\n<meta property=\"og:url\" content=\"https:\/\/www.suessemjetaime.lu\/fr\/nouvelle-ere-pour-le-football-feminin-dans-la-commune\/\" \/>\n<meta property=\"og:site_name\" content=\"Suessem, je t&#039;aime\" \/>\n<meta property=\"article:publisher\" content=\"https:\/\/www.facebook.com\/communedesanem\/\" \/>\n<meta property=\"article:published_time\" content=\"2025-12-17T11:20:35+00:00\" \/>\n<meta property=\"article:modified_time\" content=\"2025-12-17T14:03:38+00:00\" \/>\n<meta property=\"og:image\" content=\"https:\/\/www.suessemjetaime.lu\/wp-content\/uploads\/2025\/12\/ITV_Fraefussball_251016_DSF0704-scaled.jpg\" \/>\n\t<meta property=\"og:image:width\" content=\"2560\" \/>\n\t<meta property=\"og:image:height\" content=\"1707\" \/>\n<meta name=\"twitter:card\" content=\"summary_large_image\" \/>\n<meta name=\"twitter:label1\" content=\"\u00c9crit par\">\n\t<meta name=\"twitter:data1\" content=\"Suessem\">\n\t<meta name=\"twitter:label2\" content=\"Dur\u00e9e de lecture est.\">\n\t<meta name=\"twitter:data2\" content=\"5 minutes\">\n<script type=\"application\/ld+json\" class=\"yoast-schema-graph\">{\"@context\":\"https:\/\/schema.org\",\"@graph\":[{\"@type\":\"Organization\",\"@id\":\"https:\/\/www.suessemjetaime.lu\/#organization\",\"name\":\"Commune de Sanem\",\"url\":\"https:\/\/www.suessemjetaime.lu\/\",\"sameAs\":[\"https:\/\/www.facebook.com\/communedesanem\/\",\"https:\/\/www.youtube.com\/channel\/UCVN7kgmkkpcfy3Hb63mx_tQ\/featured\"],\"logo\":{\"@type\":\"ImageObject\",\"@id\":\"https:\/\/www.suessemjetaime.lu\/#logo\",\"inLanguage\":\"fr-FR\",\"url\":\"https:\/\/www.suessemjetaime.lu\/wp-content\/uploads\/2019\/03\/400_188_LOGO_SANEM.png\",\"width\":400,\"height\":188,\"caption\":\"Commune de Sanem\"},\"image\":{\"@id\":\"https:\/\/www.suessemjetaime.lu\/#logo\"}},{\"@type\":\"WebSite\",\"@id\":\"https:\/\/www.suessemjetaime.lu\/#website\",\"url\":\"https:\/\/www.suessemjetaime.lu\/\",\"name\":\"Suessem, je t&#039;aime\",\"description\":\"le Blog de la commune de Sanem\",\"publisher\":{\"@id\":\"https:\/\/www.suessemjetaime.lu\/#organization\"},\"potentialAction\":[{\"@type\":\"SearchAction\",\"target\":\"https:\/\/www.suessemjetaime.lu\/?s={search_term_string}\",\"query-input\":\"required name=search_term_string\"}],\"inLanguage\":\"fr-FR\"},{\"@type\":\"ImageObject\",\"@id\":\"https:\/\/www.suessemjetaime.lu\/fr\/nouvelle-ere-pour-le-football-feminin-dans-la-commune\/#primaryimage\",\"inLanguage\":\"fr-FR\",\"url\":\"https:\/\/www.suessemjetaime.lu\/wp-content\/uploads\/2025\/12\/ITV_Fraefussball_251016_DSF0704-scaled.jpg\",\"width\":2560,\"height\":1707},{\"@type\":\"WebPage\",\"@id\":\"https:\/\/www.suessemjetaime.lu\/fr\/nouvelle-ere-pour-le-football-feminin-dans-la-commune\/#webpage\",\"url\":\"https:\/\/www.suessemjetaime.lu\/fr\/nouvelle-ere-pour-le-football-feminin-dans-la-commune\/\",\"name\":\"Nouvelle \\u00e8re pour le football f\\u00e9minin &bull; Suessem, je t&#039;aime\",\"isPartOf\":{\"@id\":\"https:\/\/www.suessemjetaime.lu\/#website\"},\"primaryImageOfPage\":{\"@id\":\"https:\/\/www.suessemjetaime.lu\/fr\/nouvelle-ere-pour-le-football-feminin-dans-la-commune\/#primaryimage\"},\"datePublished\":\"2025-12-17T11:20:35+00:00\",\"dateModified\":\"2025-12-17T14:03:38+00:00\",\"inLanguage\":\"fr-FR\",\"potentialAction\":[{\"@type\":\"ReadAction\",\"target\":[\"https:\/\/www.suessemjetaime.lu\/fr\/nouvelle-ere-pour-le-football-feminin-dans-la-commune\/\"]}]},{\"@type\":\"Article\",\"@id\":\"https:\/\/www.suessemjetaime.lu\/fr\/nouvelle-ere-pour-le-football-feminin-dans-la-commune\/#article\",\"isPartOf\":{\"@id\":\"https:\/\/www.suessemjetaime.lu\/fr\/nouvelle-ere-pour-le-football-feminin-dans-la-commune\/#webpage\"},\"author\":{\"@id\":\"https:\/\/www.suessemjetaime.lu\/#\/schema\/person\/0cacc039fca45c1bb3d06544fdf18c63\"},\"headline\":\"Nouvelle \\u00e8re pour le football f\\u00e9minin\",\"datePublished\":\"2025-12-17T11:20:35+00:00\",\"dateModified\":\"2025-12-17T14:03:38+00:00\",\"mainEntityOfPage\":{\"@id\":\"https:\/\/www.suessemjetaime.lu\/fr\/nouvelle-ere-pour-le-football-feminin-dans-la-commune\/#webpage\"},\"publisher\":{\"@id\":\"https:\/\/www.suessemjetaime.lu\/#organization\"},\"image\":{\"@id\":\"https:\/\/www.suessemjetaime.lu\/fr\/nouvelle-ere-pour-le-football-feminin-dans-la-commune\/#primaryimage\"},\"articleSection\":\"Noise\",\"inLanguage\":\"fr-FR\"},{\"@type\":\"Person\",\"@id\":\"https:\/\/www.suessemjetaime.lu\/#\/schema\/person\/0cacc039fca45c1bb3d06544fdf18c63\",\"name\":\"Suessem\",\"image\":{\"@type\":\"ImageObject\",\"@id\":\"https:\/\/www.suessemjetaime.lu\/#personlogo\",\"inLanguage\":\"fr-FR\",\"url\":\"https:\/\/secure.gravatar.com\/avatar\/77fabd1f92df29867737b77509c5795b?s=96&d=mm&r=g\",\"caption\":\"Suessem\"}}]}<\/script>\n<!-- \/ Yoast SEO plugin. -->","_links":{"self":[{"href":"https:\/\/www.suessemjetaime.lu\/fr\/wp-json\/wp\/v2\/posts\/12711\/"}],"collection":[{"href":"https:\/\/www.suessemjetaime.lu\/fr\/wp-json\/wp\/v2\/posts\/"}],"about":[{"href":"https:\/\/www.suessemjetaime.lu\/fr\/wp-json\/wp\/v2\/types\/post\/"}],"author":[{"embeddable":true,"href":"https:\/\/www.suessemjetaime.lu\/fr\/wp-json\/wp\/v2\/users\/4\/"}],"replies":[{"embeddable":true,"href":"https:\/\/www.suessemjetaime.lu\/fr\/wp-json\/wp\/v2\/comments\/?post=12711"}],"version-history":[{"count":4,"href":"https:\/\/www.suessemjetaime.lu\/fr\/wp-json\/wp\/v2\/posts\/12711\/revisions\/"}],"predecessor-version":[{"id":12758,"href":"https:\/\/www.suessemjetaime.lu\/fr\/wp-json\/wp\/v2\/posts\/12711\/revisions\/12758\/"}],"wp:featuredmedia":[{"embeddable":true,"href":"https:\/\/www.suessemjetaime.lu\/fr\/wp-json\/wp\/v2\/media\/12737\/"}],"wp:attachment":[{"href":"https:\/\/www.suessemjetaime.lu\/fr\/wp-json\/wp\/v2\/media\/?parent=12711"}],"wp:term":[{"taxonomy":"category","embeddable":true,"href":"https:\/\/www.suessemjetaime.lu\/fr\/wp-json\/wp\/v2\/categories\/?post=12711"},{"taxonomy":"post_tag","embeddable":true,"href":"https:\/\/www.suessemjetaime.lu\/fr\/wp-json\/wp\/v2\/tags\/?post=12711"}],"curies":[{"name":"wp","href":"https:\/\/api.w.org\/{rel}","templated":true}]}}