{"id":12541,"date":"2025-09-12T07:26:01","date_gmt":"2025-09-12T07:26:01","guid":{"rendered":"https:\/\/www.suessemjetaime.lu\/?p=12541"},"modified":"2025-09-12T07:30:23","modified_gmt":"2025-09-12T07:30:23","slug":"plus-quun-service-un-savoir-faire","status":"publish","type":"post","link":"https:\/\/www.suessemjetaime.lu\/fr\/plus-quun-service-un-savoir-faire\/","title":{"rendered":"Plus qu\u2019un service, un savoir-faire"},"content":{"rendered":"<p><strong>Un salon de coiffure alliant c\u0153ur et professionnalisme, en plein c\u0153ur de la R\u00e9sidence de la Waassertrap : voil\u00e0 Hairdress by Tess. La g\u00e9rante est originaire de Frisange, mais elle a eu l\u2019opportunit\u00e9 d\u2019implanter un second \u00e9tablissement ici, dans notre commune. Nous sommes all\u00e9s lui rendre visite un apr\u00e8s-midi.<\/strong><!--more--><\/p>\n<p data-start=\"142\" data-end=\"684\">Depuis janvier 2025, la R\u00e9sidence de la Waassertrap (REWA) accueille quelques nouveaux visages sous son toit. Le salon de coiffure Hairdress by Tess est d\u00e9j\u00e0 bien connu de beaucoup, car, comme nous l\u2019a racont\u00e9 Tessy Varnier-Cattazzo lors de notre entretien, elle a re\u00e7u il y a quelques mois une douzaine d\u2019appels de la r\u00e9gion suite \u00e0 l\u2019annonce publi\u00e9e par la commune. \u00ab Je ne m\u2019en suis pas rendue compte imm\u00e9diatement \u00bb, se souvient-elle. \u00ab J\u2019ai re\u00e7u tellement de messages de clients me disant de d\u00e9poser mon dossier et d\u2019essayer. \u00bb Le soutien de sa client\u00e8le fid\u00e8le a \u00e9t\u00e9 pr\u00e9cieux, mais il fallait \u00e9galement convaincre le jury de la commune et soumettre sa candidature, car l\u2019appel \u00e0 projets est arriv\u00e9 en d\u00e9cembre 2024. \u00ab J\u2019\u00e9tais aux anges quand j\u2019ai re\u00e7u la nouvelle. Et en plus, c\u2019\u00e9tait juste avant No\u00ebl \u2013 le plus beau cadeau ! \u00bb Sur environ 26 dossiers, l\u2019\u00e9quipe de Tess a r\u00e9ussi \u00e0 s\u2019imposer, se r\u00e9jouit fi\u00e8rement l\u2019entrepreneuse.<\/p>\n<p data-start=\"1090\" data-end=\"1117\"><strong data-start=\"1090\" data-end=\"1115\">Une passion familiale<\/strong><\/p>\n<p data-start=\"1119\" data-end=\"1550\">La formation de la jeune femme de 37 ans s\u2019est faite chez son oncle \u00e0 Mondercange. \u00ab On peut dire que j\u2019y ai grandi \u00bb, raconte-t-elle. Le premier salon de son oncle \u00e9tait \u00e0 Esch. Lors de la journ\u00e9e portes ouvertes, Tess n\u2019avait que trois ans sur la photo dans le journal. \u00ab Plus tard, j\u2019\u00e9tais toujours au salon, j\u2019ai commenc\u00e9 \u00e0 aider, puis \u00e0 travailler. \u00bb Il n\u2019est donc pas surprenant que Tess ait suivi cette voie professionnelle. Le salon de la REWA appartenait auparavant \u00e0 une coiffeuse qui donnait des cours du soir \u00e0 la Chambre des M\u00e9tiers. \u00ab J\u2019\u00e9tais assise dans ces cours \u00bb, commence Tess en se rem\u00e9morant. \u00ab J\u2019avais 17 ans, donc j\u2019\u00e9tais d\u00e9j\u00e0 bien impliqu\u00e9e dans l\u2019apprentissage. Quand la coiffeuse de la Chambre a su que je reprenais le salon cette ann\u00e9e, elle \u00e9tait tr\u00e8s heureuse. Elle m\u2019a reconnue imm\u00e9diatement. On se croise vraiment deux fois dans la vie. \u00bb<\/p>\n\n\t\t<style type=\"text\/css\">\n\t\t\t#gallery-1 {\n\t\t\t\tmargin: auto;\n\t\t\t}\n\t\t\t#gallery-1 .gallery-item {\n\t\t\t\tfloat: left;\n\t\t\t\tmargin-top: 10px;\n\t\t\t\ttext-align: center;\n\t\t\t\twidth: 33%;\n\t\t\t}\n\t\t\t#gallery-1 img {\n\t\t\t\tborder: 2px solid #cfcfcf;\n\t\t\t}\n\t\t\t#gallery-1 .gallery-caption {\n\t\t\t\tmargin-left: 0;\n\t\t\t}\n\t\t\t\/* see gallery_shortcode() in wp-includes\/media.php *\/\n\t\t<\/style>\n\t\t<div id='gallery-1' class='gallery galleryid-12541 gallery-columns-3 gallery-size-full'><dl class='gallery-item'>\n\t\t\t<dt class='gallery-icon portrait'>\n\t\t\t\t<img width=\"1707\" height=\"2560\" src=\"https:\/\/www.suessemjetaime.lu\/wp-content\/uploads\/2025\/09\/ITV_HairdressByTess_250611_DSF5055-scaled.jpg\" class=\"attachment-full size-full\" alt=\"\" loading=\"lazy\" srcset=\"https:\/\/www.suessemjetaime.lu\/wp-content\/uploads\/2025\/09\/ITV_HairdressByTess_250611_DSF5055-scaled.jpg 1707w, https:\/\/www.suessemjetaime.lu\/wp-content\/uploads\/2025\/09\/ITV_HairdressByTess_250611_DSF5055-200x300.jpg 200w, https:\/\/www.suessemjetaime.lu\/wp-content\/uploads\/2025\/09\/ITV_HairdressByTess_250611_DSF5055-683x1024.jpg 683w, https:\/\/www.suessemjetaime.lu\/wp-content\/uploads\/2025\/09\/ITV_HairdressByTess_250611_DSF5055-768x1152.jpg 768w, https:\/\/www.suessemjetaime.lu\/wp-content\/uploads\/2025\/09\/ITV_HairdressByTess_250611_DSF5055-1024x1536.jpg 1024w, https:\/\/www.suessemjetaime.lu\/wp-content\/uploads\/2025\/09\/ITV_HairdressByTess_250611_DSF5055-1365x2048.jpg 1365w, https:\/\/www.suessemjetaime.lu\/wp-content\/uploads\/2025\/09\/ITV_HairdressByTess_250611_DSF5055-600x900.jpg 600w\" sizes=\"(max-width: 1707px) 100vw, 1707px\" \/>\n\t\t\t<\/dt><\/dl><dl class='gallery-item'>\n\t\t\t<dt class='gallery-icon portrait'>\n\t\t\t\t<img width=\"1707\" height=\"2560\" src=\"https:\/\/www.suessemjetaime.lu\/wp-content\/uploads\/2025\/09\/ITV_HairdressByTess_250611_DSF5105-scaled.jpg\" class=\"attachment-full size-full\" alt=\"\" loading=\"lazy\" srcset=\"https:\/\/www.suessemjetaime.lu\/wp-content\/uploads\/2025\/09\/ITV_HairdressByTess_250611_DSF5105-scaled.jpg 1707w, https:\/\/www.suessemjetaime.lu\/wp-content\/uploads\/2025\/09\/ITV_HairdressByTess_250611_DSF5105-200x300.jpg 200w, https:\/\/www.suessemjetaime.lu\/wp-content\/uploads\/2025\/09\/ITV_HairdressByTess_250611_DSF5105-683x1024.jpg 683w, https:\/\/www.suessemjetaime.lu\/wp-content\/uploads\/2025\/09\/ITV_HairdressByTess_250611_DSF5105-768x1152.jpg 768w, https:\/\/www.suessemjetaime.lu\/wp-content\/uploads\/2025\/09\/ITV_HairdressByTess_250611_DSF5105-1024x1536.jpg 1024w, https:\/\/www.suessemjetaime.lu\/wp-content\/uploads\/2025\/09\/ITV_HairdressByTess_250611_DSF5105-1365x2048.jpg 1365w, https:\/\/www.suessemjetaime.lu\/wp-content\/uploads\/2025\/09\/ITV_HairdressByTess_250611_DSF5105-600x900.jpg 600w\" sizes=\"(max-width: 1707px) 100vw, 1707px\" \/>\n\t\t\t<\/dt><\/dl><dl class='gallery-item'>\n\t\t\t<dt class='gallery-icon portrait'>\n\t\t\t\t<img width=\"1707\" height=\"2560\" src=\"https:\/\/www.suessemjetaime.lu\/wp-content\/uploads\/2025\/09\/ITV_HairdressByTess_250611_DSF5123-scaled.jpg\" class=\"attachment-full size-full\" alt=\"\" loading=\"lazy\" srcset=\"https:\/\/www.suessemjetaime.lu\/wp-content\/uploads\/2025\/09\/ITV_HairdressByTess_250611_DSF5123-scaled.jpg 1707w, https:\/\/www.suessemjetaime.lu\/wp-content\/uploads\/2025\/09\/ITV_HairdressByTess_250611_DSF5123-200x300.jpg 200w, https:\/\/www.suessemjetaime.lu\/wp-content\/uploads\/2025\/09\/ITV_HairdressByTess_250611_DSF5123-683x1024.jpg 683w, https:\/\/www.suessemjetaime.lu\/wp-content\/uploads\/2025\/09\/ITV_HairdressByTess_250611_DSF5123-768x1152.jpg 768w, https:\/\/www.suessemjetaime.lu\/wp-content\/uploads\/2025\/09\/ITV_HairdressByTess_250611_DSF5123-1024x1536.jpg 1024w, https:\/\/www.suessemjetaime.lu\/wp-content\/uploads\/2025\/09\/ITV_HairdressByTess_250611_DSF5123-1365x2048.jpg 1365w, https:\/\/www.suessemjetaime.lu\/wp-content\/uploads\/2025\/09\/ITV_HairdressByTess_250611_DSF5123-600x900.jpg 600w\" sizes=\"(max-width: 1707px) 100vw, 1707px\" \/>\n\t\t\t<\/dt><\/dl><br style=\"clear: both\" \/>\n\t\t<\/div>\n\n<p>Korinna Lucas est la g\u00e9rante du salon sous son nouveau nom. \u00ab Sans elle, cela n\u2019aurait pas \u00e9t\u00e9 possible \u00bb, pr\u00e9cise Tess en jetant un regard \u00e0 sa collaboratrice, occup\u00e9e \u00e0 coiffer une cliente. \u00ab Elle a \u00e9t\u00e9 ma premi\u00e8re apprentie et dirige maintenant le salon ici \u00bb, ajoute-t-elle avec un large sourire. Tess a form\u00e9 au total trois apprenties, qui travaillent encore aujourd\u2019hui avec elle. \u00c0 la R\u00e9sidence de la Waassertrap, deux coiffeuses sont employ\u00e9es, et une autre personne viendra renforcer l\u2019\u00e9quipe du salon \u00e0 l\u2019avenir.<\/p>\n<blockquote><p>\u00ab Le salon a un c\u00f4t\u00e9 familial. On s\u2019y sent comme \u00e0 la maison. \u00c7a nous permet de sortir un peu de notre quotidien. Et si ce n\u2019\u00e9tait pas bien, on ne reviendrait pas. \u00bb \u2013 Odette Tonet, cliente<\/p><\/blockquote>\n<p>\u00ab Je viens ici chaque semaine \u00bb, raconte Anita Jacoby pendant que Korinna lui coiffe les cheveux. \u00ab Cheveux, coupe, ongles, je suis toujours satisfaite. \u00bb Korinna et Madame Jacoby s\u2019entendent \u00e0 merveille, ce qui ne passe ni inaper\u00e7u ni inentendu. \u00ab Elle pourrait \u00eatre ma fille \u00bb, plaisante la r\u00e9sidente de la REWA, et toutes deux \u00e9clatent de rire.<\/p>\n<p><strong>Ne pas \u00eatre seul\u2219e<\/strong><\/p>\n<p>Avec les r\u00e9sidents, chaque jour a sa propre dynamique particuli\u00e8re. \u00ab On a sa client\u00e8le fid\u00e8le. Certains viennent toutes les semaines, parfois deux fois par semaine \u00bb, explique Tess. \u00ab Tous ceux qui passent sous mes ciseaux, je les connais par leur pr\u00e9nom \u00bb, ajoute Korinna. De nombreux r\u00e9sident\u2219e\u2219s viennent pour se faire coiffer, mais restent \u00e9galement pour discuter avec les coiffeuses. Korinna a vite compris qu\u2019ils veulent parler et ne pas se sentir seuls. Pr\u00eater une oreille attentive et \u00eatre l\u00e0 pour eux fait autant partie du service que laver et couper les cheveux. Souvent, les coiffeuses sont les seules personnes que les r\u00e9sidents voient dans la journ\u00e9e. \u00ab Nous voulons leur rendre quelque chose \u00bb, affirme Tess. \u00ab Rendre un peu d\u2019amour, les \u00e9couter, et leur permettre de se sentir encore comme faisant partie de la soci\u00e9t\u00e9. \u00bb Souvent, ils passent juste le matin pour dire bonjour et bavarder un peu. D\u00e8s le d\u00e9but, Tess avait conscience que l\u2019atmosph\u00e8re ici serait diff\u00e9rente. Ce sont ces moments qui rendent parfois le quotidien un peu plus difficile. \u00ab On voit les gens et puis, parfois, ils ne sont plus l\u00e0. On en parle ensuite en \u00e9quipe, ce ne sont pas les moments les plus faciles \u00bb, raconte la patronne.<\/p>\n<p><img loading=\"lazy\" class=\"aligncenter wp-image-12525 size-full\" src=\"https:\/\/www.suessemjetaime.lu\/wp-content\/uploads\/2025\/09\/ITV_HairdressByTess_250611_DSF5216-scaled.jpg\" alt=\"\" width=\"1707\" height=\"2560\" srcset=\"https:\/\/www.suessemjetaime.lu\/wp-content\/uploads\/2025\/09\/ITV_HairdressByTess_250611_DSF5216-scaled.jpg 1707w, https:\/\/www.suessemjetaime.lu\/wp-content\/uploads\/2025\/09\/ITV_HairdressByTess_250611_DSF5216-200x300.jpg 200w, https:\/\/www.suessemjetaime.lu\/wp-content\/uploads\/2025\/09\/ITV_HairdressByTess_250611_DSF5216-683x1024.jpg 683w, https:\/\/www.suessemjetaime.lu\/wp-content\/uploads\/2025\/09\/ITV_HairdressByTess_250611_DSF5216-768x1152.jpg 768w, https:\/\/www.suessemjetaime.lu\/wp-content\/uploads\/2025\/09\/ITV_HairdressByTess_250611_DSF5216-1024x1536.jpg 1024w, https:\/\/www.suessemjetaime.lu\/wp-content\/uploads\/2025\/09\/ITV_HairdressByTess_250611_DSF5216-1365x2048.jpg 1365w, https:\/\/www.suessemjetaime.lu\/wp-content\/uploads\/2025\/09\/ITV_HairdressByTess_250611_DSF5216-600x900.jpg 600w\" sizes=\"(max-width: 1707px) 100vw, 1707px\" \/><\/p>\n\n\t\t<style type=\"text\/css\">\n\t\t\t#gallery-2 {\n\t\t\t\tmargin: auto;\n\t\t\t}\n\t\t\t#gallery-2 .gallery-item {\n\t\t\t\tfloat: left;\n\t\t\t\tmargin-top: 10px;\n\t\t\t\ttext-align: center;\n\t\t\t\twidth: 33%;\n\t\t\t}\n\t\t\t#gallery-2 img {\n\t\t\t\tborder: 2px solid #cfcfcf;\n\t\t\t}\n\t\t\t#gallery-2 .gallery-caption {\n\t\t\t\tmargin-left: 0;\n\t\t\t}\n\t\t\t\/* see gallery_shortcode() in wp-includes\/media.php *\/\n\t\t<\/style>\n\t\t<div id='gallery-2' class='gallery galleryid-12541 gallery-columns-3 gallery-size-full'><dl class='gallery-item'>\n\t\t\t<dt class='gallery-icon landscape'>\n\t\t\t\t<img width=\"2560\" height=\"1707\" src=\"https:\/\/www.suessemjetaime.lu\/wp-content\/uploads\/2025\/09\/ITV_HairdressByTess_250611_DSF5085-scaled.jpg\" class=\"attachment-full size-full\" alt=\"\" loading=\"lazy\" srcset=\"https:\/\/www.suessemjetaime.lu\/wp-content\/uploads\/2025\/09\/ITV_HairdressByTess_250611_DSF5085-scaled.jpg 2560w, https:\/\/www.suessemjetaime.lu\/wp-content\/uploads\/2025\/09\/ITV_HairdressByTess_250611_DSF5085-300x200.jpg 300w, https:\/\/www.suessemjetaime.lu\/wp-content\/uploads\/2025\/09\/ITV_HairdressByTess_250611_DSF5085-1024x683.jpg 1024w, https:\/\/www.suessemjetaime.lu\/wp-content\/uploads\/2025\/09\/ITV_HairdressByTess_250611_DSF5085-768x512.jpg 768w, https:\/\/www.suessemjetaime.lu\/wp-content\/uploads\/2025\/09\/ITV_HairdressByTess_250611_DSF5085-1536x1024.jpg 1536w, https:\/\/www.suessemjetaime.lu\/wp-content\/uploads\/2025\/09\/ITV_HairdressByTess_250611_DSF5085-600x400.jpg 600w\" sizes=\"(max-width: 2560px) 100vw, 2560px\" \/>\n\t\t\t<\/dt><\/dl><dl class='gallery-item'>\n\t\t\t<dt class='gallery-icon landscape'>\n\t\t\t\t<img width=\"2560\" height=\"1707\" src=\"https:\/\/www.suessemjetaime.lu\/wp-content\/uploads\/2025\/09\/ITV_HairdressByTess_250611_DSF5229-scaled.jpg\" class=\"attachment-full size-full\" alt=\"\" loading=\"lazy\" srcset=\"https:\/\/www.suessemjetaime.lu\/wp-content\/uploads\/2025\/09\/ITV_HairdressByTess_250611_DSF5229-scaled.jpg 2560w, https:\/\/www.suessemjetaime.lu\/wp-content\/uploads\/2025\/09\/ITV_HairdressByTess_250611_DSF5229-300x200.jpg 300w, https:\/\/www.suessemjetaime.lu\/wp-content\/uploads\/2025\/09\/ITV_HairdressByTess_250611_DSF5229-1024x683.jpg 1024w, https:\/\/www.suessemjetaime.lu\/wp-content\/uploads\/2025\/09\/ITV_HairdressByTess_250611_DSF5229-768x512.jpg 768w, https:\/\/www.suessemjetaime.lu\/wp-content\/uploads\/2025\/09\/ITV_HairdressByTess_250611_DSF5229-1536x1024.jpg 1536w, https:\/\/www.suessemjetaime.lu\/wp-content\/uploads\/2025\/09\/ITV_HairdressByTess_250611_DSF5229-600x400.jpg 600w\" sizes=\"(max-width: 2560px) 100vw, 2560px\" \/>\n\t\t\t<\/dt><\/dl><dl class='gallery-item'>\n\t\t\t<dt class='gallery-icon landscape'>\n\t\t\t\t<img width=\"2560\" height=\"1707\" src=\"https:\/\/www.suessemjetaime.lu\/wp-content\/uploads\/2025\/09\/ITV_HairdressByTess_250611_DSF5092-scaled.jpg\" class=\"attachment-full size-full\" alt=\"\" loading=\"lazy\" srcset=\"https:\/\/www.suessemjetaime.lu\/wp-content\/uploads\/2025\/09\/ITV_HairdressByTess_250611_DSF5092-scaled.jpg 2560w, https:\/\/www.suessemjetaime.lu\/wp-content\/uploads\/2025\/09\/ITV_HairdressByTess_250611_DSF5092-300x200.jpg 300w, https:\/\/www.suessemjetaime.lu\/wp-content\/uploads\/2025\/09\/ITV_HairdressByTess_250611_DSF5092-1024x683.jpg 1024w, https:\/\/www.suessemjetaime.lu\/wp-content\/uploads\/2025\/09\/ITV_HairdressByTess_250611_DSF5092-768x512.jpg 768w, https:\/\/www.suessemjetaime.lu\/wp-content\/uploads\/2025\/09\/ITV_HairdressByTess_250611_DSF5092-1536x1024.jpg 1536w, https:\/\/www.suessemjetaime.lu\/wp-content\/uploads\/2025\/09\/ITV_HairdressByTess_250611_DSF5092-600x400.jpg 600w\" sizes=\"(max-width: 2560px) 100vw, 2560px\" \/>\n\t\t\t<\/dt><\/dl><br style=\"clear: both\" \/>\n\t\t<\/div>\n\n<p data-start=\"117\" data-end=\"606\">Le salon est \u00e9galement ouvert aux personnes qui ne r\u00e9sident pas \u00e0 la REWA. \u00ab Au d\u00e9but, ce n\u2019\u00e9tait pas le cas \u00bb, se souvient Tess. \u00ab Maintenant, tout le monde est le\u00b7a bienvenu\u00b7e chez nous. \u00bb Il faut toutefois garder en t\u00eate que le vendredi est la journ\u00e9e la plus charg\u00e9e en rendez-vous. \u00ab Ils veulent tous \u00eatre beaux\u00b7belles pour le week-end, donc nous sommes souvent complets le vendredi. \u00bb Madame Jacoby confirme : \u00ab D\u2019habitude je venais ce jour-l\u00e0, mais l\u00e0, il y avait trop de monde. \u00bb<\/p>\n<p data-start=\"608\" data-end=\"631\"><strong data-start=\"608\" data-end=\"629\">Comme \u00e0 la maison<\/strong><\/p>\n<p data-start=\"633\" data-end=\"1324\">\u00ab Apparemment, il y avait une r\u00e9sidente qui faisait beaucoup de publicit\u00e9 pour nous \u00bb, raconte Tess. \u00ab Ici, \u00e7a se sait vite \u2013 m\u00eame si quelque chose devait mal se passer. Les gens en parlent. \u00bb Entre-temps, une deuxi\u00e8me cliente arrive. Au fil de la conversation, il s\u2019av\u00e8re qu\u2019il s\u2019agit pr\u00e9cis\u00e9ment d\u2019Odette Tonet, qui vantait les m\u00e9rites du salon. Madame Tonet fait partie du conseil des r\u00e9sident\u00b7e\u00b7s de la REWA. \u00ab Je peux alors y mettre mon petit grain de sel. Et c\u2019est bien de souligner ce qui est bon \u00bb, explique-t-elle. \u00ab Le salon a un c\u00f4t\u00e9 familial. On s\u2019y sent comme \u00e0 la maison. \u00c7a nous permet de sortir un peu de notre quotidien. Et si ce n\u2019\u00e9tait pas bien, on ne reviendrait pas. \u00bb<\/p>\n<p data-start=\"1326\" data-end=\"1599\">Pour les neuf prochaines ann\u00e9es, Tess et son \u00e9quipe pourront rester \u00e0 la REWA ; apr\u00e8s cela, le contrat sera prolong\u00e9. \u00ab Ma m\u00e8re m\u2019a dit que je pourrais d\u00e9j\u00e0 penser \u00e0 la retraite \u00bb, raconte-t-elle en riant. D\u2019ici l\u00e0, Tess et son \u00e9quipe ont litt\u00e9ralement les mains pleines.<\/p>\n<p><img loading=\"lazy\" class=\"aligncenter wp-image-12535 size-full\" src=\"https:\/\/www.suessemjetaime.lu\/wp-content\/uploads\/2025\/09\/ITV_HairdressByTess_250611_DSF5272-scaled.jpg\" alt=\"\" width=\"2560\" height=\"1707\" srcset=\"https:\/\/www.suessemjetaime.lu\/wp-content\/uploads\/2025\/09\/ITV_HairdressByTess_250611_DSF5272-scaled.jpg 2560w, https:\/\/www.suessemjetaime.lu\/wp-content\/uploads\/2025\/09\/ITV_HairdressByTess_250611_DSF5272-300x200.jpg 300w, https:\/\/www.suessemjetaime.lu\/wp-content\/uploads\/2025\/09\/ITV_HairdressByTess_250611_DSF5272-1024x683.jpg 1024w, https:\/\/www.suessemjetaime.lu\/wp-content\/uploads\/2025\/09\/ITV_HairdressByTess_250611_DSF5272-768x512.jpg 768w, https:\/\/www.suessemjetaime.lu\/wp-content\/uploads\/2025\/09\/ITV_HairdressByTess_250611_DSF5272-1536x1024.jpg 1536w, https:\/\/www.suessemjetaime.lu\/wp-content\/uploads\/2025\/09\/ITV_HairdressByTess_250611_DSF5272-600x400.jpg 600w\" sizes=\"(max-width: 2560px) 100vw, 2560px\" \/><\/p>\n<p>[vc_column][vc_row][vc_cta h2=\u00a0\u00bbPlus d&rsquo;informations\u00a0\u00bb style=\u00a0\u00bbflat\u00a0\u00bb color=\u00a0\u00bbturquoise\u00a0\u00bb]<\/p>\n<p><span style=\"color: #ffffff;\">Adresse :<\/span><\/p>\n<p><span style=\"color: #ffffff;\">60, rue Waassertrap, L-4408 Belvaux<\/span><\/p>\n<p><span style=\"color: #ffffff;\">T\u00e9l\u00e9phone :<\/span><\/p>\n<p><span style=\"color: #ffffff;\">59 49 40 &#8211; 9201<\/span><\/p>\n<p><span style=\"color: #ffffff;\">Ouverture :\u00a0<\/span><\/p>\n<p><span style=\"color: #ffffff;\">Mardi au vendredi de 8h30 \u00e0 12h00 et de 13h00 \u00e0 17h30<\/span><\/p>\n<p><span style=\"color: #ffffff;\">Samedi de 8h00 \u00e0 16h00\u00a0<\/span><\/p>\n<p><span style=\"color: #ffffff;\">Ferm\u00e9 les dimanches et lundis<\/span><\/p>\n<p>[\/vc_cta][\/vc_row][\/vc_column]<\/p>\n","protected":false},"excerpt":{"rendered":"<p>Un salon de coiffure alliant c\u0153ur et professionnalisme, en plein c\u0153ur de la R\u00e9sidence de la Waassertrap : voil\u00e0 Hairdress by Tess. La g\u00e9rante est originaire de Frisange, mais elle a eu l\u2019opportunit\u00e9 d\u2019implanter un second \u00e9tablissement ici, dans notre [&hellip;]<\/p>\n","protected":false},"author":4,"featured_media":12534,"comment_status":"open","ping_status":"open","sticky":false,"template":"","format":"standard","meta":[],"categories":[28],"tags":[],"yoast_head":"<!-- This site is optimized with the Yoast SEO plugin v15.2.1 - https:\/\/yoast.com\/wordpress\/plugins\/seo\/ -->\n<title>Plus qu\u2019un service, un savoir-faire &bull; Suessem, je t&#039;aime<\/title>\n<meta name=\"robots\" content=\"index, follow, max-snippet:-1, max-image-preview:large, max-video-preview:-1\" \/>\n<link rel=\"canonical\" href=\"https:\/\/www.suessemjetaime.lu\/fr\/plus-quun-service-un-savoir-faire\/\" \/>\n<meta property=\"og:locale\" content=\"fr_FR\" \/>\n<meta property=\"og:type\" content=\"article\" \/>\n<meta property=\"og:title\" content=\"Plus qu\u2019un service, un savoir-faire &bull; Suessem, je t&#039;aime\" \/>\n<meta property=\"og:description\" content=\"Un salon de coiffure alliant c\u0153ur et professionnalisme, en plein c\u0153ur de la R\u00e9sidence de la Waassertrap : voil\u00e0 Hairdress by Tess. La g\u00e9rante est originaire de Frisange, mais elle a eu l\u2019opportunit\u00e9 d\u2019implanter un second \u00e9tablissement ici, dans notre [&hellip;]\" \/>\n<meta property=\"og:url\" content=\"https:\/\/www.suessemjetaime.lu\/fr\/plus-quun-service-un-savoir-faire\/\" \/>\n<meta property=\"og:site_name\" content=\"Suessem, je t&#039;aime\" \/>\n<meta property=\"article:publisher\" content=\"https:\/\/www.facebook.com\/communedesanem\/\" \/>\n<meta property=\"article:published_time\" content=\"2025-09-12T07:26:01+00:00\" \/>\n<meta property=\"article:modified_time\" content=\"2025-09-12T07:30:23+00:00\" \/>\n<meta property=\"og:image\" content=\"https:\/\/www.suessemjetaime.lu\/wp-content\/uploads\/2025\/09\/ITV_HairdressByTess_250611_DSF5197-scaled.jpg\" \/>\n\t<meta property=\"og:image:width\" content=\"2560\" \/>\n\t<meta property=\"og:image:height\" content=\"1707\" \/>\n<meta name=\"twitter:card\" content=\"summary_large_image\" \/>\n<meta name=\"twitter:label1\" content=\"\u00c9crit par\">\n\t<meta name=\"twitter:data1\" content=\"Suessem\">\n\t<meta name=\"twitter:label2\" content=\"Dur\u00e9e de lecture est.\">\n\t<meta name=\"twitter:data2\" content=\"5 minutes\">\n<script type=\"application\/ld+json\" class=\"yoast-schema-graph\">{\"@context\":\"https:\/\/schema.org\",\"@graph\":[{\"@type\":\"Organization\",\"@id\":\"https:\/\/www.suessemjetaime.lu\/#organization\",\"name\":\"Commune de Sanem\",\"url\":\"https:\/\/www.suessemjetaime.lu\/\",\"sameAs\":[\"https:\/\/www.facebook.com\/communedesanem\/\",\"https:\/\/www.youtube.com\/channel\/UCVN7kgmkkpcfy3Hb63mx_tQ\/featured\"],\"logo\":{\"@type\":\"ImageObject\",\"@id\":\"https:\/\/www.suessemjetaime.lu\/#logo\",\"inLanguage\":\"fr-FR\",\"url\":\"https:\/\/www.suessemjetaime.lu\/wp-content\/uploads\/2019\/03\/400_188_LOGO_SANEM.png\",\"width\":400,\"height\":188,\"caption\":\"Commune de Sanem\"},\"image\":{\"@id\":\"https:\/\/www.suessemjetaime.lu\/#logo\"}},{\"@type\":\"WebSite\",\"@id\":\"https:\/\/www.suessemjetaime.lu\/#website\",\"url\":\"https:\/\/www.suessemjetaime.lu\/\",\"name\":\"Suessem, je t&#039;aime\",\"description\":\"le Blog de la commune de Sanem\",\"publisher\":{\"@id\":\"https:\/\/www.suessemjetaime.lu\/#organization\"},\"potentialAction\":[{\"@type\":\"SearchAction\",\"target\":\"https:\/\/www.suessemjetaime.lu\/?s={search_term_string}\",\"query-input\":\"required name=search_term_string\"}],\"inLanguage\":\"fr-FR\"},{\"@type\":\"ImageObject\",\"@id\":\"https:\/\/www.suessemjetaime.lu\/fr\/plus-quun-service-un-savoir-faire\/#primaryimage\",\"inLanguage\":\"fr-FR\",\"url\":\"https:\/\/www.suessemjetaime.lu\/wp-content\/uploads\/2025\/09\/ITV_HairdressByTess_250611_DSF5197-scaled.jpg\",\"width\":2560,\"height\":1707},{\"@type\":\"WebPage\",\"@id\":\"https:\/\/www.suessemjetaime.lu\/fr\/plus-quun-service-un-savoir-faire\/#webpage\",\"url\":\"https:\/\/www.suessemjetaime.lu\/fr\/plus-quun-service-un-savoir-faire\/\",\"name\":\"Plus qu\\u2019un service, un savoir-faire &bull; Suessem, je t&#039;aime\",\"isPartOf\":{\"@id\":\"https:\/\/www.suessemjetaime.lu\/#website\"},\"primaryImageOfPage\":{\"@id\":\"https:\/\/www.suessemjetaime.lu\/fr\/plus-quun-service-un-savoir-faire\/#primaryimage\"},\"datePublished\":\"2025-09-12T07:26:01+00:00\",\"dateModified\":\"2025-09-12T07:30:23+00:00\",\"inLanguage\":\"fr-FR\",\"potentialAction\":[{\"@type\":\"ReadAction\",\"target\":[\"https:\/\/www.suessemjetaime.lu\/fr\/plus-quun-service-un-savoir-faire\/\"]}]},{\"@type\":\"Article\",\"@id\":\"https:\/\/www.suessemjetaime.lu\/fr\/plus-quun-service-un-savoir-faire\/#article\",\"isPartOf\":{\"@id\":\"https:\/\/www.suessemjetaime.lu\/fr\/plus-quun-service-un-savoir-faire\/#webpage\"},\"author\":{\"@id\":\"https:\/\/www.suessemjetaime.lu\/#\/schema\/person\/0cacc039fca45c1bb3d06544fdf18c63\"},\"headline\":\"Plus qu\\u2019un service, un savoir-faire\",\"datePublished\":\"2025-09-12T07:26:01+00:00\",\"dateModified\":\"2025-09-12T07:30:23+00:00\",\"mainEntityOfPage\":{\"@id\":\"https:\/\/www.suessemjetaime.lu\/fr\/plus-quun-service-un-savoir-faire\/#webpage\"},\"commentCount\":0,\"publisher\":{\"@id\":\"https:\/\/www.suessemjetaime.lu\/#organization\"},\"image\":{\"@id\":\"https:\/\/www.suessemjetaime.lu\/fr\/plus-quun-service-un-savoir-faire\/#primaryimage\"},\"articleSection\":\"Life!\",\"inLanguage\":\"fr-FR\",\"potentialAction\":[{\"@type\":\"CommentAction\",\"name\":\"Comment\",\"target\":[\"https:\/\/www.suessemjetaime.lu\/fr\/plus-quun-service-un-savoir-faire\/#respond\"]}]},{\"@type\":\"Person\",\"@id\":\"https:\/\/www.suessemjetaime.lu\/#\/schema\/person\/0cacc039fca45c1bb3d06544fdf18c63\",\"name\":\"Suessem\",\"image\":{\"@type\":\"ImageObject\",\"@id\":\"https:\/\/www.suessemjetaime.lu\/#personlogo\",\"inLanguage\":\"fr-FR\",\"url\":\"https:\/\/secure.gravatar.com\/avatar\/77fabd1f92df29867737b77509c5795b?s=96&d=mm&r=g\",\"caption\":\"Suessem\"}}]}<\/script>\n<!-- \/ Yoast SEO plugin. -->","_links":{"self":[{"href":"https:\/\/www.suessemjetaime.lu\/fr\/wp-json\/wp\/v2\/posts\/12541\/"}],"collection":[{"href":"https:\/\/www.suessemjetaime.lu\/fr\/wp-json\/wp\/v2\/posts\/"}],"about":[{"href":"https:\/\/www.suessemjetaime.lu\/fr\/wp-json\/wp\/v2\/types\/post\/"}],"author":[{"embeddable":true,"href":"https:\/\/www.suessemjetaime.lu\/fr\/wp-json\/wp\/v2\/users\/4\/"}],"replies":[{"embeddable":true,"href":"https:\/\/www.suessemjetaime.lu\/fr\/wp-json\/wp\/v2\/comments\/?post=12541"}],"version-history":[{"count":7,"href":"https:\/\/www.suessemjetaime.lu\/fr\/wp-json\/wp\/v2\/posts\/12541\/revisions\/"}],"predecessor-version":[{"id":12551,"href":"https:\/\/www.suessemjetaime.lu\/fr\/wp-json\/wp\/v2\/posts\/12541\/revisions\/12551\/"}],"wp:featuredmedia":[{"embeddable":true,"href":"https:\/\/www.suessemjetaime.lu\/fr\/wp-json\/wp\/v2\/media\/12534\/"}],"wp:attachment":[{"href":"https:\/\/www.suessemjetaime.lu\/fr\/wp-json\/wp\/v2\/media\/?parent=12541"}],"wp:term":[{"taxonomy":"category","embeddable":true,"href":"https:\/\/www.suessemjetaime.lu\/fr\/wp-json\/wp\/v2\/categories\/?post=12541"},{"taxonomy":"post_tag","embeddable":true,"href":"https:\/\/www.suessemjetaime.lu\/fr\/wp-json\/wp\/v2\/tags\/?post=12541"}],"curies":[{"name":"wp","href":"https:\/\/api.w.org\/{rel}","templated":true}]}}