{"id":12510,"date":"2025-09-12T07:26:20","date_gmt":"2025-09-12T07:26:20","guid":{"rendered":"https:\/\/www.suessemjetaime.lu\/?p=12510"},"modified":"2025-10-21T08:56:23","modified_gmt":"2025-10-21T08:56:23","slug":"timowagner","status":"publish","type":"post","link":"https:\/\/www.suessemjetaime.lu\/fr\/timowagner\/","title":{"rendered":"Du saut \u00e0 la perche \u00e0 la cam\u00e9ra"},"content":{"rendered":"<p><strong>La premi\u00e8re passion de Timo Wagner a \u00e9t\u00e9 le sport \u2013 se d\u00e9passer, repousser ses limites et tirer le meilleur de soi-m\u00eame. Mais d\u00e9j\u00e0 \u00e0 cette \u00e9poque, l\u2019id\u00e9e du th\u00e9\u00e2tre et d&rsquo;\u00eatre devant la cam\u00e9ra trottait dans sa t\u00eate. Aujourd\u2019hui, il aborde chacun de ses r\u00f4les avec discipline et sensibilit\u00e9, et il prouve que courage et r\u00e9orientation valent la peine.<\/strong><\/p>\n<p><!--more--><\/p>\n<p>Ce n\u2019\u00e9tait pas une sc\u00e8ne de th\u00e9\u00e2tre, mais bien une salle de sport o\u00f9 est n\u00e9e la premi\u00e8re passion de Timo Wagner. Enfant, il a jou\u00e9 au tennis de table \u00e0 haut niveau, a int\u00e9gr\u00e9 le cadre national, puis a bifurqu\u00e9 vers l\u2019athl\u00e9tisme, avec le saut \u00e0 la perche. Ce fut une p\u00e9riode de discipline, d\u2019ambition \u2013 mais aussi de forte pression.<br \/>\n\u00ab D\u2019\u00eatre tr\u00e8s jeune dans le sport de comp\u00e9tition, c\u2019est dur \u00bb, raconte-t-il lors de notre entretien, en terrasse \u00e0 Esch, par une belle journ\u00e9e ensoleill\u00e9e.<\/p>\n<p>Timo a appris \u00e0 s\u2019accrocher, \u00e0 surmonter ses doutes et \u00e0 repousser ses limites. Mais une blessure et des diff\u00e9rends avec la f\u00e9d\u00e9ration l\u2019ont contraint\u00b7e \u00e0 mettre en pause sa pratique sportive de haut niveau. \u00ab Les d\u00e9saccords avec la f\u00e9d\u00e9ration de tennis de table m\u2019ont pouss\u00e9 \u00e0 changer de sport. Mais aussi une blessure a mis un coup d\u2019arr\u00eat \u00e0 ma carri\u00e8re en saut \u00e0 la perche. \u00bb Pendant cette pause, il prend une d\u00e9cision : emprunter une autre voie. \u00ab J\u2019avais d\u00e9j\u00e0 commenc\u00e9 \u00e0 m\u2019int\u00e9resser au th\u00e9\u00e2tre, mais le moment d\u00e9cisif, c\u2019est quand je suis rentr\u00e9\u00b7e un jour \u00e0 la maison et que j\u2019ai dit : je veux devenir com\u00e9dien. \u00bb La r\u00e9action des parents ? \u00ab Tr\u00e8s positive. Mon p\u00e8re m\u2019a dit : \u2039Si tu le fais, fais-le vraiment \u00e0 fond.\u203a \u00bb Timo se souvient avec \u00e9motion : \u00ab Ils m\u2019ont toujours soutenu\u00b7e \u2013 nous ont toujours soutenu\u00b7e. \u00bb Timo a deux fr\u00e8res et s\u0153urs.<\/p>\n<p><img loading=\"lazy\" class=\"aligncenter wp-image-12497 size-full\" src=\"https:\/\/www.suessemjetaime.lu\/wp-content\/uploads\/2025\/09\/ITV_TimoWagner_250530_DSF0147-scaled.jpg\" alt=\"\" width=\"2560\" height=\"1707\" srcset=\"https:\/\/www.suessemjetaime.lu\/wp-content\/uploads\/2025\/09\/ITV_TimoWagner_250530_DSF0147-scaled.jpg 2560w, https:\/\/www.suessemjetaime.lu\/wp-content\/uploads\/2025\/09\/ITV_TimoWagner_250530_DSF0147-300x200.jpg 300w, https:\/\/www.suessemjetaime.lu\/wp-content\/uploads\/2025\/09\/ITV_TimoWagner_250530_DSF0147-1024x683.jpg 1024w, https:\/\/www.suessemjetaime.lu\/wp-content\/uploads\/2025\/09\/ITV_TimoWagner_250530_DSF0147-768x512.jpg 768w, https:\/\/www.suessemjetaime.lu\/wp-content\/uploads\/2025\/09\/ITV_TimoWagner_250530_DSF0147-1536x1024.jpg 1536w, https:\/\/www.suessemjetaime.lu\/wp-content\/uploads\/2025\/09\/ITV_TimoWagner_250530_DSF0147-600x400.jpg 600w\" sizes=\"(max-width: 2560px) 100vw, 2560px\" \/><\/p>\n<p>Gr\u00e2ce \u00e0 une connaissance de ses parents, une nouvelle porte s\u2019ouvre. Cette connaissance, c\u2019\u00e9tait Mademoiselle Yvonne, la cousine de l\u2019\u00e9crivain luxembourgeois Jean-Paul Maes.<br \/>\n\u00ab C\u2019est ainsi que j\u2019ai \u00e9t\u00e9 mis en contact avec lui. Il a demand\u00e9 \u00e0 mon p\u00e8re quand je pourrais passer pour qu\u2019il fasse ma connaissance. \u2039Tel jour, \u00e0 telle heure, \u00e7a t\u2019irait ?\u203a La r\u00e9ponse de mon p\u00e8re : \u201cEh bien, dans ce cas, il prendra le temps.\u201d Cela avait impressionn\u00e9 Jean-Paul \u00bb, raconte Timo en riant. Il commence alors des cours de diction et d\u2019arts dramatiques. \u00ab Ce fut mon premier v\u00e9ritable contact avec le monde du th\u00e9\u00e2tre \u2013 jusque-l\u00e0, je n\u2019y \u00e9tais all\u00e9 qu\u2019une ou deux fois. \u00bb<\/p>\n<p><strong>Malgr\u00e9 les revers, le succ\u00e8s<\/strong><\/p>\n<p>La route fut longue : pendant un an et demi, Timo a voyag\u00e9 de conservatoire en conservatoire en Allemagne. \u00ab Je n\u2019avais aucune exp\u00e9rience des auditions, c\u2019\u00e9tait \u00e0 la fois excitant et angoissant. Tous les regards sont braqu\u00e9s sur toi. Tu te retrouves dans une petite salle avec une sc\u00e8ne et une vingtaine d\u2019autres \u00e9l\u00e8ves qui veulent, eux aussi, convaincre. \u00bb Il avait d\u00e9j\u00e0 eu quelques aper\u00e7us du m\u00e9tier, mais finalement, aucune \u00e9cole ne l\u2019a retenu. \u00ab On me disait souvent que j\u2019avais d\u00e9j\u00e0 des techniques qu\u2019on ne pourrait plus changer. \u00bb Le probl\u00e8me ? Les \u00e9coles cherchent une \u201cpage blanche\u201d, une personne qu\u2019elles peuvent modeler selon leur style. Timo ne correspondait pas \u00e0 ce moule. Pourtant, il ne renonce pas. Direction Paris, o\u00f9 il int\u00e8gre une \u00e9cole priv\u00e9e et poursuit ainsi son chemin \u2013 avec succ\u00e8s. Aujourd\u2019hui, Timo travaille sur des pi\u00e8ces de th\u00e9\u00e2tre, des s\u00e9ries, des films\u2026 et sur lui-m\u00eame. \u00ab Je ne me limite pas actuellement uniquement au m\u00e9tier d\u2019acteur\u2219rice, m\u00eame si j\u2019aime cette profession plus que tout. \u00bb Mais nous y reviendrons.<\/p>\n<blockquote><p>\u00ab Je me souviens tr\u00e8s bien : j\u2019\u00e9tais all\u00e9 voir le film au cin\u00e9ma. En sortant de la salle, j\u2019ai dit que moi aussi je pourrais faire \u00e7a ! \u00bb \u2013 Timo Wagner<\/p><\/blockquote>\n<p>Il a jou\u00e9 dans des pi\u00e8ces luxembourgeoises. Son premier r\u00f4le marquant, dans Rabonzel, il l\u2019a obtenu par hasard : \u00ab Le ma\u00eetre-sorcier s\u2019\u00e9tait d\u00e9sist\u00e9. C\u2019\u00e9tait Luc Schiltz (r\u00f4le principal dans la s\u00e9rie luxembourgeoise Capitani, o\u00f9 j\u2019ai aussi jou\u00e9, ndlr), mais cela n\u2019avait finalement pas pu se faire, car il avait un autre projet en parall\u00e8le. Au lieu de chercher quelqu\u2019un d\u2019autre, j\u2019ai dit sans d\u00e9tour : \u2039prenez-moi\u203a. \u00bb Timo obtient le r\u00f4le.<\/p>\n<p><strong>L\u2019amour du d\u00e9tail<\/strong><\/p>\n<p>Que ce soit sur sc\u00e8ne ou devant la cam\u00e9ra, pour Timo, c\u2019est le travail minutieux qui compte. Corps et \u00e2me, il construit ses personnages : au-del\u00e0 de la physicalit\u00e9 et de la voix qu\u2019il a transform\u00e9es pour un r\u00f4le, il a m\u00eame d\u00e9cid\u00e9 que ce personnage ne clignerait jamais des yeux \u2013 sauf dans les moments o\u00f9 le doute le gagnait. Dans la s\u00e9rie Marginale, il s\u2019est profond\u00e9ment investi dans son r\u00f4le de Leon Clemens : \u00ab Avec le r\u00e9alisateur Lo\u00efc Tanson, nous en sommes venus \u00e0 l\u2019id\u00e9e que Leon pourrait avoir une certaine forme d\u2019autisme. Cette approche a \u00e9t\u00e9 accept\u00e9e telle quelle, et j\u2019ai pu l\u2019incarner ainsi. \u00bb Timo ne se contente pas de jouer ses r\u00f4les : il s\u2019immerge dans la psychologie de ses personnages, r\u00e9fl\u00e9chit \u00e0 la mani\u00e8re dont le public doit les percevoir et met un soin particulier dans la collaboration avec les r\u00e9alisateur\u2219rice\u2219s et les auteur\u2219rice\u2219s impliqu\u00e9\u2219e\u2219s dans chaque production.<\/p>\n\n\t\t<style type=\"text\/css\">\n\t\t\t#gallery-1 {\n\t\t\t\tmargin: auto;\n\t\t\t}\n\t\t\t#gallery-1 .gallery-item {\n\t\t\t\tfloat: left;\n\t\t\t\tmargin-top: 10px;\n\t\t\t\ttext-align: center;\n\t\t\t\twidth: 50%;\n\t\t\t}\n\t\t\t#gallery-1 img {\n\t\t\t\tborder: 2px solid #cfcfcf;\n\t\t\t}\n\t\t\t#gallery-1 .gallery-caption {\n\t\t\t\tmargin-left: 0;\n\t\t\t}\n\t\t\t\/* see gallery_shortcode() in wp-includes\/media.php *\/\n\t\t<\/style>\n\t\t<div id='gallery-1' class='gallery galleryid-12510 gallery-columns-2 gallery-size-full'><dl class='gallery-item'>\n\t\t\t<dt class='gallery-icon portrait'>\n\t\t\t\t<img width=\"1707\" height=\"2560\" src=\"https:\/\/www.suessemjetaime.lu\/wp-content\/uploads\/2025\/09\/ITV_TimoWagner_250530_DSF9894-scaled.jpg\" class=\"attachment-full size-full\" alt=\"\" loading=\"lazy\" srcset=\"https:\/\/www.suessemjetaime.lu\/wp-content\/uploads\/2025\/09\/ITV_TimoWagner_250530_DSF9894-scaled.jpg 1707w, https:\/\/www.suessemjetaime.lu\/wp-content\/uploads\/2025\/09\/ITV_TimoWagner_250530_DSF9894-200x300.jpg 200w, https:\/\/www.suessemjetaime.lu\/wp-content\/uploads\/2025\/09\/ITV_TimoWagner_250530_DSF9894-683x1024.jpg 683w, https:\/\/www.suessemjetaime.lu\/wp-content\/uploads\/2025\/09\/ITV_TimoWagner_250530_DSF9894-768x1152.jpg 768w, https:\/\/www.suessemjetaime.lu\/wp-content\/uploads\/2025\/09\/ITV_TimoWagner_250530_DSF9894-1024x1536.jpg 1024w, https:\/\/www.suessemjetaime.lu\/wp-content\/uploads\/2025\/09\/ITV_TimoWagner_250530_DSF9894-1365x2048.jpg 1365w, https:\/\/www.suessemjetaime.lu\/wp-content\/uploads\/2025\/09\/ITV_TimoWagner_250530_DSF9894-600x900.jpg 600w\" sizes=\"(max-width: 1707px) 100vw, 1707px\" \/>\n\t\t\t<\/dt><\/dl><dl class='gallery-item'>\n\t\t\t<dt class='gallery-icon portrait'>\n\t\t\t\t<img width=\"1707\" height=\"2560\" src=\"https:\/\/www.suessemjetaime.lu\/wp-content\/uploads\/2025\/09\/ITV_TimoWagner_250530_DSF9779-scaled.jpg\" class=\"attachment-full size-full\" alt=\"\" loading=\"lazy\" srcset=\"https:\/\/www.suessemjetaime.lu\/wp-content\/uploads\/2025\/09\/ITV_TimoWagner_250530_DSF9779-scaled.jpg 1707w, https:\/\/www.suessemjetaime.lu\/wp-content\/uploads\/2025\/09\/ITV_TimoWagner_250530_DSF9779-200x300.jpg 200w, https:\/\/www.suessemjetaime.lu\/wp-content\/uploads\/2025\/09\/ITV_TimoWagner_250530_DSF9779-683x1024.jpg 683w, https:\/\/www.suessemjetaime.lu\/wp-content\/uploads\/2025\/09\/ITV_TimoWagner_250530_DSF9779-768x1152.jpg 768w, https:\/\/www.suessemjetaime.lu\/wp-content\/uploads\/2025\/09\/ITV_TimoWagner_250530_DSF9779-1024x1536.jpg 1024w, https:\/\/www.suessemjetaime.lu\/wp-content\/uploads\/2025\/09\/ITV_TimoWagner_250530_DSF9779-1365x2048.jpg 1365w, https:\/\/www.suessemjetaime.lu\/wp-content\/uploads\/2025\/09\/ITV_TimoWagner_250530_DSF9779-600x900.jpg 600w\" sizes=\"(max-width: 1707px) 100vw, 1707px\" \/>\n\t\t\t<\/dt><\/dl><br style=\"clear: both\" \/>\n\t\t<\/div>\n\n<p>Timo vit pour son c\u00f4t\u00e9 expressif \u2013 des personnages comme celui du Joker incarn\u00e9 par Heath Ledger dans The Dark Knight ont \u00e9t\u00e9 parmi ses premi\u00e8res inspirations lorsqu\u2019il a envisag\u00e9 de se tourner vers le th\u00e9\u00e2tre. \u00ab Je me souviens tr\u00e8s bien : j\u2019\u00e9tais all\u00e9 voir le film au cin\u00e9ma. En sortant de la salle, j\u2019ai dit que moi aussi je pourrais faire \u00e7a ! \u00bb raconte-t-il en \u00e9clatant de rire.<\/p>\n<p>Originaire de Soleuvre, Timo habite aujourd\u2019hui dans l\u2019une de nos communes voisines. \u00ab Mes parents vivent toujours dans la maison o\u00f9 j\u2019ai grandi. \u00bb M\u00eame s\u2019il a depuis d\u00e9m\u00e9nag\u00e9, Soleuvre reste son v\u00e9ritable foyer. \u00ab Je connais Max Gindorff d\u2019ici. Cette ann\u00e9e, de janvier \u00e0 avril 2025, nous avons travaill\u00e9 ensemble. \u00bb Une rencontre marquante, apr\u00e8s tant d\u2019ann\u00e9es sans contact. \u00ab C\u2019est amusant : nous avons grandi dans la m\u00eame commune, choisi le m\u00eame m\u00e9tier mais emprunt\u00e9 des chemins compl\u00e8tement diff\u00e9rents, pour finalement nous retrouver ainsi. \u00bb<\/p>\n<p><strong>De nouveaux projets en pr\u00e9paration<\/strong><\/p>\n<p>En fin d\u2019entretien, Timo nous donne un aper\u00e7u de ses prochains d\u00e9fis. \u00ab Je travaille actuellement sur un projet d\u2019\u00e9criture de contes pour enfants. \u00bb Fid\u00e8le \u00e0 son envie de se r\u00e9inventer en permanence, il reste ouvert \u00e0 de nouvelles formes artistiques. Ces contes pourraient d\u2019ailleurs, \u00e0 terme, \u00eatre adapt\u00e9s sur sc\u00e8ne. \u00ab Plus r\u00e9cemment, j\u2019ai aussi collabor\u00e9 de nouveau avec Max Gindorff, mais je ne sais pas encore quand le film sortira en salle. Et un nouveau projet avec le r\u00e9alisateur Lo\u00efc Tanson est \u00e9galement en cours. \u00bb Des projets passionnants, qu\u2019il \u00e9voque presque en passant : \u00ab Depuis des ann\u00e9es, l\u2019id\u00e9e d\u2019un biopic consacr\u00e9 \u00e0 un sportif luxembourgeois circule. Et ce r\u00f4le, en tant qu\u2019ancien sportif de haut niveau, je l\u2019incarnerais bien volontiers. \u00bb<\/p>\n<blockquote><p>\u00ab Je ne me limite pas actuellement uniquement au m\u00e9tier d\u2019acteur\u2219rice, m\u00eame si j\u2019aime cette profession plus que tout. \u00bb<\/p><\/blockquote>\n<p>Quand on lui demande ce qu\u2019il pr\u00e9f\u00e8re \u2013 le th\u00e9\u00e2tre, le cin\u00e9ma ou les s\u00e9ries \u2013 l\u2019acteur r\u00e9pond que chacun de ces univers a ses avantages et ses inconv\u00e9nients. \u00ab Au th\u00e9\u00e2tre, tu as une certaine routine, tes journ\u00e9es sont moins longues. Sur un tournage de film, en revanche, tu es souvent occup\u00e9 toute la journ\u00e9e. Tu passes beaucoup de temps dans les loges ou en attente. C\u2019est un peu moins agr\u00e9able, surtout quand tu tournes de janvier \u00e0 avril et que les conditions m\u00e9t\u00e9o ne sont pas id\u00e9ales. Mais malgr\u00e9 tout, il y a quelque chose de fascinant l\u00e0-dedans. \u00bb<\/p>\n<p>\u00c0 la question de savoir s\u2019il se verrait un jour derri\u00e8re la cam\u00e9ra, il reste prudent. \u00ab Pour l\u2019instant, pas vraiment. Quelqu\u2019un comme Lo\u00efc Tanson a une telle connaissance, une telle passion, il est tellement dou\u00e9 dans ce qu\u2019il fait\u2026 Moi aussi, j\u2019ai beaucoup appris, mais pas \u00e0 ce niveau-l\u00e0. \u00bb Il s\u2019interrompt un instant, puis d\u00e9veloppe sa r\u00e9flexion :<br \/>\n\u00ab Pour moi, un bon r\u00e9alisateur, c\u2019est quelqu\u2019un qui comprend ses acteurs. Et comment peut-on les comprendre ? En ayant soi-m\u00eame \u00e9t\u00e9 acteur, parfois. Mais j\u2019ai aussi travaill\u00e9 avec beaucoup de r\u00e9alisateurs qui n\u2019ont jamais jou\u00e9, et qui savent pourtant parfaitement ce qu\u2019ils font, comment guider leurs com\u00e9diens. \u00bb<\/p>\n<p><img loading=\"lazy\" class=\"aligncenter wp-image-12506 size-full\" src=\"https:\/\/www.suessemjetaime.lu\/wp-content\/uploads\/2025\/09\/ITV_TimoWagner_250530_DSF0030-scaled.jpg\" alt=\"\" width=\"2560\" height=\"1707\" srcset=\"https:\/\/www.suessemjetaime.lu\/wp-content\/uploads\/2025\/09\/ITV_TimoWagner_250530_DSF0030-scaled.jpg 2560w, https:\/\/www.suessemjetaime.lu\/wp-content\/uploads\/2025\/09\/ITV_TimoWagner_250530_DSF0030-300x200.jpg 300w, https:\/\/www.suessemjetaime.lu\/wp-content\/uploads\/2025\/09\/ITV_TimoWagner_250530_DSF0030-1024x683.jpg 1024w, https:\/\/www.suessemjetaime.lu\/wp-content\/uploads\/2025\/09\/ITV_TimoWagner_250530_DSF0030-768x512.jpg 768w, https:\/\/www.suessemjetaime.lu\/wp-content\/uploads\/2025\/09\/ITV_TimoWagner_250530_DSF0030-1536x1024.jpg 1536w, https:\/\/www.suessemjetaime.lu\/wp-content\/uploads\/2025\/09\/ITV_TimoWagner_250530_DSF0030-600x400.jpg 600w\" sizes=\"(max-width: 2560px) 100vw, 2560px\" \/><\/p>\n","protected":false},"excerpt":{"rendered":"<p>La premi\u00e8re passion de Timo Wagner a \u00e9t\u00e9 le sport \u2013 se d\u00e9passer, repousser ses limites et tirer le meilleur de soi-m\u00eame. Mais d\u00e9j\u00e0 \u00e0 cette \u00e9poque, l\u2019id\u00e9e du th\u00e9\u00e2tre et d&rsquo;\u00eatre devant la cam\u00e9ra trottait dans sa t\u00eate. Aujourd\u2019hui, [&hellip;]<\/p>\n","protected":false},"author":4,"featured_media":12509,"comment_status":"open","ping_status":"open","sticky":false,"template":"","format":"standard","meta":[],"categories":[33],"tags":[],"yoast_head":"<!-- This site is optimized with the Yoast SEO plugin v15.2.1 - https:\/\/yoast.com\/wordpress\/plugins\/seo\/ -->\n<title>Du saut \u00e0 la perche \u00e0 la cam\u00e9ra &bull; Suessem, je t&#039;aime<\/title>\n<meta name=\"robots\" content=\"index, follow, max-snippet:-1, max-image-preview:large, max-video-preview:-1\" \/>\n<link rel=\"canonical\" href=\"https:\/\/www.suessemjetaime.lu\/fr\/timowagner\/\" \/>\n<meta property=\"og:locale\" content=\"fr_FR\" \/>\n<meta property=\"og:type\" content=\"article\" \/>\n<meta property=\"og:title\" content=\"Du saut \u00e0 la perche \u00e0 la cam\u00e9ra &bull; Suessem, je t&#039;aime\" \/>\n<meta property=\"og:description\" content=\"La premi\u00e8re passion de Timo Wagner a \u00e9t\u00e9 le sport \u2013 se d\u00e9passer, repousser ses limites et tirer le meilleur de soi-m\u00eame. Mais d\u00e9j\u00e0 \u00e0 cette \u00e9poque, l\u2019id\u00e9e du th\u00e9\u00e2tre et d&rsquo;\u00eatre devant la cam\u00e9ra trottait dans sa t\u00eate. Aujourd\u2019hui, [&hellip;]\" \/>\n<meta property=\"og:url\" content=\"https:\/\/www.suessemjetaime.lu\/fr\/timowagner\/\" \/>\n<meta property=\"og:site_name\" content=\"Suessem, je t&#039;aime\" \/>\n<meta property=\"article:publisher\" content=\"https:\/\/www.facebook.com\/communedesanem\/\" \/>\n<meta property=\"article:published_time\" content=\"2025-09-12T07:26:20+00:00\" \/>\n<meta property=\"article:modified_time\" content=\"2025-10-21T08:56:23+00:00\" \/>\n<meta property=\"og:image\" content=\"https:\/\/www.suessemjetaime.lu\/wp-content\/uploads\/2025\/09\/ITV_TimoWagner_250530_DSF0259-scaled.jpg\" \/>\n\t<meta property=\"og:image:width\" content=\"2560\" \/>\n\t<meta property=\"og:image:height\" content=\"1707\" \/>\n<meta name=\"twitter:card\" content=\"summary_large_image\" \/>\n<meta name=\"twitter:label1\" content=\"\u00c9crit par\">\n\t<meta name=\"twitter:data1\" content=\"Suessem\">\n\t<meta name=\"twitter:label2\" content=\"Dur\u00e9e de lecture est.\">\n\t<meta name=\"twitter:data2\" content=\"6 minutes\">\n<script type=\"application\/ld+json\" class=\"yoast-schema-graph\">{\"@context\":\"https:\/\/schema.org\",\"@graph\":[{\"@type\":\"Organization\",\"@id\":\"https:\/\/www.suessemjetaime.lu\/#organization\",\"name\":\"Commune de Sanem\",\"url\":\"https:\/\/www.suessemjetaime.lu\/\",\"sameAs\":[\"https:\/\/www.facebook.com\/communedesanem\/\",\"https:\/\/www.youtube.com\/channel\/UCVN7kgmkkpcfy3Hb63mx_tQ\/featured\"],\"logo\":{\"@type\":\"ImageObject\",\"@id\":\"https:\/\/www.suessemjetaime.lu\/#logo\",\"inLanguage\":\"fr-FR\",\"url\":\"https:\/\/www.suessemjetaime.lu\/wp-content\/uploads\/2019\/03\/400_188_LOGO_SANEM.png\",\"width\":400,\"height\":188,\"caption\":\"Commune de Sanem\"},\"image\":{\"@id\":\"https:\/\/www.suessemjetaime.lu\/#logo\"}},{\"@type\":\"WebSite\",\"@id\":\"https:\/\/www.suessemjetaime.lu\/#website\",\"url\":\"https:\/\/www.suessemjetaime.lu\/\",\"name\":\"Suessem, je t&#039;aime\",\"description\":\"le Blog de la commune de Sanem\",\"publisher\":{\"@id\":\"https:\/\/www.suessemjetaime.lu\/#organization\"},\"potentialAction\":[{\"@type\":\"SearchAction\",\"target\":\"https:\/\/www.suessemjetaime.lu\/?s={search_term_string}\",\"query-input\":\"required name=search_term_string\"}],\"inLanguage\":\"fr-FR\"},{\"@type\":\"ImageObject\",\"@id\":\"https:\/\/www.suessemjetaime.lu\/fr\/timowagner\/#primaryimage\",\"inLanguage\":\"fr-FR\",\"url\":\"https:\/\/www.suessemjetaime.lu\/wp-content\/uploads\/2025\/09\/ITV_TimoWagner_250530_DSF0259-scaled.jpg\",\"width\":2560,\"height\":1707},{\"@type\":\"WebPage\",\"@id\":\"https:\/\/www.suessemjetaime.lu\/fr\/timowagner\/#webpage\",\"url\":\"https:\/\/www.suessemjetaime.lu\/fr\/timowagner\/\",\"name\":\"Du saut \\u00e0 la perche \\u00e0 la cam\\u00e9ra &bull; Suessem, je t&#039;aime\",\"isPartOf\":{\"@id\":\"https:\/\/www.suessemjetaime.lu\/#website\"},\"primaryImageOfPage\":{\"@id\":\"https:\/\/www.suessemjetaime.lu\/fr\/timowagner\/#primaryimage\"},\"datePublished\":\"2025-09-12T07:26:20+00:00\",\"dateModified\":\"2025-10-21T08:56:23+00:00\",\"inLanguage\":\"fr-FR\",\"potentialAction\":[{\"@type\":\"ReadAction\",\"target\":[\"https:\/\/www.suessemjetaime.lu\/fr\/timowagner\/\"]}]},{\"@type\":\"Article\",\"@id\":\"https:\/\/www.suessemjetaime.lu\/fr\/timowagner\/#article\",\"isPartOf\":{\"@id\":\"https:\/\/www.suessemjetaime.lu\/fr\/timowagner\/#webpage\"},\"author\":{\"@id\":\"https:\/\/www.suessemjetaime.lu\/#\/schema\/person\/0cacc039fca45c1bb3d06544fdf18c63\"},\"headline\":\"Du saut \\u00e0 la perche \\u00e0 la cam\\u00e9ra\",\"datePublished\":\"2025-09-12T07:26:20+00:00\",\"dateModified\":\"2025-10-21T08:56:23+00:00\",\"mainEntityOfPage\":{\"@id\":\"https:\/\/www.suessemjetaime.lu\/fr\/timowagner\/#webpage\"},\"commentCount\":0,\"publisher\":{\"@id\":\"https:\/\/www.suessemjetaime.lu\/#organization\"},\"image\":{\"@id\":\"https:\/\/www.suessemjetaime.lu\/fr\/timowagner\/#primaryimage\"},\"articleSection\":\"Noise\",\"inLanguage\":\"fr-FR\",\"potentialAction\":[{\"@type\":\"CommentAction\",\"name\":\"Comment\",\"target\":[\"https:\/\/www.suessemjetaime.lu\/fr\/timowagner\/#respond\"]}]},{\"@type\":\"Person\",\"@id\":\"https:\/\/www.suessemjetaime.lu\/#\/schema\/person\/0cacc039fca45c1bb3d06544fdf18c63\",\"name\":\"Suessem\",\"image\":{\"@type\":\"ImageObject\",\"@id\":\"https:\/\/www.suessemjetaime.lu\/#personlogo\",\"inLanguage\":\"fr-FR\",\"url\":\"https:\/\/secure.gravatar.com\/avatar\/77fabd1f92df29867737b77509c5795b?s=96&d=mm&r=g\",\"caption\":\"Suessem\"}}]}<\/script>\n<!-- \/ Yoast SEO plugin. -->","_links":{"self":[{"href":"https:\/\/www.suessemjetaime.lu\/fr\/wp-json\/wp\/v2\/posts\/12510\/"}],"collection":[{"href":"https:\/\/www.suessemjetaime.lu\/fr\/wp-json\/wp\/v2\/posts\/"}],"about":[{"href":"https:\/\/www.suessemjetaime.lu\/fr\/wp-json\/wp\/v2\/types\/post\/"}],"author":[{"embeddable":true,"href":"https:\/\/www.suessemjetaime.lu\/fr\/wp-json\/wp\/v2\/users\/4\/"}],"replies":[{"embeddable":true,"href":"https:\/\/www.suessemjetaime.lu\/fr\/wp-json\/wp\/v2\/comments\/?post=12510"}],"version-history":[{"count":8,"href":"https:\/\/www.suessemjetaime.lu\/fr\/wp-json\/wp\/v2\/posts\/12510\/revisions\/"}],"predecessor-version":[{"id":12628,"href":"https:\/\/www.suessemjetaime.lu\/fr\/wp-json\/wp\/v2\/posts\/12510\/revisions\/12628\/"}],"wp:featuredmedia":[{"embeddable":true,"href":"https:\/\/www.suessemjetaime.lu\/fr\/wp-json\/wp\/v2\/media\/12509\/"}],"wp:attachment":[{"href":"https:\/\/www.suessemjetaime.lu\/fr\/wp-json\/wp\/v2\/media\/?parent=12510"}],"wp:term":[{"taxonomy":"category","embeddable":true,"href":"https:\/\/www.suessemjetaime.lu\/fr\/wp-json\/wp\/v2\/categories\/?post=12510"},{"taxonomy":"post_tag","embeddable":true,"href":"https:\/\/www.suessemjetaime.lu\/fr\/wp-json\/wp\/v2\/tags\/?post=12510"}],"curies":[{"name":"wp","href":"https:\/\/api.w.org\/{rel}","templated":true}]}}