{"id":12276,"date":"2025-06-10T09:00:59","date_gmt":"2025-06-10T09:00:59","guid":{"rendered":"https:\/\/www.suessemjetaime.lu\/?p=12276"},"modified":"2025-08-13T06:23:59","modified_gmt":"2025-08-13T06:23:59","slug":"sanup-gratis-aktiviteite-fir-dei-ganz-famill","status":"publish","type":"post","link":"https:\/\/www.suessemjetaime.lu\/fr\/sanup-gratis-aktiviteite-fir-dei-ganz-famill\/","title":{"rendered":"San&rsquo;Up \u2013 Family Day"},"content":{"rendered":"<p><strong>Le rendez-vous incontournable le 9 mai \u2013 le San\u2019Up, une journ\u00e9e riche en activit\u00e9s gratuites pour toute la famille au Kannercampus &amp; Park um Belval.<\/strong><\/p>\n<p><!--more--><\/p>\n<p>Depuis maintenant 3 ans, le San&rsquo;Up est l\u2019un des \u00e9v\u00e9nements les plus appr\u00e9ci\u00e9s de notre commune. Tout au long de la journ\u00e9e, des activit\u00e9s gratuites sont propos\u00e9es pour toute la famille le 9 mai. Divers clubs et associations offrent un aper\u00e7u de leur discipline sportive et transmettent leur savoir aux petits comme aux grands pendant le jour f\u00e9ri\u00e9.<\/p>\n<p>D\u00e9couvrez ici les meilleurs moments de l\u2019\u00e9dition 2025.<\/p>\n<p>Avec la s\u00e9rie \u00ab NOISE \u00bb, plongez au c\u0153ur de la culture de la Commune de Sanem.<\/p>\n","protected":false},"excerpt":{"rendered":"<p>Le rendez-vous incontournable le 9 mai \u2013 le San\u2019Up, une journ\u00e9e riche en activit\u00e9s gratuites pour toute la famille au Kannercampus &amp; Park um Belval.<\/p>\n","protected":false},"author":4,"featured_media":12286,"comment_status":"open","ping_status":"open","sticky":false,"template":"","format":"video","meta":[],"categories":[33],"tags":[],"yoast_head":"<!-- This site is optimized with the Yoast SEO plugin v15.2.1 - https:\/\/yoast.com\/wordpress\/plugins\/seo\/ -->\n<title>San&#039;Up \u2013 Family Day &bull; Suessem, je t&#039;aime<\/title>\n<meta name=\"robots\" content=\"index, follow, max-snippet:-1, max-image-preview:large, max-video-preview:-1\" \/>\n<link rel=\"canonical\" href=\"https:\/\/www.suessemjetaime.lu\/fr\/sanup-gratis-aktiviteite-fir-dei-ganz-famill\/\" \/>\n<meta property=\"og:locale\" content=\"fr_FR\" \/>\n<meta property=\"og:type\" content=\"article\" \/>\n<meta property=\"og:title\" content=\"San&#039;Up \u2013 Family Day &bull; Suessem, je t&#039;aime\" \/>\n<meta property=\"og:description\" content=\"Le rendez-vous incontournable le 9 mai \u2013 le San\u2019Up, une journ\u00e9e riche en activit\u00e9s gratuites pour toute la famille au Kannercampus &amp; Park um Belval.\" \/>\n<meta property=\"og:url\" content=\"https:\/\/www.suessemjetaime.lu\/fr\/sanup-gratis-aktiviteite-fir-dei-ganz-famill\/\" \/>\n<meta property=\"og:site_name\" content=\"Suessem, je t&#039;aime\" \/>\n<meta property=\"article:publisher\" content=\"https:\/\/www.facebook.com\/communedesanem\/\" \/>\n<meta property=\"article:published_time\" content=\"2025-06-10T09:00:59+00:00\" \/>\n<meta property=\"article:modified_time\" content=\"2025-08-13T06:23:59+00:00\" \/>\n<meta property=\"og:image\" content=\"https:\/\/www.suessemjetaime.lu\/wp-content\/uploads\/2025\/06\/SanUp25_250509DSCF1560-scaled.jpg\" \/>\n\t<meta property=\"og:image:width\" content=\"2560\" \/>\n\t<meta property=\"og:image:height\" content=\"1707\" \/>\n<meta name=\"twitter:card\" content=\"summary_large_image\" \/>\n<meta name=\"twitter:label1\" content=\"\u00c9crit par\">\n\t<meta name=\"twitter:data1\" content=\"Suessem\">\n\t<meta name=\"twitter:label2\" content=\"Dur\u00e9e de lecture est.\">\n\t<meta name=\"twitter:data2\" content=\"0 minute\">\n<script type=\"application\/ld+json\" class=\"yoast-schema-graph\">{\"@context\":\"https:\/\/schema.org\",\"@graph\":[{\"@type\":\"Organization\",\"@id\":\"https:\/\/www.suessemjetaime.lu\/#organization\",\"name\":\"Commune de Sanem\",\"url\":\"https:\/\/www.suessemjetaime.lu\/\",\"sameAs\":[\"https:\/\/www.facebook.com\/communedesanem\/\",\"https:\/\/www.youtube.com\/channel\/UCVN7kgmkkpcfy3Hb63mx_tQ\/featured\"],\"logo\":{\"@type\":\"ImageObject\",\"@id\":\"https:\/\/www.suessemjetaime.lu\/#logo\",\"inLanguage\":\"fr-FR\",\"url\":\"https:\/\/www.suessemjetaime.lu\/wp-content\/uploads\/2019\/03\/400_188_LOGO_SANEM.png\",\"width\":400,\"height\":188,\"caption\":\"Commune de Sanem\"},\"image\":{\"@id\":\"https:\/\/www.suessemjetaime.lu\/#logo\"}},{\"@type\":\"WebSite\",\"@id\":\"https:\/\/www.suessemjetaime.lu\/#website\",\"url\":\"https:\/\/www.suessemjetaime.lu\/\",\"name\":\"Suessem, je t&#039;aime\",\"description\":\"le Blog de la commune de Sanem\",\"publisher\":{\"@id\":\"https:\/\/www.suessemjetaime.lu\/#organization\"},\"potentialAction\":[{\"@type\":\"SearchAction\",\"target\":\"https:\/\/www.suessemjetaime.lu\/?s={search_term_string}\",\"query-input\":\"required name=search_term_string\"}],\"inLanguage\":\"fr-FR\"},{\"@type\":\"ImageObject\",\"@id\":\"https:\/\/www.suessemjetaime.lu\/fr\/sanup-gratis-aktiviteite-fir-dei-ganz-famill\/#primaryimage\",\"inLanguage\":\"fr-FR\",\"url\":\"https:\/\/www.suessemjetaime.lu\/wp-content\/uploads\/2025\/06\/SanUp25_250509DSCF1560-scaled.jpg\",\"width\":2560,\"height\":1707},{\"@type\":\"WebPage\",\"@id\":\"https:\/\/www.suessemjetaime.lu\/fr\/sanup-gratis-aktiviteite-fir-dei-ganz-famill\/#webpage\",\"url\":\"https:\/\/www.suessemjetaime.lu\/fr\/sanup-gratis-aktiviteite-fir-dei-ganz-famill\/\",\"name\":\"San'Up \\u2013 Family Day &bull; Suessem, je t&#039;aime\",\"isPartOf\":{\"@id\":\"https:\/\/www.suessemjetaime.lu\/#website\"},\"primaryImageOfPage\":{\"@id\":\"https:\/\/www.suessemjetaime.lu\/fr\/sanup-gratis-aktiviteite-fir-dei-ganz-famill\/#primaryimage\"},\"datePublished\":\"2025-06-10T09:00:59+00:00\",\"dateModified\":\"2025-08-13T06:23:59+00:00\",\"inLanguage\":\"fr-FR\",\"potentialAction\":[{\"@type\":\"ReadAction\",\"target\":[\"https:\/\/www.suessemjetaime.lu\/fr\/sanup-gratis-aktiviteite-fir-dei-ganz-famill\/\"]}]},{\"@type\":\"Article\",\"@id\":\"https:\/\/www.suessemjetaime.lu\/fr\/sanup-gratis-aktiviteite-fir-dei-ganz-famill\/#article\",\"isPartOf\":{\"@id\":\"https:\/\/www.suessemjetaime.lu\/fr\/sanup-gratis-aktiviteite-fir-dei-ganz-famill\/#webpage\"},\"author\":{\"@id\":\"https:\/\/www.suessemjetaime.lu\/#\/schema\/person\/0cacc039fca45c1bb3d06544fdf18c63\"},\"headline\":\"San&rsquo;Up \\u2013 Family Day\",\"datePublished\":\"2025-06-10T09:00:59+00:00\",\"dateModified\":\"2025-08-13T06:23:59+00:00\",\"mainEntityOfPage\":{\"@id\":\"https:\/\/www.suessemjetaime.lu\/fr\/sanup-gratis-aktiviteite-fir-dei-ganz-famill\/#webpage\"},\"commentCount\":0,\"publisher\":{\"@id\":\"https:\/\/www.suessemjetaime.lu\/#organization\"},\"image\":{\"@id\":\"https:\/\/www.suessemjetaime.lu\/fr\/sanup-gratis-aktiviteite-fir-dei-ganz-famill\/#primaryimage\"},\"articleSection\":\"Noise\",\"inLanguage\":\"fr-FR\",\"potentialAction\":[{\"@type\":\"CommentAction\",\"name\":\"Comment\",\"target\":[\"https:\/\/www.suessemjetaime.lu\/fr\/sanup-gratis-aktiviteite-fir-dei-ganz-famill\/#respond\"]}]},{\"@type\":\"Person\",\"@id\":\"https:\/\/www.suessemjetaime.lu\/#\/schema\/person\/0cacc039fca45c1bb3d06544fdf18c63\",\"name\":\"Suessem\",\"image\":{\"@type\":\"ImageObject\",\"@id\":\"https:\/\/www.suessemjetaime.lu\/#personlogo\",\"inLanguage\":\"fr-FR\",\"url\":\"https:\/\/secure.gravatar.com\/avatar\/77fabd1f92df29867737b77509c5795b?s=96&d=mm&r=g\",\"caption\":\"Suessem\"}}]}<\/script>\n<!-- \/ Yoast SEO plugin. -->","_links":{"self":[{"href":"https:\/\/www.suessemjetaime.lu\/fr\/wp-json\/wp\/v2\/posts\/12276\/"}],"collection":[{"href":"https:\/\/www.suessemjetaime.lu\/fr\/wp-json\/wp\/v2\/posts\/"}],"about":[{"href":"https:\/\/www.suessemjetaime.lu\/fr\/wp-json\/wp\/v2\/types\/post\/"}],"author":[{"embeddable":true,"href":"https:\/\/www.suessemjetaime.lu\/fr\/wp-json\/wp\/v2\/users\/4\/"}],"replies":[{"embeddable":true,"href":"https:\/\/www.suessemjetaime.lu\/fr\/wp-json\/wp\/v2\/comments\/?post=12276"}],"version-history":[{"count":6,"href":"https:\/\/www.suessemjetaime.lu\/fr\/wp-json\/wp\/v2\/posts\/12276\/revisions\/"}],"predecessor-version":[{"id":12457,"href":"https:\/\/www.suessemjetaime.lu\/fr\/wp-json\/wp\/v2\/posts\/12276\/revisions\/12457\/"}],"wp:featuredmedia":[{"embeddable":true,"href":"https:\/\/www.suessemjetaime.lu\/fr\/wp-json\/wp\/v2\/media\/12286\/"}],"wp:attachment":[{"href":"https:\/\/www.suessemjetaime.lu\/fr\/wp-json\/wp\/v2\/media\/?parent=12276"}],"wp:term":[{"taxonomy":"category","embeddable":true,"href":"https:\/\/www.suessemjetaime.lu\/fr\/wp-json\/wp\/v2\/categories\/?post=12276"},{"taxonomy":"post_tag","embeddable":true,"href":"https:\/\/www.suessemjetaime.lu\/fr\/wp-json\/wp\/v2\/tags\/?post=12276"}],"curies":[{"name":"wp","href":"https:\/\/api.w.org\/{rel}","templated":true}]}}