{"id":12262,"date":"2025-05-20T06:20:26","date_gmt":"2025-05-20T06:20:26","guid":{"rendered":"https:\/\/www.suessemjetaime.lu\/?p=12262"},"modified":"2025-08-06T07:22:29","modified_gmt":"2025-08-06T07:22:29","slug":"portraitgengler","status":"publish","type":"post","link":"https:\/\/www.suessemjetaime.lu\/fr\/portraitgengler\/","title":{"rendered":"Tes mots, ton livre"},"content":{"rendered":"<p><strong>Pour Patrick Gengler, \u00e9crire n\u2019est ni un passe-temps ni une fa\u00e7on de tuer le temps. Sous le pseudonyme P. G. Connor, il publie des livres d\u2019horreur et de fantasy, et depuis l\u2019ann\u00e9e derni\u00e8re, il donne des cours \u00e0 l\u2019Universit\u00e9 Populaire du Belval pour les auteur\u00b7rice\u00b7s en herbe. Son parcours jusqu\u2019ici, et ce qu\u2019il pr\u00e9voit encore, l\u2019\u00e9crivain originaire de Belvaux nous l\u2019a racont\u00e9 une heure avant le d\u00e9but de ses cours de printemps.<\/strong><\/p>\n<p><!--more--><\/p>\n<p>Le vent \u2013 comme d&rsquo;habitude \u00e0 Belval \u2013 nous fouette les oreilles avant que nous ne franchissions la grande entr\u00e9e de l\u2019imposant b\u00e2timent rouge, o\u00f9 se trouvait autrefois la Dexia. Aujourd\u2019hui, toute une s\u00e9rie d\u2019institutions se partagent l\u2019espace au 14, Porte de France, parmi elles l\u2019Universit\u00e9 Populaire. Dans le vaste hall d\u2019entr\u00e9e, Patrick Gengler nous attend. Il nous emm\u00e8ne \u00e0 l\u2019\u00e9tage dans la salle qui, dans un peu plus d\u2019une heure, accueillera ses futur\u00b7e\u00b7s \u00e9tudiant\u00b7e\u00b7s.<\/p>\n<p><strong>Succ\u00e8s dans le genre de l\u2019horreur<\/strong><\/p>\n<p>Tout a commenc\u00e9 dans un club d\u2019astronomie amateur, se souvient notre interlocuteur. \u00ab Le pr\u00e9sident \u00e9tait instituteur et il disait aux jeunes d\u2019\u00e9crire des articles pour le journal du club. J\u2019en faisais partie. \u00bb Au fil des ann\u00e9es \u2013 les int\u00e9r\u00eats changent, d\u2019autres choses occupent l\u2019esprit \u2013 l\u2019id\u00e9e d\u2019\u00e9crire un livre est peu \u00e0 peu tomb\u00e9e dans l\u2019oubli. \u00ab Mais elle a toujours \u00e9t\u00e9 l\u00e0 \u00bb, souligne Patrick Gengler. Devant nous, plusieurs livres sont pos\u00e9s sur la table : des \u0153uvres sign\u00e9es P. G. Connor, le pseudonyme sous lequel il publie. \u00ab \u00c7a, c\u2019est ma s\u00e9rie d\u2019horreur \u00bb, r\u00e9pond-il quand on soul\u00e8ve un des ouvrages. \u00ab Le premier et le deuxi\u00e8me tome se sont vendus \u00e0 plus de 10.000 exemplaires \u00bb, nous confie-t-il, visiblement fier \u2013 et \u00e0 juste titre.<\/p>\n<p>\u00c0 la question de savoir pourquoi il a choisi ce genre en particulier, Patrick r\u00e9pond : \u00ab C\u2019est plut\u00f4t un hasard\u2026 Vous connaissez la s\u00e9rie <em>The Walking Dead<\/em> ? Je l\u2019avais critiqu\u00e9e, parce qu\u2019elle avait fini par m\u2019ennuyer. Et l\u00e0, on m\u2019a lanc\u00e9 : \u201cBen \u00e9cris ton propre livre alors, tu verras comme c\u2019est difficile.\u201d Voil\u00e0 \u2013 aujourd\u2019hui, j\u2019en suis au troisi\u00e8me tome de ma s\u00e9rie. \u00bb<br \/>\nL\u2019histoire de <em>Die Z Akten<\/em> se d\u00e9roule entre l\u2019Allemagne et le Luxembourg, et met en sc\u00e8ne un virus qui transforme l\u2019humanit\u00e9 en monstres \u2013 un clin d\u2019\u0153il \u00e9vident \u00e0 <em>The Walking Dead<\/em>.<\/p>\n\n\t\t<style type=\"text\/css\">\n\t\t\t#gallery-1 {\n\t\t\t\tmargin: auto;\n\t\t\t}\n\t\t\t#gallery-1 .gallery-item {\n\t\t\t\tfloat: left;\n\t\t\t\tmargin-top: 10px;\n\t\t\t\ttext-align: center;\n\t\t\t\twidth: 33%;\n\t\t\t}\n\t\t\t#gallery-1 img {\n\t\t\t\tborder: 2px solid #cfcfcf;\n\t\t\t}\n\t\t\t#gallery-1 .gallery-caption {\n\t\t\t\tmargin-left: 0;\n\t\t\t}\n\t\t\t\/* see gallery_shortcode() in wp-includes\/media.php *\/\n\t\t<\/style>\n\t\t<div id='gallery-1' class='gallery galleryid-12262 gallery-columns-3 gallery-size-full'><dl class='gallery-item'>\n\t\t\t<dt class='gallery-icon portrait'>\n\t\t\t\t<a href='https:\/\/www.suessemjetaime.lu\/wp-content\/uploads\/2025\/05\/ITV_PatrickGengler_250226_DSF0288-scaled.jpg'><img width=\"1707\" height=\"2560\" src=\"https:\/\/www.suessemjetaime.lu\/wp-content\/uploads\/2025\/05\/ITV_PatrickGengler_250226_DSF0288-scaled.jpg\" class=\"attachment-full size-full\" alt=\"\" loading=\"lazy\" srcset=\"https:\/\/www.suessemjetaime.lu\/wp-content\/uploads\/2025\/05\/ITV_PatrickGengler_250226_DSF0288-scaled.jpg 1707w, https:\/\/www.suessemjetaime.lu\/wp-content\/uploads\/2025\/05\/ITV_PatrickGengler_250226_DSF0288-200x300.jpg 200w, https:\/\/www.suessemjetaime.lu\/wp-content\/uploads\/2025\/05\/ITV_PatrickGengler_250226_DSF0288-683x1024.jpg 683w, https:\/\/www.suessemjetaime.lu\/wp-content\/uploads\/2025\/05\/ITV_PatrickGengler_250226_DSF0288-768x1152.jpg 768w, https:\/\/www.suessemjetaime.lu\/wp-content\/uploads\/2025\/05\/ITV_PatrickGengler_250226_DSF0288-1024x1536.jpg 1024w, https:\/\/www.suessemjetaime.lu\/wp-content\/uploads\/2025\/05\/ITV_PatrickGengler_250226_DSF0288-1365x2048.jpg 1365w, https:\/\/www.suessemjetaime.lu\/wp-content\/uploads\/2025\/05\/ITV_PatrickGengler_250226_DSF0288-600x900.jpg 600w\" sizes=\"(max-width: 1707px) 100vw, 1707px\" \/><\/a>\n\t\t\t<\/dt><\/dl><dl class='gallery-item'>\n\t\t\t<dt class='gallery-icon portrait'>\n\t\t\t\t<a href='https:\/\/www.suessemjetaime.lu\/wp-content\/uploads\/2025\/05\/ITV_PatrickGengler_250226_DSF0344-scaled.jpg'><img width=\"1707\" height=\"2560\" src=\"https:\/\/www.suessemjetaime.lu\/wp-content\/uploads\/2025\/05\/ITV_PatrickGengler_250226_DSF0344-scaled.jpg\" class=\"attachment-full size-full\" alt=\"\" loading=\"lazy\" srcset=\"https:\/\/www.suessemjetaime.lu\/wp-content\/uploads\/2025\/05\/ITV_PatrickGengler_250226_DSF0344-scaled.jpg 1707w, https:\/\/www.suessemjetaime.lu\/wp-content\/uploads\/2025\/05\/ITV_PatrickGengler_250226_DSF0344-200x300.jpg 200w, https:\/\/www.suessemjetaime.lu\/wp-content\/uploads\/2025\/05\/ITV_PatrickGengler_250226_DSF0344-683x1024.jpg 683w, https:\/\/www.suessemjetaime.lu\/wp-content\/uploads\/2025\/05\/ITV_PatrickGengler_250226_DSF0344-768x1152.jpg 768w, https:\/\/www.suessemjetaime.lu\/wp-content\/uploads\/2025\/05\/ITV_PatrickGengler_250226_DSF0344-1024x1536.jpg 1024w, https:\/\/www.suessemjetaime.lu\/wp-content\/uploads\/2025\/05\/ITV_PatrickGengler_250226_DSF0344-1365x2048.jpg 1365w, https:\/\/www.suessemjetaime.lu\/wp-content\/uploads\/2025\/05\/ITV_PatrickGengler_250226_DSF0344-600x900.jpg 600w\" sizes=\"(max-width: 1707px) 100vw, 1707px\" \/><\/a>\n\t\t\t<\/dt><\/dl><dl class='gallery-item'>\n\t\t\t<dt class='gallery-icon portrait'>\n\t\t\t\t<a href='https:\/\/www.suessemjetaime.lu\/wp-content\/uploads\/2025\/05\/ITV_PatrickGengler_250226_DSF0269-scaled.jpg'><img width=\"1707\" height=\"2560\" src=\"https:\/\/www.suessemjetaime.lu\/wp-content\/uploads\/2025\/05\/ITV_PatrickGengler_250226_DSF0269-scaled.jpg\" class=\"attachment-full size-full\" alt=\"\" loading=\"lazy\" srcset=\"https:\/\/www.suessemjetaime.lu\/wp-content\/uploads\/2025\/05\/ITV_PatrickGengler_250226_DSF0269-scaled.jpg 1707w, https:\/\/www.suessemjetaime.lu\/wp-content\/uploads\/2025\/05\/ITV_PatrickGengler_250226_DSF0269-200x300.jpg 200w, https:\/\/www.suessemjetaime.lu\/wp-content\/uploads\/2025\/05\/ITV_PatrickGengler_250226_DSF0269-683x1024.jpg 683w, https:\/\/www.suessemjetaime.lu\/wp-content\/uploads\/2025\/05\/ITV_PatrickGengler_250226_DSF0269-768x1152.jpg 768w, https:\/\/www.suessemjetaime.lu\/wp-content\/uploads\/2025\/05\/ITV_PatrickGengler_250226_DSF0269-1024x1536.jpg 1024w, https:\/\/www.suessemjetaime.lu\/wp-content\/uploads\/2025\/05\/ITV_PatrickGengler_250226_DSF0269-1365x2048.jpg 1365w, https:\/\/www.suessemjetaime.lu\/wp-content\/uploads\/2025\/05\/ITV_PatrickGengler_250226_DSF0269-600x900.jpg 600w\" sizes=\"(max-width: 1707px) 100vw, 1707px\" \/><\/a>\n\t\t\t<\/dt><\/dl><br style=\"clear: both\" \/>\n\t\t<\/div>\n\n<p><a href=\"https:\/\/www.suessemjetaime.lu\/wp-content\/uploads\/2025\/05\/ITV_PatrickGengler_250226_DSF0435-scaled.jpg\"><img loading=\"lazy\" class=\"aligncenter size-full wp-image-12247\" src=\"https:\/\/www.suessemjetaime.lu\/wp-content\/uploads\/2025\/05\/ITV_PatrickGengler_250226_DSF0435-scaled.jpg\" alt=\"\" width=\"2560\" height=\"1707\" srcset=\"https:\/\/www.suessemjetaime.lu\/wp-content\/uploads\/2025\/05\/ITV_PatrickGengler_250226_DSF0435-scaled.jpg 2560w, https:\/\/www.suessemjetaime.lu\/wp-content\/uploads\/2025\/05\/ITV_PatrickGengler_250226_DSF0435-300x200.jpg 300w, https:\/\/www.suessemjetaime.lu\/wp-content\/uploads\/2025\/05\/ITV_PatrickGengler_250226_DSF0435-1024x683.jpg 1024w, https:\/\/www.suessemjetaime.lu\/wp-content\/uploads\/2025\/05\/ITV_PatrickGengler_250226_DSF0435-768x512.jpg 768w, https:\/\/www.suessemjetaime.lu\/wp-content\/uploads\/2025\/05\/ITV_PatrickGengler_250226_DSF0435-1536x1024.jpg 1536w, https:\/\/www.suessemjetaime.lu\/wp-content\/uploads\/2025\/05\/ITV_PatrickGengler_250226_DSF0435-600x400.jpg 600w\" sizes=\"(max-width: 2560px) 100vw, 2560px\" \/><\/a><\/p>\n<p>Est-il ancr\u00e9 dans le genre ? \u00ab\u00a0L\u2019id\u00e9e d\u2019\u00e9crire un thriller me trotte dans la t\u00eate,\u00a0\u00bb admet-il apr\u00e8s une courte pause. \u00ab\u00a0J\u2019ai m\u00eame d\u00e9j\u00e0 commenc\u00e9 \u00e0 y travailler, mais c\u2019est encore un peu t\u00f4t pour en parler.\u00a0\u00bb D\u2019ici l\u00e0, d\u2019autres projets sont en cours, notamment une suite \u00e0 sa s\u00e9rie de fantasy <em>Die Eichenthron Annalen<\/em>. \u00ab\u00a0Elle s\u2019est moins bien vendue,\u00a0\u00bb pr\u00e9cise-t-il. Selon Patrick, la concurrence est bien plus rude dans ce domaine. \u00ab\u00a0La communaut\u00e9 horreur est plus fid\u00e8le. Dans ce genre-l\u00e0, \u00e7a se lance un peu tout seul.\u00a0\u00bb<\/p>\n<p><strong>Auto\u00e9dition ou maison d\u2019\u00e9dition\u00a0: telle est la question<\/strong><\/p>\n<p>Une bonne dose d\u2019initiative personnelle \u2013 voil\u00e0 ce que partagent tous les inscrits \u00e0 son cours, selon le natif de Belvaux. \u00ab Les gens qui viennent ici ont tous l\u2019envie d\u2019\u00e9crire un livre un jour. Ce cours, c\u2019est la partie th\u00e9orique. \u00bb L\u2019auteur y explique comment s\u2019orienter, que ce soit vers l\u2019auto\u00e9dition ou une maison d\u2019\u00e9dition classique. \u00ab Parce que ce que beaucoup ignorent, c\u2019est qu\u2019\u00e9crire un livre ne suffit pas. \u00bb Saviez-vous, par exemple, qu\u2019il existe de nombreuses questions juridiques \u00e0 anticiper\u00a0? \u00ab\u00a0Imaginez que vous \u00e9criviez sur une grande marque, que vous la d\u00e9nigriez, et que votre livre devienne un immense succ\u00e8s \u2013 tout le monde en parle. Eh bien, cette entreprise pourrait vous attaquer en justice.\u00a0\u00bb<\/p>\n<blockquote><p>\u00ab J\u2019ai mes lecteurs-testeurs. Ce sont des amis, des passionn\u00e9s de lecture. Ils me donnent les retours dont j\u2019ai besoin. \u00bb \u2013 Patrick Gengler<\/p><\/blockquote>\n<p>D\u2019autres questions \u00e0 se poser : auto\u00e9dition ou maison d\u2019\u00e9dition ? Se lancer en auto\u00e9dition signifie tout g\u00e9rer soi-m\u00eame. Collaborer avec une maison d\u2019\u00e9dition, en revanche, implique de c\u00e9der une part de contr\u00f4le. \u00ab Cela peut aller jusqu\u2019au changement du nom d\u2019un personnage si votre choix ne leur pla\u00eet pas \u00bb, souligne l\u2019auteur.<\/p>\n<p>Sous le pseudonyme P. G. Connor, Patrick publie principalement en auto\u00e9dition. \u00ab \u00c0 l\u2019exception d\u2019une de mes nouvelles, parue dans un recueil collectif. \u00bb Sur son chemin vers l\u2019\u00e9criture, il avait suivi un cours donn\u00e9 par une autrice. \u00ab Un an plus tard, le projet avec elle \u00e9tait termin\u00e9 et elle m\u2019a parl\u00e9 de ce recueil de nouvelles. Elle m\u2019a propos\u00e9 de soumettre un texte. Et \u00e7a a march\u00e9. Il a \u00e9t\u00e9 accept\u00e9 tout de suite. \u00bb<\/p>\n<p><strong>Travail de fond<\/strong><\/p>\n<p>Beaucoup ignorent \u00e0 quel point il faut s\u2019investir dans une histoire, poursuit-il. \u00ab C\u2019est un vrai travail de fond. \u00c0 un moment donn\u00e9, tu ne sais plus o\u00f9 tu en es, il faut prendre du recul et te recentrer. \u00bb Le projet \u00ab \u00e9crire un livre \u00bb inclut autant le choix du genre et le d\u00e9veloppement de l\u2019id\u00e9e que le travail de relecture, de correction et de mise au point.<\/p>\n<p>\u00ab Il ne faut pas faire \u00e7a tout seul. \u00c0 force, tu ne vois plus les plus petites incoh\u00e9rences \u00bb, explique Patrick. \u00ab J\u2019ai mes lecteurs-testeurs. Ce sont des amis, des passionn\u00e9s de lecture. Ils me donnent les retours dont j\u2019ai besoin. \u00bb<\/p>\n<p><a href=\"https:\/\/www.suessemjetaime.lu\/wp-content\/uploads\/2025\/05\/ITV_PatrickGengler_250226_DSF9788-scaled.jpg\"><img loading=\"lazy\" class=\"aligncenter size-full wp-image-12251\" src=\"https:\/\/www.suessemjetaime.lu\/wp-content\/uploads\/2025\/05\/ITV_PatrickGengler_250226_DSF9788-scaled.jpg\" alt=\"\" width=\"2560\" height=\"1707\" srcset=\"https:\/\/www.suessemjetaime.lu\/wp-content\/uploads\/2025\/05\/ITV_PatrickGengler_250226_DSF9788-scaled.jpg 2560w, https:\/\/www.suessemjetaime.lu\/wp-content\/uploads\/2025\/05\/ITV_PatrickGengler_250226_DSF9788-300x200.jpg 300w, https:\/\/www.suessemjetaime.lu\/wp-content\/uploads\/2025\/05\/ITV_PatrickGengler_250226_DSF9788-1024x683.jpg 1024w, https:\/\/www.suessemjetaime.lu\/wp-content\/uploads\/2025\/05\/ITV_PatrickGengler_250226_DSF9788-768x512.jpg 768w, https:\/\/www.suessemjetaime.lu\/wp-content\/uploads\/2025\/05\/ITV_PatrickGengler_250226_DSF9788-1536x1024.jpg 1536w, https:\/\/www.suessemjetaime.lu\/wp-content\/uploads\/2025\/05\/ITV_PatrickGengler_250226_DSF9788-600x400.jpg 600w\" sizes=\"(max-width: 2560px) 100vw, 2560px\" \/><\/a><\/p>\n\n\t\t<style type=\"text\/css\">\n\t\t\t#gallery-2 {\n\t\t\t\tmargin: auto;\n\t\t\t}\n\t\t\t#gallery-2 .gallery-item {\n\t\t\t\tfloat: left;\n\t\t\t\tmargin-top: 10px;\n\t\t\t\ttext-align: center;\n\t\t\t\twidth: 33%;\n\t\t\t}\n\t\t\t#gallery-2 img {\n\t\t\t\tborder: 2px solid #cfcfcf;\n\t\t\t}\n\t\t\t#gallery-2 .gallery-caption {\n\t\t\t\tmargin-left: 0;\n\t\t\t}\n\t\t\t\/* see gallery_shortcode() in wp-includes\/media.php *\/\n\t\t<\/style>\n\t\t<div id='gallery-2' class='gallery galleryid-12262 gallery-columns-3 gallery-size-full'><dl class='gallery-item'>\n\t\t\t<dt class='gallery-icon portrait'>\n\t\t\t\t<a href='https:\/\/www.suessemjetaime.lu\/wp-content\/uploads\/2025\/05\/ITV_PatrickGengler_250226_DSF0831-scaled.jpg'><img width=\"1707\" height=\"2560\" src=\"https:\/\/www.suessemjetaime.lu\/wp-content\/uploads\/2025\/05\/ITV_PatrickGengler_250226_DSF0831-scaled.jpg\" class=\"attachment-full size-full\" alt=\"\" loading=\"lazy\" srcset=\"https:\/\/www.suessemjetaime.lu\/wp-content\/uploads\/2025\/05\/ITV_PatrickGengler_250226_DSF0831-scaled.jpg 1707w, https:\/\/www.suessemjetaime.lu\/wp-content\/uploads\/2025\/05\/ITV_PatrickGengler_250226_DSF0831-200x300.jpg 200w, https:\/\/www.suessemjetaime.lu\/wp-content\/uploads\/2025\/05\/ITV_PatrickGengler_250226_DSF0831-683x1024.jpg 683w, https:\/\/www.suessemjetaime.lu\/wp-content\/uploads\/2025\/05\/ITV_PatrickGengler_250226_DSF0831-768x1152.jpg 768w, https:\/\/www.suessemjetaime.lu\/wp-content\/uploads\/2025\/05\/ITV_PatrickGengler_250226_DSF0831-1024x1536.jpg 1024w, https:\/\/www.suessemjetaime.lu\/wp-content\/uploads\/2025\/05\/ITV_PatrickGengler_250226_DSF0831-1365x2048.jpg 1365w, https:\/\/www.suessemjetaime.lu\/wp-content\/uploads\/2025\/05\/ITV_PatrickGengler_250226_DSF0831-600x900.jpg 600w\" sizes=\"(max-width: 1707px) 100vw, 1707px\" \/><\/a>\n\t\t\t<\/dt><\/dl><dl class='gallery-item'>\n\t\t\t<dt class='gallery-icon portrait'>\n\t\t\t\t<a href='https:\/\/www.suessemjetaime.lu\/wp-content\/uploads\/2025\/05\/ITV_PatrickGengler_250226_DSF9785-scaled.jpg'><img width=\"1707\" height=\"2560\" src=\"https:\/\/www.suessemjetaime.lu\/wp-content\/uploads\/2025\/05\/ITV_PatrickGengler_250226_DSF9785-scaled.jpg\" class=\"attachment-full size-full\" alt=\"\" loading=\"lazy\" srcset=\"https:\/\/www.suessemjetaime.lu\/wp-content\/uploads\/2025\/05\/ITV_PatrickGengler_250226_DSF9785-scaled.jpg 1707w, https:\/\/www.suessemjetaime.lu\/wp-content\/uploads\/2025\/05\/ITV_PatrickGengler_250226_DSF9785-200x300.jpg 200w, https:\/\/www.suessemjetaime.lu\/wp-content\/uploads\/2025\/05\/ITV_PatrickGengler_250226_DSF9785-683x1024.jpg 683w, https:\/\/www.suessemjetaime.lu\/wp-content\/uploads\/2025\/05\/ITV_PatrickGengler_250226_DSF9785-768x1152.jpg 768w, https:\/\/www.suessemjetaime.lu\/wp-content\/uploads\/2025\/05\/ITV_PatrickGengler_250226_DSF9785-1024x1536.jpg 1024w, https:\/\/www.suessemjetaime.lu\/wp-content\/uploads\/2025\/05\/ITV_PatrickGengler_250226_DSF9785-1365x2048.jpg 1365w, https:\/\/www.suessemjetaime.lu\/wp-content\/uploads\/2025\/05\/ITV_PatrickGengler_250226_DSF9785-600x900.jpg 600w\" sizes=\"(max-width: 1707px) 100vw, 1707px\" \/><\/a>\n\t\t\t<\/dt><\/dl><dl class='gallery-item'>\n\t\t\t<dt class='gallery-icon portrait'>\n\t\t\t\t<a href='https:\/\/www.suessemjetaime.lu\/wp-content\/uploads\/2025\/05\/ITV_PatrickGengler_250226_DSF9740-scaled.jpg'><img width=\"1707\" height=\"2560\" src=\"https:\/\/www.suessemjetaime.lu\/wp-content\/uploads\/2025\/05\/ITV_PatrickGengler_250226_DSF9740-scaled.jpg\" class=\"attachment-full size-full\" alt=\"\" loading=\"lazy\" srcset=\"https:\/\/www.suessemjetaime.lu\/wp-content\/uploads\/2025\/05\/ITV_PatrickGengler_250226_DSF9740-scaled.jpg 1707w, https:\/\/www.suessemjetaime.lu\/wp-content\/uploads\/2025\/05\/ITV_PatrickGengler_250226_DSF9740-200x300.jpg 200w, https:\/\/www.suessemjetaime.lu\/wp-content\/uploads\/2025\/05\/ITV_PatrickGengler_250226_DSF9740-683x1024.jpg 683w, https:\/\/www.suessemjetaime.lu\/wp-content\/uploads\/2025\/05\/ITV_PatrickGengler_250226_DSF9740-768x1152.jpg 768w, https:\/\/www.suessemjetaime.lu\/wp-content\/uploads\/2025\/05\/ITV_PatrickGengler_250226_DSF9740-1024x1536.jpg 1024w, https:\/\/www.suessemjetaime.lu\/wp-content\/uploads\/2025\/05\/ITV_PatrickGengler_250226_DSF9740-1365x2048.jpg 1365w, https:\/\/www.suessemjetaime.lu\/wp-content\/uploads\/2025\/05\/ITV_PatrickGengler_250226_DSF9740-600x900.jpg 600w\" sizes=\"(max-width: 1707px) 100vw, 1707px\" \/><\/a>\n\t\t\t<\/dt><\/dl><br style=\"clear: both\" \/>\n\t\t<\/div>\n\n<p class=\"\" data-start=\"24\" data-end=\"401\">Comme certainement beaucoup d&rsquo;autres qui s\u2019attellent \u00e0 \u00e9crire plusieurs centaines de pages, Patrick a besoin de pauses r\u00e9guli\u00e8res entre les phases d\u2019\u00e9criture.<br data-start=\"182\" data-end=\"185\" \/>\u00ab Tu ne peux pas juste \u00e9crire, \u00e9crire, \u00e9crire d\u2019une traite. L\u2019\u00e9diteur le sent, quand j\u2019aurais d\u00fb faire une pause \u2013 et que je ne l\u2019ai pas faite. On m\u2019a d\u00e9j\u00e0 dit : \u201cAh, l\u00e0, \u00e7a aurait \u00e9t\u00e9 bien que tu poses ton stylo.\u201d \u00bb Dans ces moments-l\u00e0, il laisse le texte de c\u00f4t\u00e9. \u00ab Je travaille alors sur un autre projet. C\u2019est important. \u00c7a me donne de nouvelles id\u00e9es, de nouvelles perspectives. \u00bb Mais l\u2019histoire, elle, ne le quitte jamais compl\u00e8tement. \u00ab Peu importe ce que je fais ou ce que je vois \u2013 tout peut devenir une source d\u2019inspiration. \u00bb Autrement dit : tout peut un jour faire partie du r\u00e9cit.<\/p>\n<p class=\"\" data-start=\"24\" data-end=\"401\"><strong>Une forte demande<\/strong><\/p>\n<p class=\"\" data-start=\"24\" data-end=\"401\">Pendant notre entretien, la salle se remplit petit \u00e0 petit. Des \u00e9tudiant\u00b7e\u00b7s, des personnes venues directement apr\u00e8s le travail\u2026 Il n\u2019y a pas de profil type pour celles et ceux qui veulent \u00e9crire un livre. Aussi diverses que les histoires, le sont les personnes derri\u00e8re ces textes. \u00ab Souvent, les gens ont d\u00e9j\u00e0 r\u00e9dig\u00e9 un manuscrit. Ils sont juste bloqu\u00e9s \u00e0 un moment pr\u00e9cis. \u00bb Plus tard, on apprend que certain\u00b7e\u00b7s ont effectivement d\u00e9j\u00e0 \u00e9crit un livre. Et pourtant, la demande pour ce type de cours est bien l\u00e0, confirme Patrick. \u00ab L\u2019an dernier, on a commenc\u00e9 \u00e0 11. Aujourd\u2019hui, ils sont 14. Ce samedi marque le d\u00e9but de l&rsquo;atelier o\u00f9 l\u2019on se penchera de fa\u00e7on concr\u00e8te sur la r\u00e9daction d\u2019un livre. Certains viennent de mon premier cours de l\u2019automne dernier. \u00bb<\/p>\n<p>Pour Patrick, ce qui compte dans ce cours, c\u2019est de pouvoir transmettre son savoir et son exp\u00e9rience. \u00ab Mon premier manuscrit \u00e9tait une catastrophe \u00bb, admet-il en riant. \u00ab Aujourd\u2019hui, je ne peux plus lire mes anciens textes \u00bb, ajoute-t-il d\u2019un regard critique. \u00ab Pas parce que ce n\u2019\u00e9tait pas bon, mais parce que mon style a totalement chang\u00e9.\u00a0 Peu avant 18h00, notre conversation touche \u00e0 sa fin. La salle s\u2019est bien remplie au fil de l\u2019heure. Patrick referme la porte, lance sa pr\u00e9sentation, se place devant la classe et regarde les visages pleins d\u2019attente. C\u2019est parti.<\/p>\n<p><a href=\"https:\/\/www.suessemjetaime.lu\/wp-content\/uploads\/2025\/05\/ITV_PatrickGengler_250226_DSF0640-scaled.jpg\"><img loading=\"lazy\" class=\"aligncenter size-full wp-image-12249\" src=\"https:\/\/www.suessemjetaime.lu\/wp-content\/uploads\/2025\/05\/ITV_PatrickGengler_250226_DSF0640-scaled.jpg\" alt=\"\" width=\"2560\" height=\"1707\" srcset=\"https:\/\/www.suessemjetaime.lu\/wp-content\/uploads\/2025\/05\/ITV_PatrickGengler_250226_DSF0640-scaled.jpg 2560w, https:\/\/www.suessemjetaime.lu\/wp-content\/uploads\/2025\/05\/ITV_PatrickGengler_250226_DSF0640-300x200.jpg 300w, https:\/\/www.suessemjetaime.lu\/wp-content\/uploads\/2025\/05\/ITV_PatrickGengler_250226_DSF0640-1024x683.jpg 1024w, https:\/\/www.suessemjetaime.lu\/wp-content\/uploads\/2025\/05\/ITV_PatrickGengler_250226_DSF0640-768x512.jpg 768w, https:\/\/www.suessemjetaime.lu\/wp-content\/uploads\/2025\/05\/ITV_PatrickGengler_250226_DSF0640-1536x1024.jpg 1536w, https:\/\/www.suessemjetaime.lu\/wp-content\/uploads\/2025\/05\/ITV_PatrickGengler_250226_DSF0640-600x400.jpg 600w\" sizes=\"(max-width: 2560px) 100vw, 2560px\" \/><\/a><\/p>\n","protected":false},"excerpt":{"rendered":"<p>Pour Patrick Gengler, \u00e9crire n\u2019est ni un passe-temps ni une fa\u00e7on de tuer le temps. Sous le pseudonyme P. G. Connor, il publie des livres d\u2019horreur et de fantasy, et depuis l\u2019ann\u00e9e derni\u00e8re, il donne des cours \u00e0 l\u2019Universit\u00e9 Populaire [&hellip;]<\/p>\n","protected":false},"author":4,"featured_media":12261,"comment_status":"open","ping_status":"open","sticky":false,"template":"","format":"standard","meta":[],"categories":[33],"tags":[],"yoast_head":"<!-- This site is optimized with the Yoast SEO plugin v15.2.1 - https:\/\/yoast.com\/wordpress\/plugins\/seo\/ -->\n<title>Tes mots, ton livre &bull; Suessem, je t&#039;aime<\/title>\n<meta name=\"robots\" content=\"index, follow, max-snippet:-1, max-image-preview:large, max-video-preview:-1\" \/>\n<link rel=\"canonical\" href=\"https:\/\/www.suessemjetaime.lu\/fr\/portraitgengler\/\" \/>\n<meta property=\"og:locale\" content=\"fr_FR\" \/>\n<meta property=\"og:type\" content=\"article\" \/>\n<meta property=\"og:title\" content=\"Tes mots, ton livre &bull; Suessem, je t&#039;aime\" \/>\n<meta property=\"og:description\" content=\"Pour Patrick Gengler, \u00e9crire n\u2019est ni un passe-temps ni une fa\u00e7on de tuer le temps. Sous le pseudonyme P. G. Connor, il publie des livres d\u2019horreur et de fantasy, et depuis l\u2019ann\u00e9e derni\u00e8re, il donne des cours \u00e0 l\u2019Universit\u00e9 Populaire [&hellip;]\" \/>\n<meta property=\"og:url\" content=\"https:\/\/www.suessemjetaime.lu\/fr\/portraitgengler\/\" \/>\n<meta property=\"og:site_name\" content=\"Suessem, je t&#039;aime\" \/>\n<meta property=\"article:publisher\" content=\"https:\/\/www.facebook.com\/communedesanem\/\" \/>\n<meta property=\"article:published_time\" content=\"2025-05-20T06:20:26+00:00\" \/>\n<meta property=\"article:modified_time\" content=\"2025-08-06T07:22:29+00:00\" \/>\n<meta property=\"og:image\" content=\"https:\/\/www.suessemjetaime.lu\/wp-content\/uploads\/2025\/05\/ITV_PatrickGengler_250226_DSF9587-scaled.jpg\" \/>\n\t<meta property=\"og:image:width\" content=\"2560\" \/>\n\t<meta property=\"og:image:height\" content=\"1707\" \/>\n<meta name=\"twitter:card\" content=\"summary_large_image\" \/>\n<meta name=\"twitter:label1\" content=\"\u00c9crit par\">\n\t<meta name=\"twitter:data1\" content=\"Suessem\">\n\t<meta name=\"twitter:label2\" content=\"Dur\u00e9e de lecture est.\">\n\t<meta name=\"twitter:data2\" content=\"5 minutes\">\n<script type=\"application\/ld+json\" class=\"yoast-schema-graph\">{\"@context\":\"https:\/\/schema.org\",\"@graph\":[{\"@type\":\"Organization\",\"@id\":\"https:\/\/www.suessemjetaime.lu\/#organization\",\"name\":\"Commune de Sanem\",\"url\":\"https:\/\/www.suessemjetaime.lu\/\",\"sameAs\":[\"https:\/\/www.facebook.com\/communedesanem\/\",\"https:\/\/www.youtube.com\/channel\/UCVN7kgmkkpcfy3Hb63mx_tQ\/featured\"],\"logo\":{\"@type\":\"ImageObject\",\"@id\":\"https:\/\/www.suessemjetaime.lu\/#logo\",\"inLanguage\":\"fr-FR\",\"url\":\"https:\/\/www.suessemjetaime.lu\/wp-content\/uploads\/2019\/03\/400_188_LOGO_SANEM.png\",\"width\":400,\"height\":188,\"caption\":\"Commune de Sanem\"},\"image\":{\"@id\":\"https:\/\/www.suessemjetaime.lu\/#logo\"}},{\"@type\":\"WebSite\",\"@id\":\"https:\/\/www.suessemjetaime.lu\/#website\",\"url\":\"https:\/\/www.suessemjetaime.lu\/\",\"name\":\"Suessem, je t&#039;aime\",\"description\":\"le Blog de la commune de Sanem\",\"publisher\":{\"@id\":\"https:\/\/www.suessemjetaime.lu\/#organization\"},\"potentialAction\":[{\"@type\":\"SearchAction\",\"target\":\"https:\/\/www.suessemjetaime.lu\/?s={search_term_string}\",\"query-input\":\"required name=search_term_string\"}],\"inLanguage\":\"fr-FR\"},{\"@type\":\"ImageObject\",\"@id\":\"https:\/\/www.suessemjetaime.lu\/fr\/portraitgengler\/#primaryimage\",\"inLanguage\":\"fr-FR\",\"url\":\"https:\/\/www.suessemjetaime.lu\/wp-content\/uploads\/2025\/05\/ITV_PatrickGengler_250226_DSF9587-scaled.jpg\",\"width\":2560,\"height\":1707},{\"@type\":\"WebPage\",\"@id\":\"https:\/\/www.suessemjetaime.lu\/fr\/portraitgengler\/#webpage\",\"url\":\"https:\/\/www.suessemjetaime.lu\/fr\/portraitgengler\/\",\"name\":\"Tes mots, ton livre &bull; Suessem, je t&#039;aime\",\"isPartOf\":{\"@id\":\"https:\/\/www.suessemjetaime.lu\/#website\"},\"primaryImageOfPage\":{\"@id\":\"https:\/\/www.suessemjetaime.lu\/fr\/portraitgengler\/#primaryimage\"},\"datePublished\":\"2025-05-20T06:20:26+00:00\",\"dateModified\":\"2025-08-06T07:22:29+00:00\",\"inLanguage\":\"fr-FR\",\"potentialAction\":[{\"@type\":\"ReadAction\",\"target\":[\"https:\/\/www.suessemjetaime.lu\/fr\/portraitgengler\/\"]}]},{\"@type\":\"Article\",\"@id\":\"https:\/\/www.suessemjetaime.lu\/fr\/portraitgengler\/#article\",\"isPartOf\":{\"@id\":\"https:\/\/www.suessemjetaime.lu\/fr\/portraitgengler\/#webpage\"},\"author\":{\"@id\":\"https:\/\/www.suessemjetaime.lu\/#\/schema\/person\/0cacc039fca45c1bb3d06544fdf18c63\"},\"headline\":\"Tes mots, ton livre\",\"datePublished\":\"2025-05-20T06:20:26+00:00\",\"dateModified\":\"2025-08-06T07:22:29+00:00\",\"mainEntityOfPage\":{\"@id\":\"https:\/\/www.suessemjetaime.lu\/fr\/portraitgengler\/#webpage\"},\"commentCount\":0,\"publisher\":{\"@id\":\"https:\/\/www.suessemjetaime.lu\/#organization\"},\"image\":{\"@id\":\"https:\/\/www.suessemjetaime.lu\/fr\/portraitgengler\/#primaryimage\"},\"articleSection\":\"Noise\",\"inLanguage\":\"fr-FR\",\"potentialAction\":[{\"@type\":\"CommentAction\",\"name\":\"Comment\",\"target\":[\"https:\/\/www.suessemjetaime.lu\/fr\/portraitgengler\/#respond\"]}]},{\"@type\":\"Person\",\"@id\":\"https:\/\/www.suessemjetaime.lu\/#\/schema\/person\/0cacc039fca45c1bb3d06544fdf18c63\",\"name\":\"Suessem\",\"image\":{\"@type\":\"ImageObject\",\"@id\":\"https:\/\/www.suessemjetaime.lu\/#personlogo\",\"inLanguage\":\"fr-FR\",\"url\":\"https:\/\/secure.gravatar.com\/avatar\/77fabd1f92df29867737b77509c5795b?s=96&d=mm&r=g\",\"caption\":\"Suessem\"}}]}<\/script>\n<!-- \/ Yoast SEO plugin. -->","_links":{"self":[{"href":"https:\/\/www.suessemjetaime.lu\/fr\/wp-json\/wp\/v2\/posts\/12262\/"}],"collection":[{"href":"https:\/\/www.suessemjetaime.lu\/fr\/wp-json\/wp\/v2\/posts\/"}],"about":[{"href":"https:\/\/www.suessemjetaime.lu\/fr\/wp-json\/wp\/v2\/types\/post\/"}],"author":[{"embeddable":true,"href":"https:\/\/www.suessemjetaime.lu\/fr\/wp-json\/wp\/v2\/users\/4\/"}],"replies":[{"embeddable":true,"href":"https:\/\/www.suessemjetaime.lu\/fr\/wp-json\/wp\/v2\/comments\/?post=12262"}],"version-history":[{"count":8,"href":"https:\/\/www.suessemjetaime.lu\/fr\/wp-json\/wp\/v2\/posts\/12262\/revisions\/"}],"predecessor-version":[{"id":12430,"href":"https:\/\/www.suessemjetaime.lu\/fr\/wp-json\/wp\/v2\/posts\/12262\/revisions\/12430\/"}],"wp:featuredmedia":[{"embeddable":true,"href":"https:\/\/www.suessemjetaime.lu\/fr\/wp-json\/wp\/v2\/media\/12261\/"}],"wp:attachment":[{"href":"https:\/\/www.suessemjetaime.lu\/fr\/wp-json\/wp\/v2\/media\/?parent=12262"}],"wp:term":[{"taxonomy":"category","embeddable":true,"href":"https:\/\/www.suessemjetaime.lu\/fr\/wp-json\/wp\/v2\/categories\/?post=12262"},{"taxonomy":"post_tag","embeddable":true,"href":"https:\/\/www.suessemjetaime.lu\/fr\/wp-json\/wp\/v2\/tags\/?post=12262"}],"curies":[{"name":"wp","href":"https:\/\/api.w.org\/{rel}","templated":true}]}}