{"id":12221,"date":"2025-05-19T08:53:04","date_gmt":"2025-05-19T08:53:04","guid":{"rendered":"https:\/\/www.suessemjetaime.lu\/?p=12221"},"modified":"2025-05-26T12:18:29","modified_gmt":"2025-05-26T12:18:29","slug":"zpf","status":"publish","type":"post","link":"https:\/\/www.suessemjetaime.lu\/fr\/zpf\/","title":{"rendered":"Pas encore termin\u00e9"},"content":{"rendered":"<p class=\"\" data-start=\"121\" data-end=\"554\"><strong>Apr\u00e8s leur premier passage sur notre sc\u00e8ne en 2021, Zero Point Five sera de retour pour la 5e \u00e9dition du Flow Festival (du 18 au 20 juillet 2025) \u2013 avec de nouveaux morceaux dans les valises et de vieux souvenirs plein la t\u00eate. Entre un g\u00e9n\u00e9rateur inond\u00e9 il y a 4 ans, leur exp\u00e9rience au LSC, et une vir\u00e9e dans la ville de Scranton, rendue c\u00e9l\u00e8bre par The Office, nous avons rencontr\u00e9 le groupe d\u00e9but mars pour en discuter.<\/strong><\/p>\n<p><!--more--><\/p>\n<p class=\"\" data-start=\"0\" data-end=\"624\">Nous nous retrouvons devant une porte ferm\u00e9e. Impossible d\u2019entrer dans les locaux du B\u00e2timent 4 sur le site de la Ville d&rsquo;Esch sans que quelqu\u2019un\u2219e ne nous ouvre. Apr\u00e8s un coup de fil, deux silhouettes apparaissent derri\u00e8re la porte vitr\u00e9e : Kiko Menichetti et Chris Reitz. \u00ab\u202fGilles est en route depuis Ettelbruck et coinc\u00e9 dans les embouteillages\u202f\u00bb, nous explique Kiko en descendant vers le studio. \u00ab\u202fMais on peut d\u00e9j\u00e0 commencer, \u00e7a risque de prendre encore un moment.\u202f\u00bb Par manque de temps, nous ne pourrons pas faire une interview avec lui aussi, mais il rejoindra ses coll\u00e8gues devant la cam\u00e9ra avant que nous ne repassions. En bas du b\u00e2timent, ils nous invitent dans leur univers : un canap\u00e9, quelques tabourets, des tableaux, des illustrations, des plantes, et un immense \u00e9cran avec table de mixage et tout l\u2019\u00e9quipement n\u00e9cessaire pour enregistrer des morceaux. Cette petite pi\u00e8ce \u2013 en r\u00e9alit\u00e9 le studio personnel de Chris, o\u00f9 il travaille aussi sur ses projets solo \u2013 est devenue au fil des ann\u00e9es leur propre univers Zero Point Five. Une illustration de Michael Scott (personnage principal de la s\u00e9rie am\u00e9ricaine The Office, interpr\u00e9t\u00e9 par Steve Carell) et une plaque sur laquelle on peut lire Scranton (la ville o\u00f9 se d\u00e9roule la s\u00e9rie) attirent notre regard. \u00ab\u202fIl faut qu\u2019on entende cette histoire.\u202f\u00bb Ils \u00e9clatent de rire. \u00ab\u202fOn vous la racontera plus tard\u202f\u00bb, r\u00e9pond Kiko en souriant.<\/p>\n<p><strong>\u00ab Concert de salon \u00bb<\/strong><\/p>\n<article class=\"text-token-text-primary w-full\" dir=\"auto\" data-testid=\"conversation-turn-596\" data-scroll-anchor=\"true\">\n<div class=\"text-base my-auto mx-auto py-5 [--thread-content-margin:--spacing(4)] @[37rem]:[--thread-content-margin:--spacing(6)] @[72rem]:[--thread-content-margin:--spacing(16)] px-(--thread-content-margin)\">\n<div class=\"[--thread-content-max-width:32rem] @[34rem]:[--thread-content-max-width:40rem] @[64rem]:[--thread-content-max-width:48rem] mx-auto flex max-w-(--thread-content-max-width) flex-1 text-base gap-4 md:gap-5 lg:gap-6 group\/turn-messages focus-visible:outline-hidden\" tabindex=\"-1\">\n<div class=\"group\/conversation-turn relative flex w-full min-w-0 flex-col agent-turn\">\n<div class=\"relative flex-col gap-1 md:gap-3\">\n<div class=\"flex max-w-full flex-col grow\">\n<div class=\"min-h-8 text-message relative flex w-full flex-col items-end gap-2 text-start break-words whitespace-normal [.text-message+&amp;]:mt-5\" dir=\"auto\" data-message-author-role=\"assistant\" data-message-id=\"aa031bf4-d26a-4a04-8b95-5c0d55970371\" data-message-model-slug=\"gpt-4o\">\n<div class=\"flex w-full flex-col gap-1 empty:hidden first:pt-[3px]\">\n<div class=\"markdown prose dark:prose-invert w-full break-words light\">\n<p class=\"\" data-start=\"0\" data-end=\"461\">Pourquoi les trois ont voulu revenir sur la sc\u00e8ne du <a href=\"http:\/\/flowfestival.lu\">Flow Festival<\/a>\u202f? La r\u00e9ponse para\u00eet \u00e9vidente. \u00ab\u202fOn \u00e9tait pr\u00e9sent pour la toute premi\u00e8re \u00e9dition, et c\u2019\u00e9tait vraiment g\u00e9nial \u2013 m\u00eame si notre concert est litt\u00e9ralement tomb\u00e9 \u00e0 l\u2019eau\u202f\u00bb, raconte Kiko. \u00ab\u202fLe g\u00e9n\u00e9rateur \u00e9tait sous l\u2019eau et il n\u2019y avait plus d\u2019\u00e9lectricit\u00e9\u202f\u00bb, se souvient Chris. \u00ab\u202fMais on a pu continuer \u00e0 jouer, au moins en partie. Le public est rest\u00e9 et a dans\u00e9 sous la pluie. C\u2019\u00e9tait inoubliable.\u202f\u00bb<\/p>\n<\/div>\n<\/div>\n<\/div>\n<\/div>\n<\/div>\n<\/div>\n<\/div>\n<\/div>\n<\/article>\n<p><a href=\"https:\/\/www.suessemjetaime.lu\/wp-content\/uploads\/2025\/05\/Zero-Point-Five-12-03-2025-internet-02.jpg\"><img loading=\"lazy\" class=\"aligncenter size-full wp-image-12199\" src=\"https:\/\/www.suessemjetaime.lu\/wp-content\/uploads\/2025\/05\/Zero-Point-Five-12-03-2025-internet-02.jpg\" alt=\"\" width=\"2500\" height=\"1667\" srcset=\"https:\/\/www.suessemjetaime.lu\/wp-content\/uploads\/2025\/05\/Zero-Point-Five-12-03-2025-internet-02.jpg 2500w, https:\/\/www.suessemjetaime.lu\/wp-content\/uploads\/2025\/05\/Zero-Point-Five-12-03-2025-internet-02-300x200.jpg 300w, https:\/\/www.suessemjetaime.lu\/wp-content\/uploads\/2025\/05\/Zero-Point-Five-12-03-2025-internet-02-1024x683.jpg 1024w, https:\/\/www.suessemjetaime.lu\/wp-content\/uploads\/2025\/05\/Zero-Point-Five-12-03-2025-internet-02-768x512.jpg 768w, https:\/\/www.suessemjetaime.lu\/wp-content\/uploads\/2025\/05\/Zero-Point-Five-12-03-2025-internet-02-1536x1024.jpg 1536w, https:\/\/www.suessemjetaime.lu\/wp-content\/uploads\/2025\/05\/Zero-Point-Five-12-03-2025-internet-02-600x400.jpg 600w\" sizes=\"(max-width: 2500px) 100vw, 2500px\" \/><\/a><\/p>\n\n\t\t<style type=\"text\/css\">\n\t\t\t#gallery-1 {\n\t\t\t\tmargin: auto;\n\t\t\t}\n\t\t\t#gallery-1 .gallery-item {\n\t\t\t\tfloat: left;\n\t\t\t\tmargin-top: 10px;\n\t\t\t\ttext-align: center;\n\t\t\t\twidth: 50%;\n\t\t\t}\n\t\t\t#gallery-1 img {\n\t\t\t\tborder: 2px solid #cfcfcf;\n\t\t\t}\n\t\t\t#gallery-1 .gallery-caption {\n\t\t\t\tmargin-left: 0;\n\t\t\t}\n\t\t\t\/* see gallery_shortcode() in wp-includes\/media.php *\/\n\t\t<\/style>\n\t\t<div id='gallery-1' class='gallery galleryid-12221 gallery-columns-2 gallery-size-full'><dl class='gallery-item'>\n\t\t\t<dt class='gallery-icon landscape'>\n\t\t\t\t<a href='https:\/\/www.suessemjetaime.lu\/wp-content\/uploads\/2025\/05\/Zero-Point-Five-12-03-2025-internet-03.jpg'><img width=\"2500\" height=\"1667\" src=\"https:\/\/www.suessemjetaime.lu\/wp-content\/uploads\/2025\/05\/Zero-Point-Five-12-03-2025-internet-03.jpg\" class=\"attachment-full size-full\" alt=\"\" loading=\"lazy\" srcset=\"https:\/\/www.suessemjetaime.lu\/wp-content\/uploads\/2025\/05\/Zero-Point-Five-12-03-2025-internet-03.jpg 2500w, https:\/\/www.suessemjetaime.lu\/wp-content\/uploads\/2025\/05\/Zero-Point-Five-12-03-2025-internet-03-300x200.jpg 300w, https:\/\/www.suessemjetaime.lu\/wp-content\/uploads\/2025\/05\/Zero-Point-Five-12-03-2025-internet-03-1024x683.jpg 1024w, https:\/\/www.suessemjetaime.lu\/wp-content\/uploads\/2025\/05\/Zero-Point-Five-12-03-2025-internet-03-768x512.jpg 768w, https:\/\/www.suessemjetaime.lu\/wp-content\/uploads\/2025\/05\/Zero-Point-Five-12-03-2025-internet-03-1536x1024.jpg 1536w, https:\/\/www.suessemjetaime.lu\/wp-content\/uploads\/2025\/05\/Zero-Point-Five-12-03-2025-internet-03-600x400.jpg 600w\" sizes=\"(max-width: 2500px) 100vw, 2500px\" \/><\/a>\n\t\t\t<\/dt><\/dl><dl class='gallery-item'>\n\t\t\t<dt class='gallery-icon landscape'>\n\t\t\t\t<a href='https:\/\/www.suessemjetaime.lu\/wp-content\/uploads\/2025\/05\/Zero-Point-Five-12-03-2025-internet-10.jpg'><img width=\"2500\" height=\"1667\" src=\"https:\/\/www.suessemjetaime.lu\/wp-content\/uploads\/2025\/05\/Zero-Point-Five-12-03-2025-internet-10.jpg\" class=\"attachment-full size-full\" alt=\"\" loading=\"lazy\" srcset=\"https:\/\/www.suessemjetaime.lu\/wp-content\/uploads\/2025\/05\/Zero-Point-Five-12-03-2025-internet-10.jpg 2500w, https:\/\/www.suessemjetaime.lu\/wp-content\/uploads\/2025\/05\/Zero-Point-Five-12-03-2025-internet-10-300x200.jpg 300w, https:\/\/www.suessemjetaime.lu\/wp-content\/uploads\/2025\/05\/Zero-Point-Five-12-03-2025-internet-10-1024x683.jpg 1024w, https:\/\/www.suessemjetaime.lu\/wp-content\/uploads\/2025\/05\/Zero-Point-Five-12-03-2025-internet-10-768x512.jpg 768w, https:\/\/www.suessemjetaime.lu\/wp-content\/uploads\/2025\/05\/Zero-Point-Five-12-03-2025-internet-10-1536x1024.jpg 1536w, https:\/\/www.suessemjetaime.lu\/wp-content\/uploads\/2025\/05\/Zero-Point-Five-12-03-2025-internet-10-600x400.jpg 600w\" sizes=\"(max-width: 2500px) 100vw, 2500px\" \/><\/a>\n\t\t\t<\/dt><\/dl><br style=\"clear: both\" \/>\n\t\t<\/div>\n\n<p><a href=\"https:\/\/www.suessemjetaime.lu\/wp-content\/uploads\/2025\/05\/Zero-Point-Five-12-03-2025-internet-19.jpg\"><img loading=\"lazy\" class=\"aligncenter size-full wp-image-12205\" src=\"https:\/\/www.suessemjetaime.lu\/wp-content\/uploads\/2025\/05\/Zero-Point-Five-12-03-2025-internet-19.jpg\" alt=\"\" width=\"2500\" height=\"1667\" srcset=\"https:\/\/www.suessemjetaime.lu\/wp-content\/uploads\/2025\/05\/Zero-Point-Five-12-03-2025-internet-19.jpg 2500w, https:\/\/www.suessemjetaime.lu\/wp-content\/uploads\/2025\/05\/Zero-Point-Five-12-03-2025-internet-19-300x200.jpg 300w, https:\/\/www.suessemjetaime.lu\/wp-content\/uploads\/2025\/05\/Zero-Point-Five-12-03-2025-internet-19-1024x683.jpg 1024w, https:\/\/www.suessemjetaime.lu\/wp-content\/uploads\/2025\/05\/Zero-Point-Five-12-03-2025-internet-19-768x512.jpg 768w, https:\/\/www.suessemjetaime.lu\/wp-content\/uploads\/2025\/05\/Zero-Point-Five-12-03-2025-internet-19-1536x1024.jpg 1536w, https:\/\/www.suessemjetaime.lu\/wp-content\/uploads\/2025\/05\/Zero-Point-Five-12-03-2025-internet-19-600x400.jpg 600w\" sizes=\"(max-width: 2500px) 100vw, 2500px\" \/><\/a><\/p>\n<p class=\"\" data-start=\"0\" data-end=\"386\">Kiko a v\u00e9cu dans notre commune et y travaille encore aujourd\u2019hui, tandis que Gilles y habite depuis peu. \u00ab\u202fEn plus du Flow, on aurait aussi d\u00fb jouer au cin\u00e9ma en plein air pendant le Covid. Mais on a d\u00fb annuler \u00e0 cause d\u2019un souci de sant\u00e9.\u202f\u00bb Quand on leur dit que notre relation semble un peu maudite, ils r\u00e9pondent en riant : \u00ab\u202fC\u2019est vrai, on a encore une revanche \u00e0 prendre.\u202f\u00bb Mais ce n\u2019est pas la seule raison pour laquelle ils ont accept\u00e9 de rejoindre la programmation du Flow Festival. \u00ab\u202fPour moi, c\u2019est un peu comme un concert de salon\u202f\u00bb, dit l\u2019un d\u2019eux. Intime, chaleureux, proche du public. \u00ab\u202fIl n\u2019y a plus beaucoup de vrais festivals au Luxembourg qui s\u2019\u00e9tendent sur plusieurs jours. La plupart se limitent \u00e0 une seule journ\u00e9e.\u202f\u00bb Et puis, c&rsquo;est le site. \u00ab\u202fPendant le Covid, on jouait souvent au spikeball l\u00e0-bas. On disait tout le temps \u00e0 quel point ce serait cool d\u2019y organiser quelque chose de plus grand. Peu de temps apr\u00e8s, le Flow a \u00e9t\u00e9 annonc\u00e9.\u202f\u00bb<\/p>\n<p class=\"\" data-start=\"0\" data-end=\"379\">Il y a un peu plus de 15 ans, Kiko a fond\u00e9 le groupe avec Gilles Saracini. \u00ab\u202fQuand on a commenc\u00e9 \u00e0 s\u2019orienter davantage vers le country il y a quelques ann\u00e9es, on s\u2019est vite mis d\u2019accord sur le fait qu\u2019un violon collerait parfaitement au son du groupe,\u202f\u00bb raconte Kiko. \u00ab\u202fAu d\u00e9but, c\u2019\u00e9tait <em data-start=\"293\" data-end=\"326\">Zero Point Five and Chris Reitz<\/em>, puis Chris est devenu un membre \u00e0 part enti\u00e8re.\u202f\u00bb Kiko et Gilles chantent et jouent respectivement du banjo et de la guitare, tandis que Chris est responsable des m\u00e9lodies au violon.<\/p>\n<blockquote><p>\u00ab\u202fC\u2019est un \u00e9v\u00e9nement communal et les gens viennent, peu importe qui joue. Ils veulent passer un bon moment avec des amis et \u00e9couter de la musique en m\u00eame temps, parfois m\u00eame d\u00e9couvrir quelque chose qu\u2019ils appr\u00e9cient vraiment. \u00bb \u2013 Kiko Menichetti<\/p><\/blockquote>\n<p>Depuis 2016, les trois jouent ensemble et font partie de la sc\u00e8ne musicale luxembourgeoise depuis de nombreuses ann\u00e9es \u2014 et m\u00eame au-del\u00e0. En 2022, ils ont tourn\u00e9 aux \u00c9tats-Unis. \u00ab\u202fJ\u2019ai de la famille qui vit \u00e0 Scranton,\u202f\u00bb explique le joueur de banjo. D\u2019o\u00f9 la plaque sur la console. \u00ab\u202fCe qui \u00e9tait incroyable lors de cette tourn\u00e9e, c\u2019est que nous avons plong\u00e9 dans une toute autre culture. Les gens venaient avec leur chapeau de cowboy, leurs bottes. Certains faisaient du line dance. Ce genre de sc\u00e8ne, tu ne le vois pas au Luxembourg.\u202f\u00bb<\/p>\n<p class=\"\" data-start=\"0\" data-end=\"23\"><strong>Leur chanson au Vietnam<\/strong><\/p>\n<p class=\"\" data-start=\"25\" data-end=\"464\">Mais ils ne veulent surtout pas nous cacher la meilleure histoire. \u00ab\u202fJe connais quelqu\u2019un qui est all\u00e9 au Vietnam avec la d\u00e9l\u00e9gation luxembourgeoise du minist\u00e8re des Affaires \u00e9trang\u00e8res, donc avec Xavier Bettel,\u202f\u00bb raconte Kiko. \u00ab\u202fUn jour, je re\u00e7ois une vid\u00e9o d\u2019un groupe vietnamien qui joue devant la d\u00e9l\u00e9gation. Et l\u00e0, je me rends compte qu\u2019ils reprennent une de nos chansons. Au Vietnam. Devant Xavier Bettel. C\u2019\u00e9tait juste incroyable.\u202f\u00bb<\/p>\n<article class=\"text-token-text-primary w-full\" dir=\"auto\" data-testid=\"conversation-turn-606\" data-scroll-anchor=\"true\">\n<div class=\"text-base my-auto mx-auto py-5 [--thread-content-margin:--spacing(4)] @[37rem]:[--thread-content-margin:--spacing(6)] @[72rem]:[--thread-content-margin:--spacing(16)] px-(--thread-content-margin)\">\n<div class=\"[--thread-content-max-width:32rem] @[34rem]:[--thread-content-max-width:40rem] @[64rem]:[--thread-content-max-width:48rem] mx-auto flex max-w-(--thread-content-max-width) flex-1 text-base gap-4 md:gap-5 lg:gap-6 group\/turn-messages focus-visible:outline-hidden\" tabindex=\"-1\">\n<div class=\"group\/conversation-turn relative flex w-full min-w-0 flex-col agent-turn\">\n<div class=\"relative flex-col gap-1 md:gap-3\">\n<div class=\"flex max-w-full flex-col grow\">\n<div class=\"min-h-8 text-message relative flex w-full flex-col items-end gap-2 text-start break-words whitespace-normal [.text-message+&amp;]:mt-5\" dir=\"auto\" data-message-author-role=\"assistant\" data-message-id=\"ec1627f1-15a9-4528-8ae5-d233799959ea\" data-message-model-slug=\"gpt-4-1-mini\">\n<div class=\"flex w-full flex-col gap-1 empty:hidden first:pt-[3px]\">\n<div class=\"markdown prose dark:prose-invert w-full break-words light\">\n<p class=\"\" data-start=\"0\" data-end=\"926\">Qu\u2019ils n\u2019aient pas r\u00e9ussi \u00e0 repr\u00e9senter le Luxembourg \u00e0 l\u2019Eurovision \u00e0 B\u00e2le en mai ne les d\u00e9range pas vraiment. \u00ab\u202fNous serons toujours l\u00e0 apr\u00e8s le LSC et l\u2019ESC. Ce n\u2019\u00e9tait pas notre monde, mais c\u2019\u00e9tait chouette d\u2019y jeter un coup d\u2019\u0153il\u202f\u00bb, souligne Kiko. Chris ajoute : \u00ab\u202f\u00catre sur cette sc\u00e8ne, c\u2019\u00e9tait une exp\u00e9rience forte. Sortir. C\u2019est sombre. Le son. Les gens. L\u2019\u00e9nergie qu\u2019on ressent l\u00e0-bas.\u202f\u00bb On entend bien \u00e0 quel point ils aiment monter sur sc\u00e8ne et jouer de la musique pour le public. \u00ab\u202fC\u2019est ce qui nous a un peu manqu\u00e9 \u00e0 cet \u00e9v\u00e9nement. C\u2019est surtout le spectacle autour qui est au centre.\u202f\u00bb Ils sont n\u00e9anmoins reconnaissants d\u2019avoir \u00e9t\u00e9 invit\u00e9s l\u2019an dernier par Andrea Galetti (chanteur de One Last Time) \u00e0 participer \u00e0 un camp d\u2019\u00e9criture de chansons. \u00ab\u202fTu commences la journ\u00e9e avec l\u2019objectif d\u2019avoir une chanson finie le soir. C\u2019est l\u00e0 qu\u2019est n\u00e9e \u2018Ride\u2019. Ils nous ont pouss\u00e9s \u00e0 l\u2019envoyer, et l\u00e0, on a \u00e9t\u00e9 accept\u00e9s.\u202f\u00bb<\/p>\n<\/div>\n<\/div>\n<\/div>\n<\/div>\n<\/div>\n<\/div>\n<\/div>\n<\/div>\n<\/article>\n\n\t\t<style type=\"text\/css\">\n\t\t\t#gallery-2 {\n\t\t\t\tmargin: auto;\n\t\t\t}\n\t\t\t#gallery-2 .gallery-item {\n\t\t\t\tfloat: left;\n\t\t\t\tmargin-top: 10px;\n\t\t\t\ttext-align: center;\n\t\t\t\twidth: 33%;\n\t\t\t}\n\t\t\t#gallery-2 img {\n\t\t\t\tborder: 2px solid #cfcfcf;\n\t\t\t}\n\t\t\t#gallery-2 .gallery-caption {\n\t\t\t\tmargin-left: 0;\n\t\t\t}\n\t\t\t\/* see gallery_shortcode() in wp-includes\/media.php *\/\n\t\t<\/style>\n\t\t<div id='gallery-2' class='gallery galleryid-12221 gallery-columns-3 gallery-size-full'><dl class='gallery-item'>\n\t\t\t<dt class='gallery-icon portrait'>\n\t\t\t\t<a href='https:\/\/www.suessemjetaime.lu\/wp-content\/uploads\/2025\/05\/Zero-Point-Five-12-03-2025-internet-14.jpg'><img width=\"1667\" height=\"2500\" src=\"https:\/\/www.suessemjetaime.lu\/wp-content\/uploads\/2025\/05\/Zero-Point-Five-12-03-2025-internet-14.jpg\" class=\"attachment-full size-full\" alt=\"\" loading=\"lazy\" srcset=\"https:\/\/www.suessemjetaime.lu\/wp-content\/uploads\/2025\/05\/Zero-Point-Five-12-03-2025-internet-14.jpg 1667w, https:\/\/www.suessemjetaime.lu\/wp-content\/uploads\/2025\/05\/Zero-Point-Five-12-03-2025-internet-14-200x300.jpg 200w, https:\/\/www.suessemjetaime.lu\/wp-content\/uploads\/2025\/05\/Zero-Point-Five-12-03-2025-internet-14-683x1024.jpg 683w, https:\/\/www.suessemjetaime.lu\/wp-content\/uploads\/2025\/05\/Zero-Point-Five-12-03-2025-internet-14-768x1152.jpg 768w, https:\/\/www.suessemjetaime.lu\/wp-content\/uploads\/2025\/05\/Zero-Point-Five-12-03-2025-internet-14-1024x1536.jpg 1024w, https:\/\/www.suessemjetaime.lu\/wp-content\/uploads\/2025\/05\/Zero-Point-Five-12-03-2025-internet-14-1366x2048.jpg 1366w, https:\/\/www.suessemjetaime.lu\/wp-content\/uploads\/2025\/05\/Zero-Point-Five-12-03-2025-internet-14-600x900.jpg 600w\" sizes=\"(max-width: 1667px) 100vw, 1667px\" \/><\/a>\n\t\t\t<\/dt><\/dl><dl class='gallery-item'>\n\t\t\t<dt class='gallery-icon portrait'>\n\t\t\t\t<a href='https:\/\/www.suessemjetaime.lu\/wp-content\/uploads\/2025\/05\/Zero-Point-Five-12-03-2025-internet-12.jpg'><img width=\"1667\" height=\"2500\" src=\"https:\/\/www.suessemjetaime.lu\/wp-content\/uploads\/2025\/05\/Zero-Point-Five-12-03-2025-internet-12.jpg\" class=\"attachment-full size-full\" alt=\"\" loading=\"lazy\" srcset=\"https:\/\/www.suessemjetaime.lu\/wp-content\/uploads\/2025\/05\/Zero-Point-Five-12-03-2025-internet-12.jpg 1667w, https:\/\/www.suessemjetaime.lu\/wp-content\/uploads\/2025\/05\/Zero-Point-Five-12-03-2025-internet-12-200x300.jpg 200w, https:\/\/www.suessemjetaime.lu\/wp-content\/uploads\/2025\/05\/Zero-Point-Five-12-03-2025-internet-12-683x1024.jpg 683w, https:\/\/www.suessemjetaime.lu\/wp-content\/uploads\/2025\/05\/Zero-Point-Five-12-03-2025-internet-12-768x1152.jpg 768w, https:\/\/www.suessemjetaime.lu\/wp-content\/uploads\/2025\/05\/Zero-Point-Five-12-03-2025-internet-12-1024x1536.jpg 1024w, https:\/\/www.suessemjetaime.lu\/wp-content\/uploads\/2025\/05\/Zero-Point-Five-12-03-2025-internet-12-1366x2048.jpg 1366w, https:\/\/www.suessemjetaime.lu\/wp-content\/uploads\/2025\/05\/Zero-Point-Five-12-03-2025-internet-12-600x900.jpg 600w\" sizes=\"(max-width: 1667px) 100vw, 1667px\" \/><\/a>\n\t\t\t<\/dt><\/dl><dl class='gallery-item'>\n\t\t\t<dt class='gallery-icon portrait'>\n\t\t\t\t<a href='https:\/\/www.suessemjetaime.lu\/wp-content\/uploads\/2025\/05\/Zero-Point-Five-12-03-2025-internet-15.jpg'><img width=\"1667\" height=\"2500\" src=\"https:\/\/www.suessemjetaime.lu\/wp-content\/uploads\/2025\/05\/Zero-Point-Five-12-03-2025-internet-15.jpg\" class=\"attachment-full size-full\" alt=\"\" loading=\"lazy\" srcset=\"https:\/\/www.suessemjetaime.lu\/wp-content\/uploads\/2025\/05\/Zero-Point-Five-12-03-2025-internet-15.jpg 1667w, https:\/\/www.suessemjetaime.lu\/wp-content\/uploads\/2025\/05\/Zero-Point-Five-12-03-2025-internet-15-200x300.jpg 200w, https:\/\/www.suessemjetaime.lu\/wp-content\/uploads\/2025\/05\/Zero-Point-Five-12-03-2025-internet-15-683x1024.jpg 683w, https:\/\/www.suessemjetaime.lu\/wp-content\/uploads\/2025\/05\/Zero-Point-Five-12-03-2025-internet-15-768x1152.jpg 768w, https:\/\/www.suessemjetaime.lu\/wp-content\/uploads\/2025\/05\/Zero-Point-Five-12-03-2025-internet-15-1024x1536.jpg 1024w, https:\/\/www.suessemjetaime.lu\/wp-content\/uploads\/2025\/05\/Zero-Point-Five-12-03-2025-internet-15-1366x2048.jpg 1366w, https:\/\/www.suessemjetaime.lu\/wp-content\/uploads\/2025\/05\/Zero-Point-Five-12-03-2025-internet-15-600x900.jpg 600w\" sizes=\"(max-width: 1667px) 100vw, 1667px\" \/><\/a>\n\t\t\t<\/dt><\/dl><br style=\"clear: both\" \/>\n\t\t<\/div>\n\n<p class=\"\" data-start=\"0\" data-end=\"514\">Lors de l\u2019annonce il y a deux ans du retour du Luxembourg, ils \u00e9taient motiv\u00e9s \u00e0 participer. En 2024, ils se sont mis au travail pour cr\u00e9er quelque chose. \u00ab\u202fNous avons commenc\u00e9 trois jours avant la date limite, et le r\u00e9sultat \u00e9tait une chanson <em>tr\u00e8s<\/em> country \u2014 une telle intensit\u00e9 que nous n\u2019avions jamais vraiment explor\u00e9 avant. Finalement, elle n\u2019a pas \u00e9t\u00e9 retenue. Nous pensons que c\u2019\u00e9tait peut-\u00eatre un peu trop.\u202f\u00bb Ils nous ont confi\u00e9 plus tard que cette chanson sortirait quand m\u00eame, et peut-\u00eatre l\u2019entendrons-nous au Flow. Ce qui est certain, c\u2019est que le LSC les a rendus plus connus. \u00ab\u202fDes gens qui ne nous connaissaient pas, mais qui aiment la musique et ignoraient qu\u2019il y avait aussi des artistes locaux pour eux, ont d\u00e9couvert notre musique. Et il faut aussi dire que peu d\u2019artistes jouent notre genre au Luxembourg.\u202f\u00bb Ils ont remarqu\u00e9 combien la musique faite main est appr\u00e9ci\u00e9e.<\/p>\n<p class=\"\" data-start=\"0\" data-end=\"35\"><strong>Avec de la nouvelle musique au Flow<\/strong><\/p>\n<p class=\"\" data-start=\"37\" data-end=\"555\">Et c\u2019est pr\u00e9cis\u00e9ment l\u2019objectif du Flow cette ann\u00e9e : de la musique qui enthousiasme le public. \u00ab\u202fVous pouvez vous r\u00e9jouir de quelques nouveaut\u00e9s\u202f\u00bb, annonce Chris. De nouveaux morceaux, de nouvelles reprises, un nouveau groupe live \u2014 \u00e9galement au Flow. \u00ab\u202fNotre intention \u00e9tait d\u2019avoir un nouveau programme pour l\u2019\u00e9t\u00e9. Alors que nous faisons la musique surtout pour nous en studio et voyons ce que les chansons d\u00e9clenchent en nous, nous gardons en t\u00eate ce qu\u2019elles provoquent chez le public lors de nos concerts live.\u202f\u00bb<\/p>\n<blockquote><p>\u00ab\u202fMais on a pu continuer \u00e0 jouer, au moins en partie. Le public est rest\u00e9 et a dans\u00e9 sous la pluie. C\u2019\u00e9tait inoubliable.\u202f\u00bb \u2013 Chris Reitz<\/p><\/blockquote>\n<p class=\"\" data-start=\"0\" data-end=\"524\">Pour eux, les concerts restent donc la meilleure occasion de partager leur passion pour la musique avec les autres. \u00ab\u202fNous aimons jouer des concerts plus petits, plus intimes\u202f\u00bb, explique Kiko. \u00ab\u202fCela ne veut pas dire que ce n\u2019est pas bien organis\u00e9, mais c\u2019est plus personnel. Par exemple, le Flow : c\u2019est un \u00e9v\u00e9nement communal et les gens viennent, peu importe qui joue. Ils veulent passer un bon moment avec des amis et \u00e9couter de la musique en m\u00eame temps, parfois m\u00eame d\u00e9couvrir quelque chose qu\u2019ils appr\u00e9cient vraiment.\u202f Lorsqu\u2019on leur demande avec quelle chanson ils pourraient enthousiasmer une personne qu\u2019ils ne connaissent pas, ils sont vite d\u2019accord : \u2018Ride\u2019. \u00ab\u202fC\u2019est court, c\u2019est r\u00e9cent, et \u00e7a nous d\u00e9crit bien en ce moment. On peut la jouer telle quelle, avec des instruments simples. On re\u00e7oit des vid\u00e9os de classes d\u2019\u00e9cole qui la jouent et dansent dessus. C\u2019est vraiment chouette de savoir que des gens qu\u2019on ne conna\u00eet pas personnellement aiment bien nous \u2014 et notre musique.\u202f\u00bb<\/p>\n<p class=\"\" data-start=\"993\" data-end=\"1261\"><em>Nous voulons vous voir chanter et danser le week-end du 18 au 20 juillet 2025 au Parc Belval. Zero Point Five jouera le dimanche et cl\u00f4turera le week-end Flow. Le Flow est gratuit cette ann\u00e9e, vous n\u2019aurez donc<strong> pas besoin de billets<\/strong>. On se voit en juillet !<\/em><\/p>\n<p><a href=\"https:\/\/www.suessemjetaime.lu\/wp-content\/uploads\/2025\/05\/Zero-Point-Five-12-03-2025-internet-43.jpg\"><img loading=\"lazy\" class=\"aligncenter size-full wp-image-12215\" src=\"https:\/\/www.suessemjetaime.lu\/wp-content\/uploads\/2025\/05\/Zero-Point-Five-12-03-2025-internet-43.jpg\" alt=\"\" width=\"1667\" height=\"2500\" srcset=\"https:\/\/www.suessemjetaime.lu\/wp-content\/uploads\/2025\/05\/Zero-Point-Five-12-03-2025-internet-43.jpg 1667w, https:\/\/www.suessemjetaime.lu\/wp-content\/uploads\/2025\/05\/Zero-Point-Five-12-03-2025-internet-43-200x300.jpg 200w, https:\/\/www.suessemjetaime.lu\/wp-content\/uploads\/2025\/05\/Zero-Point-Five-12-03-2025-internet-43-683x1024.jpg 683w, https:\/\/www.suessemjetaime.lu\/wp-content\/uploads\/2025\/05\/Zero-Point-Five-12-03-2025-internet-43-768x1152.jpg 768w, https:\/\/www.suessemjetaime.lu\/wp-content\/uploads\/2025\/05\/Zero-Point-Five-12-03-2025-internet-43-1024x1536.jpg 1024w, https:\/\/www.suessemjetaime.lu\/wp-content\/uploads\/2025\/05\/Zero-Point-Five-12-03-2025-internet-43-1366x2048.jpg 1366w, https:\/\/www.suessemjetaime.lu\/wp-content\/uploads\/2025\/05\/Zero-Point-Five-12-03-2025-internet-43-600x900.jpg 600w\" sizes=\"(max-width: 1667px) 100vw, 1667px\" \/><\/a><\/p>\n","protected":false},"excerpt":{"rendered":"<p>Apr\u00e8s leur premier passage sur notre sc\u00e8ne en 2021, Zero Point Five sera de retour pour la 5e \u00e9dition du Flow Festival (du 18 au 20 juillet 2025) \u2013 avec de nouveaux morceaux dans les valises et de vieux souvenirs [&hellip;]<\/p>\n","protected":false},"author":4,"featured_media":12218,"comment_status":"open","ping_status":"open","sticky":false,"template":"","format":"standard","meta":[],"categories":[33],"tags":[],"yoast_head":"<!-- This site is optimized with the Yoast SEO plugin v15.2.1 - https:\/\/yoast.com\/wordpress\/plugins\/seo\/ -->\n<title>Pas encore termin\u00e9 &bull; Suessem, je t&#039;aime<\/title>\n<meta name=\"robots\" content=\"index, follow, max-snippet:-1, max-image-preview:large, max-video-preview:-1\" \/>\n<link rel=\"canonical\" href=\"https:\/\/www.suessemjetaime.lu\/fr\/zpf\/\" \/>\n<meta property=\"og:locale\" content=\"fr_FR\" \/>\n<meta property=\"og:type\" content=\"article\" \/>\n<meta property=\"og:title\" content=\"Pas encore termin\u00e9 &bull; Suessem, je t&#039;aime\" \/>\n<meta property=\"og:description\" content=\"Apr\u00e8s leur premier passage sur notre sc\u00e8ne en 2021, Zero Point Five sera de retour pour la 5e \u00e9dition du Flow Festival (du 18 au 20 juillet 2025) \u2013 avec de nouveaux morceaux dans les valises et de vieux souvenirs [&hellip;]\" \/>\n<meta property=\"og:url\" content=\"https:\/\/www.suessemjetaime.lu\/fr\/zpf\/\" \/>\n<meta property=\"og:site_name\" content=\"Suessem, je t&#039;aime\" \/>\n<meta property=\"article:publisher\" content=\"https:\/\/www.facebook.com\/communedesanem\/\" \/>\n<meta property=\"article:published_time\" content=\"2025-05-19T08:53:04+00:00\" \/>\n<meta property=\"article:modified_time\" content=\"2025-05-26T12:18:29+00:00\" \/>\n<meta property=\"og:image\" content=\"https:\/\/www.suessemjetaime.lu\/wp-content\/uploads\/2025\/05\/Zero-Point-Five-12-03-2025-internet-28-1024x683.jpg\" \/>\n\t<meta property=\"og:image:width\" content=\"1024\" \/>\n\t<meta property=\"og:image:height\" content=\"683\" \/>\n<meta name=\"twitter:card\" content=\"summary_large_image\" \/>\n<meta name=\"twitter:label1\" content=\"\u00c9crit par\">\n\t<meta name=\"twitter:data1\" content=\"Suessem\">\n\t<meta name=\"twitter:label2\" content=\"Dur\u00e9e de lecture est.\">\n\t<meta name=\"twitter:data2\" content=\"7 minutes\">\n<script type=\"application\/ld+json\" class=\"yoast-schema-graph\">{\"@context\":\"https:\/\/schema.org\",\"@graph\":[{\"@type\":\"Organization\",\"@id\":\"https:\/\/www.suessemjetaime.lu\/#organization\",\"name\":\"Commune de Sanem\",\"url\":\"https:\/\/www.suessemjetaime.lu\/\",\"sameAs\":[\"https:\/\/www.facebook.com\/communedesanem\/\",\"https:\/\/www.youtube.com\/channel\/UCVN7kgmkkpcfy3Hb63mx_tQ\/featured\"],\"logo\":{\"@type\":\"ImageObject\",\"@id\":\"https:\/\/www.suessemjetaime.lu\/#logo\",\"inLanguage\":\"fr-FR\",\"url\":\"https:\/\/www.suessemjetaime.lu\/wp-content\/uploads\/2019\/03\/400_188_LOGO_SANEM.png\",\"width\":400,\"height\":188,\"caption\":\"Commune de Sanem\"},\"image\":{\"@id\":\"https:\/\/www.suessemjetaime.lu\/#logo\"}},{\"@type\":\"WebSite\",\"@id\":\"https:\/\/www.suessemjetaime.lu\/#website\",\"url\":\"https:\/\/www.suessemjetaime.lu\/\",\"name\":\"Suessem, je t&#039;aime\",\"description\":\"le Blog de la commune de Sanem\",\"publisher\":{\"@id\":\"https:\/\/www.suessemjetaime.lu\/#organization\"},\"potentialAction\":[{\"@type\":\"SearchAction\",\"target\":\"https:\/\/www.suessemjetaime.lu\/?s={search_term_string}\",\"query-input\":\"required name=search_term_string\"}],\"inLanguage\":\"fr-FR\"},{\"@type\":\"ImageObject\",\"@id\":\"https:\/\/www.suessemjetaime.lu\/fr\/zpf\/#primaryimage\",\"inLanguage\":\"fr-FR\",\"url\":\"https:\/\/www.suessemjetaime.lu\/wp-content\/uploads\/2025\/05\/Zero-Point-Five-12-03-2025-internet-28.jpg\",\"width\":2500,\"height\":1667},{\"@type\":\"WebPage\",\"@id\":\"https:\/\/www.suessemjetaime.lu\/fr\/zpf\/#webpage\",\"url\":\"https:\/\/www.suessemjetaime.lu\/fr\/zpf\/\",\"name\":\"Pas encore termin\\u00e9 &bull; Suessem, je t&#039;aime\",\"isPartOf\":{\"@id\":\"https:\/\/www.suessemjetaime.lu\/#website\"},\"primaryImageOfPage\":{\"@id\":\"https:\/\/www.suessemjetaime.lu\/fr\/zpf\/#primaryimage\"},\"datePublished\":\"2025-05-19T08:53:04+00:00\",\"dateModified\":\"2025-05-26T12:18:29+00:00\",\"inLanguage\":\"fr-FR\",\"potentialAction\":[{\"@type\":\"ReadAction\",\"target\":[\"https:\/\/www.suessemjetaime.lu\/fr\/zpf\/\"]}]},{\"@type\":\"Article\",\"@id\":\"https:\/\/www.suessemjetaime.lu\/fr\/zpf\/#article\",\"isPartOf\":{\"@id\":\"https:\/\/www.suessemjetaime.lu\/fr\/zpf\/#webpage\"},\"author\":{\"@id\":\"https:\/\/www.suessemjetaime.lu\/#\/schema\/person\/0cacc039fca45c1bb3d06544fdf18c63\"},\"headline\":\"Pas encore termin\\u00e9\",\"datePublished\":\"2025-05-19T08:53:04+00:00\",\"dateModified\":\"2025-05-26T12:18:29+00:00\",\"mainEntityOfPage\":{\"@id\":\"https:\/\/www.suessemjetaime.lu\/fr\/zpf\/#webpage\"},\"commentCount\":0,\"publisher\":{\"@id\":\"https:\/\/www.suessemjetaime.lu\/#organization\"},\"image\":{\"@id\":\"https:\/\/www.suessemjetaime.lu\/fr\/zpf\/#primaryimage\"},\"articleSection\":\"Noise\",\"inLanguage\":\"fr-FR\",\"potentialAction\":[{\"@type\":\"CommentAction\",\"name\":\"Comment\",\"target\":[\"https:\/\/www.suessemjetaime.lu\/fr\/zpf\/#respond\"]}]},{\"@type\":\"Person\",\"@id\":\"https:\/\/www.suessemjetaime.lu\/#\/schema\/person\/0cacc039fca45c1bb3d06544fdf18c63\",\"name\":\"Suessem\",\"image\":{\"@type\":\"ImageObject\",\"@id\":\"https:\/\/www.suessemjetaime.lu\/#personlogo\",\"inLanguage\":\"fr-FR\",\"url\":\"https:\/\/secure.gravatar.com\/avatar\/77fabd1f92df29867737b77509c5795b?s=96&d=mm&r=g\",\"caption\":\"Suessem\"}}]}<\/script>\n<!-- \/ Yoast SEO plugin. -->","_links":{"self":[{"href":"https:\/\/www.suessemjetaime.lu\/fr\/wp-json\/wp\/v2\/posts\/12221\/"}],"collection":[{"href":"https:\/\/www.suessemjetaime.lu\/fr\/wp-json\/wp\/v2\/posts\/"}],"about":[{"href":"https:\/\/www.suessemjetaime.lu\/fr\/wp-json\/wp\/v2\/types\/post\/"}],"author":[{"embeddable":true,"href":"https:\/\/www.suessemjetaime.lu\/fr\/wp-json\/wp\/v2\/users\/4\/"}],"replies":[{"embeddable":true,"href":"https:\/\/www.suessemjetaime.lu\/fr\/wp-json\/wp\/v2\/comments\/?post=12221"}],"version-history":[{"count":11,"href":"https:\/\/www.suessemjetaime.lu\/fr\/wp-json\/wp\/v2\/posts\/12221\/revisions\/"}],"predecessor-version":[{"id":12270,"href":"https:\/\/www.suessemjetaime.lu\/fr\/wp-json\/wp\/v2\/posts\/12221\/revisions\/12270\/"}],"wp:featuredmedia":[{"embeddable":true,"href":"https:\/\/www.suessemjetaime.lu\/fr\/wp-json\/wp\/v2\/media\/12218\/"}],"wp:attachment":[{"href":"https:\/\/www.suessemjetaime.lu\/fr\/wp-json\/wp\/v2\/media\/?parent=12221"}],"wp:term":[{"taxonomy":"category","embeddable":true,"href":"https:\/\/www.suessemjetaime.lu\/fr\/wp-json\/wp\/v2\/categories\/?post=12221"},{"taxonomy":"post_tag","embeddable":true,"href":"https:\/\/www.suessemjetaime.lu\/fr\/wp-json\/wp\/v2\/tags\/?post=12221"}],"curies":[{"name":"wp","href":"https:\/\/api.w.org\/{rel}","templated":true}]}}