{"id":11866,"date":"2025-03-11T14:36:48","date_gmt":"2025-03-11T14:36:48","guid":{"rendered":"https:\/\/www.suessemjetaime.lu\/?p=11866"},"modified":"2025-04-11T06:21:16","modified_gmt":"2025-04-11T06:21:16","slug":"kappsaach","status":"publish","type":"post","link":"https:\/\/www.suessemjetaime.lu\/fr\/kappsaach\/","title":{"rendered":"T\u00eates chercheuses"},"content":{"rendered":"<p><strong>Sur RTL T\u00e9l\u00e9 L\u00ebtzebuerg et YouTube, la deuxi\u00e8me saison de l\u2019\u00e9mission scientifique Take Off, un d\u00e9fi m\u00ealant comp\u00e9tition et d\u00e9couverte, est diffus\u00e9e jusqu\u2019au 30 mars 2025. L\u2019an dernier, plus de 150 jeunes \u00e2g\u00e9\u00b7e\u00b7s de 15 \u00e0 21 ans s\u2019y sont inscrit\u00b7e\u00b7s. Parmi eux\u00b7elles, deux talents de notre commune ont r\u00e9ussi \u00e0 se hisser parmi les douze finalistes, atteignant m\u00eame le carr\u00e9 final des quatre dernier\u00b7\u00e8re\u00b7s. Nous les avons rencontr\u00e9s sur le site de Belval pour en apprendre davantage sur leur exp\u00e9rience, devant et derri\u00e8re les cam\u00e9ras. (Mise \u00e0 jour de l&rsquo;article \u00e0 la fin)<\/strong><\/p>\n<p><!--more--><\/p>\n<p>Le prix de 10 000 euros est certes impressionnant. Pourtant, ce n\u2019est pas l\u2019app\u00e2t du gain qui pousse ces jeunes \u00e0 participer \u00e0 \u00ab Take Off \u00bb. Cette \u00e9mission, fruit d\u2019une collaboration entre la Fondation Andr\u00e9 Losch et le Fonds National de la Recherche, a su, depuis son lancement en 2023, allumer une \u00e9tincelle chez les passionn\u00e9\u00b7e\u00b7s de science. \u00ab Enfant, j\u2019adorais regarder des \u00e9missions comme <em>1, 2 oder 3<\/em> ou le <em>Tigerenten Club<\/em>. Participer \u00e0 un tel programme a toujours \u00e9t\u00e9 un r\u00eave. J\u2019h\u00e9sitais \u00e0 m\u2019inscrire pour la saison 2 de Take Off. Mais un matin, en entendant la publicit\u00e9 \u00e0 la radio et apr\u00e8s en avoir parl\u00e9 \u00e0 ma m\u00e8re, je me suis d\u00e9cid\u00e9 spontan\u00e9ment sur le chemin de l\u2019\u00e9cole \u00bb, raconte Lenny Meyers. R\u00e9sidant \u00e0 Belvaux, ce jeune de 17 ans fr\u00e9quente le lyc\u00e9e et l\u2019internat \u00e0 Echternach. Passionn\u00e9 par les projets extrascolaires, il recherche sans cesse de nouveaux d\u00e9fis.<\/p>\n<p>\u00ab J\u2019avais d\u00e9j\u00e0 \u00e9t\u00e9 \u00e9limin\u00e9, mais ce dimanche 9 mars 2025, j\u2019\u00e9tais l\u2019un des quatre candidat\u00b7e\u00b7s \u00e0 avoir une chance de revenir. Avec Maxime, nous devions construire une voiture-fus\u00e9e propuls\u00e9e \u00e0 l\u2019\u00e9thanol pour le d\u00e9fi. Nous avons test\u00e9, encore et encore, jusqu\u2019\u00e0 r\u00e9aliser qu\u2019un trou d\u2019une forme pr\u00e9cise devait \u00eatre perc\u00e9 dans le bouchon. Avec une bonne dose de chance, la voiture a franchi la ligne apr\u00e8s un tour complet \u00e0 360 degr\u00e9s. \u00bb Dans l\u2019\u00e9lan de la victoire, Lenny s\u2019est jet\u00e9 dans les bras de Maxime. \u00ab Cette mont\u00e9e d\u2019adr\u00e9naline que procure l\u2019\u00e9mission est indescriptible. On est plong\u00e9 dans une bulle de concentration. On ignore ce qui nous attend, mais on sait qu\u2019il faut performer. Ce sentiment va me manquer une fois l\u2019aventure termin\u00e9e. \u00bb<\/p>\n<div id=\"attachment_11853\" style=\"width: 2510px\" class=\"wp-caption aligncenter\"><a href=\"https:\/\/www.suessemjetaime.lu\/wp-content\/uploads\/2025\/03\/TimLenny-internet-18.jpg\"><img aria-describedby=\"caption-attachment-11853\" loading=\"lazy\" class=\"wp-image-11854 size-full\" src=\"https:\/\/www.suessemjetaime.lu\/wp-content\/uploads\/2025\/03\/TimLenny-internet-18.jpg\" alt=\"\" width=\"2500\" height=\"1667\" srcset=\"https:\/\/www.suessemjetaime.lu\/wp-content\/uploads\/2025\/03\/TimLenny-internet-18.jpg 2500w, https:\/\/www.suessemjetaime.lu\/wp-content\/uploads\/2025\/03\/TimLenny-internet-18-300x200.jpg 300w, https:\/\/www.suessemjetaime.lu\/wp-content\/uploads\/2025\/03\/TimLenny-internet-18-1024x683.jpg 1024w, https:\/\/www.suessemjetaime.lu\/wp-content\/uploads\/2025\/03\/TimLenny-internet-18-768x512.jpg 768w, https:\/\/www.suessemjetaime.lu\/wp-content\/uploads\/2025\/03\/TimLenny-internet-18-1536x1024.jpg 1536w, https:\/\/www.suessemjetaime.lu\/wp-content\/uploads\/2025\/03\/TimLenny-internet-18-600x400.jpg 600w\" sizes=\"(max-width: 2500px) 100vw, 2500px\" \/><\/a><p id=\"caption-attachment-11853\" class=\"wp-caption-text\">Lenny Meyers<\/p><\/div>\n\n\t\t<style type=\"text\/css\">\n\t\t\t#gallery-1 {\n\t\t\t\tmargin: auto;\n\t\t\t}\n\t\t\t#gallery-1 .gallery-item {\n\t\t\t\tfloat: left;\n\t\t\t\tmargin-top: 10px;\n\t\t\t\ttext-align: center;\n\t\t\t\twidth: 50%;\n\t\t\t}\n\t\t\t#gallery-1 img {\n\t\t\t\tborder: 2px solid #cfcfcf;\n\t\t\t}\n\t\t\t#gallery-1 .gallery-caption {\n\t\t\t\tmargin-left: 0;\n\t\t\t}\n\t\t\t\/* see gallery_shortcode() in wp-includes\/media.php *\/\n\t\t<\/style>\n\t\t<div id='gallery-1' class='gallery galleryid-11866 gallery-columns-2 gallery-size-full'><dl class='gallery-item'>\n\t\t\t<dt class='gallery-icon landscape'>\n\t\t\t\t<a href='https:\/\/www.suessemjetaime.lu\/wp-content\/uploads\/2025\/03\/TimLenny-internet-19.jpg'><img width=\"2500\" height=\"1667\" src=\"https:\/\/www.suessemjetaime.lu\/wp-content\/uploads\/2025\/03\/TimLenny-internet-19.jpg\" class=\"attachment-full size-full\" alt=\"\" loading=\"lazy\" srcset=\"https:\/\/www.suessemjetaime.lu\/wp-content\/uploads\/2025\/03\/TimLenny-internet-19.jpg 2500w, https:\/\/www.suessemjetaime.lu\/wp-content\/uploads\/2025\/03\/TimLenny-internet-19-300x200.jpg 300w, https:\/\/www.suessemjetaime.lu\/wp-content\/uploads\/2025\/03\/TimLenny-internet-19-1024x683.jpg 1024w, https:\/\/www.suessemjetaime.lu\/wp-content\/uploads\/2025\/03\/TimLenny-internet-19-768x512.jpg 768w, https:\/\/www.suessemjetaime.lu\/wp-content\/uploads\/2025\/03\/TimLenny-internet-19-1536x1024.jpg 1536w, https:\/\/www.suessemjetaime.lu\/wp-content\/uploads\/2025\/03\/TimLenny-internet-19-600x400.jpg 600w\" sizes=\"(max-width: 2500px) 100vw, 2500px\" \/><\/a>\n\t\t\t<\/dt><\/dl><dl class='gallery-item'>\n\t\t\t<dt class='gallery-icon landscape'>\n\t\t\t\t<a href='https:\/\/www.suessemjetaime.lu\/wp-content\/uploads\/2025\/03\/TimLenny-internet-16.jpg'><img width=\"2500\" height=\"1667\" src=\"https:\/\/www.suessemjetaime.lu\/wp-content\/uploads\/2025\/03\/TimLenny-internet-16.jpg\" class=\"attachment-full size-full\" alt=\"\" loading=\"lazy\" srcset=\"https:\/\/www.suessemjetaime.lu\/wp-content\/uploads\/2025\/03\/TimLenny-internet-16.jpg 2500w, https:\/\/www.suessemjetaime.lu\/wp-content\/uploads\/2025\/03\/TimLenny-internet-16-300x200.jpg 300w, https:\/\/www.suessemjetaime.lu\/wp-content\/uploads\/2025\/03\/TimLenny-internet-16-1024x683.jpg 1024w, https:\/\/www.suessemjetaime.lu\/wp-content\/uploads\/2025\/03\/TimLenny-internet-16-768x512.jpg 768w, https:\/\/www.suessemjetaime.lu\/wp-content\/uploads\/2025\/03\/TimLenny-internet-16-1536x1024.jpg 1536w, https:\/\/www.suessemjetaime.lu\/wp-content\/uploads\/2025\/03\/TimLenny-internet-16-600x400.jpg 600w\" sizes=\"(max-width: 2500px) 100vw, 2500px\" \/><\/a>\n\t\t\t<\/dt><\/dl><br style=\"clear: both\" \/>\n\t\t<\/div>\n\n<p><a href=\"https:\/\/www.suessemjetaime.lu\/wp-content\/uploads\/2025\/03\/TimLenny-internet-14.jpg\"><img loading=\"lazy\" class=\"aligncenter wp-image-11846 size-full\" src=\"https:\/\/www.suessemjetaime.lu\/wp-content\/uploads\/2025\/03\/TimLenny-internet-14.jpg\" alt=\"\" width=\"2500\" height=\"1667\" srcset=\"https:\/\/www.suessemjetaime.lu\/wp-content\/uploads\/2025\/03\/TimLenny-internet-14.jpg 2500w, https:\/\/www.suessemjetaime.lu\/wp-content\/uploads\/2025\/03\/TimLenny-internet-14-300x200.jpg 300w, https:\/\/www.suessemjetaime.lu\/wp-content\/uploads\/2025\/03\/TimLenny-internet-14-1024x683.jpg 1024w, https:\/\/www.suessemjetaime.lu\/wp-content\/uploads\/2025\/03\/TimLenny-internet-14-768x512.jpg 768w, https:\/\/www.suessemjetaime.lu\/wp-content\/uploads\/2025\/03\/TimLenny-internet-14-1536x1024.jpg 1536w, https:\/\/www.suessemjetaime.lu\/wp-content\/uploads\/2025\/03\/TimLenny-internet-14-600x400.jpg 600w\" sizes=\"(max-width: 2500px) 100vw, 2500px\" \/><\/a><\/p>\n\n\t\t<style type=\"text\/css\">\n\t\t\t#gallery-2 {\n\t\t\t\tmargin: auto;\n\t\t\t}\n\t\t\t#gallery-2 .gallery-item {\n\t\t\t\tfloat: left;\n\t\t\t\tmargin-top: 10px;\n\t\t\t\ttext-align: center;\n\t\t\t\twidth: 50%;\n\t\t\t}\n\t\t\t#gallery-2 img {\n\t\t\t\tborder: 2px solid #cfcfcf;\n\t\t\t}\n\t\t\t#gallery-2 .gallery-caption {\n\t\t\t\tmargin-left: 0;\n\t\t\t}\n\t\t\t\/* see gallery_shortcode() in wp-includes\/media.php *\/\n\t\t<\/style>\n\t\t<div id='gallery-2' class='gallery galleryid-11866 gallery-columns-2 gallery-size-full'><dl class='gallery-item'>\n\t\t\t<dt class='gallery-icon landscape'>\n\t\t\t\t<a href='https:\/\/www.suessemjetaime.lu\/wp-content\/uploads\/2025\/03\/20240824-Take_OFF_S2_Episode_2_Games_115816-scaled.jpg'><img width=\"2560\" height=\"1707\" src=\"https:\/\/www.suessemjetaime.lu\/wp-content\/uploads\/2025\/03\/20240824-Take_OFF_S2_Episode_2_Games_115816-scaled.jpg\" class=\"attachment-full size-full\" alt=\"\" loading=\"lazy\" srcset=\"https:\/\/www.suessemjetaime.lu\/wp-content\/uploads\/2025\/03\/20240824-Take_OFF_S2_Episode_2_Games_115816-scaled.jpg 2560w, https:\/\/www.suessemjetaime.lu\/wp-content\/uploads\/2025\/03\/20240824-Take_OFF_S2_Episode_2_Games_115816-300x200.jpg 300w, https:\/\/www.suessemjetaime.lu\/wp-content\/uploads\/2025\/03\/20240824-Take_OFF_S2_Episode_2_Games_115816-1024x683.jpg 1024w, https:\/\/www.suessemjetaime.lu\/wp-content\/uploads\/2025\/03\/20240824-Take_OFF_S2_Episode_2_Games_115816-768x512.jpg 768w, https:\/\/www.suessemjetaime.lu\/wp-content\/uploads\/2025\/03\/20240824-Take_OFF_S2_Episode_2_Games_115816-1536x1024.jpg 1536w, https:\/\/www.suessemjetaime.lu\/wp-content\/uploads\/2025\/03\/20240824-Take_OFF_S2_Episode_2_Games_115816-600x400.jpg 600w\" sizes=\"(max-width: 2560px) 100vw, 2560px\" \/><\/a>\n\t\t\t<\/dt><\/dl><dl class='gallery-item'>\n\t\t\t<dt class='gallery-icon landscape'>\n\t\t\t\t<a href='https:\/\/www.suessemjetaime.lu\/wp-content\/uploads\/2025\/03\/20240826-Take_OFF_S2_Episode_3_Coding-130319-scaled.jpg'><img width=\"2560\" height=\"1707\" src=\"https:\/\/www.suessemjetaime.lu\/wp-content\/uploads\/2025\/03\/20240826-Take_OFF_S2_Episode_3_Coding-130319-scaled.jpg\" class=\"attachment-full size-full\" alt=\"\" loading=\"lazy\" srcset=\"https:\/\/www.suessemjetaime.lu\/wp-content\/uploads\/2025\/03\/20240826-Take_OFF_S2_Episode_3_Coding-130319-scaled.jpg 2560w, https:\/\/www.suessemjetaime.lu\/wp-content\/uploads\/2025\/03\/20240826-Take_OFF_S2_Episode_3_Coding-130319-300x200.jpg 300w, https:\/\/www.suessemjetaime.lu\/wp-content\/uploads\/2025\/03\/20240826-Take_OFF_S2_Episode_3_Coding-130319-1024x683.jpg 1024w, https:\/\/www.suessemjetaime.lu\/wp-content\/uploads\/2025\/03\/20240826-Take_OFF_S2_Episode_3_Coding-130319-768x512.jpg 768w, https:\/\/www.suessemjetaime.lu\/wp-content\/uploads\/2025\/03\/20240826-Take_OFF_S2_Episode_3_Coding-130319-1536x1024.jpg 1536w, https:\/\/www.suessemjetaime.lu\/wp-content\/uploads\/2025\/03\/20240826-Take_OFF_S2_Episode_3_Coding-130319-600x400.jpg 600w\" sizes=\"(max-width: 2560px) 100vw, 2560px\" \/><\/a>\n\t\t\t<\/dt><\/dl><br style=\"clear: both\" \/>\n\t\t<\/div>\n\n<p><a href=\"https:\/\/www.suessemjetaime.lu\/wp-content\/uploads\/2025\/03\/20240826-Take_OFF_S2_Episode_3_Coding-113504-scaled.jpg\"><img loading=\"lazy\" class=\"aligncenter wp-image-11893 size-full\" src=\"https:\/\/www.suessemjetaime.lu\/wp-content\/uploads\/2025\/03\/20240826-Take_OFF_S2_Episode_3_Coding-113504-scaled.jpg\" alt=\"\" width=\"2560\" height=\"1706\" srcset=\"https:\/\/www.suessemjetaime.lu\/wp-content\/uploads\/2025\/03\/20240826-Take_OFF_S2_Episode_3_Coding-113504-scaled.jpg 2560w, https:\/\/www.suessemjetaime.lu\/wp-content\/uploads\/2025\/03\/20240826-Take_OFF_S2_Episode_3_Coding-113504-300x200.jpg 300w, https:\/\/www.suessemjetaime.lu\/wp-content\/uploads\/2025\/03\/20240826-Take_OFF_S2_Episode_3_Coding-113504-1024x683.jpg 1024w, https:\/\/www.suessemjetaime.lu\/wp-content\/uploads\/2025\/03\/20240826-Take_OFF_S2_Episode_3_Coding-113504-768x512.jpg 768w, https:\/\/www.suessemjetaime.lu\/wp-content\/uploads\/2025\/03\/20240826-Take_OFF_S2_Episode_3_Coding-113504-1536x1024.jpg 1536w, https:\/\/www.suessemjetaime.lu\/wp-content\/uploads\/2025\/03\/20240826-Take_OFF_S2_Episode_3_Coding-113504-600x400.jpg 600w\" sizes=\"(max-width: 2560px) 100vw, 2560px\" \/><\/a><\/p>\n<p>Le public devra attendre la fin mars 2025 pour d\u00e9couvrir le\u00b7la vainqueur\u00b7euse de cette deuxi\u00e8me saison. Pour les deux jeunes scientifiques de la Commune de Sanem, c\u2019est l\u2019aboutissement d\u2019un long parcours. Le premier \u00e9pisode a \u00e9t\u00e9 tourn\u00e9 l\u2019\u00e9t\u00e9 dernier \u00e0 Vianden, suivi des premi\u00e8res sessions en studio en ao\u00fbt, puis de nouvelles en novembre, avant que la finale ne soit enregistr\u00e9e en janvier 2025. Lors de notre \u00e9change, Lenny n\u2019a rien d\u00e9voil\u00e9, tout comme Tim.<\/p>\n<p>\u00ab Lors de la premi\u00e8re saison, je reproduisais les d\u00e9fis \u00e0 la maison. \u00c0 l\u2019\u00e9cole, on reste souvent dans la th\u00e9orie, tandis qu\u2019ici, on applique ses connaissances de mani\u00e8re concr\u00e8te, ce qui est g\u00e9nial \u00bb, confie Tim Dupont. R\u00e9sidant \u00e0 Soleuvre, il est scolaris\u00e9 au Lyc\u00e9e Hubert Cl\u00e9ment \u00e0 Esch. Membre du club d\u2019\u00e9checs et des scouts, il s\u2019adonne aussi \u00e0 un peu de fitness, mais sa v\u00e9ritable passion reste la science. \u00ab Il y a deux ans, j\u2019avais postul\u00e9 pour la premi\u00e8re saison, sans succ\u00e8s. Un ami qui y avait particip\u00e9 m\u2019a encourag\u00e9 \u00e0 retenter ma chance pour la saison 2. Une telle opportunit\u00e9 ne se pr\u00e9sente qu\u2019une fois dans la vie. \u00bb Pour Tim, le d\u00e9fi le plus marquant fut l&rsquo;\u00e9pisode Science Show. \u00ab On avait du temps pour r\u00e9aliser des exp\u00e9riences amusantes, sans la pression habituelle. On pouvait se pr\u00e9parer, et les r\u00e9actions du public \u00e9taient incroyables. \u00bb Lenny, lui, r\u00e9torque : \u00ab Moi, je pr\u00e9f\u00e8re quand on ne sait pas \u00e0 quoi s\u2019attendre. Jusqu\u2019ici, c\u2019\u00e9tait souvent le cas dans cette \u00e9mission. \u00bb<\/p>\n<blockquote><p>\u00ab Mon plus grand r\u00eave serait de fonder ma propre entreprise, peut-\u00eatre dans le secteur du Space Mining. \u00bb \u2013 Tim Dupont<\/p><\/blockquote>\n<p>Inspir\u00e9 d\u2019un concept estonien, o\u00f9 une \u00e9mission similaire nomm\u00e9e Rakett69 rencontre un succ\u00e8s retentissant depuis des ann\u00e9es, Take Off demande un travail colossal pour chaque \u00e9pisode. Tout commence par des mois de pr\u00e9paration des d\u00e9fis et de la production, suivis de tournages \u00e9tal\u00e9s sur plusieurs mois, jusqu\u2019au montage final, qui prend environ deux semaines par \u00e9pisode. \u00ab Derri\u00e8re les coulisses, c\u2019\u00e9tait plus dr\u00f4le que je ne l\u2019imaginais \u00bb, raconte Tim. \u00ab Les b\u00eatisiers en donnent un aper\u00e7u. Par exemple, dans le studio, on lan\u00e7ait des blagues via le micro, audibles dans toute la salle. \u00c7a d\u00e9tendait l\u2019atmosph\u00e8re, car c\u2019\u00e9tait plus stressant que ce que les \u00e9pisodes laissent para\u00eetre. \u00bb<\/p>\n<p><span style=\"color: #000000;\"><strong>L\u2019art de patienter<\/strong><\/span><\/p>\n<p>Lenny partage cet avis. \u00ab Ce qui \u00e9tait le plus \u00e9prouvant, ce n\u2019\u00e9tait ni le travail, ni l\u2019action, ni la r\u00e9flexion, mais l\u2019attente. Parfois, tu te retrouvais assis par terre, simplement parce que tu attendais que la cam\u00e9ra soit repositionn\u00e9e. Lors de l\u2019\u00e9pisode 7, consacr\u00e9 \u00e0 l\u2019architecture et \u00e0 l\u2019art, il y a eu un moment devant la cam\u00e9ra o\u00f9 j\u2019\u00e9tais tellement euphorique que j\u2019ai compl\u00e8tement craqu\u00e9 de joie. On m\u2019a alors demand\u00e9 de retourner \u00e0 la table, car ils voulaient me filmer de dos. Cinq minutes plus tard, j\u2019ai d\u00fb recommencer \u00e0 manifester ma joie. \u00bb Il arrivait que ces instants de bonheur soient film\u00e9s jusqu\u2019\u00e0 trois fois. \u00ab Une fois, mon groupe a d\u00fb patienter deux heures et demie avant notre tour. On nous avait install\u00e9s dans une salle pour \u00e9viter tout contact avec les autres et risquer d\u2019\u00eatre pr\u00e9venus \u00e0 l\u2019avance. \u00c0 un moment, je m\u2019ennuyais tellement que je me suis amus\u00e9 \u00e0 baisser et relever les stores ou \u00e0 allumer et \u00e9teindre le projecteur. Certains jours de tournage, on restait debout jusqu\u2019\u00e0 dix heures d\u2019affil\u00e9e. \u00bb<\/p>\n<p>Tim, lui, raconte d\u2019autres astuces pour tromper le temps. \u00ab On nous a un jour conduits dans une petite pi\u00e8ce, et l\u00e0, on a commenc\u00e9 \u00e0 jouer au poker avec les touillettes en bois pour le caf\u00e9. \u00bb Lenny \u00e9clate de rire et ajoute : \u00ab On chantait, on jouait \u00e0 la pantomime, on faisait m\u00eame de la musique. Les meilleurs moments, c\u2019\u00e9tait hors cam\u00e9ra, quand on s\u2019amusait \u00e0 faire des b\u00eatises. Pendant le tournage, nos t\u00e9l\u00e9phones personnels \u00e9taient interdits. On nous avait donn\u00e9 un portable Take Off, cens\u00e9 servir \u00e0 filmer pour les r\u00e9seaux sociaux. Moi, j\u2019y regardais parfois YouTube. \u00bb<\/p>\n<div id=\"attachment_11851\" style=\"width: 2510px\" class=\"wp-caption aligncenter\"><a href=\"https:\/\/www.suessemjetaime.lu\/wp-content\/uploads\/2025\/03\/TimLenny-internet-17.jpg\"><img aria-describedby=\"caption-attachment-11851\" loading=\"lazy\" class=\"wp-image-11852 size-full\" src=\"https:\/\/www.suessemjetaime.lu\/wp-content\/uploads\/2025\/03\/TimLenny-internet-17.jpg\" alt=\"\" width=\"2500\" height=\"1667\" srcset=\"https:\/\/www.suessemjetaime.lu\/wp-content\/uploads\/2025\/03\/TimLenny-internet-17.jpg 2500w, https:\/\/www.suessemjetaime.lu\/wp-content\/uploads\/2025\/03\/TimLenny-internet-17-300x200.jpg 300w, https:\/\/www.suessemjetaime.lu\/wp-content\/uploads\/2025\/03\/TimLenny-internet-17-1024x683.jpg 1024w, https:\/\/www.suessemjetaime.lu\/wp-content\/uploads\/2025\/03\/TimLenny-internet-17-768x512.jpg 768w, https:\/\/www.suessemjetaime.lu\/wp-content\/uploads\/2025\/03\/TimLenny-internet-17-1536x1024.jpg 1536w, https:\/\/www.suessemjetaime.lu\/wp-content\/uploads\/2025\/03\/TimLenny-internet-17-600x400.jpg 600w\" sizes=\"(max-width: 2500px) 100vw, 2500px\" \/><\/a><p id=\"caption-attachment-11851\" class=\"wp-caption-text\">Tim Dupont<\/p><\/div>\n\n\t\t<style type=\"text\/css\">\n\t\t\t#gallery-3 {\n\t\t\t\tmargin: auto;\n\t\t\t}\n\t\t\t#gallery-3 .gallery-item {\n\t\t\t\tfloat: left;\n\t\t\t\tmargin-top: 10px;\n\t\t\t\ttext-align: center;\n\t\t\t\twidth: 50%;\n\t\t\t}\n\t\t\t#gallery-3 img {\n\t\t\t\tborder: 2px solid #cfcfcf;\n\t\t\t}\n\t\t\t#gallery-3 .gallery-caption {\n\t\t\t\tmargin-left: 0;\n\t\t\t}\n\t\t\t\/* see gallery_shortcode() in wp-includes\/media.php *\/\n\t\t<\/style>\n\t\t<div id='gallery-3' class='gallery galleryid-11866 gallery-columns-2 gallery-size-full'><dl class='gallery-item'>\n\t\t\t<dt class='gallery-icon landscape'>\n\t\t\t\t<a href='https:\/\/www.suessemjetaime.lu\/wp-content\/uploads\/2025\/03\/TimLenny-internet-15.jpg'><img width=\"2500\" height=\"1667\" src=\"https:\/\/www.suessemjetaime.lu\/wp-content\/uploads\/2025\/03\/TimLenny-internet-15.jpg\" class=\"attachment-full size-full\" alt=\"\" loading=\"lazy\" srcset=\"https:\/\/www.suessemjetaime.lu\/wp-content\/uploads\/2025\/03\/TimLenny-internet-15.jpg 2500w, https:\/\/www.suessemjetaime.lu\/wp-content\/uploads\/2025\/03\/TimLenny-internet-15-300x200.jpg 300w, https:\/\/www.suessemjetaime.lu\/wp-content\/uploads\/2025\/03\/TimLenny-internet-15-1024x683.jpg 1024w, https:\/\/www.suessemjetaime.lu\/wp-content\/uploads\/2025\/03\/TimLenny-internet-15-768x512.jpg 768w, https:\/\/www.suessemjetaime.lu\/wp-content\/uploads\/2025\/03\/TimLenny-internet-15-1536x1024.jpg 1536w, https:\/\/www.suessemjetaime.lu\/wp-content\/uploads\/2025\/03\/TimLenny-internet-15-600x400.jpg 600w\" sizes=\"(max-width: 2500px) 100vw, 2500px\" \/><\/a>\n\t\t\t<\/dt><\/dl><dl class='gallery-item'>\n\t\t\t<dt class='gallery-icon landscape'>\n\t\t\t\t<a href='https:\/\/www.suessemjetaime.lu\/wp-content\/uploads\/2025\/03\/F4-scaled.jpg'><img width=\"2560\" height=\"1707\" src=\"https:\/\/www.suessemjetaime.lu\/wp-content\/uploads\/2025\/03\/F4-scaled.jpg\" class=\"attachment-full size-full\" alt=\"\" loading=\"lazy\" srcset=\"https:\/\/www.suessemjetaime.lu\/wp-content\/uploads\/2025\/03\/F4-scaled.jpg 2560w, https:\/\/www.suessemjetaime.lu\/wp-content\/uploads\/2025\/03\/F4-300x200.jpg 300w, https:\/\/www.suessemjetaime.lu\/wp-content\/uploads\/2025\/03\/F4-1024x683.jpg 1024w, https:\/\/www.suessemjetaime.lu\/wp-content\/uploads\/2025\/03\/F4-768x512.jpg 768w, https:\/\/www.suessemjetaime.lu\/wp-content\/uploads\/2025\/03\/F4-1536x1024.jpg 1536w, https:\/\/www.suessemjetaime.lu\/wp-content\/uploads\/2025\/03\/F4-600x400.jpg 600w\" sizes=\"(max-width: 2560px) 100vw, 2560px\" \/><\/a>\n\t\t\t<\/dt><\/dl><br style=\"clear: both\" \/>\n\t\t<\/div>\n\n<p><a href=\"https:\/\/www.suessemjetaime.lu\/wp-content\/uploads\/2025\/03\/20240824-Take_OFF_S2_Episode_2_Games_124214-scaled.jpg\"><img loading=\"lazy\" class=\"aligncenter wp-image-11883 size-full\" src=\"https:\/\/www.suessemjetaime.lu\/wp-content\/uploads\/2025\/03\/20240824-Take_OFF_S2_Episode_2_Games_124214-scaled.jpg\" alt=\"\" width=\"2560\" height=\"1707\" srcset=\"https:\/\/www.suessemjetaime.lu\/wp-content\/uploads\/2025\/03\/20240824-Take_OFF_S2_Episode_2_Games_124214-scaled.jpg 2560w, https:\/\/www.suessemjetaime.lu\/wp-content\/uploads\/2025\/03\/20240824-Take_OFF_S2_Episode_2_Games_124214-300x200.jpg 300w, https:\/\/www.suessemjetaime.lu\/wp-content\/uploads\/2025\/03\/20240824-Take_OFF_S2_Episode_2_Games_124214-1024x683.jpg 1024w, https:\/\/www.suessemjetaime.lu\/wp-content\/uploads\/2025\/03\/20240824-Take_OFF_S2_Episode_2_Games_124214-768x512.jpg 768w, https:\/\/www.suessemjetaime.lu\/wp-content\/uploads\/2025\/03\/20240824-Take_OFF_S2_Episode_2_Games_124214-1536x1024.jpg 1536w, https:\/\/www.suessemjetaime.lu\/wp-content\/uploads\/2025\/03\/20240824-Take_OFF_S2_Episode_2_Games_124214-600x400.jpg 600w\" sizes=\"(max-width: 2560px) 100vw, 2560px\" \/><\/a><\/p>\n\n\t\t<style type=\"text\/css\">\n\t\t\t#gallery-4 {\n\t\t\t\tmargin: auto;\n\t\t\t}\n\t\t\t#gallery-4 .gallery-item {\n\t\t\t\tfloat: left;\n\t\t\t\tmargin-top: 10px;\n\t\t\t\ttext-align: center;\n\t\t\t\twidth: 50%;\n\t\t\t}\n\t\t\t#gallery-4 img {\n\t\t\t\tborder: 2px solid #cfcfcf;\n\t\t\t}\n\t\t\t#gallery-4 .gallery-caption {\n\t\t\t\tmargin-left: 0;\n\t\t\t}\n\t\t\t\/* see gallery_shortcode() in wp-includes\/media.php *\/\n\t\t<\/style>\n\t\t<div id='gallery-4' class='gallery galleryid-11866 gallery-columns-2 gallery-size-full'><dl class='gallery-item'>\n\t\t\t<dt class='gallery-icon landscape'>\n\t\t\t\t<a href='https:\/\/www.suessemjetaime.lu\/wp-content\/uploads\/2025\/03\/20240823-Take_OFF_S2_Episode_0X_Mock_Episode-165328-scaled.jpg'><img width=\"2560\" height=\"1707\" src=\"https:\/\/www.suessemjetaime.lu\/wp-content\/uploads\/2025\/03\/20240823-Take_OFF_S2_Episode_0X_Mock_Episode-165328-scaled.jpg\" class=\"attachment-full size-full\" alt=\"\" loading=\"lazy\" srcset=\"https:\/\/www.suessemjetaime.lu\/wp-content\/uploads\/2025\/03\/20240823-Take_OFF_S2_Episode_0X_Mock_Episode-165328-scaled.jpg 2560w, https:\/\/www.suessemjetaime.lu\/wp-content\/uploads\/2025\/03\/20240823-Take_OFF_S2_Episode_0X_Mock_Episode-165328-300x200.jpg 300w, https:\/\/www.suessemjetaime.lu\/wp-content\/uploads\/2025\/03\/20240823-Take_OFF_S2_Episode_0X_Mock_Episode-165328-1024x683.jpg 1024w, https:\/\/www.suessemjetaime.lu\/wp-content\/uploads\/2025\/03\/20240823-Take_OFF_S2_Episode_0X_Mock_Episode-165328-768x512.jpg 768w, https:\/\/www.suessemjetaime.lu\/wp-content\/uploads\/2025\/03\/20240823-Take_OFF_S2_Episode_0X_Mock_Episode-165328-1536x1024.jpg 1536w, https:\/\/www.suessemjetaime.lu\/wp-content\/uploads\/2025\/03\/20240823-Take_OFF_S2_Episode_0X_Mock_Episode-165328-600x400.jpg 600w\" sizes=\"(max-width: 2560px) 100vw, 2560px\" \/><\/a>\n\t\t\t<\/dt><\/dl><dl class='gallery-item'>\n\t\t\t<dt class='gallery-icon landscape'>\n\t\t\t\t<a href='https:\/\/www.suessemjetaime.lu\/wp-content\/uploads\/2025\/03\/20240828-Take_OFF_S2_Episode_5_Space-171758-scaled.jpg'><img width=\"2560\" height=\"1707\" src=\"https:\/\/www.suessemjetaime.lu\/wp-content\/uploads\/2025\/03\/20240828-Take_OFF_S2_Episode_5_Space-171758-scaled.jpg\" class=\"attachment-full size-full\" alt=\"\" loading=\"lazy\" srcset=\"https:\/\/www.suessemjetaime.lu\/wp-content\/uploads\/2025\/03\/20240828-Take_OFF_S2_Episode_5_Space-171758-scaled.jpg 2560w, https:\/\/www.suessemjetaime.lu\/wp-content\/uploads\/2025\/03\/20240828-Take_OFF_S2_Episode_5_Space-171758-300x200.jpg 300w, https:\/\/www.suessemjetaime.lu\/wp-content\/uploads\/2025\/03\/20240828-Take_OFF_S2_Episode_5_Space-171758-1024x683.jpg 1024w, https:\/\/www.suessemjetaime.lu\/wp-content\/uploads\/2025\/03\/20240828-Take_OFF_S2_Episode_5_Space-171758-768x512.jpg 768w, https:\/\/www.suessemjetaime.lu\/wp-content\/uploads\/2025\/03\/20240828-Take_OFF_S2_Episode_5_Space-171758-1536x1024.jpg 1536w, https:\/\/www.suessemjetaime.lu\/wp-content\/uploads\/2025\/03\/20240828-Take_OFF_S2_Episode_5_Space-171758-600x400.jpg 600w\" sizes=\"(max-width: 2560px) 100vw, 2560px\" \/><\/a>\n\t\t\t<\/dt><\/dl><br style=\"clear: both\" \/>\n\t\t<\/div>\n\n<p>\u00c0 ce jour, dix \u00e9pisodes de la deuxi\u00e8me saison ont \u00e9t\u00e9 diffus\u00e9s. Ce dimanche 16 mars 2025, \u00e0 19 heures, les quatre dernier\u00b7\u00e8re\u00b7s finalistes, dont Tim et Lenny, s\u2019\u00e9lanceront pour la derni\u00e8re ligne droite. \u00c0 chaque \u00e9pisode, un\u00b7e candidat\u00b7e est \u00e9limin\u00e9\u00b7e, jusqu\u2019\u00e0 la grande finale du 30 mars 2025. Les deux jeunes jouissent d\u00e9j\u00e0 d\u2019une petite notori\u00e9t\u00e9. \u00ab Mes grands-parents sont toujours ravis, et ma m\u00e8re est tellement fi\u00e8re quand elle me voit \u00e0 la t\u00e9l\u00e9vision \u00bb, confie Lenny. \u00ab Mes camarades sont contents aussi, mais beaucoup ne regardent pas la t\u00e9l\u00e9. Ils\u00b7Elles se contentent des extraits ou des r\u00e9sum\u00e9s. Ceux qui suivent vraiment le programme le font sur YouTube. \u00bb Au lyc\u00e9e, certain\u00b7e\u00b7s les abordent parfois. \u00ab Un jour, j\u2019\u00e9tais dans le vestiaire en train de m\u2019habiller quand une autre classe est entr\u00e9e. Ils m\u2019ont demand\u00e9 si j\u2019\u00e9tais bien celui de Take Off. Ensuite, deux d\u2019entre eux ont d\u00e9battu pour savoir si c\u2019\u00e9tait vraiment moi \u00bb, sourit Lenny. Il n\u2019a pas encore eu d\u2019exp\u00e9riences n\u00e9gatives, mais il pointe du doigt un revers des r\u00e9seaux sociaux : \u00ab Aujourd\u2019hui, les gens se disent : Je le vois tout le temps, donc je le connais, je peux l\u2019aborder dans la rue et lui dire des choses d\u00e9plac\u00e9es. On sent que les r\u00e9seaux sociaux ont effac\u00e9 cette distance de respect. \u00bb<\/p>\n<blockquote><p>\u00ab Cette mont\u00e9e d\u2019adr\u00e9naline que procure l\u2019\u00e9mission est indescriptible. \u00bb \u2013 Lenny Meyers<\/p><\/blockquote>\n<p>Tous deux s\u2019enthousiasment pour les rencontres exceptionnelles qu\u2019ils ont faites, notamment avec des membres du Fonds National de la Recherche. \u00ab Avant Take Off, je voulais d\u00e9j\u00e0 d\u00e9crocher un entretien avec la Luxembourg Space Agency \u00bb, souligne Tim. \u00ab Gr\u00e2ce \u00e0 l\u2019\u00e9mission, via des contacts, on m\u2019a mis en relation avec quelqu\u2019un d\u2019une entreprise luxembourgeoise qui correspond au profil recherch\u00e9. Je vais pouvoir faire cet entretien cette semaine. C\u2019est pour un projet scolaire o\u00f9 l\u2019on explore nos futures carri\u00e8res. Take Off et ces connexions peuvent vraiment ouvrir des portes. D\u2019ailleurs, c\u2019est comme \u00e7a qu\u2019ils ont d\u00e9couvert \u00e0 la Luxembourg Space Agency un probl\u00e8me avec leurs e-mails : les messages externes n\u2019arrivaient apparemment jamais. \u00bb<\/p>\n<div><span style=\"color: #000000;\"><strong>Des r\u00eaves aux r\u00e9alit\u00e9s<\/strong><\/span><\/div>\n<p>Pour les deux candidats, l\u2019\u00e9mission a affin\u00e9 leurs projets d\u2019avenir. \u00ab J\u2019ai toujours su que je voulais travailler dans le domaine spatial \u00bb, affirme Tim sans d\u00e9tour. \u00ab Au d\u00e9but, je r\u00eavais d\u2019\u00eatre pilote, puis astronaute. Au lyc\u00e9e, c\u2019est la partie technique qui m\u2019a captiv\u00e9. J\u2019ai fini par d\u00e9cider de devenir ing\u00e9nieur, comme mon p\u00e8re. C\u2019est pourquoi j\u2019ai choisi une section B. J\u2019en suis \u00e0 ma deuxi\u00e8me participation au Makerspace, cet espace cr\u00e9atif et pluridisciplinaire pour les jeunes, pr\u00e9sent dans beaucoup d\u2019\u00e9coles. L\u2019an dernier, nous avons construit un satellite pour une comp\u00e9tition ; il a \u00e9t\u00e9 lanc\u00e9 \u00e0 un kilom\u00e8tre d\u2019altitude par une petite fus\u00e9e. \u00bb Cette ann\u00e9e, leur projet est une station m\u00e9t\u00e9o. Le r\u00eave de Tim ? \u00c9tudier la technologie spatiale \u00e0 Delft, aux Pays-Bas. \u00ab C\u2019est la meilleure universit\u00e9 d\u2019Europe dans ce domaine, avec des frais d\u2019inscription bien moins \u00e9lev\u00e9s qu\u2019en Angleterre. Mon plus grand r\u00eave serait de fonder ma propre entreprise, peut-\u00eatre dans le secteur du Space Mining, qui m\u2019intrigue beaucoup. \u00bb<\/p>\n<p>Pour Lenny, le choix d\u2019une carri\u00e8re reste moins d\u00e9fini. \u00ab Petit, je voulais \u00eatre physicien. Puis ing\u00e9nieur, pour le c\u00f4t\u00e9 pratique. Ensuite, pendant longtemps, j\u2019ai envisag\u00e9 la cardiologie ou un autre m\u00e9tier m\u00e9dical, captiv\u00e9 par les maladies touchant les familles.\u00a0Au d\u00e9but du lyc\u00e9e, apr\u00e8s une p\u00e9riode difficile, je me suis tourn\u00e9 vers la litt\u00e9rature. Mon id\u00e9e \u00e9tait de passer en section A pour \u00e9tudier l\u2019histoire, qui me passionne. \u00bb Mais Take Off a boulevers\u00e9 ses perspectives. \u00ab Aujourd\u2019hui, je suis s\u00fbr de vouloir faire de la recherche, quelque chose au service des gens ou en lien avec eux. Je pourrais aussi me voir \u00e9tudier le droit. Pour moi, il faut que ce soit vari\u00e9 : je perds vite patience ou int\u00e9r\u00eat face \u00e0 la monotonie. Et je veux laisser une trace. \u00bb<\/p>\n<p>Quoi qu\u2019il arrive le 30 mars 2025 sur le podium de Take Off, cette aventure restera unique pour Tim Dupont et Lenny Meyers. Ils ne peuvent que l\u2019encourager aupr\u00e8s des autres jeunes. \u00ab C\u2019est une initiative incroyable. Cette \u00e9mission est b\u00e9n\u00e9fique pour l\u2019avenir du pays, car elle stimule les jeunes attir\u00e9s par la science \u00bb, estime Lenny. \u00ab Le Luxembourg veut jouer un r\u00f4le sur la sc\u00e8ne mondiale, et la science y est cruciale. Quand on voit Trump r\u00e9duire les fonds pour la recherche et les universit\u00e9s en Am\u00e9rique, c\u2019est justement le moment pour nous d\u2019investir dans ce domaine. \u00bb<\/p>\n<h4>UPDATE<\/h4>\n<p class=\"\" data-start=\"72\" data-end=\"174\">Le 30 mars 2025, Tim Dupont s\u2019est impos\u00e9 face \u00e0 Maxime Buck lors de la finale de l\u2019\u00e9mission Take Off. Apr\u00e8s avoir brillamment relev\u00e9 plus de 30 d\u00e9fis scientifiques au cours des derniers mois, il remporte ainsi la somme de 10 000 euros. La derni\u00e8re \u00e9preuve consistait \u00e0 construire une machine dite de Rube Goldberg. \u00ab C\u2019est une machine compos\u00e9e de plusieurs \u00e9l\u00e9ments en cha\u00eene, o\u00f9 un mouvement \u2013 comme par exemple une balle qui roule \u2013 d\u00e9clenche le suivant. L\u2019objectif \u00e9tait de cr\u00e9er une machine de 20 m\u00e8tres de long, comportant 15 \u00e9l\u00e9ments diff\u00e9rents \u00bb, explique Tim. Du d\u00e9but \u00e0 la fin, la machine devait fonctionner aussi pr\u00e8s que possible de 100 secondes. \u00ab D\u00e8s le d\u00e9part, je voulais construire une machine fiable, quelque chose qui fonctionne pratiquement \u00e0 tous les coups. C\u2019est aussi ce qui m\u2019a permis de gagner, car ma machine a fonctionn\u00e9 parfaitement, contrairement \u00e0 celle de Maxime. \u00bb<\/p>\n<p class=\"\" data-start=\"72\" data-end=\"174\">Son entourage a \u00e9t\u00e9 agr\u00e9ablement surpris par sa victoire. \u00ab Moi aussi, pour \u00eatre honn\u00eate, parce que Maxime \u00e9tait un adversaire redoutable \u00bb, ajoute le laur\u00e9at. \u00ab Mes parents \u00e9taient bien s\u00fbr au courant, mais mes grands-parents ont d\u00fb suivre jusqu\u2019au bout, et ils \u00e9taient vraiment ravis \u00e0 la fin de la finale. \u00c0 l\u2019\u00e9cole, mes camarades de classe et m\u00eame mes professeurs m\u2019ont f\u00e9licit\u00e9. C\u2019\u00e9tait incroyable. Beaucoup de gens m\u2019ont soutenu depuis le d\u00e9but, et ils \u00e9taient naturellement tr\u00e8s heureux de me voir gagner. \u00bb Tim a m\u00eame re\u00e7u des cartes de f\u00e9licitations d\u2019amis de la famille. Quant \u00e0 ce qu\u2019il compte faire avec ses gains, rien n\u2019est encore d\u00e9cid\u00e9. \u00ab Pour l\u2019instant, l\u2019argent est simplement sur mon compte. J\u2019aimerais peut-\u00eatre m\u2019acheter un t\u00e9lescope pour faire de l\u2019astrophotographie, car l\u2019univers me passionne. Lorsque j\u2019aurai 18 ans, je pense investir dans des actions. \u00bb<\/p>\n<p style=\"text-align: center;\"><span style=\"color: #000000;\"><strong>Suivez l&rsquo;actualit\u00e9 autour de Take Off:<\/strong><\/span><\/p>\n<p style=\"text-align: center;\"><a itemprop=\"url\" href=\"https:\/\/www.takeoffshow.lu\/\" target=\"_blank\"  class=\"mkdf-btn mkdf-btn-medium mkdf-btn-solid mkdf-btn-direction-animation\"  >\n    <span class=\"mkdf-btn-text\">Site web officiel<\/span>\n    <i class=\"mkdf-icon-font-awesome  \" ><\/i>        <span class=\"mkdf-btn-background-holder\">\n        <span class=\"mkdf-btn-background\"><\/span>\n    <\/span>\n    <\/a><\/p>\n<p><a href=\"https:\/\/www.suessemjetaime.lu\/wp-content\/uploads\/2025\/03\/F1-1-scaled.jpg\"><img loading=\"lazy\" class=\"aligncenter wp-image-12024 size-full\" src=\"https:\/\/www.suessemjetaime.lu\/wp-content\/uploads\/2025\/03\/F1-1-scaled.jpg\" alt=\"\" width=\"1706\" height=\"2560\" srcset=\"https:\/\/www.suessemjetaime.lu\/wp-content\/uploads\/2025\/03\/F1-1-scaled.jpg 1706w, https:\/\/www.suessemjetaime.lu\/wp-content\/uploads\/2025\/03\/F1-1-200x300.jpg 200w, https:\/\/www.suessemjetaime.lu\/wp-content\/uploads\/2025\/03\/F1-1-682x1024.jpg 682w, https:\/\/www.suessemjetaime.lu\/wp-content\/uploads\/2025\/03\/F1-1-768x1152.jpg 768w, https:\/\/www.suessemjetaime.lu\/wp-content\/uploads\/2025\/03\/F1-1-1024x1536.jpg 1024w, https:\/\/www.suessemjetaime.lu\/wp-content\/uploads\/2025\/03\/F1-1-1365x2048.jpg 1365w, https:\/\/www.suessemjetaime.lu\/wp-content\/uploads\/2025\/03\/F1-1-600x900.jpg 600w\" sizes=\"(max-width: 1706px) 100vw, 1706px\" \/><\/a><\/p>\n","protected":false},"excerpt":{"rendered":"<p>Sur RTL T\u00e9l\u00e9 L\u00ebtzebuerg et YouTube, la deuxi\u00e8me saison de l\u2019\u00e9mission scientifique Take Off, un d\u00e9fi m\u00ealant comp\u00e9tition et d\u00e9couverte, est diffus\u00e9e jusqu\u2019au 30 mars 2025. L\u2019an dernier, plus de 150 jeunes \u00e2g\u00e9\u00b7e\u00b7s de 15 \u00e0 21 ans s\u2019y sont [&hellip;]<\/p>\n","protected":false},"author":4,"featured_media":12026,"comment_status":"open","ping_status":"open","sticky":false,"template":"","format":"standard","meta":[],"categories":[31],"tags":[],"yoast_head":"<!-- This site is optimized with the Yoast SEO plugin v15.2.1 - https:\/\/yoast.com\/wordpress\/plugins\/seo\/ -->\n<title>T\u00eates chercheuses &bull; Suessem, je t&#039;aime<\/title>\n<meta name=\"robots\" content=\"index, follow, max-snippet:-1, max-image-preview:large, max-video-preview:-1\" \/>\n<link rel=\"canonical\" href=\"https:\/\/www.suessemjetaime.lu\/fr\/kappsaach\/\" \/>\n<meta property=\"og:locale\" content=\"fr_FR\" \/>\n<meta property=\"og:type\" content=\"article\" \/>\n<meta property=\"og:title\" content=\"T\u00eates chercheuses &bull; Suessem, je t&#039;aime\" \/>\n<meta property=\"og:description\" content=\"Sur RTL T\u00e9l\u00e9 L\u00ebtzebuerg et YouTube, la deuxi\u00e8me saison de l\u2019\u00e9mission scientifique Take Off, un d\u00e9fi m\u00ealant comp\u00e9tition et d\u00e9couverte, est diffus\u00e9e jusqu\u2019au 30 mars 2025. L\u2019an dernier, plus de 150 jeunes \u00e2g\u00e9\u00b7e\u00b7s de 15 \u00e0 21 ans s\u2019y sont [&hellip;]\" \/>\n<meta property=\"og:url\" content=\"https:\/\/www.suessemjetaime.lu\/fr\/kappsaach\/\" \/>\n<meta property=\"og:site_name\" content=\"Suessem, je t&#039;aime\" \/>\n<meta property=\"article:publisher\" content=\"https:\/\/www.facebook.com\/communedesanem\/\" \/>\n<meta property=\"article:published_time\" content=\"2025-03-11T14:36:48+00:00\" \/>\n<meta property=\"article:modified_time\" content=\"2025-04-11T06:21:16+00:00\" \/>\n<meta property=\"og:image\" content=\"https:\/\/www.suessemjetaime.lu\/wp-content\/uploads\/2025\/03\/F3-scaled.jpg\" \/>\n\t<meta property=\"og:image:width\" content=\"2560\" \/>\n\t<meta property=\"og:image:height\" content=\"1707\" \/>\n<meta name=\"twitter:card\" content=\"summary_large_image\" \/>\n<meta name=\"twitter:label1\" content=\"\u00c9crit par\">\n\t<meta name=\"twitter:data1\" content=\"Suessem\">\n\t<meta name=\"twitter:label2\" content=\"Dur\u00e9e de lecture est.\">\n\t<meta name=\"twitter:data2\" content=\"9 minutes\">\n<script type=\"application\/ld+json\" class=\"yoast-schema-graph\">{\"@context\":\"https:\/\/schema.org\",\"@graph\":[{\"@type\":\"Organization\",\"@id\":\"https:\/\/www.suessemjetaime.lu\/#organization\",\"name\":\"Commune de Sanem\",\"url\":\"https:\/\/www.suessemjetaime.lu\/\",\"sameAs\":[\"https:\/\/www.facebook.com\/communedesanem\/\",\"https:\/\/www.youtube.com\/channel\/UCVN7kgmkkpcfy3Hb63mx_tQ\/featured\"],\"logo\":{\"@type\":\"ImageObject\",\"@id\":\"https:\/\/www.suessemjetaime.lu\/#logo\",\"inLanguage\":\"fr-FR\",\"url\":\"https:\/\/www.suessemjetaime.lu\/wp-content\/uploads\/2019\/03\/400_188_LOGO_SANEM.png\",\"width\":400,\"height\":188,\"caption\":\"Commune de Sanem\"},\"image\":{\"@id\":\"https:\/\/www.suessemjetaime.lu\/#logo\"}},{\"@type\":\"WebSite\",\"@id\":\"https:\/\/www.suessemjetaime.lu\/#website\",\"url\":\"https:\/\/www.suessemjetaime.lu\/\",\"name\":\"Suessem, je t&#039;aime\",\"description\":\"le Blog de la commune de Sanem\",\"publisher\":{\"@id\":\"https:\/\/www.suessemjetaime.lu\/#organization\"},\"potentialAction\":[{\"@type\":\"SearchAction\",\"target\":\"https:\/\/www.suessemjetaime.lu\/?s={search_term_string}\",\"query-input\":\"required name=search_term_string\"}],\"inLanguage\":\"fr-FR\"},{\"@type\":\"ImageObject\",\"@id\":\"https:\/\/www.suessemjetaime.lu\/fr\/kappsaach\/#primaryimage\",\"inLanguage\":\"fr-FR\",\"url\":\"https:\/\/www.suessemjetaime.lu\/wp-content\/uploads\/2025\/03\/F3-scaled.jpg\",\"width\":2560,\"height\":1707},{\"@type\":\"WebPage\",\"@id\":\"https:\/\/www.suessemjetaime.lu\/fr\/kappsaach\/#webpage\",\"url\":\"https:\/\/www.suessemjetaime.lu\/fr\/kappsaach\/\",\"name\":\"T\\u00eates chercheuses &bull; Suessem, je t&#039;aime\",\"isPartOf\":{\"@id\":\"https:\/\/www.suessemjetaime.lu\/#website\"},\"primaryImageOfPage\":{\"@id\":\"https:\/\/www.suessemjetaime.lu\/fr\/kappsaach\/#primaryimage\"},\"datePublished\":\"2025-03-11T14:36:48+00:00\",\"dateModified\":\"2025-04-11T06:21:16+00:00\",\"inLanguage\":\"fr-FR\",\"potentialAction\":[{\"@type\":\"ReadAction\",\"target\":[\"https:\/\/www.suessemjetaime.lu\/fr\/kappsaach\/\"]}]},{\"@type\":\"Article\",\"@id\":\"https:\/\/www.suessemjetaime.lu\/fr\/kappsaach\/#article\",\"isPartOf\":{\"@id\":\"https:\/\/www.suessemjetaime.lu\/fr\/kappsaach\/#webpage\"},\"author\":{\"@id\":\"https:\/\/www.suessemjetaime.lu\/#\/schema\/person\/0cacc039fca45c1bb3d06544fdf18c63\"},\"headline\":\"T\\u00eates chercheuses\",\"datePublished\":\"2025-03-11T14:36:48+00:00\",\"dateModified\":\"2025-04-11T06:21:16+00:00\",\"mainEntityOfPage\":{\"@id\":\"https:\/\/www.suessemjetaime.lu\/fr\/kappsaach\/#webpage\"},\"commentCount\":0,\"publisher\":{\"@id\":\"https:\/\/www.suessemjetaime.lu\/#organization\"},\"image\":{\"@id\":\"https:\/\/www.suessemjetaime.lu\/fr\/kappsaach\/#primaryimage\"},\"articleSection\":\"Belval !\",\"inLanguage\":\"fr-FR\",\"potentialAction\":[{\"@type\":\"CommentAction\",\"name\":\"Comment\",\"target\":[\"https:\/\/www.suessemjetaime.lu\/fr\/kappsaach\/#respond\"]}]},{\"@type\":\"Person\",\"@id\":\"https:\/\/www.suessemjetaime.lu\/#\/schema\/person\/0cacc039fca45c1bb3d06544fdf18c63\",\"name\":\"Suessem\",\"image\":{\"@type\":\"ImageObject\",\"@id\":\"https:\/\/www.suessemjetaime.lu\/#personlogo\",\"inLanguage\":\"fr-FR\",\"url\":\"https:\/\/secure.gravatar.com\/avatar\/77fabd1f92df29867737b77509c5795b?s=96&d=mm&r=g\",\"caption\":\"Suessem\"}}]}<\/script>\n<!-- \/ Yoast SEO plugin. -->","_links":{"self":[{"href":"https:\/\/www.suessemjetaime.lu\/fr\/wp-json\/wp\/v2\/posts\/11866\/"}],"collection":[{"href":"https:\/\/www.suessemjetaime.lu\/fr\/wp-json\/wp\/v2\/posts\/"}],"about":[{"href":"https:\/\/www.suessemjetaime.lu\/fr\/wp-json\/wp\/v2\/types\/post\/"}],"author":[{"embeddable":true,"href":"https:\/\/www.suessemjetaime.lu\/fr\/wp-json\/wp\/v2\/users\/4\/"}],"replies":[{"embeddable":true,"href":"https:\/\/www.suessemjetaime.lu\/fr\/wp-json\/wp\/v2\/comments\/?post=11866"}],"version-history":[{"count":13,"href":"https:\/\/www.suessemjetaime.lu\/fr\/wp-json\/wp\/v2\/posts\/11866\/revisions\/"}],"predecessor-version":[{"id":12135,"href":"https:\/\/www.suessemjetaime.lu\/fr\/wp-json\/wp\/v2\/posts\/11866\/revisions\/12135\/"}],"wp:featuredmedia":[{"embeddable":true,"href":"https:\/\/www.suessemjetaime.lu\/fr\/wp-json\/wp\/v2\/media\/12026\/"}],"wp:attachment":[{"href":"https:\/\/www.suessemjetaime.lu\/fr\/wp-json\/wp\/v2\/media\/?parent=11866"}],"wp:term":[{"taxonomy":"category","embeddable":true,"href":"https:\/\/www.suessemjetaime.lu\/fr\/wp-json\/wp\/v2\/categories\/?post=11866"},{"taxonomy":"post_tag","embeddable":true,"href":"https:\/\/www.suessemjetaime.lu\/fr\/wp-json\/wp\/v2\/tags\/?post=11866"}],"curies":[{"name":"wp","href":"https:\/\/api.w.org\/{rel}","templated":true}]}}