{"id":11721,"date":"2025-02-01T14:35:38","date_gmt":"2025-02-01T14:35:38","guid":{"rendered":"https:\/\/www.suessemjetaime.lu\/?p=11721"},"modified":"2025-02-27T15:46:30","modified_gmt":"2025-02-27T15:46:30","slug":"calendrier-environnemental-sort-it-right-joana-majerus","status":"publish","type":"post","link":"https:\/\/www.suessemjetaime.lu\/fr\/calendrier-environnemental-sort-it-right-joana-majerus\/","title":{"rendered":"Calendrier environnemental : Sort it right \u2013 Joana Majerus"},"content":{"rendered":"<div class=\"flex max-w-full flex-col flex-grow\">\n<div class=\"min-h-8 text-message flex w-full flex-col items-end gap-2 whitespace-normal break-words text-start [.text-message+&amp;]:mt-5\" dir=\"auto\" data-message-author-role=\"assistant\" data-message-id=\"e1a71a07-d79e-47d0-8675-9701ac0647ee\" data-message-model-slug=\"gpt-4o\">\n<div class=\"flex w-full flex-col gap-1 empty:hidden first:pt-[3px]\">\n<div class=\"markdown prose w-full break-words dark:prose-invert light\">\n<p>Le calendrier environnemental de la Commune de Sanem est une v\u00e9ritable tradition. Nous accordons une importance particuli\u00e8re \u00e0 la collaboration avec des illustrateur\u00b7rice\u00b7s locaux\u00b7ales. Pour l\u2019\u00e9dition 2025, chaque mois, des artistes talentueux\u00b7ses ont relev\u00e9 le d\u00e9fi d\u2019illustrer diff\u00e9rentes th\u00e9matiques autour du d\u00e9veloppement durable. Pour le mois de f\u00e9vrier, c\u2019est Joana Majerus, alias Studio Pomme Rouge, qui a pr\u00eat\u00e9 son coup de crayon. Dans une interview, elle nous en dit plus sur son univers.<\/p>\n<\/div>\n<\/div>\n<\/div>\n<\/div>\n<p><!--more--><\/p>\n<h5><strong>Quelle histoire ou id\u00e9e se cache derri\u00e8re ton illustration pour le mois de f\u00e9vrier ?<\/strong><\/h5>\n<p>Sur mon illustration, les d\u00e9chets apparaissent bien plus grands que les personnages. Il n\u2019est pas toujours \u00e9vident de savoir ce qui peut \u00eatre recycl\u00e9, ce qui va dans le sac bleu ou ce qui doit \u00eatre jet\u00e9 autrement. Beaucoup de personnes ne sont pas famili\u00e8res avec ces r\u00e8gles, ce qui conduit malheureusement \u00e0 des erreurs de tri. Les personnages de mon dessin mettent en lumi\u00e8re ce probl\u00e8me en lisant attentivement les consignes de recyclage afin de mieux g\u00e9rer leurs d\u00e9chets par la suite !<\/p>\n<h5><strong>Quels moments de ton quotidien t\u2019inspirent le plus dans ta cr\u00e9ation artistique ?<\/strong><\/h5>\n<p>Ce sont les objets du quotidien que je croise qui m\u2019inspirent ! Lorsque je vois quelque chose qui me pla\u00eet et qui correspond \u00e0 mon univers stylistique, je prends une photo pour l\u2019utiliser plus tard dans mes illustrations. Une petite voiture amusante, de jolis biscuits chez le boulanger, un chien portant une veste \u2013 tout ce qui attire mon attention reste grav\u00e9 dans ma m\u00e9moire !<\/p>\n<h5><strong>Comment d\u00e9crirais-tu ton style en trois mots ? Quel aspect de celui-ci a marqu\u00e9 ton illustration pour le calendrier environnemental ?<\/strong><\/h5>\n<p>Dr\u00f4le, color\u00e9, inspir\u00e9 du vintage. Je pense que ces trois adjectifs se retrouvent bien dans mon illustration ! Mais si je devais en choisir deux, ce seraient surtout \u00ab dr\u00f4le \u00bb et \u00ab color\u00e9 \u00bb qui ressortent le plus ici. Je voulais rendre le th\u00e8me du recyclage attrayant, car pour beaucoup, il peut sembler assez ennuyeux.<\/p>\n<p><a href=\"https:\/\/www.suessemjetaime.lu\/wp-content\/uploads\/2025\/02\/\u251cimweltkalenner25-Illustrations-Joana-Majerus-bilder-7-scaled.jpg\"><img loading=\"lazy\" class=\"aligncenter size-full wp-image-11711\" src=\"https:\/\/www.suessemjetaime.lu\/wp-content\/uploads\/2025\/02\/\u251cimweltkalenner25-Illustrations-Joana-Majerus-bilder-7-scaled.jpg\" alt=\"\" width=\"2560\" height=\"1809\" srcset=\"https:\/\/www.suessemjetaime.lu\/wp-content\/uploads\/2025\/02\/\u251cimweltkalenner25-Illustrations-Joana-Majerus-bilder-7-scaled.jpg 2560w, https:\/\/www.suessemjetaime.lu\/wp-content\/uploads\/2025\/02\/\u251cimweltkalenner25-Illustrations-Joana-Majerus-bilder-7-300x212.jpg 300w, https:\/\/www.suessemjetaime.lu\/wp-content\/uploads\/2025\/02\/\u251cimweltkalenner25-Illustrations-Joana-Majerus-bilder-7-1024x724.jpg 1024w, https:\/\/www.suessemjetaime.lu\/wp-content\/uploads\/2025\/02\/\u251cimweltkalenner25-Illustrations-Joana-Majerus-bilder-7-768x543.jpg 768w, https:\/\/www.suessemjetaime.lu\/wp-content\/uploads\/2025\/02\/\u251cimweltkalenner25-Illustrations-Joana-Majerus-bilder-7-1536x1086.jpg 1536w, https:\/\/www.suessemjetaime.lu\/wp-content\/uploads\/2025\/02\/\u251cimweltkalenner25-Illustrations-Joana-Majerus-bilder-7-600x424.jpg 600w\" sizes=\"(max-width: 2560px) 100vw, 2560px\" \/><\/a><\/p>\n\n\t\t<style type=\"text\/css\">\n\t\t\t#gallery-1 {\n\t\t\t\tmargin: auto;\n\t\t\t}\n\t\t\t#gallery-1 .gallery-item {\n\t\t\t\tfloat: left;\n\t\t\t\tmargin-top: 10px;\n\t\t\t\ttext-align: center;\n\t\t\t\twidth: 50%;\n\t\t\t}\n\t\t\t#gallery-1 img {\n\t\t\t\tborder: 2px solid #cfcfcf;\n\t\t\t}\n\t\t\t#gallery-1 .gallery-caption {\n\t\t\t\tmargin-left: 0;\n\t\t\t}\n\t\t\t\/* see gallery_shortcode() in wp-includes\/media.php *\/\n\t\t<\/style>\n\t\t<div id='gallery-1' class='gallery galleryid-11721 gallery-columns-2 gallery-size-full'><dl class='gallery-item'>\n\t\t\t<dt class='gallery-icon landscape'>\n\t\t\t\t<a href='https:\/\/www.suessemjetaime.lu\/wp-content\/uploads\/2025\/02\/\u251cimweltkalenner25-Illustrations-Joana-Majerus-bilder-6-scaled.jpg'><img width=\"2560\" height=\"1811\" src=\"https:\/\/www.suessemjetaime.lu\/wp-content\/uploads\/2025\/02\/\u251cimweltkalenner25-Illustrations-Joana-Majerus-bilder-6-scaled.jpg\" class=\"attachment-full size-full\" alt=\"\" loading=\"lazy\" srcset=\"https:\/\/www.suessemjetaime.lu\/wp-content\/uploads\/2025\/02\/\u251cimweltkalenner25-Illustrations-Joana-Majerus-bilder-6-scaled.jpg 2560w, https:\/\/www.suessemjetaime.lu\/wp-content\/uploads\/2025\/02\/\u251cimweltkalenner25-Illustrations-Joana-Majerus-bilder-6-300x212.jpg 300w, https:\/\/www.suessemjetaime.lu\/wp-content\/uploads\/2025\/02\/\u251cimweltkalenner25-Illustrations-Joana-Majerus-bilder-6-1024x724.jpg 1024w, https:\/\/www.suessemjetaime.lu\/wp-content\/uploads\/2025\/02\/\u251cimweltkalenner25-Illustrations-Joana-Majerus-bilder-6-768x543.jpg 768w, https:\/\/www.suessemjetaime.lu\/wp-content\/uploads\/2025\/02\/\u251cimweltkalenner25-Illustrations-Joana-Majerus-bilder-6-1536x1087.jpg 1536w, https:\/\/www.suessemjetaime.lu\/wp-content\/uploads\/2025\/02\/\u251cimweltkalenner25-Illustrations-Joana-Majerus-bilder-6-600x424.jpg 600w\" sizes=\"(max-width: 2560px) 100vw, 2560px\" \/><\/a>\n\t\t\t<\/dt><\/dl><dl class='gallery-item'>\n\t\t\t<dt class='gallery-icon landscape'>\n\t\t\t\t<a href='https:\/\/www.suessemjetaime.lu\/wp-content\/uploads\/2025\/02\/\u251cimweltkalenner25-Illustrations-Joana-Majerus-bilder-2-scaled.jpg'><img width=\"2560\" height=\"1809\" src=\"https:\/\/www.suessemjetaime.lu\/wp-content\/uploads\/2025\/02\/\u251cimweltkalenner25-Illustrations-Joana-Majerus-bilder-2-scaled.jpg\" class=\"attachment-full size-full\" alt=\"\" loading=\"lazy\" srcset=\"https:\/\/www.suessemjetaime.lu\/wp-content\/uploads\/2025\/02\/\u251cimweltkalenner25-Illustrations-Joana-Majerus-bilder-2-scaled.jpg 2560w, https:\/\/www.suessemjetaime.lu\/wp-content\/uploads\/2025\/02\/\u251cimweltkalenner25-Illustrations-Joana-Majerus-bilder-2-300x212.jpg 300w, https:\/\/www.suessemjetaime.lu\/wp-content\/uploads\/2025\/02\/\u251cimweltkalenner25-Illustrations-Joana-Majerus-bilder-2-1024x724.jpg 1024w, https:\/\/www.suessemjetaime.lu\/wp-content\/uploads\/2025\/02\/\u251cimweltkalenner25-Illustrations-Joana-Majerus-bilder-2-768x543.jpg 768w, https:\/\/www.suessemjetaime.lu\/wp-content\/uploads\/2025\/02\/\u251cimweltkalenner25-Illustrations-Joana-Majerus-bilder-2-1536x1086.jpg 1536w, https:\/\/www.suessemjetaime.lu\/wp-content\/uploads\/2025\/02\/\u251cimweltkalenner25-Illustrations-Joana-Majerus-bilder-2-600x424.jpg 600w\" sizes=\"(max-width: 2560px) 100vw, 2560px\" \/><\/a>\n\t\t\t<\/dt><\/dl><br style=\"clear: both\" \/>\n\t\t<\/div>\n\n<div class=\"flex-shrink-0 flex flex-col relative items-end\">\n<div>\n<div class=\"pt-0\"><\/div>\n<\/div>\n<\/div>\n<div class=\"group\/conversation-turn relative flex w-full min-w-0 flex-col agent-turn\">\n<div class=\"flex-col gap-1 md:gap-3\">\n<div class=\"flex max-w-full flex-col flex-grow\">\n<div class=\"min-h-8 text-message flex w-full flex-col items-end gap-2 whitespace-normal break-words text-start [.text-message+&amp;]:mt-5\" dir=\"auto\" data-message-author-role=\"assistant\" data-message-id=\"ceaeb3c5-99a4-4bdb-9f22-539bcab1c865\" data-message-model-slug=\"gpt-4o\">\n<div class=\"flex w-full flex-col gap-1 empty:hidden first:pt-[3px]\">\n<div class=\"markdown prose w-full break-words dark:prose-invert light\">\n<h5><strong>Qu\u2019est-ce qui t\u2019a pouss\u00e9e \u00e0 devenir artiste ? Y a-t-il eu un moment d\u00e9cisif ?<\/strong><\/h5>\n<p>Depuis toute petite, j\u2019aimais dessiner, et j\u2019ai m\u00eame suivi une section artistique au lyc\u00e9e. Quand j\u2019ai d\u00e9couvert l\u2019illustration, j\u2019y suis rest\u00e9e ! J\u2019aime tellement \u00e7a et je prends tant de plaisir \u00e0 cr\u00e9er des illustrations que je ne peux plus imaginer ma vie sans.<\/p>\n<\/div>\n<\/div>\n<\/div>\n<\/div>\n<\/div>\n<\/div>\n<div class=\"group\/conversation-turn relative flex w-full min-w-0 flex-col agent-turn\">\n<div class=\"flex-col gap-1 md:gap-3\">\n<div class=\"flex max-w-full flex-col flex-grow\">\n<div class=\"min-h-8 text-message flex w-full flex-col items-end gap-2 whitespace-normal break-words text-start [.text-message+&amp;]:mt-5\" dir=\"auto\" data-message-author-role=\"assistant\" data-message-id=\"f132e239-e640-424e-90dd-86cb50158f84\" data-message-model-slug=\"gpt-4o-mini\">\n<div class=\"flex w-full flex-col gap-1 empty:hidden first:pt-[3px]\">\n<div class=\"markdown prose w-full break-words dark:prose-invert light\">\n<h5><strong>Si tu n&rsquo;avais pas eu le mois de f\u00e9vrier, mais un autre mois \u00e0 illustrer, lequel aurais-tu choisi et quelle id\u00e9e aurais-tu r\u00e9alis\u00e9e ?<\/strong><\/h5>\n<p>J&rsquo;aurais choisi <em>Meatless Meals<\/em> ou <em>Thrifting<\/em>, car ce sont deux choses que je pratique dans ma vie quotidienne. Si j&rsquo;avais opt\u00e9 pour <em>Meatless Meals<\/em>, j&rsquo;aurais probablement illustr\u00e9 une de mes recettes v\u00e9g\u00e9taliennes pr\u00e9f\u00e9r\u00e9es !<\/p>\n<\/div>\n<\/div>\n<\/div>\n<\/div>\n<\/div>\n<\/div>\n<h5><strong>Quelle place occupe la durabilit\u00e9 dans ta vie ?<\/strong><\/h5>\n<p>Je dirais qu&rsquo;elle occupe une place assez importante dans diff\u00e9rents aspects de ma vie, comme par exemple dans mon alimentation. Je fais vraiment attention \u00e0 ce que tout soit v\u00e9g\u00e9talien et j&rsquo;essaie d&rsquo;acheter aussi souvent que possible des produits saisonniers et bio !<\/p>\n<h5><strong>Quel conseil de durabilit\u00e9 donnerais-tu, que tu appliques toi-m\u00eame avec plaisir ?<\/strong><\/h5>\n<p>Je pense que si chacun fait un petit geste chaque mois \u00e0 partir du calendrier, on fait d\u00e9j\u00e0 plus que la plupart des gens ! L&rsquo;id\u00e9e n&rsquo;est pas de rendre la durabilit\u00e9 parfaite, mais d&rsquo;essayer de faire de son mieux l\u00e0 o\u00f9 c&rsquo;est possible. Par exemple, avoir toujours un sac avec soi pour ne pas devoir en prendre un dans les magasins et essayer de recycler du mieux possible !<\/p>\n<p>Vous voulez d\u00e9couvrir d&rsquo;autres projets de Joana ? <a href=\"https:\/\/www.instagram.com\/studiopommerouge\/?hl=de\">Voici son compte Instagram.<\/a><\/p>\n<p><em>Toutes les illustrations de cet article \u00a9 Joana Majerus<\/em><\/p>\n\n\t\t<style type=\"text\/css\">\n\t\t\t#gallery-2 {\n\t\t\t\tmargin: auto;\n\t\t\t}\n\t\t\t#gallery-2 .gallery-item {\n\t\t\t\tfloat: left;\n\t\t\t\tmargin-top: 10px;\n\t\t\t\ttext-align: center;\n\t\t\t\twidth: 33%;\n\t\t\t}\n\t\t\t#gallery-2 img {\n\t\t\t\tborder: 2px solid #cfcfcf;\n\t\t\t}\n\t\t\t#gallery-2 .gallery-caption {\n\t\t\t\tmargin-left: 0;\n\t\t\t}\n\t\t\t\/* see gallery_shortcode() in wp-includes\/media.php *\/\n\t\t<\/style>\n\t\t<div id='gallery-2' class='gallery galleryid-11721 gallery-columns-3 gallery-size-full'><dl class='gallery-item'>\n\t\t\t<dt class='gallery-icon portrait'>\n\t\t\t\t<a href='https:\/\/www.suessemjetaime.lu\/wp-content\/uploads\/2025\/02\/\u251cimweltkalenner25-Illustrations-Joana-Majerus-bilder-0-scaled.jpg'><img width=\"1810\" height=\"2560\" src=\"https:\/\/www.suessemjetaime.lu\/wp-content\/uploads\/2025\/02\/\u251cimweltkalenner25-Illustrations-Joana-Majerus-bilder-0-scaled.jpg\" class=\"attachment-full size-full\" alt=\"\" loading=\"lazy\" srcset=\"https:\/\/www.suessemjetaime.lu\/wp-content\/uploads\/2025\/02\/\u251cimweltkalenner25-Illustrations-Joana-Majerus-bilder-0-scaled.jpg 1810w, https:\/\/www.suessemjetaime.lu\/wp-content\/uploads\/2025\/02\/\u251cimweltkalenner25-Illustrations-Joana-Majerus-bilder-0-212x300.jpg 212w, https:\/\/www.suessemjetaime.lu\/wp-content\/uploads\/2025\/02\/\u251cimweltkalenner25-Illustrations-Joana-Majerus-bilder-0-724x1024.jpg 724w, https:\/\/www.suessemjetaime.lu\/wp-content\/uploads\/2025\/02\/\u251cimweltkalenner25-Illustrations-Joana-Majerus-bilder-0-768x1086.jpg 768w, https:\/\/www.suessemjetaime.lu\/wp-content\/uploads\/2025\/02\/\u251cimweltkalenner25-Illustrations-Joana-Majerus-bilder-0-1086x1536.jpg 1086w, https:\/\/www.suessemjetaime.lu\/wp-content\/uploads\/2025\/02\/\u251cimweltkalenner25-Illustrations-Joana-Majerus-bilder-0-1448x2048.jpg 1448w, https:\/\/www.suessemjetaime.lu\/wp-content\/uploads\/2025\/02\/\u251cimweltkalenner25-Illustrations-Joana-Majerus-bilder-0-600x849.jpg 600w\" sizes=\"(max-width: 1810px) 100vw, 1810px\" \/><\/a>\n\t\t\t<\/dt><\/dl><dl class='gallery-item'>\n\t\t\t<dt class='gallery-icon portrait'>\n\t\t\t\t<a href='https:\/\/www.suessemjetaime.lu\/wp-content\/uploads\/2025\/02\/\u251cimweltkalenner25-Illustrations-Joana-Majerus-bilder-5.jpg'><img width=\"1487\" height=\"2495\" src=\"https:\/\/www.suessemjetaime.lu\/wp-content\/uploads\/2025\/02\/\u251cimweltkalenner25-Illustrations-Joana-Majerus-bilder-5.jpg\" class=\"attachment-full size-full\" alt=\"\" loading=\"lazy\" srcset=\"https:\/\/www.suessemjetaime.lu\/wp-content\/uploads\/2025\/02\/\u251cimweltkalenner25-Illustrations-Joana-Majerus-bilder-5.jpg 1487w, https:\/\/www.suessemjetaime.lu\/wp-content\/uploads\/2025\/02\/\u251cimweltkalenner25-Illustrations-Joana-Majerus-bilder-5-179x300.jpg 179w, https:\/\/www.suessemjetaime.lu\/wp-content\/uploads\/2025\/02\/\u251cimweltkalenner25-Illustrations-Joana-Majerus-bilder-5-610x1024.jpg 610w, https:\/\/www.suessemjetaime.lu\/wp-content\/uploads\/2025\/02\/\u251cimweltkalenner25-Illustrations-Joana-Majerus-bilder-5-768x1289.jpg 768w, https:\/\/www.suessemjetaime.lu\/wp-content\/uploads\/2025\/02\/\u251cimweltkalenner25-Illustrations-Joana-Majerus-bilder-5-915x1536.jpg 915w, https:\/\/www.suessemjetaime.lu\/wp-content\/uploads\/2025\/02\/\u251cimweltkalenner25-Illustrations-Joana-Majerus-bilder-5-1221x2048.jpg 1221w, https:\/\/www.suessemjetaime.lu\/wp-content\/uploads\/2025\/02\/\u251cimweltkalenner25-Illustrations-Joana-Majerus-bilder-5-600x1007.jpg 600w\" sizes=\"(max-width: 1487px) 100vw, 1487px\" \/><\/a>\n\t\t\t<\/dt><\/dl><dl class='gallery-item'>\n\t\t\t<dt class='gallery-icon portrait'>\n\t\t\t\t<a href='https:\/\/www.suessemjetaime.lu\/wp-content\/uploads\/2025\/02\/\u251cimweltkalenner25-Illustrations-Joana-Majerus-bilder-3-scaled.jpg'><img width=\"2057\" height=\"2560\" src=\"https:\/\/www.suessemjetaime.lu\/wp-content\/uploads\/2025\/02\/\u251cimweltkalenner25-Illustrations-Joana-Majerus-bilder-3-scaled.jpg\" class=\"attachment-full size-full\" alt=\"\" loading=\"lazy\" srcset=\"https:\/\/www.suessemjetaime.lu\/wp-content\/uploads\/2025\/02\/\u251cimweltkalenner25-Illustrations-Joana-Majerus-bilder-3-scaled.jpg 2057w, https:\/\/www.suessemjetaime.lu\/wp-content\/uploads\/2025\/02\/\u251cimweltkalenner25-Illustrations-Joana-Majerus-bilder-3-241x300.jpg 241w, https:\/\/www.suessemjetaime.lu\/wp-content\/uploads\/2025\/02\/\u251cimweltkalenner25-Illustrations-Joana-Majerus-bilder-3-823x1024.jpg 823w, https:\/\/www.suessemjetaime.lu\/wp-content\/uploads\/2025\/02\/\u251cimweltkalenner25-Illustrations-Joana-Majerus-bilder-3-768x956.jpg 768w, https:\/\/www.suessemjetaime.lu\/wp-content\/uploads\/2025\/02\/\u251cimweltkalenner25-Illustrations-Joana-Majerus-bilder-3-1234x1536.jpg 1234w, https:\/\/www.suessemjetaime.lu\/wp-content\/uploads\/2025\/02\/\u251cimweltkalenner25-Illustrations-Joana-Majerus-bilder-3-1645x2048.jpg 1645w, https:\/\/www.suessemjetaime.lu\/wp-content\/uploads\/2025\/02\/\u251cimweltkalenner25-Illustrations-Joana-Majerus-bilder-3-600x747.jpg 600w\" sizes=\"(max-width: 2057px) 100vw, 2057px\" \/><\/a>\n\t\t\t<\/dt><\/dl><br style=\"clear: both\" \/>\n\t\t<\/div>\n\n","protected":false},"excerpt":{"rendered":"<p>Le calendrier environnemental de la Commune de Sanem est une v\u00e9ritable tradition. Nous accordons une importance particuli\u00e8re \u00e0 la collaboration avec des illustrateur\u00b7rice\u00b7s locaux\u00b7ales. Pour l\u2019\u00e9dition 2025, chaque mois, des artistes talentueux\u00b7ses ont relev\u00e9 le d\u00e9fi d\u2019illustrer diff\u00e9rentes th\u00e9matiques autour [&hellip;]<\/p>\n","protected":false},"author":4,"featured_media":11724,"comment_status":"open","ping_status":"open","sticky":false,"template":"","format":"standard","meta":[],"categories":[33],"tags":[],"yoast_head":"<!-- This site is optimized with the Yoast SEO plugin v15.2.1 - https:\/\/yoast.com\/wordpress\/plugins\/seo\/ -->\n<title>Calendrier environnemental : Sort it right \u2013 Joana Majerus &bull; Suessem, je t&#039;aime<\/title>\n<meta name=\"robots\" content=\"index, follow, max-snippet:-1, max-image-preview:large, max-video-preview:-1\" \/>\n<link rel=\"canonical\" href=\"https:\/\/www.suessemjetaime.lu\/fr\/calendrier-environnemental-sort-it-right-joana-majerus\/\" \/>\n<meta property=\"og:locale\" content=\"fr_FR\" \/>\n<meta property=\"og:type\" content=\"article\" \/>\n<meta property=\"og:title\" content=\"Calendrier environnemental : Sort it right \u2013 Joana Majerus &bull; Suessem, je t&#039;aime\" \/>\n<meta property=\"og:description\" content=\"Le calendrier environnemental de la Commune de Sanem est une v\u00e9ritable tradition. Nous accordons une importance particuli\u00e8re \u00e0 la collaboration avec des illustrateur\u00b7rice\u00b7s locaux\u00b7ales. Pour l\u2019\u00e9dition 2025, chaque mois, des artistes talentueux\u00b7ses ont relev\u00e9 le d\u00e9fi d\u2019illustrer diff\u00e9rentes th\u00e9matiques autour [&hellip;]\" \/>\n<meta property=\"og:url\" content=\"https:\/\/www.suessemjetaime.lu\/fr\/calendrier-environnemental-sort-it-right-joana-majerus\/\" \/>\n<meta property=\"og:site_name\" content=\"Suessem, je t&#039;aime\" \/>\n<meta property=\"article:publisher\" content=\"https:\/\/www.facebook.com\/communedesanem\/\" \/>\n<meta property=\"article:published_time\" content=\"2025-02-01T14:35:38+00:00\" \/>\n<meta property=\"article:modified_time\" content=\"2025-02-27T15:46:30+00:00\" \/>\n<meta property=\"og:image\" content=\"https:\/\/www.suessemjetaime.lu\/wp-content\/uploads\/2025\/02\/\u251cimweltkalenner25-Illustrations-Joana-Majerus-bilder-4-scaled.jpg\" \/>\n\t<meta property=\"og:image:width\" content=\"2560\" \/>\n\t<meta property=\"og:image:height\" content=\"1683\" \/>\n<meta name=\"twitter:card\" content=\"summary_large_image\" \/>\n<meta name=\"twitter:label1\" content=\"\u00c9crit par\">\n\t<meta name=\"twitter:data1\" content=\"Suessem\">\n\t<meta name=\"twitter:label2\" content=\"Dur\u00e9e de lecture est.\">\n\t<meta name=\"twitter:data2\" content=\"3 minutes\">\n<script type=\"application\/ld+json\" class=\"yoast-schema-graph\">{\"@context\":\"https:\/\/schema.org\",\"@graph\":[{\"@type\":\"Organization\",\"@id\":\"https:\/\/www.suessemjetaime.lu\/#organization\",\"name\":\"Commune de Sanem\",\"url\":\"https:\/\/www.suessemjetaime.lu\/\",\"sameAs\":[\"https:\/\/www.facebook.com\/communedesanem\/\",\"https:\/\/www.youtube.com\/channel\/UCVN7kgmkkpcfy3Hb63mx_tQ\/featured\"],\"logo\":{\"@type\":\"ImageObject\",\"@id\":\"https:\/\/www.suessemjetaime.lu\/#logo\",\"inLanguage\":\"fr-FR\",\"url\":\"https:\/\/www.suessemjetaime.lu\/wp-content\/uploads\/2019\/03\/400_188_LOGO_SANEM.png\",\"width\":400,\"height\":188,\"caption\":\"Commune de Sanem\"},\"image\":{\"@id\":\"https:\/\/www.suessemjetaime.lu\/#logo\"}},{\"@type\":\"WebSite\",\"@id\":\"https:\/\/www.suessemjetaime.lu\/#website\",\"url\":\"https:\/\/www.suessemjetaime.lu\/\",\"name\":\"Suessem, je t&#039;aime\",\"description\":\"le Blog de la commune de Sanem\",\"publisher\":{\"@id\":\"https:\/\/www.suessemjetaime.lu\/#organization\"},\"potentialAction\":[{\"@type\":\"SearchAction\",\"target\":\"https:\/\/www.suessemjetaime.lu\/?s={search_term_string}\",\"query-input\":\"required name=search_term_string\"}],\"inLanguage\":\"fr-FR\"},{\"@type\":\"ImageObject\",\"@id\":\"https:\/\/www.suessemjetaime.lu\/fr\/calendrier-environnemental-sort-it-right-joana-majerus\/#primaryimage\",\"inLanguage\":\"fr-FR\",\"url\":\"https:\/\/www.suessemjetaime.lu\/wp-content\/uploads\/2025\/02\/\\u251cimweltkalenner25-Illustrations-Joana-Majerus-bilder-4-scaled.jpg\",\"width\":2560,\"height\":1683},{\"@type\":\"WebPage\",\"@id\":\"https:\/\/www.suessemjetaime.lu\/fr\/calendrier-environnemental-sort-it-right-joana-majerus\/#webpage\",\"url\":\"https:\/\/www.suessemjetaime.lu\/fr\/calendrier-environnemental-sort-it-right-joana-majerus\/\",\"name\":\"Calendrier environnemental : Sort it right \\u2013 Joana Majerus &bull; Suessem, je t&#039;aime\",\"isPartOf\":{\"@id\":\"https:\/\/www.suessemjetaime.lu\/#website\"},\"primaryImageOfPage\":{\"@id\":\"https:\/\/www.suessemjetaime.lu\/fr\/calendrier-environnemental-sort-it-right-joana-majerus\/#primaryimage\"},\"datePublished\":\"2025-02-01T14:35:38+00:00\",\"dateModified\":\"2025-02-27T15:46:30+00:00\",\"inLanguage\":\"fr-FR\",\"potentialAction\":[{\"@type\":\"ReadAction\",\"target\":[\"https:\/\/www.suessemjetaime.lu\/fr\/calendrier-environnemental-sort-it-right-joana-majerus\/\"]}]},{\"@type\":\"Article\",\"@id\":\"https:\/\/www.suessemjetaime.lu\/fr\/calendrier-environnemental-sort-it-right-joana-majerus\/#article\",\"isPartOf\":{\"@id\":\"https:\/\/www.suessemjetaime.lu\/fr\/calendrier-environnemental-sort-it-right-joana-majerus\/#webpage\"},\"author\":{\"@id\":\"https:\/\/www.suessemjetaime.lu\/#\/schema\/person\/0cacc039fca45c1bb3d06544fdf18c63\"},\"headline\":\"Calendrier environnemental : Sort it right \\u2013 Joana Majerus\",\"datePublished\":\"2025-02-01T14:35:38+00:00\",\"dateModified\":\"2025-02-27T15:46:30+00:00\",\"mainEntityOfPage\":{\"@id\":\"https:\/\/www.suessemjetaime.lu\/fr\/calendrier-environnemental-sort-it-right-joana-majerus\/#webpage\"},\"commentCount\":0,\"publisher\":{\"@id\":\"https:\/\/www.suessemjetaime.lu\/#organization\"},\"image\":{\"@id\":\"https:\/\/www.suessemjetaime.lu\/fr\/calendrier-environnemental-sort-it-right-joana-majerus\/#primaryimage\"},\"articleSection\":\"Noise\",\"inLanguage\":\"fr-FR\",\"potentialAction\":[{\"@type\":\"CommentAction\",\"name\":\"Comment\",\"target\":[\"https:\/\/www.suessemjetaime.lu\/fr\/calendrier-environnemental-sort-it-right-joana-majerus\/#respond\"]}]},{\"@type\":\"Person\",\"@id\":\"https:\/\/www.suessemjetaime.lu\/#\/schema\/person\/0cacc039fca45c1bb3d06544fdf18c63\",\"name\":\"Suessem\",\"image\":{\"@type\":\"ImageObject\",\"@id\":\"https:\/\/www.suessemjetaime.lu\/#personlogo\",\"inLanguage\":\"fr-FR\",\"url\":\"https:\/\/secure.gravatar.com\/avatar\/77fabd1f92df29867737b77509c5795b?s=96&d=mm&r=g\",\"caption\":\"Suessem\"}}]}<\/script>\n<!-- \/ Yoast SEO plugin. -->","_links":{"self":[{"href":"https:\/\/www.suessemjetaime.lu\/fr\/wp-json\/wp\/v2\/posts\/11721\/"}],"collection":[{"href":"https:\/\/www.suessemjetaime.lu\/fr\/wp-json\/wp\/v2\/posts\/"}],"about":[{"href":"https:\/\/www.suessemjetaime.lu\/fr\/wp-json\/wp\/v2\/types\/post\/"}],"author":[{"embeddable":true,"href":"https:\/\/www.suessemjetaime.lu\/fr\/wp-json\/wp\/v2\/users\/4\/"}],"replies":[{"embeddable":true,"href":"https:\/\/www.suessemjetaime.lu\/fr\/wp-json\/wp\/v2\/comments\/?post=11721"}],"version-history":[{"count":10,"href":"https:\/\/www.suessemjetaime.lu\/fr\/wp-json\/wp\/v2\/posts\/11721\/revisions\/"}],"predecessor-version":[{"id":11739,"href":"https:\/\/www.suessemjetaime.lu\/fr\/wp-json\/wp\/v2\/posts\/11721\/revisions\/11739\/"}],"wp:featuredmedia":[{"embeddable":true,"href":"https:\/\/www.suessemjetaime.lu\/fr\/wp-json\/wp\/v2\/media\/11724\/"}],"wp:attachment":[{"href":"https:\/\/www.suessemjetaime.lu\/fr\/wp-json\/wp\/v2\/media\/?parent=11721"}],"wp:term":[{"taxonomy":"category","embeddable":true,"href":"https:\/\/www.suessemjetaime.lu\/fr\/wp-json\/wp\/v2\/categories\/?post=11721"},{"taxonomy":"post_tag","embeddable":true,"href":"https:\/\/www.suessemjetaime.lu\/fr\/wp-json\/wp\/v2\/tags\/?post=11721"}],"curies":[{"name":"wp","href":"https:\/\/api.w.org\/{rel}","templated":true}]}}