{"id":10865,"date":"2024-09-01T10:00:30","date_gmt":"2024-09-01T10:00:30","guid":{"rendered":"https:\/\/www.suessemjetaime.lu\/?p=10865"},"modified":"2024-09-18T11:10:04","modified_gmt":"2024-09-18T11:10:04","slug":"cbcbm","status":"publish","type":"post","link":"https:\/\/www.suessemjetaime.lu\/fr\/cbcbm\/","title":{"rendered":"L\u2019union fait la force"},"content":{"rendered":"<div class=\"flex max-w-full flex-col flex-grow\">\n<div class=\"min-h-[20px] text-message flex w-full flex-col items-end gap-2 whitespace-pre-wrap break-words [.text-message+&amp;]:mt-5 overflow-x-auto\" dir=\"auto\" data-message-author-role=\"assistant\" data-message-id=\"640c7f24-aa0f-486b-8c4c-e0b43ed41c83\">\n<div class=\"flex w-full flex-col gap-1 empty:hidden first:pt-[3px]\">\n<div class=\"markdown prose w-full break-words dark:prose-invert light\">\n<p><strong>Le Cercle Bouliste et Culturel Belvaux-Metzerlach a c\u00e9l\u00e9br\u00e9 son 60e anniversaire dans le cadre de sa F\u00eate de la P\u00e9tanque, qui s&rsquo;est d\u00e9roul\u00e9e du 26 au 30 juin 2024. Nous avons assist\u00e9 au d\u00e9but des comp\u00e9titions, un jeudi, pour rencontrer l&rsquo;actuel pr\u00e9sident Patrick Majerus et le pr\u00e9sident d&rsquo;honneur Norbert Greven, et revenir avec eux sur l\u2019histoire du club.<\/strong><\/p>\n<\/div>\n<\/div>\n<\/div>\n<\/div>\n<p><!--more--><\/p>\n<p>La beaut\u00e9 r\u00e9side dans les d\u00e9tails. Cela s&rsquo;applique \u00e0 la p\u00e9tanque, mais aussi \u00e0 tout ce qui s\u2019est construit autour de ce sport au Metzerlach au fil des ans. Ce qui n\u2019\u00e9tait \u00e0 l&rsquo;origine qu&rsquo;une id\u00e9e a pris forme en 1964 lors d\u2019une f\u00eate populaire estivale. Le Cercle Boulevue Metzerlach est ainsi n\u00e9 sous la pr\u00e9sidence de son fondateur, Josy Steffen, un jeune d\u2019Esch-sur-Alzette. Le club a d\u2019abord lou\u00e9 une parcelle \u00e0 l\u2019extr\u00e9mit\u00e9 de la rue Rouge, o\u00f9 il n&rsquo;y avait \u00e0 l&rsquo;\u00e9poque qu&rsquo;une simple aire de jeux. L\u2019histoire compl\u00e8te du club est racont\u00e9e dans un livre publi\u00e9 pour le cinquantenaire, retra\u00e7ant minutieusement chaque \u00e9tape. Lors de notre entretien avec Patrick et Norbert, c\u2019est une mosa\u00efque d&rsquo;anecdotes personnelles et \u00e9mouvantes qui a \u00e9merg\u00e9, r\u00e9v\u00e9lant l&rsquo;essence m\u00eame du club : il s\u2019agit avant tout des gens.<\/p>\n<p>\u00ab Il n\u2019y avait pas de jalousie, car personne ne poss\u00e9dait grand-chose \u00bb, se souvient Norbert Greven. \u00ab Le quartier abritait de nombreux Italiens, qui travaillaient dans la construction ou \u00e0 l&rsquo;usine. Des gens simples, des \u00e9trangers pour la plupart. C\u2019\u00e9tait comme une petite Europe. \u00bb Patrick Majerus, n\u00e9 en 1963, se rappelle avoir roul\u00e9 \u00e0 tricycle dans le quartier, fascin\u00e9 par ce qui se passait derri\u00e8re les haies, alors qu\u2019il jouait avec d\u2019autres enfants tout pr\u00e8s. \u00ab Les Italiens nous ont int\u00e9gr\u00e9s. Ce sont principalement eux qui ont tout construit de leurs propres mains. Et il ne fallait pas grand-chose. Avec 200 francs, tu pouvais acheter trois boules. \u00c0 7 ou 8 ans, je pouvais d\u00e9j\u00e0 aider quand quelqu\u2019un manquait, et \u00e0 10 ans, j&rsquo;\u00e9tais totalement int\u00e9gr\u00e9. \u00bb<\/p>\n\n\t\t<style type=\"text\/css\">\n\t\t\t#gallery-1 {\n\t\t\t\tmargin: auto;\n\t\t\t}\n\t\t\t#gallery-1 .gallery-item {\n\t\t\t\tfloat: left;\n\t\t\t\tmargin-top: 10px;\n\t\t\t\ttext-align: center;\n\t\t\t\twidth: 33%;\n\t\t\t}\n\t\t\t#gallery-1 img {\n\t\t\t\tborder: 2px solid #cfcfcf;\n\t\t\t}\n\t\t\t#gallery-1 .gallery-caption {\n\t\t\t\tmargin-left: 0;\n\t\t\t}\n\t\t\t\/* see gallery_shortcode() in wp-includes\/media.php *\/\n\t\t<\/style>\n\t\t<div id='gallery-1' class='gallery galleryid-10865 gallery-columns-3 gallery-size-full'><dl class='gallery-item'>\n\t\t\t<dt class='gallery-icon portrait'>\n\t\t\t\t<a href='https:\/\/www.suessemjetaime.lu\/wp-content\/uploads\/2024\/09\/Boules_240627_DSF2957_SoMe-scaled.jpg'><img width=\"1707\" height=\"2560\" src=\"https:\/\/www.suessemjetaime.lu\/wp-content\/uploads\/2024\/09\/Boules_240627_DSF2957_SoMe-scaled.jpg\" class=\"attachment-full size-full\" alt=\"\" loading=\"lazy\" srcset=\"https:\/\/www.suessemjetaime.lu\/wp-content\/uploads\/2024\/09\/Boules_240627_DSF2957_SoMe-scaled.jpg 1707w, https:\/\/www.suessemjetaime.lu\/wp-content\/uploads\/2024\/09\/Boules_240627_DSF2957_SoMe-200x300.jpg 200w, https:\/\/www.suessemjetaime.lu\/wp-content\/uploads\/2024\/09\/Boules_240627_DSF2957_SoMe-683x1024.jpg 683w, https:\/\/www.suessemjetaime.lu\/wp-content\/uploads\/2024\/09\/Boules_240627_DSF2957_SoMe-768x1152.jpg 768w, https:\/\/www.suessemjetaime.lu\/wp-content\/uploads\/2024\/09\/Boules_240627_DSF2957_SoMe-1024x1536.jpg 1024w, https:\/\/www.suessemjetaime.lu\/wp-content\/uploads\/2024\/09\/Boules_240627_DSF2957_SoMe-1365x2048.jpg 1365w, https:\/\/www.suessemjetaime.lu\/wp-content\/uploads\/2024\/09\/Boules_240627_DSF2957_SoMe-600x900.jpg 600w\" sizes=\"(max-width: 1707px) 100vw, 1707px\" \/><\/a>\n\t\t\t<\/dt><\/dl><dl class='gallery-item'>\n\t\t\t<dt class='gallery-icon portrait'>\n\t\t\t\t<a href='https:\/\/www.suessemjetaime.lu\/wp-content\/uploads\/2024\/09\/Boules_240627_DSF3049_SoMe-scaled.jpg'><img width=\"1707\" height=\"2560\" src=\"https:\/\/www.suessemjetaime.lu\/wp-content\/uploads\/2024\/09\/Boules_240627_DSF3049_SoMe-scaled.jpg\" class=\"attachment-full size-full\" alt=\"\" loading=\"lazy\" srcset=\"https:\/\/www.suessemjetaime.lu\/wp-content\/uploads\/2024\/09\/Boules_240627_DSF3049_SoMe-scaled.jpg 1707w, https:\/\/www.suessemjetaime.lu\/wp-content\/uploads\/2024\/09\/Boules_240627_DSF3049_SoMe-200x300.jpg 200w, https:\/\/www.suessemjetaime.lu\/wp-content\/uploads\/2024\/09\/Boules_240627_DSF3049_SoMe-683x1024.jpg 683w, https:\/\/www.suessemjetaime.lu\/wp-content\/uploads\/2024\/09\/Boules_240627_DSF3049_SoMe-768x1152.jpg 768w, https:\/\/www.suessemjetaime.lu\/wp-content\/uploads\/2024\/09\/Boules_240627_DSF3049_SoMe-1024x1536.jpg 1024w, https:\/\/www.suessemjetaime.lu\/wp-content\/uploads\/2024\/09\/Boules_240627_DSF3049_SoMe-1365x2048.jpg 1365w, https:\/\/www.suessemjetaime.lu\/wp-content\/uploads\/2024\/09\/Boules_240627_DSF3049_SoMe-600x900.jpg 600w\" sizes=\"(max-width: 1707px) 100vw, 1707px\" \/><\/a>\n\t\t\t<\/dt><\/dl><dl class='gallery-item'>\n\t\t\t<dt class='gallery-icon portrait'>\n\t\t\t\t<a href='https:\/\/www.suessemjetaime.lu\/wp-content\/uploads\/2024\/09\/Boules_240627_DSF3082_SoMe-scaled.jpg'><img width=\"1707\" height=\"2560\" src=\"https:\/\/www.suessemjetaime.lu\/wp-content\/uploads\/2024\/09\/Boules_240627_DSF3082_SoMe-scaled.jpg\" class=\"attachment-full size-full\" alt=\"\" loading=\"lazy\" srcset=\"https:\/\/www.suessemjetaime.lu\/wp-content\/uploads\/2024\/09\/Boules_240627_DSF3082_SoMe-scaled.jpg 1707w, https:\/\/www.suessemjetaime.lu\/wp-content\/uploads\/2024\/09\/Boules_240627_DSF3082_SoMe-200x300.jpg 200w, https:\/\/www.suessemjetaime.lu\/wp-content\/uploads\/2024\/09\/Boules_240627_DSF3082_SoMe-683x1024.jpg 683w, https:\/\/www.suessemjetaime.lu\/wp-content\/uploads\/2024\/09\/Boules_240627_DSF3082_SoMe-768x1152.jpg 768w, https:\/\/www.suessemjetaime.lu\/wp-content\/uploads\/2024\/09\/Boules_240627_DSF3082_SoMe-1024x1536.jpg 1024w, https:\/\/www.suessemjetaime.lu\/wp-content\/uploads\/2024\/09\/Boules_240627_DSF3082_SoMe-1365x2048.jpg 1365w, https:\/\/www.suessemjetaime.lu\/wp-content\/uploads\/2024\/09\/Boules_240627_DSF3082_SoMe-600x900.jpg 600w\" sizes=\"(max-width: 1707px) 100vw, 1707px\" \/><\/a>\n\t\t\t<\/dt><\/dl><br style=\"clear: both\" \/>\n\t\t<\/div>\n\n<div id=\"attachment_10846\" style=\"width: 2570px\" class=\"wp-caption aligncenter\"><a href=\"https:\/\/www.suessemjetaime.lu\/wp-content\/uploads\/2024\/09\/Boules_240627_DSF3748_SoMe-scaled.jpg\"><img aria-describedby=\"caption-attachment-10846\" loading=\"lazy\" class=\"wp-image-10845 size-full\" src=\"https:\/\/www.suessemjetaime.lu\/wp-content\/uploads\/2024\/09\/Boules_240627_DSF3748_SoMe-scaled.jpg\" alt=\"\" width=\"2560\" height=\"1707\" srcset=\"https:\/\/www.suessemjetaime.lu\/wp-content\/uploads\/2024\/09\/Boules_240627_DSF3748_SoMe-scaled.jpg 2560w, https:\/\/www.suessemjetaime.lu\/wp-content\/uploads\/2024\/09\/Boules_240627_DSF3748_SoMe-300x200.jpg 300w, https:\/\/www.suessemjetaime.lu\/wp-content\/uploads\/2024\/09\/Boules_240627_DSF3748_SoMe-1024x683.jpg 1024w, https:\/\/www.suessemjetaime.lu\/wp-content\/uploads\/2024\/09\/Boules_240627_DSF3748_SoMe-768x512.jpg 768w, https:\/\/www.suessemjetaime.lu\/wp-content\/uploads\/2024\/09\/Boules_240627_DSF3748_SoMe-1536x1024.jpg 1536w, https:\/\/www.suessemjetaime.lu\/wp-content\/uploads\/2024\/09\/Boules_240627_DSF3748_SoMe-600x400.jpg 600w\" sizes=\"(max-width: 2560px) 100vw, 2560px\" \/><\/a><p id=\"caption-attachment-10846\" class=\"wp-caption-text\">Norbert Greven et Patrick Majerus<\/p><\/div>\n\n\t\t<style type=\"text\/css\">\n\t\t\t#gallery-2 {\n\t\t\t\tmargin: auto;\n\t\t\t}\n\t\t\t#gallery-2 .gallery-item {\n\t\t\t\tfloat: left;\n\t\t\t\tmargin-top: 10px;\n\t\t\t\ttext-align: center;\n\t\t\t\twidth: 33%;\n\t\t\t}\n\t\t\t#gallery-2 img {\n\t\t\t\tborder: 2px solid #cfcfcf;\n\t\t\t}\n\t\t\t#gallery-2 .gallery-caption {\n\t\t\t\tmargin-left: 0;\n\t\t\t}\n\t\t\t\/* see gallery_shortcode() in wp-includes\/media.php *\/\n\t\t<\/style>\n\t\t<div id='gallery-2' class='gallery galleryid-10865 gallery-columns-3 gallery-size-full'><dl class='gallery-item'>\n\t\t\t<dt class='gallery-icon portrait'>\n\t\t\t\t<a href='https:\/\/www.suessemjetaime.lu\/wp-content\/uploads\/2024\/09\/Boules_240627_DSF3257_SoMe-scaled.jpg'><img width=\"1707\" height=\"2560\" src=\"https:\/\/www.suessemjetaime.lu\/wp-content\/uploads\/2024\/09\/Boules_240627_DSF3257_SoMe-scaled.jpg\" class=\"attachment-full size-full\" alt=\"\" loading=\"lazy\" srcset=\"https:\/\/www.suessemjetaime.lu\/wp-content\/uploads\/2024\/09\/Boules_240627_DSF3257_SoMe-scaled.jpg 1707w, https:\/\/www.suessemjetaime.lu\/wp-content\/uploads\/2024\/09\/Boules_240627_DSF3257_SoMe-200x300.jpg 200w, https:\/\/www.suessemjetaime.lu\/wp-content\/uploads\/2024\/09\/Boules_240627_DSF3257_SoMe-683x1024.jpg 683w, https:\/\/www.suessemjetaime.lu\/wp-content\/uploads\/2024\/09\/Boules_240627_DSF3257_SoMe-768x1152.jpg 768w, https:\/\/www.suessemjetaime.lu\/wp-content\/uploads\/2024\/09\/Boules_240627_DSF3257_SoMe-1024x1536.jpg 1024w, https:\/\/www.suessemjetaime.lu\/wp-content\/uploads\/2024\/09\/Boules_240627_DSF3257_SoMe-1365x2048.jpg 1365w, https:\/\/www.suessemjetaime.lu\/wp-content\/uploads\/2024\/09\/Boules_240627_DSF3257_SoMe-600x900.jpg 600w\" sizes=\"(max-width: 1707px) 100vw, 1707px\" \/><\/a>\n\t\t\t<\/dt><\/dl><dl class='gallery-item'>\n\t\t\t<dt class='gallery-icon portrait'>\n\t\t\t\t<a href='https:\/\/www.suessemjetaime.lu\/wp-content\/uploads\/2024\/09\/Boules_240627_DSF3090_SoMe-scaled.jpg'><img width=\"1707\" height=\"2560\" src=\"https:\/\/www.suessemjetaime.lu\/wp-content\/uploads\/2024\/09\/Boules_240627_DSF3090_SoMe-scaled.jpg\" class=\"attachment-full size-full\" alt=\"\" loading=\"lazy\" srcset=\"https:\/\/www.suessemjetaime.lu\/wp-content\/uploads\/2024\/09\/Boules_240627_DSF3090_SoMe-scaled.jpg 1707w, https:\/\/www.suessemjetaime.lu\/wp-content\/uploads\/2024\/09\/Boules_240627_DSF3090_SoMe-200x300.jpg 200w, https:\/\/www.suessemjetaime.lu\/wp-content\/uploads\/2024\/09\/Boules_240627_DSF3090_SoMe-683x1024.jpg 683w, https:\/\/www.suessemjetaime.lu\/wp-content\/uploads\/2024\/09\/Boules_240627_DSF3090_SoMe-768x1152.jpg 768w, https:\/\/www.suessemjetaime.lu\/wp-content\/uploads\/2024\/09\/Boules_240627_DSF3090_SoMe-1024x1536.jpg 1024w, https:\/\/www.suessemjetaime.lu\/wp-content\/uploads\/2024\/09\/Boules_240627_DSF3090_SoMe-1365x2048.jpg 1365w, https:\/\/www.suessemjetaime.lu\/wp-content\/uploads\/2024\/09\/Boules_240627_DSF3090_SoMe-600x900.jpg 600w\" sizes=\"(max-width: 1707px) 100vw, 1707px\" \/><\/a>\n\t\t\t<\/dt><\/dl><dl class='gallery-item'>\n\t\t\t<dt class='gallery-icon portrait'>\n\t\t\t\t<a href='https:\/\/www.suessemjetaime.lu\/wp-content\/uploads\/2024\/09\/Boules_240627_DSF3284_SoMe-scaled.jpg'><img width=\"1707\" height=\"2560\" src=\"https:\/\/www.suessemjetaime.lu\/wp-content\/uploads\/2024\/09\/Boules_240627_DSF3284_SoMe-scaled.jpg\" class=\"attachment-full size-full\" alt=\"\" loading=\"lazy\" srcset=\"https:\/\/www.suessemjetaime.lu\/wp-content\/uploads\/2024\/09\/Boules_240627_DSF3284_SoMe-scaled.jpg 1707w, https:\/\/www.suessemjetaime.lu\/wp-content\/uploads\/2024\/09\/Boules_240627_DSF3284_SoMe-200x300.jpg 200w, https:\/\/www.suessemjetaime.lu\/wp-content\/uploads\/2024\/09\/Boules_240627_DSF3284_SoMe-683x1024.jpg 683w, https:\/\/www.suessemjetaime.lu\/wp-content\/uploads\/2024\/09\/Boules_240627_DSF3284_SoMe-768x1152.jpg 768w, https:\/\/www.suessemjetaime.lu\/wp-content\/uploads\/2024\/09\/Boules_240627_DSF3284_SoMe-1024x1536.jpg 1024w, https:\/\/www.suessemjetaime.lu\/wp-content\/uploads\/2024\/09\/Boules_240627_DSF3284_SoMe-1365x2048.jpg 1365w, https:\/\/www.suessemjetaime.lu\/wp-content\/uploads\/2024\/09\/Boules_240627_DSF3284_SoMe-600x900.jpg 600w\" sizes=\"(max-width: 1707px) 100vw, 1707px\" \/><\/a>\n\t\t\t<\/dt><\/dl><br style=\"clear: both\" \/>\n\t\t<\/div>\n\n<p>Norbert, un peu plus \u00e2g\u00e9, explique que la plupart des jeunes de Metzerlach jouaient au football ou au basket \u00e0 Belvaux. \u00ab \u00c0 la fin des ann\u00e9es 60, une quinzaine de jeunes ont rejoint le Cercle, ils ont jou\u00e9 et se sont amus\u00e9s avec nous \u00bb, dit-il en riant. \u00ab Parfois, on jouait \u00e0 la p\u00e9tanque, mais on allait aussi sur la d\u00e9charge \u00e0 c\u00f4t\u00e9 pour r\u00e9cup\u00e9rer des bouteilles \u00e0 vendre. C\u2019\u00e9tait une \u00e9poque pionni\u00e8re, et le Boulevue \u00e9tait un v\u00e9ritable creuset social. \u00bb<\/p>\n<blockquote><p>\u00ab L\u2019infrastructure a \u00e9t\u00e9 construite par les g\u00e9n\u00e9rations pr\u00e9c\u00e9dentes. Aujourd\u2019hui, il s\u2019agit de la faire vivre. \u00bb \u2013 Patrick Majerus<\/p><\/blockquote>\n<p>\u00ab Si tu veux jouer \u00e0 un haut niveau, tu dois \u00eatre excellent, et pas question de boire une bi\u00e8re, encore moins du Ricard \u00bb, souligne Norbert Greven. Il a lui-m\u00eame particip\u00e9 une fois \u00e0 un championnat du monde. \u00c0 l\u2019\u00e9poque, il s&rsquo;entra\u00eenait quatre jours par semaine, deux heures par jour, et jouait des tournois les week-ends. \u00ab Tu dois \u00eatre tr\u00e8s s\u00e9rieux. La concentration joue un r\u00f4le \u00e9norme dans ce jeu, tout comme la condition physique. Le talent repr\u00e9sente peut-\u00eatre 5 %, le reste, c\u2019est l\u2019entra\u00eenement. Dans un tournoi s\u00e9rieux qui commence \u00e0 14 heures et se termine \u00e0 22 heures, tu peux parcourir entre 10 et 15 kilom\u00e8tres \u00bb, explique l\u2019ancien pr\u00e9sident. Il garde un souvenir impressionnant du Fran\u00e7ais Philippe Quintais, 12 fois champion de France et 17 fois champion du monde, qu\u2019il compare \u00e0 Michael Jordan dans le basket. Celui-ci avait \u00e9t\u00e9 invit\u00e9 par le club de Schieren en 2022 \u00e0 l&rsquo;occasion de son 10e anniversaire.<\/p>\n<p>Gr\u00e2ce \u00e0 des efforts collectifs, le site de Metzerlach s\u2019est agrandi au fil des d\u00e9cennies, et chaque centime gagn\u00e9 a \u00e9t\u00e9 r\u00e9investi. Le premier boulodrome couvert, \u00e9rig\u00e9 l\u00e0 o\u00f9 se trouve aujourd\u2019hui le restaurant Stella Rosa, \u00e9tait une ancienne chapelle rachet\u00e9e et reconstruite. Plus tard, il a \u00e9t\u00e9 remplac\u00e9 par un boulodrome national.<\/p>\n\n\t\t<style type=\"text\/css\">\n\t\t\t#gallery-3 {\n\t\t\t\tmargin: auto;\n\t\t\t}\n\t\t\t#gallery-3 .gallery-item {\n\t\t\t\tfloat: left;\n\t\t\t\tmargin-top: 10px;\n\t\t\t\ttext-align: center;\n\t\t\t\twidth: 33%;\n\t\t\t}\n\t\t\t#gallery-3 img {\n\t\t\t\tborder: 2px solid #cfcfcf;\n\t\t\t}\n\t\t\t#gallery-3 .gallery-caption {\n\t\t\t\tmargin-left: 0;\n\t\t\t}\n\t\t\t\/* see gallery_shortcode() in wp-includes\/media.php *\/\n\t\t<\/style>\n\t\t<div id='gallery-3' class='gallery galleryid-10865 gallery-columns-3 gallery-size-full'><dl class='gallery-item'>\n\t\t\t<dt class='gallery-icon landscape'>\n\t\t\t\t<a href='https:\/\/www.suessemjetaime.lu\/wp-content\/uploads\/2024\/09\/Boules_240627_DSF3163_SoMe-scaled.jpg'><img width=\"2560\" height=\"1707\" src=\"https:\/\/www.suessemjetaime.lu\/wp-content\/uploads\/2024\/09\/Boules_240627_DSF3163_SoMe-scaled.jpg\" class=\"attachment-full size-full\" alt=\"\" loading=\"lazy\" srcset=\"https:\/\/www.suessemjetaime.lu\/wp-content\/uploads\/2024\/09\/Boules_240627_DSF3163_SoMe-scaled.jpg 2560w, https:\/\/www.suessemjetaime.lu\/wp-content\/uploads\/2024\/09\/Boules_240627_DSF3163_SoMe-300x200.jpg 300w, https:\/\/www.suessemjetaime.lu\/wp-content\/uploads\/2024\/09\/Boules_240627_DSF3163_SoMe-1024x683.jpg 1024w, https:\/\/www.suessemjetaime.lu\/wp-content\/uploads\/2024\/09\/Boules_240627_DSF3163_SoMe-768x512.jpg 768w, https:\/\/www.suessemjetaime.lu\/wp-content\/uploads\/2024\/09\/Boules_240627_DSF3163_SoMe-1536x1024.jpg 1536w, https:\/\/www.suessemjetaime.lu\/wp-content\/uploads\/2024\/09\/Boules_240627_DSF3163_SoMe-600x400.jpg 600w\" sizes=\"(max-width: 2560px) 100vw, 2560px\" \/><\/a>\n\t\t\t<\/dt><\/dl><dl class='gallery-item'>\n\t\t\t<dt class='gallery-icon landscape'>\n\t\t\t\t<a href='https:\/\/www.suessemjetaime.lu\/wp-content\/uploads\/2024\/09\/Boules_240627_DSF3864_SoMe-scaled.jpg'><img width=\"2560\" height=\"1707\" src=\"https:\/\/www.suessemjetaime.lu\/wp-content\/uploads\/2024\/09\/Boules_240627_DSF3864_SoMe-scaled.jpg\" class=\"attachment-full size-full\" alt=\"\" loading=\"lazy\" srcset=\"https:\/\/www.suessemjetaime.lu\/wp-content\/uploads\/2024\/09\/Boules_240627_DSF3864_SoMe-scaled.jpg 2560w, https:\/\/www.suessemjetaime.lu\/wp-content\/uploads\/2024\/09\/Boules_240627_DSF3864_SoMe-300x200.jpg 300w, https:\/\/www.suessemjetaime.lu\/wp-content\/uploads\/2024\/09\/Boules_240627_DSF3864_SoMe-1024x683.jpg 1024w, https:\/\/www.suessemjetaime.lu\/wp-content\/uploads\/2024\/09\/Boules_240627_DSF3864_SoMe-768x512.jpg 768w, https:\/\/www.suessemjetaime.lu\/wp-content\/uploads\/2024\/09\/Boules_240627_DSF3864_SoMe-1536x1024.jpg 1536w, https:\/\/www.suessemjetaime.lu\/wp-content\/uploads\/2024\/09\/Boules_240627_DSF3864_SoMe-600x400.jpg 600w\" sizes=\"(max-width: 2560px) 100vw, 2560px\" \/><\/a>\n\t\t\t<\/dt><\/dl><dl class='gallery-item'>\n\t\t\t<dt class='gallery-icon landscape'>\n\t\t\t\t<a href='https:\/\/www.suessemjetaime.lu\/wp-content\/uploads\/2024\/09\/Boules_240627_DSF3112_SoMe-scaled.jpg'><img width=\"2560\" height=\"1707\" src=\"https:\/\/www.suessemjetaime.lu\/wp-content\/uploads\/2024\/09\/Boules_240627_DSF3112_SoMe-scaled.jpg\" class=\"attachment-full size-full\" alt=\"\" loading=\"lazy\" srcset=\"https:\/\/www.suessemjetaime.lu\/wp-content\/uploads\/2024\/09\/Boules_240627_DSF3112_SoMe-scaled.jpg 2560w, https:\/\/www.suessemjetaime.lu\/wp-content\/uploads\/2024\/09\/Boules_240627_DSF3112_SoMe-300x200.jpg 300w, https:\/\/www.suessemjetaime.lu\/wp-content\/uploads\/2024\/09\/Boules_240627_DSF3112_SoMe-1024x683.jpg 1024w, https:\/\/www.suessemjetaime.lu\/wp-content\/uploads\/2024\/09\/Boules_240627_DSF3112_SoMe-768x512.jpg 768w, https:\/\/www.suessemjetaime.lu\/wp-content\/uploads\/2024\/09\/Boules_240627_DSF3112_SoMe-1536x1024.jpg 1536w, https:\/\/www.suessemjetaime.lu\/wp-content\/uploads\/2024\/09\/Boules_240627_DSF3112_SoMe-600x400.jpg 600w\" sizes=\"(max-width: 2560px) 100vw, 2560px\" \/><\/a>\n\t\t\t<\/dt><\/dl><br style=\"clear: both\" \/>\n\t\t<\/div>\n\n<p><a href=\"https:\/\/www.suessemjetaime.lu\/wp-content\/uploads\/2024\/09\/Boules_240627_DSF3846_SoMe-scaled.jpg\"><img loading=\"lazy\" class=\"aligncenter wp-image-10857 size-full\" src=\"https:\/\/www.suessemjetaime.lu\/wp-content\/uploads\/2024\/09\/Boules_240627_DSF3846_SoMe-scaled.jpg\" alt=\"\" width=\"2560\" height=\"1707\" srcset=\"https:\/\/www.suessemjetaime.lu\/wp-content\/uploads\/2024\/09\/Boules_240627_DSF3846_SoMe-scaled.jpg 2560w, https:\/\/www.suessemjetaime.lu\/wp-content\/uploads\/2024\/09\/Boules_240627_DSF3846_SoMe-300x200.jpg 300w, https:\/\/www.suessemjetaime.lu\/wp-content\/uploads\/2024\/09\/Boules_240627_DSF3846_SoMe-1024x683.jpg 1024w, https:\/\/www.suessemjetaime.lu\/wp-content\/uploads\/2024\/09\/Boules_240627_DSF3846_SoMe-768x512.jpg 768w, https:\/\/www.suessemjetaime.lu\/wp-content\/uploads\/2024\/09\/Boules_240627_DSF3846_SoMe-1536x1024.jpg 1536w, https:\/\/www.suessemjetaime.lu\/wp-content\/uploads\/2024\/09\/Boules_240627_DSF3846_SoMe-600x400.jpg 600w\" sizes=\"(max-width: 2560px) 100vw, 2560px\" \/><\/a><\/p>\n\n\t\t<style type=\"text\/css\">\n\t\t\t#gallery-4 {\n\t\t\t\tmargin: auto;\n\t\t\t}\n\t\t\t#gallery-4 .gallery-item {\n\t\t\t\tfloat: left;\n\t\t\t\tmargin-top: 10px;\n\t\t\t\ttext-align: center;\n\t\t\t\twidth: 33%;\n\t\t\t}\n\t\t\t#gallery-4 img {\n\t\t\t\tborder: 2px solid #cfcfcf;\n\t\t\t}\n\t\t\t#gallery-4 .gallery-caption {\n\t\t\t\tmargin-left: 0;\n\t\t\t}\n\t\t\t\/* see gallery_shortcode() in wp-includes\/media.php *\/\n\t\t<\/style>\n\t\t<div id='gallery-4' class='gallery galleryid-10865 gallery-columns-3 gallery-size-full'><dl class='gallery-item'>\n\t\t\t<dt class='gallery-icon landscape'>\n\t\t\t\t<a href='https:\/\/www.suessemjetaime.lu\/wp-content\/uploads\/2024\/09\/Boules_240627_DSF2949_SoMe-scaled.jpg'><img width=\"2560\" height=\"1707\" src=\"https:\/\/www.suessemjetaime.lu\/wp-content\/uploads\/2024\/09\/Boules_240627_DSF2949_SoMe-scaled.jpg\" class=\"attachment-full size-full\" alt=\"\" loading=\"lazy\" srcset=\"https:\/\/www.suessemjetaime.lu\/wp-content\/uploads\/2024\/09\/Boules_240627_DSF2949_SoMe-scaled.jpg 2560w, https:\/\/www.suessemjetaime.lu\/wp-content\/uploads\/2024\/09\/Boules_240627_DSF2949_SoMe-300x200.jpg 300w, https:\/\/www.suessemjetaime.lu\/wp-content\/uploads\/2024\/09\/Boules_240627_DSF2949_SoMe-1024x683.jpg 1024w, https:\/\/www.suessemjetaime.lu\/wp-content\/uploads\/2024\/09\/Boules_240627_DSF2949_SoMe-768x512.jpg 768w, https:\/\/www.suessemjetaime.lu\/wp-content\/uploads\/2024\/09\/Boules_240627_DSF2949_SoMe-1536x1024.jpg 1536w, https:\/\/www.suessemjetaime.lu\/wp-content\/uploads\/2024\/09\/Boules_240627_DSF2949_SoMe-600x400.jpg 600w\" sizes=\"(max-width: 2560px) 100vw, 2560px\" \/><\/a>\n\t\t\t<\/dt><\/dl><dl class='gallery-item'>\n\t\t\t<dt class='gallery-icon landscape'>\n\t\t\t\t<a href='https:\/\/www.suessemjetaime.lu\/wp-content\/uploads\/2024\/09\/Boules_240627_DSF3888_SoMe-scaled.jpg'><img width=\"2560\" height=\"1707\" src=\"https:\/\/www.suessemjetaime.lu\/wp-content\/uploads\/2024\/09\/Boules_240627_DSF3888_SoMe-scaled.jpg\" class=\"attachment-full size-full\" alt=\"\" loading=\"lazy\" srcset=\"https:\/\/www.suessemjetaime.lu\/wp-content\/uploads\/2024\/09\/Boules_240627_DSF3888_SoMe-scaled.jpg 2560w, https:\/\/www.suessemjetaime.lu\/wp-content\/uploads\/2024\/09\/Boules_240627_DSF3888_SoMe-300x200.jpg 300w, https:\/\/www.suessemjetaime.lu\/wp-content\/uploads\/2024\/09\/Boules_240627_DSF3888_SoMe-1024x683.jpg 1024w, https:\/\/www.suessemjetaime.lu\/wp-content\/uploads\/2024\/09\/Boules_240627_DSF3888_SoMe-768x512.jpg 768w, https:\/\/www.suessemjetaime.lu\/wp-content\/uploads\/2024\/09\/Boules_240627_DSF3888_SoMe-1536x1024.jpg 1536w, https:\/\/www.suessemjetaime.lu\/wp-content\/uploads\/2024\/09\/Boules_240627_DSF3888_SoMe-600x400.jpg 600w\" sizes=\"(max-width: 2560px) 100vw, 2560px\" \/><\/a>\n\t\t\t<\/dt><\/dl><dl class='gallery-item'>\n\t\t\t<dt class='gallery-icon landscape'>\n\t\t\t\t<a href='https:\/\/www.suessemjetaime.lu\/wp-content\/uploads\/2024\/09\/Boules_240627_DSF2951_SoMe-scaled.jpg'><img width=\"2560\" height=\"1707\" src=\"https:\/\/www.suessemjetaime.lu\/wp-content\/uploads\/2024\/09\/Boules_240627_DSF2951_SoMe-scaled.jpg\" class=\"attachment-full size-full\" alt=\"\" loading=\"lazy\" srcset=\"https:\/\/www.suessemjetaime.lu\/wp-content\/uploads\/2024\/09\/Boules_240627_DSF2951_SoMe-scaled.jpg 2560w, https:\/\/www.suessemjetaime.lu\/wp-content\/uploads\/2024\/09\/Boules_240627_DSF2951_SoMe-300x200.jpg 300w, https:\/\/www.suessemjetaime.lu\/wp-content\/uploads\/2024\/09\/Boules_240627_DSF2951_SoMe-1024x683.jpg 1024w, https:\/\/www.suessemjetaime.lu\/wp-content\/uploads\/2024\/09\/Boules_240627_DSF2951_SoMe-768x512.jpg 768w, https:\/\/www.suessemjetaime.lu\/wp-content\/uploads\/2024\/09\/Boules_240627_DSF2951_SoMe-1536x1024.jpg 1536w, https:\/\/www.suessemjetaime.lu\/wp-content\/uploads\/2024\/09\/Boules_240627_DSF2951_SoMe-600x400.jpg 600w\" sizes=\"(max-width: 2560px) 100vw, 2560px\" \/><\/a>\n\t\t\t<\/dt><\/dl><br style=\"clear: both\" \/>\n\t\t<\/div>\n\n<p>\u00ab Le mot \u2018culturel\u2019 n\u2019a \u00e9t\u00e9 ajout\u00e9 au nom qu\u2019au d\u00e9but des ann\u00e9es 80 \u00bb, explique Norbert. Cela refl\u00e8te bien l\u2019esprit du club, qui a toujours eu un rayonnement bien plus large que le simple cercle des boulistes. \u00ab Ici, on est en soci\u00e9t\u00e9, on n\u2019est pas isol\u00e9, et on rencontre de nouvelles personnes. En 2006, nous avons cr\u00e9\u00e9 plusieurs petites sections. Certains membres viennent p\u00eacher ou jouer \u00e0 la Scopa, mais ne pratiquent pas la p\u00e9tanque. \u00bb Afin d\u2019\u00e9largir le cercle des membres potentiels, une cat\u00e9gorie \u00ab loisirs \u00bb a \u00e9t\u00e9 introduite avec l\u2019aide de la f\u00e9d\u00e9ration. Parmi les 700 membres actuels, 368 appartiennent \u00e0 cette cat\u00e9gorie, et ce chiffre continue de cro\u00eetre. \u00ab Cette cat\u00e9gorie a commenc\u00e9 avec des personnes de plus de 50 ans. Aujourd\u2019hui, nous avons beaucoup de jeunes, et il y a m\u00eame un championnat loisirs du club. Certains sont m\u00eame pass\u00e9s \u00e0 la comp\u00e9tition \u00bb, explique Norbert fi\u00e8rement, soulignant les efforts de recrutement du club.<\/p>\n<blockquote><p>\u00ab Il n\u2019y avait pas de jalousie, car personne ne poss\u00e9dait grand-chose. \u00bb \u2013 Norbert Greven<\/p><\/blockquote>\n<p>\u00ab L\u2019infrastructure a \u00e9t\u00e9 construite par les g\u00e9n\u00e9rations pr\u00e9c\u00e9dentes. Aujourd\u2019hui, il s\u2019agit de la faire vivre \u00bb, explique Patrick Majerus. \u00ab Tout se fait sur une base volontaire. \u00bb Aucun\u00b7e joueur\u00b7euse n\u2019est recrut\u00e9\u00b7e de l\u2019ext\u00e9rieur. On a droit \u00e0 une collation et une boisson, mais sans extra. Cependant, des liens humains tr\u00e8s forts se sont tiss\u00e9s, notamment avec des clubs \u00e9trangers, o\u00f9 de profondes amiti\u00e9s ont vu le jour au fil des ans. \u00ab Par exemple, nous avons un jumelage avec Ahrweiler en Allemagne, et ils viennent ici depuis des ann\u00e9es \u00bb, raconte Patrick. \u00ab Apr\u00e8s les inondations de 2021, nous avons imm\u00e9diatement fait un don personnel \u00e0 nos quelques amis l\u00e0-bas, et le club a \u00e9galement contribu\u00e9. C\u2019\u00e9tait une goutte d\u2019eau dans l\u2019oc\u00e9an, mais ce sont des gestes que les gens n\u2019oublient jamais. \u00bb Il se souvient \u00e9galement d\u2019un tournoi caritatif organis\u00e9 pour envoyer Lara, la fille d\u2019un joueur de p\u00e9tanque, \u00e0 une th\u00e9rapie avec des dauphins au Mexique.<\/p>\n<p>Norbert garde un excellent souvenir du 25e anniversaire du CBCBM, o\u00f9 une dizaine d\u2019\u00e9quipes nationales de haut niveau \u00e9taient pr\u00e9sentes. \u00ab Le soir, nous avons organis\u00e9 un concours de chansons \u00e0 l\u2019Eurovision, et chaque pays devait chanter. Nous avons chant\u00e9 la <em>Hesperkutsch<\/em>, mais personne n\u2019a rien compris \u00bb, dit-il en souriant. \u00ab Les Italiens m\u2019ont dit qu\u2019ils avaient un cadeau pour notre Grand-Duc. Je leur ai expliqu\u00e9 que sans audience, cela ne servirait \u00e0 rien, mais que nous pouvions organiser quelque chose en leur nom. Ils nous ont donn\u00e9 une douzaine de bouteilles, et je crois que c\u2019\u00e9tait le meilleur Barolo que l\u2019on puisse trouver. Mais par erreur, il n\u2019est jamais arriv\u00e9 chez le Grand-Duc. Nous l\u2019avons bu ce soir-l\u00e0 avec nos spaghettis \u00bb, raconte Norbert, \u00e9clatant de rire.<\/p>\n<p>Le Cercle Bouliste et Culturel Belvaux-Metzerlach est un club au sens le plus noble du terme, o\u00f9 la solidarit\u00e9 entre les membres reste aujourd\u2019hui ce qui fait battre le c\u0153ur du Metzerlach. Qu\u2019ils soient jeunes ou \u00e2g\u00e9\u00b7e\u00b7s, qu\u2019ils\u00b7elles viennent d\u2019ici ou d\u2019ailleurs, chacun\u00b7e y est accueilli comme un membre de la famille.<\/p>\n<p style=\"text-align: center;\"><a itemprop=\"url\" href=\"https:\/\/www.cbcbm.lu\" target=\"_blank\"  class=\"mkdf-btn mkdf-btn-medium mkdf-btn-solid mkdf-btn-direction-animation\"  >\n    <span class=\"mkdf-btn-text\">Site web du CBCBM<\/span>\n    <i class=\"mkdf-icon-font-awesome  \" ><\/i>        <span class=\"mkdf-btn-background-holder\">\n        <span class=\"mkdf-btn-background\"><\/span>\n    <\/span>\n    <\/a><\/p>\n\n\t\t<style type=\"text\/css\">\n\t\t\t#gallery-5 {\n\t\t\t\tmargin: auto;\n\t\t\t}\n\t\t\t#gallery-5 .gallery-item {\n\t\t\t\tfloat: left;\n\t\t\t\tmargin-top: 10px;\n\t\t\t\ttext-align: center;\n\t\t\t\twidth: 33%;\n\t\t\t}\n\t\t\t#gallery-5 img {\n\t\t\t\tborder: 2px solid #cfcfcf;\n\t\t\t}\n\t\t\t#gallery-5 .gallery-caption {\n\t\t\t\tmargin-left: 0;\n\t\t\t}\n\t\t\t\/* see gallery_shortcode() in wp-includes\/media.php *\/\n\t\t<\/style>\n\t\t<div id='gallery-5' class='gallery galleryid-10865 gallery-columns-3 gallery-size-full'><dl class='gallery-item'>\n\t\t\t<dt class='gallery-icon landscape'>\n\t\t\t\t<a href='https:\/\/www.suessemjetaime.lu\/wp-content\/uploads\/2024\/09\/Boules_240627_DSF3822_SoMe-scaled.jpg'><img width=\"2560\" height=\"1707\" src=\"https:\/\/www.suessemjetaime.lu\/wp-content\/uploads\/2024\/09\/Boules_240627_DSF3822_SoMe-scaled.jpg\" class=\"attachment-full size-full\" alt=\"\" loading=\"lazy\" srcset=\"https:\/\/www.suessemjetaime.lu\/wp-content\/uploads\/2024\/09\/Boules_240627_DSF3822_SoMe-scaled.jpg 2560w, https:\/\/www.suessemjetaime.lu\/wp-content\/uploads\/2024\/09\/Boules_240627_DSF3822_SoMe-300x200.jpg 300w, https:\/\/www.suessemjetaime.lu\/wp-content\/uploads\/2024\/09\/Boules_240627_DSF3822_SoMe-1024x683.jpg 1024w, https:\/\/www.suessemjetaime.lu\/wp-content\/uploads\/2024\/09\/Boules_240627_DSF3822_SoMe-768x512.jpg 768w, https:\/\/www.suessemjetaime.lu\/wp-content\/uploads\/2024\/09\/Boules_240627_DSF3822_SoMe-1536x1024.jpg 1536w, https:\/\/www.suessemjetaime.lu\/wp-content\/uploads\/2024\/09\/Boules_240627_DSF3822_SoMe-600x400.jpg 600w\" sizes=\"(max-width: 2560px) 100vw, 2560px\" \/><\/a>\n\t\t\t<\/dt><\/dl><dl class='gallery-item'>\n\t\t\t<dt class='gallery-icon landscape'>\n\t\t\t\t<a href='https:\/\/www.suessemjetaime.lu\/wp-content\/uploads\/2024\/09\/Boules_240627_DSF3806_SoMe-scaled.jpg'><img width=\"2560\" height=\"1707\" src=\"https:\/\/www.suessemjetaime.lu\/wp-content\/uploads\/2024\/09\/Boules_240627_DSF3806_SoMe-scaled.jpg\" class=\"attachment-full size-full\" alt=\"\" loading=\"lazy\" srcset=\"https:\/\/www.suessemjetaime.lu\/wp-content\/uploads\/2024\/09\/Boules_240627_DSF3806_SoMe-scaled.jpg 2560w, https:\/\/www.suessemjetaime.lu\/wp-content\/uploads\/2024\/09\/Boules_240627_DSF3806_SoMe-300x200.jpg 300w, https:\/\/www.suessemjetaime.lu\/wp-content\/uploads\/2024\/09\/Boules_240627_DSF3806_SoMe-1024x683.jpg 1024w, https:\/\/www.suessemjetaime.lu\/wp-content\/uploads\/2024\/09\/Boules_240627_DSF3806_SoMe-768x512.jpg 768w, https:\/\/www.suessemjetaime.lu\/wp-content\/uploads\/2024\/09\/Boules_240627_DSF3806_SoMe-1536x1024.jpg 1536w, https:\/\/www.suessemjetaime.lu\/wp-content\/uploads\/2024\/09\/Boules_240627_DSF3806_SoMe-600x400.jpg 600w\" sizes=\"(max-width: 2560px) 100vw, 2560px\" \/><\/a>\n\t\t\t<\/dt><\/dl><dl class='gallery-item'>\n\t\t\t<dt class='gallery-icon landscape'>\n\t\t\t\t<a href='https:\/\/www.suessemjetaime.lu\/wp-content\/uploads\/2024\/09\/Boules_240627_DSF3844_SoMe-scaled.jpg'><img width=\"2560\" height=\"1707\" src=\"https:\/\/www.suessemjetaime.lu\/wp-content\/uploads\/2024\/09\/Boules_240627_DSF3844_SoMe-scaled.jpg\" class=\"attachment-full size-full\" alt=\"\" loading=\"lazy\" srcset=\"https:\/\/www.suessemjetaime.lu\/wp-content\/uploads\/2024\/09\/Boules_240627_DSF3844_SoMe-scaled.jpg 2560w, https:\/\/www.suessemjetaime.lu\/wp-content\/uploads\/2024\/09\/Boules_240627_DSF3844_SoMe-300x200.jpg 300w, https:\/\/www.suessemjetaime.lu\/wp-content\/uploads\/2024\/09\/Boules_240627_DSF3844_SoMe-1024x683.jpg 1024w, https:\/\/www.suessemjetaime.lu\/wp-content\/uploads\/2024\/09\/Boules_240627_DSF3844_SoMe-768x512.jpg 768w, https:\/\/www.suessemjetaime.lu\/wp-content\/uploads\/2024\/09\/Boules_240627_DSF3844_SoMe-1536x1024.jpg 1536w, https:\/\/www.suessemjetaime.lu\/wp-content\/uploads\/2024\/09\/Boules_240627_DSF3844_SoMe-600x400.jpg 600w\" sizes=\"(max-width: 2560px) 100vw, 2560px\" \/><\/a>\n\t\t\t<\/dt><\/dl><br style=\"clear: both\" \/>\n\t\t<\/div>\n\n<p><a href=\"https:\/\/www.suessemjetaime.lu\/wp-content\/uploads\/2024\/09\/Boules_240627_DSF3794_SoMe-scaled.jpg\"><img loading=\"lazy\" class=\"aligncenter wp-image-10849 size-full\" src=\"https:\/\/www.suessemjetaime.lu\/wp-content\/uploads\/2024\/09\/Boules_240627_DSF3794_SoMe-scaled.jpg\" alt=\"\" width=\"2560\" height=\"1707\" srcset=\"https:\/\/www.suessemjetaime.lu\/wp-content\/uploads\/2024\/09\/Boules_240627_DSF3794_SoMe-scaled.jpg 2560w, https:\/\/www.suessemjetaime.lu\/wp-content\/uploads\/2024\/09\/Boules_240627_DSF3794_SoMe-300x200.jpg 300w, https:\/\/www.suessemjetaime.lu\/wp-content\/uploads\/2024\/09\/Boules_240627_DSF3794_SoMe-1024x683.jpg 1024w, https:\/\/www.suessemjetaime.lu\/wp-content\/uploads\/2024\/09\/Boules_240627_DSF3794_SoMe-768x512.jpg 768w, https:\/\/www.suessemjetaime.lu\/wp-content\/uploads\/2024\/09\/Boules_240627_DSF3794_SoMe-1536x1024.jpg 1536w, https:\/\/www.suessemjetaime.lu\/wp-content\/uploads\/2024\/09\/Boules_240627_DSF3794_SoMe-600x400.jpg 600w\" sizes=\"(max-width: 2560px) 100vw, 2560px\" \/><\/a><\/p>\n\n\t\t<style type=\"text\/css\">\n\t\t\t#gallery-6 {\n\t\t\t\tmargin: auto;\n\t\t\t}\n\t\t\t#gallery-6 .gallery-item {\n\t\t\t\tfloat: left;\n\t\t\t\tmargin-top: 10px;\n\t\t\t\ttext-align: center;\n\t\t\t\twidth: 33%;\n\t\t\t}\n\t\t\t#gallery-6 img {\n\t\t\t\tborder: 2px solid #cfcfcf;\n\t\t\t}\n\t\t\t#gallery-6 .gallery-caption {\n\t\t\t\tmargin-left: 0;\n\t\t\t}\n\t\t\t\/* see gallery_shortcode() in wp-includes\/media.php *\/\n\t\t<\/style>\n\t\t<div id='gallery-6' class='gallery galleryid-10865 gallery-columns-3 gallery-size-full'><dl class='gallery-item'>\n\t\t\t<dt class='gallery-icon portrait'>\n\t\t\t\t<a href='https:\/\/www.suessemjetaime.lu\/wp-content\/uploads\/2024\/09\/Boules_240627_DSF3452_SoMe-scaled.jpg'><img width=\"1707\" height=\"2560\" src=\"https:\/\/www.suessemjetaime.lu\/wp-content\/uploads\/2024\/09\/Boules_240627_DSF3452_SoMe-scaled.jpg\" class=\"attachment-full size-full\" alt=\"\" loading=\"lazy\" srcset=\"https:\/\/www.suessemjetaime.lu\/wp-content\/uploads\/2024\/09\/Boules_240627_DSF3452_SoMe-scaled.jpg 1707w, https:\/\/www.suessemjetaime.lu\/wp-content\/uploads\/2024\/09\/Boules_240627_DSF3452_SoMe-200x300.jpg 200w, https:\/\/www.suessemjetaime.lu\/wp-content\/uploads\/2024\/09\/Boules_240627_DSF3452_SoMe-683x1024.jpg 683w, https:\/\/www.suessemjetaime.lu\/wp-content\/uploads\/2024\/09\/Boules_240627_DSF3452_SoMe-768x1152.jpg 768w, https:\/\/www.suessemjetaime.lu\/wp-content\/uploads\/2024\/09\/Boules_240627_DSF3452_SoMe-1024x1536.jpg 1024w, https:\/\/www.suessemjetaime.lu\/wp-content\/uploads\/2024\/09\/Boules_240627_DSF3452_SoMe-1365x2048.jpg 1365w, https:\/\/www.suessemjetaime.lu\/wp-content\/uploads\/2024\/09\/Boules_240627_DSF3452_SoMe-600x900.jpg 600w\" sizes=\"(max-width: 1707px) 100vw, 1707px\" \/><\/a>\n\t\t\t<\/dt><\/dl><dl class='gallery-item'>\n\t\t\t<dt class='gallery-icon portrait'>\n\t\t\t\t<a href='https:\/\/www.suessemjetaime.lu\/wp-content\/uploads\/2024\/09\/Boules_240627_DSF3088_SoMe-scaled.jpg'><img width=\"1707\" height=\"2560\" src=\"https:\/\/www.suessemjetaime.lu\/wp-content\/uploads\/2024\/09\/Boules_240627_DSF3088_SoMe-scaled.jpg\" class=\"attachment-full size-full\" alt=\"\" loading=\"lazy\" srcset=\"https:\/\/www.suessemjetaime.lu\/wp-content\/uploads\/2024\/09\/Boules_240627_DSF3088_SoMe-scaled.jpg 1707w, https:\/\/www.suessemjetaime.lu\/wp-content\/uploads\/2024\/09\/Boules_240627_DSF3088_SoMe-200x300.jpg 200w, https:\/\/www.suessemjetaime.lu\/wp-content\/uploads\/2024\/09\/Boules_240627_DSF3088_SoMe-683x1024.jpg 683w, https:\/\/www.suessemjetaime.lu\/wp-content\/uploads\/2024\/09\/Boules_240627_DSF3088_SoMe-768x1152.jpg 768w, https:\/\/www.suessemjetaime.lu\/wp-content\/uploads\/2024\/09\/Boules_240627_DSF3088_SoMe-1024x1536.jpg 1024w, https:\/\/www.suessemjetaime.lu\/wp-content\/uploads\/2024\/09\/Boules_240627_DSF3088_SoMe-1365x2048.jpg 1365w, https:\/\/www.suessemjetaime.lu\/wp-content\/uploads\/2024\/09\/Boules_240627_DSF3088_SoMe-600x900.jpg 600w\" sizes=\"(max-width: 1707px) 100vw, 1707px\" \/><\/a>\n\t\t\t<\/dt><\/dl><dl class='gallery-item'>\n\t\t\t<dt class='gallery-icon portrait'>\n\t\t\t\t<a href='https:\/\/www.suessemjetaime.lu\/wp-content\/uploads\/2024\/09\/Boules_240627_DSF3284_SoMe-scaled.jpg'><img width=\"1707\" height=\"2560\" src=\"https:\/\/www.suessemjetaime.lu\/wp-content\/uploads\/2024\/09\/Boules_240627_DSF3284_SoMe-scaled.jpg\" class=\"attachment-full size-full\" alt=\"\" loading=\"lazy\" srcset=\"https:\/\/www.suessemjetaime.lu\/wp-content\/uploads\/2024\/09\/Boules_240627_DSF3284_SoMe-scaled.jpg 1707w, https:\/\/www.suessemjetaime.lu\/wp-content\/uploads\/2024\/09\/Boules_240627_DSF3284_SoMe-200x300.jpg 200w, https:\/\/www.suessemjetaime.lu\/wp-content\/uploads\/2024\/09\/Boules_240627_DSF3284_SoMe-683x1024.jpg 683w, https:\/\/www.suessemjetaime.lu\/wp-content\/uploads\/2024\/09\/Boules_240627_DSF3284_SoMe-768x1152.jpg 768w, https:\/\/www.suessemjetaime.lu\/wp-content\/uploads\/2024\/09\/Boules_240627_DSF3284_SoMe-1024x1536.jpg 1024w, https:\/\/www.suessemjetaime.lu\/wp-content\/uploads\/2024\/09\/Boules_240627_DSF3284_SoMe-1365x2048.jpg 1365w, https:\/\/www.suessemjetaime.lu\/wp-content\/uploads\/2024\/09\/Boules_240627_DSF3284_SoMe-600x900.jpg 600w\" sizes=\"(max-width: 1707px) 100vw, 1707px\" \/><\/a>\n\t\t\t<\/dt><\/dl><br style=\"clear: both\" \/>\n\t\t<\/div>\n\n","protected":false},"excerpt":{"rendered":"<p>Le Cercle Bouliste et Culturel Belvaux-Metzerlach a c\u00e9l\u00e9br\u00e9 son 60e anniversaire dans le cadre de sa F\u00eate de la P\u00e9tanque, qui s&rsquo;est d\u00e9roul\u00e9e du 26 au 30 juin 2024. Nous avons assist\u00e9 au d\u00e9but des comp\u00e9titions, un jeudi, pour rencontrer [&hellip;]<\/p>\n","protected":false},"author":4,"featured_media":10843,"comment_status":"open","ping_status":"open","sticky":false,"template":"","format":"standard","meta":[],"categories":[36],"tags":[335,948,950,944,460,946,945,947,237],"yoast_head":"<!-- This site is optimized with the Yoast SEO plugin v15.2.1 - https:\/\/yoast.com\/wordpress\/plugins\/seo\/ -->\n<title>L\u2019union fait la force &bull; Suessem, je t&#039;aime<\/title>\n<meta name=\"robots\" content=\"index, follow, max-snippet:-1, max-image-preview:large, max-video-preview:-1\" \/>\n<link rel=\"canonical\" href=\"https:\/\/www.suessemjetaime.lu\/fr\/cbcbm\/\" \/>\n<meta property=\"og:locale\" content=\"fr_FR\" \/>\n<meta property=\"og:type\" content=\"article\" \/>\n<meta property=\"og:title\" content=\"L\u2019union fait la force &bull; Suessem, je t&#039;aime\" \/>\n<meta property=\"og:description\" content=\"Le Cercle Bouliste et Culturel Belvaux-Metzerlach a c\u00e9l\u00e9br\u00e9 son 60e anniversaire dans le cadre de sa F\u00eate de la P\u00e9tanque, qui s&rsquo;est d\u00e9roul\u00e9e du 26 au 30 juin 2024. Nous avons assist\u00e9 au d\u00e9but des comp\u00e9titions, un jeudi, pour rencontrer [&hellip;]\" \/>\n<meta property=\"og:url\" content=\"https:\/\/www.suessemjetaime.lu\/fr\/cbcbm\/\" \/>\n<meta property=\"og:site_name\" content=\"Suessem, je t&#039;aime\" \/>\n<meta property=\"article:publisher\" content=\"https:\/\/www.facebook.com\/communedesanem\/\" \/>\n<meta property=\"article:published_time\" content=\"2024-09-01T10:00:30+00:00\" \/>\n<meta property=\"article:modified_time\" content=\"2024-09-18T11:10:04+00:00\" \/>\n<meta property=\"og:image\" content=\"https:\/\/www.suessemjetaime.lu\/wp-content\/uploads\/2024\/09\/Boules_240627_DSF3650_SoMe-scaled.jpg\" \/>\n\t<meta property=\"og:image:width\" content=\"2560\" \/>\n\t<meta property=\"og:image:height\" content=\"1707\" \/>\n<meta name=\"twitter:card\" content=\"summary_large_image\" \/>\n<meta name=\"twitter:label1\" content=\"\u00c9crit par\">\n\t<meta name=\"twitter:data1\" content=\"Suessem\">\n\t<meta name=\"twitter:label2\" content=\"Dur\u00e9e de lecture est.\">\n\t<meta name=\"twitter:data2\" content=\"5 minutes\">\n<script type=\"application\/ld+json\" class=\"yoast-schema-graph\">{\"@context\":\"https:\/\/schema.org\",\"@graph\":[{\"@type\":\"Organization\",\"@id\":\"https:\/\/www.suessemjetaime.lu\/#organization\",\"name\":\"Commune de Sanem\",\"url\":\"https:\/\/www.suessemjetaime.lu\/\",\"sameAs\":[\"https:\/\/www.facebook.com\/communedesanem\/\",\"https:\/\/www.youtube.com\/channel\/UCVN7kgmkkpcfy3Hb63mx_tQ\/featured\"],\"logo\":{\"@type\":\"ImageObject\",\"@id\":\"https:\/\/www.suessemjetaime.lu\/#logo\",\"inLanguage\":\"fr-FR\",\"url\":\"https:\/\/www.suessemjetaime.lu\/wp-content\/uploads\/2019\/03\/400_188_LOGO_SANEM.png\",\"width\":400,\"height\":188,\"caption\":\"Commune de Sanem\"},\"image\":{\"@id\":\"https:\/\/www.suessemjetaime.lu\/#logo\"}},{\"@type\":\"WebSite\",\"@id\":\"https:\/\/www.suessemjetaime.lu\/#website\",\"url\":\"https:\/\/www.suessemjetaime.lu\/\",\"name\":\"Suessem, je t&#039;aime\",\"description\":\"le Blog de la commune de Sanem\",\"publisher\":{\"@id\":\"https:\/\/www.suessemjetaime.lu\/#organization\"},\"potentialAction\":[{\"@type\":\"SearchAction\",\"target\":\"https:\/\/www.suessemjetaime.lu\/?s={search_term_string}\",\"query-input\":\"required name=search_term_string\"}],\"inLanguage\":\"fr-FR\"},{\"@type\":\"ImageObject\",\"@id\":\"https:\/\/www.suessemjetaime.lu\/fr\/cbcbm\/#primaryimage\",\"inLanguage\":\"fr-FR\",\"url\":\"https:\/\/www.suessemjetaime.lu\/wp-content\/uploads\/2024\/09\/Boules_240627_DSF3650_SoMe-scaled.jpg\",\"width\":2560,\"height\":1707},{\"@type\":\"WebPage\",\"@id\":\"https:\/\/www.suessemjetaime.lu\/fr\/cbcbm\/#webpage\",\"url\":\"https:\/\/www.suessemjetaime.lu\/fr\/cbcbm\/\",\"name\":\"L\\u2019union fait la force &bull; Suessem, je t&#039;aime\",\"isPartOf\":{\"@id\":\"https:\/\/www.suessemjetaime.lu\/#website\"},\"primaryImageOfPage\":{\"@id\":\"https:\/\/www.suessemjetaime.lu\/fr\/cbcbm\/#primaryimage\"},\"datePublished\":\"2024-09-01T10:00:30+00:00\",\"dateModified\":\"2024-09-18T11:10:04+00:00\",\"inLanguage\":\"fr-FR\",\"potentialAction\":[{\"@type\":\"ReadAction\",\"target\":[\"https:\/\/www.suessemjetaime.lu\/fr\/cbcbm\/\"]}]},{\"@type\":\"Article\",\"@id\":\"https:\/\/www.suessemjetaime.lu\/fr\/cbcbm\/#article\",\"isPartOf\":{\"@id\":\"https:\/\/www.suessemjetaime.lu\/fr\/cbcbm\/#webpage\"},\"author\":{\"@id\":\"https:\/\/www.suessemjetaime.lu\/#\/schema\/person\/0cacc039fca45c1bb3d06544fdf18c63\"},\"headline\":\"L\\u2019union fait la force\",\"datePublished\":\"2024-09-01T10:00:30+00:00\",\"dateModified\":\"2024-09-18T11:10:04+00:00\",\"mainEntityOfPage\":{\"@id\":\"https:\/\/www.suessemjetaime.lu\/fr\/cbcbm\/#webpage\"},\"commentCount\":0,\"publisher\":{\"@id\":\"https:\/\/www.suessemjetaime.lu\/#organization\"},\"image\":{\"@id\":\"https:\/\/www.suessemjetaime.lu\/fr\/cbcbm\/#primaryimage\"},\"keywords\":\"belvaux,boule,cercle bouliste et culturel belvaux-metzerlach,loisirs,metzerlach,norbert greven,patrick majerus,petanque,sport\",\"articleSection\":\"Move\",\"inLanguage\":\"fr-FR\",\"potentialAction\":[{\"@type\":\"CommentAction\",\"name\":\"Comment\",\"target\":[\"https:\/\/www.suessemjetaime.lu\/fr\/cbcbm\/#respond\"]}]},{\"@type\":\"Person\",\"@id\":\"https:\/\/www.suessemjetaime.lu\/#\/schema\/person\/0cacc039fca45c1bb3d06544fdf18c63\",\"name\":\"Suessem\",\"image\":{\"@type\":\"ImageObject\",\"@id\":\"https:\/\/www.suessemjetaime.lu\/#personlogo\",\"inLanguage\":\"fr-FR\",\"url\":\"https:\/\/secure.gravatar.com\/avatar\/77fabd1f92df29867737b77509c5795b?s=96&d=mm&r=g\",\"caption\":\"Suessem\"}}]}<\/script>\n<!-- \/ Yoast SEO plugin. -->","_links":{"self":[{"href":"https:\/\/www.suessemjetaime.lu\/fr\/wp-json\/wp\/v2\/posts\/10865\/"}],"collection":[{"href":"https:\/\/www.suessemjetaime.lu\/fr\/wp-json\/wp\/v2\/posts\/"}],"about":[{"href":"https:\/\/www.suessemjetaime.lu\/fr\/wp-json\/wp\/v2\/types\/post\/"}],"author":[{"embeddable":true,"href":"https:\/\/www.suessemjetaime.lu\/fr\/wp-json\/wp\/v2\/users\/4\/"}],"replies":[{"embeddable":true,"href":"https:\/\/www.suessemjetaime.lu\/fr\/wp-json\/wp\/v2\/comments\/?post=10865"}],"version-history":[{"count":5,"href":"https:\/\/www.suessemjetaime.lu\/fr\/wp-json\/wp\/v2\/posts\/10865\/revisions\/"}],"predecessor-version":[{"id":10870,"href":"https:\/\/www.suessemjetaime.lu\/fr\/wp-json\/wp\/v2\/posts\/10865\/revisions\/10870\/"}],"wp:featuredmedia":[{"embeddable":true,"href":"https:\/\/www.suessemjetaime.lu\/fr\/wp-json\/wp\/v2\/media\/10843\/"}],"wp:attachment":[{"href":"https:\/\/www.suessemjetaime.lu\/fr\/wp-json\/wp\/v2\/media\/?parent=10865"}],"wp:term":[{"taxonomy":"category","embeddable":true,"href":"https:\/\/www.suessemjetaime.lu\/fr\/wp-json\/wp\/v2\/categories\/?post=10865"},{"taxonomy":"post_tag","embeddable":true,"href":"https:\/\/www.suessemjetaime.lu\/fr\/wp-json\/wp\/v2\/tags\/?post=10865"}],"curies":[{"name":"wp","href":"https:\/\/api.w.org\/{rel}","templated":true}]}}