{"id":10763,"date":"2024-09-17T14:44:05","date_gmt":"2024-09-17T14:44:05","guid":{"rendered":"https:\/\/www.suessemjetaime.lu\/?p=10763"},"modified":"2026-02-05T15:03:55","modified_gmt":"2026-02-05T15:03:55","slug":"servicerase","status":"publish","type":"post","link":"https:\/\/www.suessemjetaime.lu\/fr\/servicerase\/","title":{"rendered":"Le soutien ad\u00e9quat en situation de crise"},"content":{"rendered":"<p><strong>Le service RASE de la Commune de Sanem propose une oreille attentive et bien plus encore. Par le biais de conseils, d&rsquo;accompagnement et de suivi, Cindy Afonso et Joana Ribeiro souhaitent apporter leur soutien aux familles, au personnel enseignant et aux \u00e9ducateur\u00b7rice\u00b7s. Quelle que soit la situation, le bien-\u00eatre de l&rsquo;enfant reste la priorit\u00e9 absolue.<\/strong><\/p>\n<p><!--more--><\/p>\n<p><span style=\"font-family: 'Gill Sans MT',sans-serif;\">\u00ab Si tu ne veux pas travailler sur toi-m\u00eame pour te d\u00e9velopper davantage, tu es au mauvais endroit ici \u00bb, d\u00e9clare Cindy Afonso lors de notre entretien, en jetant un regard vers sa coll\u00e8gue, qui approuve. D\u00e8s le d\u00e9but de notre conversation, il est clair que les deux s&rsquo;entendent tr\u00e8s bien. \u00ab Vous le remarquez vraiment ? \u00bb, nous demandent-elles pratiquement simultan\u00e9ment. Elles sourient de toutes leurs dents. \u00ab Oui, nous nous entendons vraiment tr\u00e8s bien \u00bb, souligne Joana Ribeiro. Pour le travail effectu\u00e9 ici au service RASE (Relais d&rsquo;accompagnement socio-\u00e9ducatif), une telle bonne relation est essentielle.<\/span><\/p>\n<p><span style=\"font-family: 'Gill Sans MT',sans-serif;\">Le RASE est essentiellement un point de contact pour les personnes ayant besoin de soutien, quand elles vivent une p\u00e9riode difficile, m\u00eame si celle-ci est temporaire. Les adultes, le personnel enseignant, les \u00e9ducateur\u00b7trice\u00b7s ainsi que les enfants et les jeunes peuvent se tourner vers Joana et Cindy. Elles sont l\u00e0 pour aider, trouver des solutions avec les individus et les orienter vers les bonnes ressources. En p\u00e9riodes o\u00f9 la demande de suivi psychologique est \u00e9lev\u00e9e, elles peuvent assister ces personnes en attente sans intervention directe. Elles tiennent cependant \u00e0 souligner qu&rsquo;elles ne sont pas des psychologues et qu&rsquo;elles laissent l\u2019assistance \u00e0 des professionnel\u00b7le\u00b7s qualifi\u00e9\u00b7e\u00b7s.<\/span><\/p>\n\n\t\t<style type=\"text\/css\">\n\t\t\t#gallery-1 {\n\t\t\t\tmargin: auto;\n\t\t\t}\n\t\t\t#gallery-1 .gallery-item {\n\t\t\t\tfloat: left;\n\t\t\t\tmargin-top: 10px;\n\t\t\t\ttext-align: center;\n\t\t\t\twidth: 50%;\n\t\t\t}\n\t\t\t#gallery-1 img {\n\t\t\t\tborder: 2px solid #cfcfcf;\n\t\t\t}\n\t\t\t#gallery-1 .gallery-caption {\n\t\t\t\tmargin-left: 0;\n\t\t\t}\n\t\t\t\/* see gallery_shortcode() in wp-includes\/media.php *\/\n\t\t<\/style>\n\t\t<div id='gallery-1' class='gallery galleryid-10763 gallery-columns-2 gallery-size-full'><dl class='gallery-item'>\n\t\t\t<dt class='gallery-icon portrait'>\n\t\t\t\t<a href='https:\/\/www.suessemjetaime.lu\/wp-content\/uploads\/2024\/09\/RASE_240626_DSF1629_SoMe-scaled.jpg'><img width=\"1707\" height=\"2560\" src=\"https:\/\/www.suessemjetaime.lu\/wp-content\/uploads\/2024\/09\/RASE_240626_DSF1629_SoMe-scaled.jpg\" class=\"attachment-full size-full\" alt=\"\" loading=\"lazy\" srcset=\"https:\/\/www.suessemjetaime.lu\/wp-content\/uploads\/2024\/09\/RASE_240626_DSF1629_SoMe-scaled.jpg 1707w, https:\/\/www.suessemjetaime.lu\/wp-content\/uploads\/2024\/09\/RASE_240626_DSF1629_SoMe-200x300.jpg 200w, https:\/\/www.suessemjetaime.lu\/wp-content\/uploads\/2024\/09\/RASE_240626_DSF1629_SoMe-683x1024.jpg 683w, https:\/\/www.suessemjetaime.lu\/wp-content\/uploads\/2024\/09\/RASE_240626_DSF1629_SoMe-768x1152.jpg 768w, https:\/\/www.suessemjetaime.lu\/wp-content\/uploads\/2024\/09\/RASE_240626_DSF1629_SoMe-1024x1536.jpg 1024w, https:\/\/www.suessemjetaime.lu\/wp-content\/uploads\/2024\/09\/RASE_240626_DSF1629_SoMe-1365x2048.jpg 1365w, https:\/\/www.suessemjetaime.lu\/wp-content\/uploads\/2024\/09\/RASE_240626_DSF1629_SoMe-600x900.jpg 600w\" sizes=\"(max-width: 1707px) 100vw, 1707px\" \/><\/a>\n\t\t\t<\/dt><\/dl><dl class='gallery-item'>\n\t\t\t<dt class='gallery-icon portrait'>\n\t\t\t\t<a href='https:\/\/www.suessemjetaime.lu\/wp-content\/uploads\/2024\/08\/RASE_240626_DSF1646_SoMe-scaled.jpg'><img width=\"1707\" height=\"2560\" src=\"https:\/\/www.suessemjetaime.lu\/wp-content\/uploads\/2024\/08\/RASE_240626_DSF1646_SoMe-scaled.jpg\" class=\"attachment-full size-full\" alt=\"\" loading=\"lazy\" srcset=\"https:\/\/www.suessemjetaime.lu\/wp-content\/uploads\/2024\/08\/RASE_240626_DSF1646_SoMe-scaled.jpg 1707w, https:\/\/www.suessemjetaime.lu\/wp-content\/uploads\/2024\/08\/RASE_240626_DSF1646_SoMe-200x300.jpg 200w, https:\/\/www.suessemjetaime.lu\/wp-content\/uploads\/2024\/08\/RASE_240626_DSF1646_SoMe-683x1024.jpg 683w, https:\/\/www.suessemjetaime.lu\/wp-content\/uploads\/2024\/08\/RASE_240626_DSF1646_SoMe-768x1152.jpg 768w, https:\/\/www.suessemjetaime.lu\/wp-content\/uploads\/2024\/08\/RASE_240626_DSF1646_SoMe-1024x1536.jpg 1024w, https:\/\/www.suessemjetaime.lu\/wp-content\/uploads\/2024\/08\/RASE_240626_DSF1646_SoMe-1365x2048.jpg 1365w, https:\/\/www.suessemjetaime.lu\/wp-content\/uploads\/2024\/08\/RASE_240626_DSF1646_SoMe-600x900.jpg 600w\" sizes=\"(max-width: 1707px) 100vw, 1707px\" \/><\/a>\n\t\t\t<\/dt><\/dl><br style=\"clear: both\" \/>\n\t\t<\/div>\n\n<p><span style=\"font-family: 'Gill Sans MT',sans-serif;\">\u00ab Nous pouvons offrir un soutien psycho-\u00e9ducatif. Comme l&rsquo;indique le nom du service, nous orientons les concern\u00e9\u00b7e\u00b7s vers les bonnes ressources \u00bb, explique Cindy. \u00ab Nous avons tout un r\u00e9seau de partenaires, sans lesquel\u00b7le\u00b7s notre travail serait consid\u00e9rablement plus difficile. \u00bb Parmi ces partenaires figurent le Parquet, l&rsquo;ESEB (psychologues de la direction de l&rsquo;\u00e9cole), le Service central d&rsquo;assistance sociale (SCAS), l&rsquo;Office Social, l&rsquo;Office national de l&rsquo;enfance (ONE), la Police judiciaire, divers services d&rsquo;assistance familiale, la Ligue m\u00e9dico-sociale, pour n&rsquo;en nommer que quelques-uns. \u00ab Nous avons besoin d&rsquo;eux pour continuer \u00e0 orienter les personnes vers les bonnes ressources. \u00bb<\/span><\/p>\n<blockquote><p><span style=\"font-family: 'Gill Sans MT',sans-serif;\">\u00ab Mais nous devons rester professionnelles et trouver un juste milieu : empathie sans c\u00e9der \u00e0 l&rsquo;\u00e9motion. \u00bb<\/span> \u2013 Cindy Afonso<\/p><\/blockquote>\n<p><span style=\"font-family: 'Gill Sans MT',sans-serif;\">Le projet a \u00e9t\u00e9 lanc\u00e9 en 2008, se souvient Cindy. \u00ab \u00c0 l&rsquo;\u00e9poque, c&rsquo;\u00e9tait plut\u00f4t une assistance familiale. Nous travaillions avec les parents et les enfants, notre \u00e9quipe se rendait chez eux\u00b7elles pour les soutenir au quotidien. C&rsquo;\u00e9tait assez intense sur le plan \u00e9ducatif. \u00bb Comme l&rsquo;explique Cindy, la Commune de Sanem \u00e9tait parmi les premi\u00e8res \u00e0 offrir ce type de service aux personnes concern\u00e9es. \u00ab Aujourd&rsquo;hui, nous \u00e9changeons avec d&rsquo;autres communes int\u00e9ress\u00e9es. Nous partageons nos exp\u00e9riences comme nous pensons qu&rsquo;il est important que d&rsquo;autres puissent \u00e9galement offrir un tel service. \u00bb<\/span><\/p>\n<p><a href=\"https:\/\/www.suessemjetaime.lu\/wp-content\/uploads\/2024\/08\/RASE_240626_DSF1948_SoMe-scaled.jpg\"><img loading=\"lazy\" class=\"aligncenter size-full wp-image-10753\" src=\"https:\/\/www.suessemjetaime.lu\/wp-content\/uploads\/2024\/08\/RASE_240626_DSF1948_SoMe-scaled.jpg\" alt=\"\" width=\"2560\" height=\"1707\" srcset=\"https:\/\/www.suessemjetaime.lu\/wp-content\/uploads\/2024\/08\/RASE_240626_DSF1948_SoMe-scaled.jpg 2560w, https:\/\/www.suessemjetaime.lu\/wp-content\/uploads\/2024\/08\/RASE_240626_DSF1948_SoMe-300x200.jpg 300w, https:\/\/www.suessemjetaime.lu\/wp-content\/uploads\/2024\/08\/RASE_240626_DSF1948_SoMe-1024x683.jpg 1024w, https:\/\/www.suessemjetaime.lu\/wp-content\/uploads\/2024\/08\/RASE_240626_DSF1948_SoMe-768x512.jpg 768w, https:\/\/www.suessemjetaime.lu\/wp-content\/uploads\/2024\/08\/RASE_240626_DSF1948_SoMe-1536x1024.jpg 1536w, https:\/\/www.suessemjetaime.lu\/wp-content\/uploads\/2024\/08\/RASE_240626_DSF1948_SoMe-600x400.jpg 600w\" sizes=\"(max-width: 2560px) 100vw, 2560px\" \/><\/a><\/p>\n<p><span style=\"font-family: 'Gill Sans MT',sans-serif;\">Au fil des ann\u00e9es, le service a \u00e9volu\u00e9. \u00ab La demande est diff\u00e9rente maintenant. Nous sommes sollicit\u00e9es par de nombreux \u00e9ducateur\u00b7rice\u00b7s et du personnel enseignant, pas seulement par des familles \u00bb, explique Joana. \u00ab Nous effectuons \u00e9galement des m\u00e9diations au sein des \u00e9quipes \u00bb, ajoute sa coll\u00e8gue. \u00ab Nous ne sommes que deux, mais nous sommes responsables de tous les services \u00e9ducatifs et d&rsquo;assistance sociale de notre commune. \u00bb De plus, les \u00e9ducateur\u00b7rice\u00b7s et le personnel scolaire peuvent aussi les contacter de mani\u00e8re priv\u00e9e et anonyme.<\/span><\/p>\n<p><span style=\"font-family: 'Gill Sans MT',sans-serif;\">\u00ab Peu importe pourquoi ils\u00b7elles s\u2019orientent vers nous, le bien-\u00eatre de l&rsquo;enfant est notre priorit\u00e9 absolue \u00bb, pr\u00e9cise Cindy, qui travaille comme assistante sociale au RASE depuis 2019. \u00ab Les conditions incluent qu\u2019ils\u00b7elles r\u00e9sident dans une des localit\u00e9s de la commune et que l&rsquo;enfant soit scolaris\u00e9 ici, de la cr\u00e8che jusqu&rsquo;au Cycle 4.2. \u00bb Les enfants peuvent aussi s\u2019adresser au RASE et demander de l&rsquo;aide. Le personnel enseignant ou les \u00e9ducateur\u00b7rice\u00b7s informeraient les plus jeunes de l&rsquo;existence du service. \u00ab La demande d&rsquo;enfants est plus faible et ce sont plut\u00f4t les plus \u00e2g\u00e9\u00b7e\u00b7s qui viennent chez nous. Mais la demande est l\u00e0. Nous avons actuellement un suivi en cours \u00bb, ajoute Joana.<\/span><\/p>\n<p><span style=\"font-family: 'Gill Sans MT',sans-serif;\">Cette derni\u00e8re a rejoint l&rsquo;\u00e9quipe en 2021 en tant qu&rsquo;\u00e9ducatrice dipl\u00f4m\u00e9e pour remplacer son pr\u00e9d\u00e9cesseur. Il est \u00e9vident que les deux aiment leur travail. Bien qu&rsquo;elles rient beaucoup pendant l\u2019entretien, elles sont conscientes de l&rsquo;ampleur de leur responsabilit\u00e9. \u00ab Nous voyons des situations difficiles \u00bb, explique Cindy. \u00ab Mais nous devons rester professionnelles et trouver un juste milieu : empathie sans c\u00e9der \u00e0 l&rsquo;\u00e9motion. \u00bb<\/span><\/p>\n\n\t\t<style type=\"text\/css\">\n\t\t\t#gallery-2 {\n\t\t\t\tmargin: auto;\n\t\t\t}\n\t\t\t#gallery-2 .gallery-item {\n\t\t\t\tfloat: left;\n\t\t\t\tmargin-top: 10px;\n\t\t\t\ttext-align: center;\n\t\t\t\twidth: 33%;\n\t\t\t}\n\t\t\t#gallery-2 img {\n\t\t\t\tborder: 2px solid #cfcfcf;\n\t\t\t}\n\t\t\t#gallery-2 .gallery-caption {\n\t\t\t\tmargin-left: 0;\n\t\t\t}\n\t\t\t\/* see gallery_shortcode() in wp-includes\/media.php *\/\n\t\t<\/style>\n\t\t<div id='gallery-2' class='gallery galleryid-10763 gallery-columns-3 gallery-size-full'><dl class='gallery-item'>\n\t\t\t<dt class='gallery-icon portrait'>\n\t\t\t\t<a href='https:\/\/www.suessemjetaime.lu\/wp-content\/uploads\/2024\/08\/RASE_240626_DSF2762_SoMe-scaled.jpg'><img width=\"1707\" height=\"2560\" src=\"https:\/\/www.suessemjetaime.lu\/wp-content\/uploads\/2024\/08\/RASE_240626_DSF2762_SoMe-scaled.jpg\" class=\"attachment-full size-full\" alt=\"\" loading=\"lazy\" srcset=\"https:\/\/www.suessemjetaime.lu\/wp-content\/uploads\/2024\/08\/RASE_240626_DSF2762_SoMe-scaled.jpg 1707w, https:\/\/www.suessemjetaime.lu\/wp-content\/uploads\/2024\/08\/RASE_240626_DSF2762_SoMe-200x300.jpg 200w, https:\/\/www.suessemjetaime.lu\/wp-content\/uploads\/2024\/08\/RASE_240626_DSF2762_SoMe-683x1024.jpg 683w, https:\/\/www.suessemjetaime.lu\/wp-content\/uploads\/2024\/08\/RASE_240626_DSF2762_SoMe-768x1152.jpg 768w, https:\/\/www.suessemjetaime.lu\/wp-content\/uploads\/2024\/08\/RASE_240626_DSF2762_SoMe-1024x1536.jpg 1024w, https:\/\/www.suessemjetaime.lu\/wp-content\/uploads\/2024\/08\/RASE_240626_DSF2762_SoMe-1365x2048.jpg 1365w, https:\/\/www.suessemjetaime.lu\/wp-content\/uploads\/2024\/08\/RASE_240626_DSF2762_SoMe-600x900.jpg 600w\" sizes=\"(max-width: 1707px) 100vw, 1707px\" \/><\/a>\n\t\t\t<\/dt><\/dl><dl class='gallery-item'>\n\t\t\t<dt class='gallery-icon portrait'>\n\t\t\t\t<a href='https:\/\/www.suessemjetaime.lu\/wp-content\/uploads\/2024\/08\/RASE_240626_DSF2775_SoMe-scaled.jpg'><img width=\"1707\" height=\"2560\" src=\"https:\/\/www.suessemjetaime.lu\/wp-content\/uploads\/2024\/08\/RASE_240626_DSF2775_SoMe-scaled.jpg\" class=\"attachment-full size-full\" alt=\"\" loading=\"lazy\" srcset=\"https:\/\/www.suessemjetaime.lu\/wp-content\/uploads\/2024\/08\/RASE_240626_DSF2775_SoMe-scaled.jpg 1707w, https:\/\/www.suessemjetaime.lu\/wp-content\/uploads\/2024\/08\/RASE_240626_DSF2775_SoMe-200x300.jpg 200w, https:\/\/www.suessemjetaime.lu\/wp-content\/uploads\/2024\/08\/RASE_240626_DSF2775_SoMe-683x1024.jpg 683w, https:\/\/www.suessemjetaime.lu\/wp-content\/uploads\/2024\/08\/RASE_240626_DSF2775_SoMe-768x1152.jpg 768w, https:\/\/www.suessemjetaime.lu\/wp-content\/uploads\/2024\/08\/RASE_240626_DSF2775_SoMe-1024x1536.jpg 1024w, https:\/\/www.suessemjetaime.lu\/wp-content\/uploads\/2024\/08\/RASE_240626_DSF2775_SoMe-1365x2048.jpg 1365w, https:\/\/www.suessemjetaime.lu\/wp-content\/uploads\/2024\/08\/RASE_240626_DSF2775_SoMe-600x900.jpg 600w\" sizes=\"(max-width: 1707px) 100vw, 1707px\" \/><\/a>\n\t\t\t<\/dt><\/dl><dl class='gallery-item'>\n\t\t\t<dt class='gallery-icon portrait'>\n\t\t\t\t<a href='https:\/\/www.suessemjetaime.lu\/wp-content\/uploads\/2024\/08\/RASE_240626_DSF2822_SoMe-scaled.jpg'><img width=\"1707\" height=\"2560\" src=\"https:\/\/www.suessemjetaime.lu\/wp-content\/uploads\/2024\/08\/RASE_240626_DSF2822_SoMe-scaled.jpg\" class=\"attachment-full size-full\" alt=\"\" loading=\"lazy\" srcset=\"https:\/\/www.suessemjetaime.lu\/wp-content\/uploads\/2024\/08\/RASE_240626_DSF2822_SoMe-scaled.jpg 1707w, https:\/\/www.suessemjetaime.lu\/wp-content\/uploads\/2024\/08\/RASE_240626_DSF2822_SoMe-200x300.jpg 200w, https:\/\/www.suessemjetaime.lu\/wp-content\/uploads\/2024\/08\/RASE_240626_DSF2822_SoMe-683x1024.jpg 683w, https:\/\/www.suessemjetaime.lu\/wp-content\/uploads\/2024\/08\/RASE_240626_DSF2822_SoMe-768x1152.jpg 768w, https:\/\/www.suessemjetaime.lu\/wp-content\/uploads\/2024\/08\/RASE_240626_DSF2822_SoMe-1024x1536.jpg 1024w, https:\/\/www.suessemjetaime.lu\/wp-content\/uploads\/2024\/08\/RASE_240626_DSF2822_SoMe-1365x2048.jpg 1365w, https:\/\/www.suessemjetaime.lu\/wp-content\/uploads\/2024\/08\/RASE_240626_DSF2822_SoMe-600x900.jpg 600w\" sizes=\"(max-width: 1707px) 100vw, 1707px\" \/><\/a>\n\t\t\t<\/dt><\/dl><br style=\"clear: both\" \/>\n\t\t<\/div>\n\n<p><span style=\"font-family: 'Gill Sans MT',sans-serif;\">Elle admet qu&rsquo;elle a toujours eu l&rsquo;intention de ne pas travailler dans un tel domaine. \u00ab Mais quand j&rsquo;ai eu ma premi\u00e8re situation o\u00f9 j&rsquo;ai d\u00fb dire quelque chose de tr\u00e8s grave aux parents, o\u00f9 leur monde s&rsquo;est effondr\u00e9 \u2013 j&rsquo;avais envie de crier. Mais je ne pouvais pas. C&rsquo;est l\u00e0 que j&rsquo;ai r\u00e9alis\u00e9 que je pouvais le faire \u00bb, raconte-t-elle. Joana est naturellement moins \u00e9motionnelle et elle explique pouvoir prendre du recul apr\u00e8s le travail. \u00ab Mais quand nous devons impliquer la Police judiciaire, c&rsquo;est \u00e9videmment grave. Les signalements pour violence, abus, agression sexuelle, n\u00e9gligence sont tr\u00e8s graves. \u00bb<\/span><\/p>\n<blockquote><p><span style=\"font-family: 'Gill Sans MT',sans-serif;\">\u00ab Je suis heureuse, lorsque nous atteignons notre objectif et que chaque enfant va bien. Nous devons parfois faire des d\u00e9tours, mais nous finissons par arriver l\u00e0 o\u00f9 nous voulons. \u00bb<\/span> \u2013 Joana Ribeiro<\/p><\/blockquote>\n<p>Pour Joana, rester professionnelle ne signifie pas \u00eatre indiff\u00e9rente. \u00ab Je ressens, mais je sais o\u00f9 sont mes limites. Ce que je peux g\u00e9rer, et ce que je ne peux pas g\u00e9rer. \u00bb Quand il s&rsquo;agit d&rsquo;enfants, les deux admettent que c&rsquo;est toujours \u00ab d\u00e9licat et difficile \u00bb. Elles sont souvent confront\u00e9es \u00e0 des situations o\u00f9 il est crucial de dire les choses d\u2019une fa\u00e7on claire. \u00ab Nous devons dire ce qui est, sans \u00eatre accusatrices \u00bb, explique Cindy. \u00ab C&rsquo;est notre d\u00e9fi. \u00bb\u00a0 Elle fait une courte pause. \u00ab Ce qui me fascine, c&rsquo;est qu\u2019\u00e0 l\u2019Office Social o\u00f9 j&rsquo;ai travaill\u00e9 auparavant, vous aviez A, B ou C \u00e0 suivre. Ici, c&rsquo;est beaucoup plus libre. Vous venez avec votre feuille, votre stylo \u2013 et vous-m\u00eame. Vous devez \u00e9couter attentivement, \u00eatre orient\u00e9e vers les solutions et \u00eatre pr\u00eate \u00e0 travailler avec vous-m\u00eame en permanence. Vous-m\u00eame \u00eates votre principal outil de travail et les gens comptent sur vous. \u00bb<\/p>\n<p><strong><a href=\"https:\/\/www.suessemjetaime.lu\/wp-content\/uploads\/2024\/08\/RASE_240626_DSF2248_SoMe-scaled.jpg\"><img loading=\"lazy\" class=\"aligncenter size-full wp-image-10755\" src=\"https:\/\/www.suessemjetaime.lu\/wp-content\/uploads\/2024\/08\/RASE_240626_DSF2248_SoMe-scaled.jpg\" alt=\"\" width=\"1707\" height=\"2560\" srcset=\"https:\/\/www.suessemjetaime.lu\/wp-content\/uploads\/2024\/08\/RASE_240626_DSF2248_SoMe-scaled.jpg 1707w, https:\/\/www.suessemjetaime.lu\/wp-content\/uploads\/2024\/08\/RASE_240626_DSF2248_SoMe-200x300.jpg 200w, https:\/\/www.suessemjetaime.lu\/wp-content\/uploads\/2024\/08\/RASE_240626_DSF2248_SoMe-683x1024.jpg 683w, https:\/\/www.suessemjetaime.lu\/wp-content\/uploads\/2024\/08\/RASE_240626_DSF2248_SoMe-768x1152.jpg 768w, https:\/\/www.suessemjetaime.lu\/wp-content\/uploads\/2024\/08\/RASE_240626_DSF2248_SoMe-1024x1536.jpg 1024w, https:\/\/www.suessemjetaime.lu\/wp-content\/uploads\/2024\/08\/RASE_240626_DSF2248_SoMe-1365x2048.jpg 1365w, https:\/\/www.suessemjetaime.lu\/wp-content\/uploads\/2024\/08\/RASE_240626_DSF2248_SoMe-600x900.jpg 600w\" sizes=\"(max-width: 1707px) 100vw, 1707px\" \/><\/a><\/strong><\/p>\n<p><span style=\"font-family: 'Gill Sans MT',sans-serif;\">C&rsquo;est pourquoi elle appr\u00e9cie tant les contributions de Joana. \u00ab Tu as besoin de quelqu&rsquo;un avec qui tu peux parler. Avec qui tu peux \u00e9changer. Comment g\u00e9rer le cas A et continuer avec le cas B. Nous savons comment faire, mais le partage d&rsquo;exp\u00e9rience nous fait progresser encore plus \u00bb, explique-t-elle. Les deux femmes sont clairement satisfaites de leur travail : la joie et la passion se ressentent dans chaque phrase. Il n&rsquo;est donc pas difficile pour elles de dire ce qu&rsquo;elles trouvent particuli\u00e8rement gratifiant dans leur travail. \u00ab Je suis heureuse \u00bb, ajoute Joana, \u00ab lorsque nous atteignons notre objectif et que chaque enfant va bien. Nous devons parfois faire des d\u00e9tours, mais nous finissons par arriver l\u00e0 o\u00f9 nous voulons. \u00bb<\/span><\/p>\n<p><span style=\"font-family: 'Gill Sans MT',sans-serif;\">Cindy est d&rsquo;accord et ajoute : \u00ab Nous devons \u00eatre flexibles en permanence. Chaque enfant et chaque famille est diff\u00e9rent, avec des besoins diff\u00e9rents. \u00bb Il est important de noter que la coop\u00e9ration est essentielle, car le service fonctionne non seulement gratuitement, mais aussi sur une base volontaire. \u00ab Ce qui me remplit de satisfaction, c&rsquo;est de savoir que j&rsquo;ai aid\u00e9 au moins une seule personne avec mon travail. Cela peut sembler insignifiant, mais quand vous voyez que cela fait une diff\u00e9rence pour quelqu&rsquo;un, cela en vaut la peine. \u00bb<\/span><\/p>\n<p><a href=\"https:\/\/www.suessem.lu\/fr\/services-pour-residents\/maisons-sociales\/rase\/\">Voici plus d&rsquo;informations et le contact<\/a><\/p>\n","protected":false},"excerpt":{"rendered":"<p>Le service RASE de la Commune de Sanem propose une oreille attentive et bien plus encore. Par le biais de conseils, d&rsquo;accompagnement et de suivi, Cindy Afonso et Joana Ribeiro souhaitent apporter leur soutien aux familles, au personnel enseignant et [&hellip;]<\/p>\n","protected":false},"author":4,"featured_media":10751,"comment_status":"open","ping_status":"open","sticky":false,"template":"","format":"standard","meta":[],"categories":[28],"tags":[],"yoast_head":"<!-- This site is optimized with the Yoast SEO plugin v15.2.1 - https:\/\/yoast.com\/wordpress\/plugins\/seo\/ -->\n<title>Le soutien ad\u00e9quat en situation de crise &bull; Suessem, je t&#039;aime<\/title>\n<meta name=\"robots\" content=\"index, follow, max-snippet:-1, max-image-preview:large, max-video-preview:-1\" \/>\n<link rel=\"canonical\" href=\"https:\/\/www.suessemjetaime.lu\/fr\/servicerase\/\" \/>\n<meta property=\"og:locale\" content=\"fr_FR\" \/>\n<meta property=\"og:type\" content=\"article\" \/>\n<meta property=\"og:title\" content=\"Le soutien ad\u00e9quat en situation de crise &bull; Suessem, je t&#039;aime\" \/>\n<meta property=\"og:description\" content=\"Le service RASE de la Commune de Sanem propose une oreille attentive et bien plus encore. Par le biais de conseils, d&rsquo;accompagnement et de suivi, Cindy Afonso et Joana Ribeiro souhaitent apporter leur soutien aux familles, au personnel enseignant et [&hellip;]\" \/>\n<meta property=\"og:url\" content=\"https:\/\/www.suessemjetaime.lu\/fr\/servicerase\/\" \/>\n<meta property=\"og:site_name\" content=\"Suessem, je t&#039;aime\" \/>\n<meta property=\"article:publisher\" content=\"https:\/\/www.facebook.com\/communedesanem\/\" \/>\n<meta property=\"article:published_time\" content=\"2024-09-17T14:44:05+00:00\" \/>\n<meta property=\"article:modified_time\" content=\"2026-02-05T15:03:55+00:00\" \/>\n<meta property=\"og:image\" content=\"https:\/\/www.suessemjetaime.lu\/wp-content\/uploads\/2024\/08\/RASE_240626_DSF2278_SoMe-scaled.jpg\" \/>\n\t<meta property=\"og:image:width\" content=\"2560\" \/>\n\t<meta property=\"og:image:height\" content=\"1707\" \/>\n<meta name=\"twitter:card\" content=\"summary_large_image\" \/>\n<meta name=\"twitter:label1\" content=\"\u00c9crit par\">\n\t<meta name=\"twitter:data1\" content=\"Suessem\">\n\t<meta name=\"twitter:label2\" content=\"Dur\u00e9e de lecture est.\">\n\t<meta name=\"twitter:data2\" content=\"5 minutes\">\n<script type=\"application\/ld+json\" class=\"yoast-schema-graph\">{\"@context\":\"https:\/\/schema.org\",\"@graph\":[{\"@type\":\"Organization\",\"@id\":\"https:\/\/www.suessemjetaime.lu\/#organization\",\"name\":\"Commune de Sanem\",\"url\":\"https:\/\/www.suessemjetaime.lu\/\",\"sameAs\":[\"https:\/\/www.facebook.com\/communedesanem\/\",\"https:\/\/www.youtube.com\/channel\/UCVN7kgmkkpcfy3Hb63mx_tQ\/featured\"],\"logo\":{\"@type\":\"ImageObject\",\"@id\":\"https:\/\/www.suessemjetaime.lu\/#logo\",\"inLanguage\":\"fr-FR\",\"url\":\"https:\/\/www.suessemjetaime.lu\/wp-content\/uploads\/2019\/03\/400_188_LOGO_SANEM.png\",\"width\":400,\"height\":188,\"caption\":\"Commune de Sanem\"},\"image\":{\"@id\":\"https:\/\/www.suessemjetaime.lu\/#logo\"}},{\"@type\":\"WebSite\",\"@id\":\"https:\/\/www.suessemjetaime.lu\/#website\",\"url\":\"https:\/\/www.suessemjetaime.lu\/\",\"name\":\"Suessem, je t&#039;aime\",\"description\":\"le Blog de la commune de Sanem\",\"publisher\":{\"@id\":\"https:\/\/www.suessemjetaime.lu\/#organization\"},\"potentialAction\":[{\"@type\":\"SearchAction\",\"target\":\"https:\/\/www.suessemjetaime.lu\/?s={search_term_string}\",\"query-input\":\"required name=search_term_string\"}],\"inLanguage\":\"fr-FR\"},{\"@type\":\"ImageObject\",\"@id\":\"https:\/\/www.suessemjetaime.lu\/fr\/servicerase\/#primaryimage\",\"inLanguage\":\"fr-FR\",\"url\":\"https:\/\/www.suessemjetaime.lu\/wp-content\/uploads\/2024\/08\/RASE_240626_DSF2278_SoMe-scaled.jpg\",\"width\":2560,\"height\":1707},{\"@type\":\"WebPage\",\"@id\":\"https:\/\/www.suessemjetaime.lu\/fr\/servicerase\/#webpage\",\"url\":\"https:\/\/www.suessemjetaime.lu\/fr\/servicerase\/\",\"name\":\"Le soutien ad\\u00e9quat en situation de crise &bull; Suessem, je t&#039;aime\",\"isPartOf\":{\"@id\":\"https:\/\/www.suessemjetaime.lu\/#website\"},\"primaryImageOfPage\":{\"@id\":\"https:\/\/www.suessemjetaime.lu\/fr\/servicerase\/#primaryimage\"},\"datePublished\":\"2024-09-17T14:44:05+00:00\",\"dateModified\":\"2026-02-05T15:03:55+00:00\",\"inLanguage\":\"fr-FR\",\"potentialAction\":[{\"@type\":\"ReadAction\",\"target\":[\"https:\/\/www.suessemjetaime.lu\/fr\/servicerase\/\"]}]},{\"@type\":\"Article\",\"@id\":\"https:\/\/www.suessemjetaime.lu\/fr\/servicerase\/#article\",\"isPartOf\":{\"@id\":\"https:\/\/www.suessemjetaime.lu\/fr\/servicerase\/#webpage\"},\"author\":{\"@id\":\"https:\/\/www.suessemjetaime.lu\/#\/schema\/person\/0cacc039fca45c1bb3d06544fdf18c63\"},\"headline\":\"Le soutien ad\\u00e9quat en situation de crise\",\"datePublished\":\"2024-09-17T14:44:05+00:00\",\"dateModified\":\"2026-02-05T15:03:55+00:00\",\"mainEntityOfPage\":{\"@id\":\"https:\/\/www.suessemjetaime.lu\/fr\/servicerase\/#webpage\"},\"commentCount\":0,\"publisher\":{\"@id\":\"https:\/\/www.suessemjetaime.lu\/#organization\"},\"image\":{\"@id\":\"https:\/\/www.suessemjetaime.lu\/fr\/servicerase\/#primaryimage\"},\"articleSection\":\"Life!\",\"inLanguage\":\"fr-FR\",\"potentialAction\":[{\"@type\":\"CommentAction\",\"name\":\"Comment\",\"target\":[\"https:\/\/www.suessemjetaime.lu\/fr\/servicerase\/#respond\"]}]},{\"@type\":\"Person\",\"@id\":\"https:\/\/www.suessemjetaime.lu\/#\/schema\/person\/0cacc039fca45c1bb3d06544fdf18c63\",\"name\":\"Suessem\",\"image\":{\"@type\":\"ImageObject\",\"@id\":\"https:\/\/www.suessemjetaime.lu\/#personlogo\",\"inLanguage\":\"fr-FR\",\"url\":\"https:\/\/secure.gravatar.com\/avatar\/77fabd1f92df29867737b77509c5795b?s=96&d=mm&r=g\",\"caption\":\"Suessem\"}}]}<\/script>\n<!-- \/ Yoast SEO plugin. -->","_links":{"self":[{"href":"https:\/\/www.suessemjetaime.lu\/fr\/wp-json\/wp\/v2\/posts\/10763\/"}],"collection":[{"href":"https:\/\/www.suessemjetaime.lu\/fr\/wp-json\/wp\/v2\/posts\/"}],"about":[{"href":"https:\/\/www.suessemjetaime.lu\/fr\/wp-json\/wp\/v2\/types\/post\/"}],"author":[{"embeddable":true,"href":"https:\/\/www.suessemjetaime.lu\/fr\/wp-json\/wp\/v2\/users\/4\/"}],"replies":[{"embeddable":true,"href":"https:\/\/www.suessemjetaime.lu\/fr\/wp-json\/wp\/v2\/comments\/?post=10763"}],"version-history":[{"count":5,"href":"https:\/\/www.suessemjetaime.lu\/fr\/wp-json\/wp\/v2\/posts\/10763\/revisions\/"}],"predecessor-version":[{"id":12787,"href":"https:\/\/www.suessemjetaime.lu\/fr\/wp-json\/wp\/v2\/posts\/10763\/revisions\/12787\/"}],"wp:featuredmedia":[{"embeddable":true,"href":"https:\/\/www.suessemjetaime.lu\/fr\/wp-json\/wp\/v2\/media\/10751\/"}],"wp:attachment":[{"href":"https:\/\/www.suessemjetaime.lu\/fr\/wp-json\/wp\/v2\/media\/?parent=10763"}],"wp:term":[{"taxonomy":"category","embeddable":true,"href":"https:\/\/www.suessemjetaime.lu\/fr\/wp-json\/wp\/v2\/categories\/?post=10763"},{"taxonomy":"post_tag","embeddable":true,"href":"https:\/\/www.suessemjetaime.lu\/fr\/wp-json\/wp\/v2\/tags\/?post=10763"}],"curies":[{"name":"wp","href":"https:\/\/api.w.org\/{rel}","templated":true}]}}