{"id":10216,"date":"2024-02-06T11:46:51","date_gmt":"2024-02-06T11:46:51","guid":{"rendered":"https:\/\/www.suessemjetaime.lu\/?p=10216"},"modified":"2024-04-19T06:40:58","modified_gmt":"2024-04-19T06:40:58","slug":"rcobrass","status":"publish","type":"post","link":"https:\/\/www.suessemjetaime.lu\/fr\/rcobrass\/","title":{"rendered":"Vibrations cuivr\u00e9es"},"content":{"rendered":"<p style=\"font-weight: 400;\"><strong>Il y a plus de deux d\u00e9cennies, les cuivres \u00e9minents du Royal Concertgebouw Orchestra d&rsquo;Amsterdam ont fait leurs premiers pas en tant qu&rsquo;ensemble autonome sur la sc\u00e8ne am\u00e9ricaine. Depuis lors, la success story de RCO Brass s&rsquo;est perp\u00e9tu\u00e9e, atteignant un nouveau sommet le samedi 16 mars 2024 avec une prestation pr\u00e9vue \u00e0 l&rsquo;Artikuss \u00e0 Soleuvre. En amont de cet \u00e9v\u00e9nement tant attendu, nous avons eu le privil\u00e8ge de converser avec le tromboniste J\u00f6rgen van Rijen.<\/strong><\/p>\n<p><!--more--><\/p>\n<p style=\"font-weight: 400;\">\u00ab Le premier contact avec votre pays remonte \u00e0 mes 4 ou 5 ans, alors que j&rsquo;\u00e9tais en vacances au Luxembourg. Plus tard, en tant qu&rsquo;adulte, j&rsquo;ai souvent eu l&rsquo;occasion de m\u2019y produire lors de concerts. Je dirais que j&rsquo;ai d\u00e9j\u00e0 eu l&rsquo;opportunit\u00e9 de participer \u00e0 une vingtaine de repr\u00e9sentations ici, voire plus \u00bb, partage J\u00f6rgen van Rijen. Il est non seulement une figure de proue au sein du Royal Concertgebouw Orchestra d&rsquo;Amsterdam depuis des lustres, mais il se distingue \u00e9galement par son engagement dans divers projets, agissant ainsi en tant qu&rsquo;ambassadeur passionn\u00e9 de son instrument : le trombone. \u00ab J\u2019estime hautement la possibilit\u00e9 de pouvoir m&rsquo;investir dans plusieurs projets \u00e0 la fois. L&rsquo;orchestre symphonique ainsi que RCO Brass m&rsquo;apportent une immense joie. Cependant, j&rsquo;appr\u00e9cie \u00e9galement les performances en tant que soliste. En ce qui concerne ma trajectoire personnelle en tant que musicien, j&rsquo;aspire \u00e0 convaincre toujours davantage de compositeurs d&rsquo;explorer le potentiel du trombone et d&rsquo;\u00e9largir son horizon musical, \u00e0 l&rsquo;instar des concertos sp\u00e9cialement con\u00e7us pour moi. \u00bb<\/p>\n<p style=\"font-weight: 400;\"><span style=\"font-weight: 400;\">J\u00f6rgen a eu l&rsquo;occasion de se produire en tant que soliste avec divers orchestres et ensembles prestigieux, de Ta\u00efwan \u00e0 Dallas, incluant notamment l&rsquo;Orchestre Philharmonique du Luxembourg il y a deux ans. Cependant, au sein de RCO Brass, une harmonie toute particuli\u00e8re s&rsquo;est \u00e9tablie de mani\u00e8re organique. En 2003, lorsqu&rsquo;une tourn\u00e9e \u00e0 travers les \u00c9tats-Unis a \u00e9t\u00e9 annul\u00e9 par l&rsquo;orchestre symphonique d&rsquo;Amsterdam, les cuivres du Royal Concertgebouw Orchestra ont \u00e9t\u00e9 convi\u00e9s \u00e0 se rendre seuls pour donner des concerts et des masterclasses. Cet \u00e9v\u00e9nement marqua la naissance de RCO Brass. \u00ab Je suis convaincu que tout le monde en tire profit. Au sein d&rsquo;un grand orchestre, il est parfois difficile de peaufiner tous les d\u00e9tails. Apr\u00e8s seulement 3 ou 4 r\u00e9p\u00e9titions, tout doit \u00eatre parfaitement en place, ce qui n\u00e9cessite une certaine c\u00e9l\u00e9rit\u00e9. Au sein de notre ensemble de cuivres, nous prenons le temps de soigner chaque d\u00e9tail. Nous grandissons ainsi en tant qu&rsquo;unit\u00e9, ce dont le grand orchestre b\u00e9n\u00e9ficie par la suite \u00bb, explique J\u00f6rgen van Rijen. RCO Brass agit \u00e9galement comme un catalyseur pour de nouveaux arrangements d&rsquo;\u0153uvres classiques et modernes, certains \u00e9tant sp\u00e9cialement \u00e9crits pour eux\u00b7elles, contribuant ainsi \u00e0 l&rsquo;enrichissement de tout le microcosme des instruments \u00e0 vent, illustrant la diversit\u00e9 et la polyvalence des cuivres.<\/span><\/p>\n<p><a href=\"https:\/\/www.suessemjetaime.lu\/wp-content\/uploads\/2024\/03\/Pic-min-scaled.jpg\"><img loading=\"lazy\" class=\"alignleft wp-image-10203 size-full\" src=\"https:\/\/www.suessemjetaime.lu\/wp-content\/uploads\/2024\/03\/Pic-min-scaled.jpg\" alt=\"\" width=\"1707\" height=\"2560\" srcset=\"https:\/\/www.suessemjetaime.lu\/wp-content\/uploads\/2024\/03\/Pic-min-scaled.jpg 1707w, https:\/\/www.suessemjetaime.lu\/wp-content\/uploads\/2024\/03\/Pic-min-200x300.jpg 200w, https:\/\/www.suessemjetaime.lu\/wp-content\/uploads\/2024\/03\/Pic-min-683x1024.jpg 683w, https:\/\/www.suessemjetaime.lu\/wp-content\/uploads\/2024\/03\/Pic-min-768x1152.jpg 768w, https:\/\/www.suessemjetaime.lu\/wp-content\/uploads\/2024\/03\/Pic-min-1024x1536.jpg 1024w, https:\/\/www.suessemjetaime.lu\/wp-content\/uploads\/2024\/03\/Pic-min-1365x2048.jpg 1365w, https:\/\/www.suessemjetaime.lu\/wp-content\/uploads\/2024\/03\/Pic-min-600x900.jpg 600w\" sizes=\"(max-width: 1707px) 100vw, 1707px\" \/><\/a><\/p>\n<p style=\"font-weight: 400;\">Comme la plupart des musicien\u00b7ne\u00b7s de son calibre, J\u00f6rgen a commenc\u00e9 sa carri\u00e8re en tant que tromboniste dans un petit orchestre local. Sa ville natale, Dordrecht, est situ\u00e9e \u00e0 proximit\u00e9 de Rotterdam, o\u00f9 il a ensuite poursuivi ses \u00e9tudes au conservatoire d\u00e8s son adolescence. Apr\u00e8s quelques ann\u00e9es et une audition fructueuse pour <span lang=\"DE\">Rotterdams Philharmonisch Orkest<\/span>, il a tr\u00e8s rapidement rejoint le Royal Concertgebouw Orchestra d&rsquo;Amsterdam en 1997, o\u00f9 il exerce toujours ses talents aujourd&rsquo;hui. \u00ab La musique est une discipline qui s&rsquo;apprivoise progressivement afin de comprendre v\u00e9ritablement la complexit\u00e9 et la virtuosit\u00e9 qu&rsquo;elle requiert. Ce processus d&rsquo;apprentissage est actuellement menac\u00e9, et nous devons y faire face \u00bb, m\u00e9dite le tromboniste. \u00ab Dans notre soci\u00e9t\u00e9 de consommation, l&rsquo;urgence est de mise. Il est plus ais\u00e9 et rapide de comprendre Netflix que la musique classique. Les jeunes, en particulier, doivent r\u00e9aliser que parfois la r\u00e9compense demande du temps. \u00bb Le principal d\u00e9fi r\u00e9side dans l&rsquo;attraction des jeunes vers les concerts. Une fois pr\u00e9sent\u00b7e\u00b7s, ils\u00b7elles se montrer g\u00e9n\u00e9ralement int\u00e9ress\u00e9\u00b7e\u00b7s par les instruments et la musique. Il est n\u00e9cessaire de r\u00e9activer le processus automatique de contact avec la musique.<\/p>\n<blockquote><p>\u00ab J&rsquo;aspire \u00e0 convaincre davantage de compositeurs d&rsquo;explorer le potentiel du trombone et d&rsquo;\u00e9largir son horizon musical. \u00bb\u00a0&#8211; J\u00f6rgen van Rijen<\/p><\/blockquote>\n<p style=\"font-weight: 400;\">RCO Brass contribue \u00e0 cet \u00e9gard avec son programme \u00e9clectique. \u00ab Le public est g\u00e9n\u00e9ralement compos\u00e9 d&rsquo;amateurs de musique \u00e9clair\u00e9s ainsi que de novices en mati\u00e8re d&rsquo;instruments \u00e0 vent. Nous nous effor\u00e7ons donc de pr\u00e9senter une large palette musicale. Notre exp\u00e9rience provient de l&rsquo;orchestre symphonique classique, et une partie de cette exp\u00e9rience transpara\u00eet \u00e9galement dans le programme de RCO Brass \u00bb, souligne J\u00f6rgen van Rijen. \u00ab Nous interpr\u00e9tons de la musique baroque de Rameau et Lotti, mais \u00e9galement des compositions r\u00e9arrang\u00e9es de Bart\u00f3k et Alb\u00e9niz, pour n&rsquo;en citer que quelques-unes. Le fil conducteur de notre programme r\u00e9side dans la musique de danse, ou ce que nous pourrions qualifier de musique traditionnelle ou folklorique, et son \u00e9volution vers des pi\u00e8ces plus l\u00e9g\u00e8res jusqu&rsquo;\u00e0 la musique classique. En cl\u00f4ture, nous jouons une suite de Mar\u00eda de Buenos Aires d&rsquo;Astor Piazzolla, puis concluons avec Gershwin. \u00bb<\/p>\n<p style=\"font-weight: 400;\">La suite de tango, visionn\u00e9e 1,5 million de fois sur Youtube, reste le point culminant du programme pour le public, une v\u00e9ritable pi\u00e8ce ma\u00eetresse de RCO Brass. Deux morceaux de Couperin et Lotti ne pr\u00e9sentent que les trombones. \u00ab L&rsquo;une des merveilles que l&rsquo;on peut jouer au trombone est une chorale. Cependant, j&rsquo;appr\u00e9cie \u00e9galement jouer en groupe avec nos trompettes, cors et tubas. Nous alternons : parfois nous jouons ensemble, parfois seuls. Les concerts sont les plus exigeants pour les musiciens qui doivent jouer les notes les plus aigu\u00ebs, comme les trompettistes. C&rsquo;est un v\u00e9ritable d\u00e9fi. Nous devons donc \u00eatre parfaitement pr\u00e9par\u00e9s et nos l\u00e8vres doivent \u00eatre endurantes. \u00bb<\/p>\n<p style=\"font-weight: 400;\"><span style=\"font-weight: 400;\">Le 16 mars 2024, RCO Brass offrira un programme de 90 minutes \u00e0 l&rsquo;Artikuss, un \u00e9v\u00e9nement prometteur qui saura marquer les esprits. Peut-\u00eatre que le prix d&rsquo;entr\u00e9e r\u00e9duit pour les \u00e9tudiant\u00b7e\u00b7s incitera \u00e9galement le jeune public \u00e0 se laisser \u00e9merveiller par la virtuosit\u00e9 de classe mondiale de cet ensemble de cuivres.<\/span><\/p>\n<p style=\"text-align: center;\"><a itemprop=\"url\" href=\"https:\/\/ticket.luxembourg-ticket.lu\/eventim.webshop\/webticket\/seatmap?eventId=35529\" target=\"_blank\"  class=\"mkdf-btn mkdf-btn-medium mkdf-btn-solid mkdf-btn-direction-animation\"  >\n    <span class=\"mkdf-btn-text\">Infos et tickets<\/span>\n    <i class=\"mkdf-icon-font-awesome  \" ><\/i>        <span class=\"mkdf-btn-background-holder\">\n        <span class=\"mkdf-btn-background\"><\/span>\n    <\/span>\n    <\/a><\/p>\n<p><a href=\"https:\/\/www.suessemjetaime.lu\/wp-content\/uploads\/2024\/03\/RCO-Brass3.jpg\"><img loading=\"lazy\" class=\"alignleft wp-image-10219 size-full\" src=\"https:\/\/www.suessemjetaime.lu\/wp-content\/uploads\/2024\/03\/RCO-Brass3.jpg\" alt=\"\" width=\"1638\" height=\"2048\" srcset=\"https:\/\/www.suessemjetaime.lu\/wp-content\/uploads\/2024\/03\/RCO-Brass3.jpg 1638w, https:\/\/www.suessemjetaime.lu\/wp-content\/uploads\/2024\/03\/RCO-Brass3-240x300.jpg 240w, https:\/\/www.suessemjetaime.lu\/wp-content\/uploads\/2024\/03\/RCO-Brass3-819x1024.jpg 819w, https:\/\/www.suessemjetaime.lu\/wp-content\/uploads\/2024\/03\/RCO-Brass3-768x960.jpg 768w, https:\/\/www.suessemjetaime.lu\/wp-content\/uploads\/2024\/03\/RCO-Brass3-1229x1536.jpg 1229w, https:\/\/www.suessemjetaime.lu\/wp-content\/uploads\/2024\/03\/RCO-Brass3-600x750.jpg 600w\" sizes=\"(max-width: 1638px) 100vw, 1638px\" \/><\/a><\/p>\n","protected":false},"excerpt":{"rendered":"<p>Il y a plus de deux d\u00e9cennies, les cuivres \u00e9minents du Royal Concertgebouw Orchestra d&rsquo;Amsterdam ont fait leurs premiers pas en tant qu&rsquo;ensemble autonome sur la sc\u00e8ne am\u00e9ricaine. Depuis lors, la success story de RCO Brass s&rsquo;est perp\u00e9tu\u00e9e, atteignant un [&hellip;]<\/p>\n","protected":false},"author":4,"featured_media":10221,"comment_status":"open","ping_status":"open","sticky":false,"template":"","format":"standard","meta":[],"categories":[33],"tags":[871,872,795,906,336,907,908,909],"yoast_head":"<!-- This site is optimized with the Yoast SEO plugin v15.2.1 - https:\/\/yoast.com\/wordpress\/plugins\/seo\/ -->\n<title>Vibrations cuivr\u00e9es &bull; Suessem, je t&#039;aime<\/title>\n<meta name=\"robots\" content=\"index, follow, max-snippet:-1, max-image-preview:large, max-video-preview:-1\" \/>\n<link rel=\"canonical\" href=\"https:\/\/www.suessemjetaime.lu\/fr\/rcobrass\/\" \/>\n<meta property=\"og:locale\" content=\"fr_FR\" \/>\n<meta property=\"og:type\" content=\"article\" \/>\n<meta property=\"og:title\" content=\"Vibrations cuivr\u00e9es &bull; Suessem, je t&#039;aime\" \/>\n<meta property=\"og:description\" content=\"Il y a plus de deux d\u00e9cennies, les cuivres \u00e9minents du Royal Concertgebouw Orchestra d&rsquo;Amsterdam ont fait leurs premiers pas en tant qu&rsquo;ensemble autonome sur la sc\u00e8ne am\u00e9ricaine. Depuis lors, la success story de RCO Brass s&rsquo;est perp\u00e9tu\u00e9e, atteignant un [&hellip;]\" \/>\n<meta property=\"og:url\" content=\"https:\/\/www.suessemjetaime.lu\/fr\/rcobrass\/\" \/>\n<meta property=\"og:site_name\" content=\"Suessem, je t&#039;aime\" \/>\n<meta property=\"article:publisher\" content=\"https:\/\/www.facebook.com\/communedesanem\/\" \/>\n<meta property=\"article:published_time\" content=\"2024-02-06T11:46:51+00:00\" \/>\n<meta property=\"article:modified_time\" content=\"2024-04-19T06:40:58+00:00\" \/>\n<meta property=\"og:image\" content=\"https:\/\/www.suessemjetaime.lu\/wp-content\/uploads\/2024\/03\/RCO-New-scaled.jpg\" \/>\n\t<meta property=\"og:image:width\" content=\"2560\" \/>\n\t<meta property=\"og:image:height\" content=\"1707\" \/>\n<meta name=\"twitter:card\" content=\"summary_large_image\" \/>\n<meta name=\"twitter:label1\" content=\"\u00c9crit par\">\n\t<meta name=\"twitter:data1\" content=\"Suessem\">\n\t<meta name=\"twitter:label2\" content=\"Dur\u00e9e de lecture est.\">\n\t<meta name=\"twitter:data2\" content=\"4 minutes\">\n<script type=\"application\/ld+json\" class=\"yoast-schema-graph\">{\"@context\":\"https:\/\/schema.org\",\"@graph\":[{\"@type\":\"Organization\",\"@id\":\"https:\/\/www.suessemjetaime.lu\/#organization\",\"name\":\"Commune de Sanem\",\"url\":\"https:\/\/www.suessemjetaime.lu\/\",\"sameAs\":[\"https:\/\/www.facebook.com\/communedesanem\/\",\"https:\/\/www.youtube.com\/channel\/UCVN7kgmkkpcfy3Hb63mx_tQ\/featured\"],\"logo\":{\"@type\":\"ImageObject\",\"@id\":\"https:\/\/www.suessemjetaime.lu\/#logo\",\"inLanguage\":\"fr-FR\",\"url\":\"https:\/\/www.suessemjetaime.lu\/wp-content\/uploads\/2019\/03\/400_188_LOGO_SANEM.png\",\"width\":400,\"height\":188,\"caption\":\"Commune de Sanem\"},\"image\":{\"@id\":\"https:\/\/www.suessemjetaime.lu\/#logo\"}},{\"@type\":\"WebSite\",\"@id\":\"https:\/\/www.suessemjetaime.lu\/#website\",\"url\":\"https:\/\/www.suessemjetaime.lu\/\",\"name\":\"Suessem, je t&#039;aime\",\"description\":\"le Blog de la commune de Sanem\",\"publisher\":{\"@id\":\"https:\/\/www.suessemjetaime.lu\/#organization\"},\"potentialAction\":[{\"@type\":\"SearchAction\",\"target\":\"https:\/\/www.suessemjetaime.lu\/?s={search_term_string}\",\"query-input\":\"required name=search_term_string\"}],\"inLanguage\":\"fr-FR\"},{\"@type\":\"ImageObject\",\"@id\":\"https:\/\/www.suessemjetaime.lu\/fr\/rcobrass\/#primaryimage\",\"inLanguage\":\"fr-FR\",\"url\":\"https:\/\/www.suessemjetaime.lu\/wp-content\/uploads\/2024\/03\/RCO-New-scaled.jpg\",\"width\":2560,\"height\":1707},{\"@type\":\"WebPage\",\"@id\":\"https:\/\/www.suessemjetaime.lu\/fr\/rcobrass\/#webpage\",\"url\":\"https:\/\/www.suessemjetaime.lu\/fr\/rcobrass\/\",\"name\":\"Vibrations cuivr\\u00e9es &bull; Suessem, je t&#039;aime\",\"isPartOf\":{\"@id\":\"https:\/\/www.suessemjetaime.lu\/#website\"},\"primaryImageOfPage\":{\"@id\":\"https:\/\/www.suessemjetaime.lu\/fr\/rcobrass\/#primaryimage\"},\"datePublished\":\"2024-02-06T11:46:51+00:00\",\"dateModified\":\"2024-04-19T06:40:58+00:00\",\"inLanguage\":\"fr-FR\",\"potentialAction\":[{\"@type\":\"ReadAction\",\"target\":[\"https:\/\/www.suessemjetaime.lu\/fr\/rcobrass\/\"]}]},{\"@type\":\"Article\",\"@id\":\"https:\/\/www.suessemjetaime.lu\/fr\/rcobrass\/#article\",\"isPartOf\":{\"@id\":\"https:\/\/www.suessemjetaime.lu\/fr\/rcobrass\/#webpage\"},\"author\":{\"@id\":\"https:\/\/www.suessemjetaime.lu\/#\/schema\/person\/0cacc039fca45c1bb3d06544fdf18c63\"},\"headline\":\"Vibrations cuivr\\u00e9es\",\"datePublished\":\"2024-02-06T11:46:51+00:00\",\"dateModified\":\"2024-04-19T06:40:58+00:00\",\"mainEntityOfPage\":{\"@id\":\"https:\/\/www.suessemjetaime.lu\/fr\/rcobrass\/#webpage\"},\"commentCount\":0,\"publisher\":{\"@id\":\"https:\/\/www.suessemjetaime.lu\/#organization\"},\"image\":{\"@id\":\"https:\/\/www.suessemjetaime.lu\/fr\/rcobrass\/#primaryimage\"},\"keywords\":\"artikuss,concert,culture,j\\u00f6rgen van rijen,musique,rco brass,royal concertgebouw amsterdam orchestra,trombone\",\"articleSection\":\"Noise\",\"inLanguage\":\"fr-FR\",\"potentialAction\":[{\"@type\":\"CommentAction\",\"name\":\"Comment\",\"target\":[\"https:\/\/www.suessemjetaime.lu\/fr\/rcobrass\/#respond\"]}]},{\"@type\":\"Person\",\"@id\":\"https:\/\/www.suessemjetaime.lu\/#\/schema\/person\/0cacc039fca45c1bb3d06544fdf18c63\",\"name\":\"Suessem\",\"image\":{\"@type\":\"ImageObject\",\"@id\":\"https:\/\/www.suessemjetaime.lu\/#personlogo\",\"inLanguage\":\"fr-FR\",\"url\":\"https:\/\/secure.gravatar.com\/avatar\/77fabd1f92df29867737b77509c5795b?s=96&d=mm&r=g\",\"caption\":\"Suessem\"}}]}<\/script>\n<!-- \/ Yoast SEO plugin. -->","_links":{"self":[{"href":"https:\/\/www.suessemjetaime.lu\/fr\/wp-json\/wp\/v2\/posts\/10216\/"}],"collection":[{"href":"https:\/\/www.suessemjetaime.lu\/fr\/wp-json\/wp\/v2\/posts\/"}],"about":[{"href":"https:\/\/www.suessemjetaime.lu\/fr\/wp-json\/wp\/v2\/types\/post\/"}],"author":[{"embeddable":true,"href":"https:\/\/www.suessemjetaime.lu\/fr\/wp-json\/wp\/v2\/users\/4\/"}],"replies":[{"embeddable":true,"href":"https:\/\/www.suessemjetaime.lu\/fr\/wp-json\/wp\/v2\/comments\/?post=10216"}],"version-history":[{"count":4,"href":"https:\/\/www.suessemjetaime.lu\/fr\/wp-json\/wp\/v2\/posts\/10216\/revisions\/"}],"predecessor-version":[{"id":10224,"href":"https:\/\/www.suessemjetaime.lu\/fr\/wp-json\/wp\/v2\/posts\/10216\/revisions\/10224\/"}],"wp:featuredmedia":[{"embeddable":true,"href":"https:\/\/www.suessemjetaime.lu\/fr\/wp-json\/wp\/v2\/media\/10221\/"}],"wp:attachment":[{"href":"https:\/\/www.suessemjetaime.lu\/fr\/wp-json\/wp\/v2\/media\/?parent=10216"}],"wp:term":[{"taxonomy":"category","embeddable":true,"href":"https:\/\/www.suessemjetaime.lu\/fr\/wp-json\/wp\/v2\/categories\/?post=10216"},{"taxonomy":"post_tag","embeddable":true,"href":"https:\/\/www.suessemjetaime.lu\/fr\/wp-json\/wp\/v2\/tags\/?post=10216"}],"curies":[{"name":"wp","href":"https:\/\/api.w.org\/{rel}","templated":true}]}}