{"id":10003,"date":"2024-02-23T10:29:54","date_gmt":"2024-02-23T10:29:54","guid":{"rendered":"https:\/\/www.suessemjetaime.lu\/?p=10003"},"modified":"2024-02-29T09:19:08","modified_gmt":"2024-02-29T09:19:08","slug":"fierschter","status":"publish","type":"post","link":"https:\/\/www.suessemjetaime.lu\/fr\/fierschter\/","title":{"rendered":"Gestion durable des for\u00eats en mains priv\u00e9es"},"content":{"rendered":"<p><strong>La gestion des for\u00eats au Luxembourg se trouve dans les mains de personnes priv\u00e9es. Il est donc d&rsquo;autant plus important que ceux\u00b7celles ayant une telle parcelle prennent soin de leur terrain. Pourtant, nombreux sont ceux\u00b7celles qui ne savent m\u00eame pas qu&rsquo;ils\u00b7elles sont propri\u00e9taires de for\u00eats. Une excursion avec le forestier de Sanem, Claude Assel.<\/strong><\/p>\n<p><!--more--><\/p>\n<p>Le logo de l&rsquo;ANF, l&rsquo;Administration de la Nature et des For\u00eats, est bien visible sur le v\u00e9hicule de service de Claude Assel. Depuis le tout petit parking situ\u00e9 pr\u00e8s du Gaalgebierg, nous partons en direction de son territoire, la for\u00eat. Ou comme le forestier l&rsquo;appelle : \u00ab Le parc sauvage. La for\u00eat est tellement fragment\u00e9e qu&rsquo;elle ressemble plut\u00f4t \u00e0 un parc. Saviez-vous que c&rsquo;est la r\u00e9gion qui compte le moins de for\u00eats ? Ce n&rsquo;est pas si grave, il faut bien que quelqu&rsquo;un passe en dernier \u00bb, souligne Claude en rigolant.<\/p>\n<p>&nbsp;<\/p>\n\n\t\t<style type=\"text\/css\">\n\t\t\t#gallery-1 {\n\t\t\t\tmargin: auto;\n\t\t\t}\n\t\t\t#gallery-1 .gallery-item {\n\t\t\t\tfloat: left;\n\t\t\t\tmargin-top: 10px;\n\t\t\t\ttext-align: center;\n\t\t\t\twidth: 33%;\n\t\t\t}\n\t\t\t#gallery-1 img {\n\t\t\t\tborder: 2px solid #cfcfcf;\n\t\t\t}\n\t\t\t#gallery-1 .gallery-caption {\n\t\t\t\tmargin-left: 0;\n\t\t\t}\n\t\t\t\/* see gallery_shortcode() in wp-includes\/media.php *\/\n\t\t<\/style>\n\t\t<div id='gallery-1' class='gallery galleryid-10003 gallery-columns-3 gallery-size-large'><dl class='gallery-item'>\n\t\t\t<dt class='gallery-icon landscape'>\n\t\t\t\t<img width=\"1024\" height=\"683\" src=\"https:\/\/www.suessemjetaime.lu\/wp-content\/uploads\/2024\/02\/ITV_ClaudeAssel_240124_DSF9013_SoMe-1024x683.jpg\" class=\"attachment-large size-large\" alt=\"\" loading=\"lazy\" srcset=\"https:\/\/www.suessemjetaime.lu\/wp-content\/uploads\/2024\/02\/ITV_ClaudeAssel_240124_DSF9013_SoMe-1024x683.jpg 1024w, https:\/\/www.suessemjetaime.lu\/wp-content\/uploads\/2024\/02\/ITV_ClaudeAssel_240124_DSF9013_SoMe-300x200.jpg 300w, https:\/\/www.suessemjetaime.lu\/wp-content\/uploads\/2024\/02\/ITV_ClaudeAssel_240124_DSF9013_SoMe-768x512.jpg 768w, https:\/\/www.suessemjetaime.lu\/wp-content\/uploads\/2024\/02\/ITV_ClaudeAssel_240124_DSF9013_SoMe-1536x1024.jpg 1536w, https:\/\/www.suessemjetaime.lu\/wp-content\/uploads\/2024\/02\/ITV_ClaudeAssel_240124_DSF9013_SoMe-600x400.jpg 600w\" sizes=\"(max-width: 1024px) 100vw, 1024px\" \/>\n\t\t\t<\/dt><\/dl><dl class='gallery-item'>\n\t\t\t<dt class='gallery-icon landscape'>\n\t\t\t\t<img width=\"1024\" height=\"683\" src=\"https:\/\/www.suessemjetaime.lu\/wp-content\/uploads\/2024\/02\/ITV_ClaudeAssel_240124_DSF8976_SoMe-1024x683.jpg\" class=\"attachment-large size-large\" alt=\"\" loading=\"lazy\" srcset=\"https:\/\/www.suessemjetaime.lu\/wp-content\/uploads\/2024\/02\/ITV_ClaudeAssel_240124_DSF8976_SoMe-1024x683.jpg 1024w, https:\/\/www.suessemjetaime.lu\/wp-content\/uploads\/2024\/02\/ITV_ClaudeAssel_240124_DSF8976_SoMe-300x200.jpg 300w, https:\/\/www.suessemjetaime.lu\/wp-content\/uploads\/2024\/02\/ITV_ClaudeAssel_240124_DSF8976_SoMe-768x512.jpg 768w, https:\/\/www.suessemjetaime.lu\/wp-content\/uploads\/2024\/02\/ITV_ClaudeAssel_240124_DSF8976_SoMe-1536x1024.jpg 1536w, https:\/\/www.suessemjetaime.lu\/wp-content\/uploads\/2024\/02\/ITV_ClaudeAssel_240124_DSF8976_SoMe-600x400.jpg 600w\" sizes=\"(max-width: 1024px) 100vw, 1024px\" \/>\n\t\t\t<\/dt><\/dl><dl class='gallery-item'>\n\t\t\t<dt class='gallery-icon landscape'>\n\t\t\t\t<img width=\"1024\" height=\"683\" src=\"https:\/\/www.suessemjetaime.lu\/wp-content\/uploads\/2024\/02\/ITV_ClaudeAssel_240124_DSF9216_SoMe-1024x683.jpg\" class=\"attachment-large size-large\" alt=\"\" loading=\"lazy\" srcset=\"https:\/\/www.suessemjetaime.lu\/wp-content\/uploads\/2024\/02\/ITV_ClaudeAssel_240124_DSF9216_SoMe-1024x683.jpg 1024w, https:\/\/www.suessemjetaime.lu\/wp-content\/uploads\/2024\/02\/ITV_ClaudeAssel_240124_DSF9216_SoMe-300x200.jpg 300w, https:\/\/www.suessemjetaime.lu\/wp-content\/uploads\/2024\/02\/ITV_ClaudeAssel_240124_DSF9216_SoMe-768x512.jpg 768w, https:\/\/www.suessemjetaime.lu\/wp-content\/uploads\/2024\/02\/ITV_ClaudeAssel_240124_DSF9216_SoMe-1536x1024.jpg 1536w, https:\/\/www.suessemjetaime.lu\/wp-content\/uploads\/2024\/02\/ITV_ClaudeAssel_240124_DSF9216_SoMe-600x400.jpg 600w\" sizes=\"(max-width: 1024px) 100vw, 1024px\" \/>\n\t\t\t<\/dt><\/dl><br style=\"clear: both\" \/>\n\t\t<\/div>\n\n<p>Avec autant de for\u00eats \u2013 environ 55 % \u2013 entre les mains de 14 000 personnes, la qualit\u00e9 de ces for\u00eats d\u00e9pend de nombreuses personnes. \u00ab C&rsquo;est pourquoi il est si important que chacun contribue \u00e0 ce que nos for\u00eats restent en bon \u00e9tat. \u00bb Originaire de Diekirch, Claude compte 40 ans d&rsquo;exp\u00e9rience. Il sait qu&rsquo;il y a toujours des gens qui ne savent pas que des parcelles de for\u00eat leur appartiennent. Souvent, c&rsquo;est le cas : La plupart des parcelles sont entre les mains de familles depuis des ann\u00e9es. Comment les gens sont-ils\u00b7elles au courant ? \u00ab Cela a \u00e9t\u00e9 inscrit dans un acte, par exemple. \u00bb De tels dossiers ne sont toutefois pas la norme. \u00ab Viens, on va essayer de simuler une telle situation \u00bb, dit Claude en sortant sa tablette qu&rsquo;il avait fix\u00e9e avec une sorte d&rsquo;harnais. \u00ab Voici le g\u00e9oportail o\u00f9 il est possible de tout visualiser \u00bb, dit-il en commen\u00e7ant \u00e0 taper sur l&rsquo;\u00e9cran.<\/p>\n<blockquote><p>\u00ab Tu fais aussi attention \u00e0 ta maison pour que tout soit en ordre. C&rsquo;est exactement ce que tu devrais faire avec ta parcelle. \u00bb &#8211; Claude Assel<\/p><\/blockquote>\n<p>Quelques secondes plus tard, l&rsquo;application nous indique l&rsquo;endroit exact o\u00f9 nous nous trouvons. Les parcelles sur l&rsquo;\u00e9cran sont num\u00e9rot\u00e9es et marqu\u00e9es en couleur, selon qu&rsquo;il s&rsquo;agit de for\u00eats publiques, communales ou priv\u00e9es. \u00ab Sur le terrain, tu peux aussi acc\u00e9der aux donn\u00e9es GPS \u00bb, dit-il en sortant un petit appareil de sa poche. \u00ab Si tu entres ces donn\u00e9es dans un tel GPS, il te guidera directement \u00e0 l&rsquo;endroit souhait\u00e9. \u00bb Et nous voil\u00e0 d\u00e9j\u00e0 sur l&rsquo;un des terrains que nous cherchions. Si l&rsquo;utilisation du g\u00e9oportail n&rsquo;est pas claire, Claude est pr\u00eat \u00e0 vous aider. \u00ab Dans ce cas, nous verrons ensemble o\u00f9 le terrain est situ\u00e9, ce que nous pouvons faire ou ce qui est plus pertinent. \u00bb<\/p>\n<p>Bien entendu, toute personne doit respecter certaines r\u00e8gles en ce qui concerne la gestion de sa parcelle. La nouvelle loi foresti\u00e8re, adopt\u00e9e l&rsquo;\u00e9t\u00e9 dernier par la Chambre des D\u00e9put\u00e9s et en vigueur depuis octobre, fixe le cadre juridique. \u00ab La quantit\u00e9 de bois qui peut \u00eatre enlev\u00e9e de sa propre parcelle est fix\u00e9e \u2013 pour plus de 40 m\u00e8tres cubes, une demande est n\u00e9cessaire \u00bb, explique le forestier. Il cite un autre cas de figure. \u00ab Prenons par exemple la situation o\u00f9 vous voulez effectuer une coupe \u00e0 blanc. Ce n&rsquo;est pas aussi simple. Il faut v\u00e9rifier si cette d\u00e9marche peut \u00eatre autoris\u00e9e. Dans l&rsquo;affirmative, il faut \u00e9galement informer la personne concern\u00e9e que de nouvelles plantations sont n\u00e9cessaires \u00e0 cet endroit pour conserver le caract\u00e8re forestier. \u00bb<\/p>\n<p><a href=\"https:\/\/www.suessemjetaime.lu\/wp-content\/uploads\/2024\/02\/ITV_ClaudeAssel_240124_DSF9275_SoMe-scaled.jpg\"><img loading=\"lazy\" class=\"aligncenter wp-image-9992 size-large\" src=\"https:\/\/www.suessemjetaime.lu\/wp-content\/uploads\/2024\/02\/ITV_ClaudeAssel_240124_DSF9275_SoMe-1024x683.jpg\" alt=\"\" width=\"1024\" height=\"683\" srcset=\"https:\/\/www.suessemjetaime.lu\/wp-content\/uploads\/2024\/02\/ITV_ClaudeAssel_240124_DSF9275_SoMe-1024x683.jpg 1024w, https:\/\/www.suessemjetaime.lu\/wp-content\/uploads\/2024\/02\/ITV_ClaudeAssel_240124_DSF9275_SoMe-300x200.jpg 300w, https:\/\/www.suessemjetaime.lu\/wp-content\/uploads\/2024\/02\/ITV_ClaudeAssel_240124_DSF9275_SoMe-768x512.jpg 768w, https:\/\/www.suessemjetaime.lu\/wp-content\/uploads\/2024\/02\/ITV_ClaudeAssel_240124_DSF9275_SoMe-1536x1024.jpg 1536w, https:\/\/www.suessemjetaime.lu\/wp-content\/uploads\/2024\/02\/ITV_ClaudeAssel_240124_DSF9275_SoMe-600x400.jpg 600w\" sizes=\"(max-width: 1024px) 100vw, 1024px\" \/><\/a><br \/>\n<a href=\"https:\/\/www.suessemjetaime.lu\/wp-content\/uploads\/2024\/02\/ITV_ClaudeAssel_240124_DSF9232_SoMe-scaled.jpg\"><img loading=\"lazy\" class=\"aligncenter wp-image-9990 size-large\" src=\"https:\/\/www.suessemjetaime.lu\/wp-content\/uploads\/2024\/02\/ITV_ClaudeAssel_240124_DSF9232_SoMe-1024x683.jpg\" alt=\"\" width=\"1024\" height=\"683\" srcset=\"https:\/\/www.suessemjetaime.lu\/wp-content\/uploads\/2024\/02\/ITV_ClaudeAssel_240124_DSF9232_SoMe-1024x683.jpg 1024w, https:\/\/www.suessemjetaime.lu\/wp-content\/uploads\/2024\/02\/ITV_ClaudeAssel_240124_DSF9232_SoMe-300x200.jpg 300w, https:\/\/www.suessemjetaime.lu\/wp-content\/uploads\/2024\/02\/ITV_ClaudeAssel_240124_DSF9232_SoMe-768x512.jpg 768w, https:\/\/www.suessemjetaime.lu\/wp-content\/uploads\/2024\/02\/ITV_ClaudeAssel_240124_DSF9232_SoMe-1536x1024.jpg 1536w, https:\/\/www.suessemjetaime.lu\/wp-content\/uploads\/2024\/02\/ITV_ClaudeAssel_240124_DSF9232_SoMe-600x400.jpg 600w\" sizes=\"(max-width: 1024px) 100vw, 1024px\" \/><\/a><br \/>\n<a href=\"https:\/\/www.suessemjetaime.lu\/wp-content\/uploads\/2024\/02\/ITV_ClaudeAssel_240124_DSF9118_SoMe-scaled.jpg\"><img loading=\"lazy\" class=\"aligncenter wp-image-9982 size-large\" src=\"https:\/\/www.suessemjetaime.lu\/wp-content\/uploads\/2024\/02\/ITV_ClaudeAssel_240124_DSF9118_SoMe-1024x683.jpg\" alt=\"\" width=\"1024\" height=\"683\" srcset=\"https:\/\/www.suessemjetaime.lu\/wp-content\/uploads\/2024\/02\/ITV_ClaudeAssel_240124_DSF9118_SoMe-1024x683.jpg 1024w, https:\/\/www.suessemjetaime.lu\/wp-content\/uploads\/2024\/02\/ITV_ClaudeAssel_240124_DSF9118_SoMe-300x200.jpg 300w, https:\/\/www.suessemjetaime.lu\/wp-content\/uploads\/2024\/02\/ITV_ClaudeAssel_240124_DSF9118_SoMe-768x512.jpg 768w, https:\/\/www.suessemjetaime.lu\/wp-content\/uploads\/2024\/02\/ITV_ClaudeAssel_240124_DSF9118_SoMe-1536x1024.jpg 1536w, https:\/\/www.suessemjetaime.lu\/wp-content\/uploads\/2024\/02\/ITV_ClaudeAssel_240124_DSF9118_SoMe-600x400.jpg 600w\" sizes=\"(max-width: 1024px) 100vw, 1024px\" \/><\/a><\/p>\n<p>&nbsp;<\/p>\n<p>Le forestier de Sanem estime pr\u00e9f\u00e9rable que la for\u00eat ne soit pas uniquement g\u00e9r\u00e9e par l&rsquo;\u00c9tat ou les communes. \u00ab Bien s\u00fbr, cela peut parfois poser des probl\u00e8mes. \u00bb En ce qui concerne les parcelles priv\u00e9es, les externes doivent, comme leur nom l&rsquo;indique, demander des autorisations si des travaux forestiers seront effectu\u00e9s sur cette partie de la f\u00f4ret. \u00ab Comme ici \u2013 il y a tellement de chemins \u00bb, explique Claude, \u00ab que ce soit \u00e0 la randonn\u00e9e, \u00e0 la course ou au VTT. Si une parcelle priv\u00e9e s&rsquo;y trouve, il faut v\u00e9rifier \u00e0 qui elle appartient. Ensuite, il me faut demander au service responsable. D\u00e8s que nous avons obtenu l&rsquo;accord de la personne concern\u00e9e, nous pouvons abattre cet arbre malade. \u00bb En principe, chacun\u00b7e devrait s&rsquo;en occuper soi-m\u00eame, \u00ab nous pourrions les inciter \u00e0 le faire. Toutefois, cela peut \u00eatre un peu difficile de temps en temps. Le but est de contribuer \u00e0 l&rsquo;int\u00e9r\u00eat g\u00e9n\u00e9ral. \u00bb Il pourrait aussi arriver de faire monter quelqu&rsquo;un\u00a0sur l&rsquo;arbre pour n&rsquo;\u00e9laguer que quelques branches, sans abattre l&rsquo;arbre entier.<\/p>\n<blockquote><p>\u00ab Dans ce cas, nous verrons ensemble o\u00f9 le terrain est situ\u00e9, ce que nous pouvons faire ou ce qui est plus pertinent. \u00bb &#8211; Claude Assel<\/p><\/blockquote>\n<p>\u00ab Outre les lois et les r\u00e8glements, le plan d\u00e9cennal est un autre \u00e9l\u00e9ment important de la gestion durable des for\u00eats \u00bb, explique Claude en continuant \u00e0 nous guider \u00e0 travers la for\u00eat. Il regarde autour de lui : \u00ab C&rsquo;est assez simple : lorsque nous d\u00e9cidons de ce qui doit \u00eatre fait dans nos for\u00eats, nous ne le faisons pas selon la convenance du forestier. Nous avons des r\u00e8gles et des directives qui sont d\u00e9finies dans ce plan. Et comme pour toute entreprise, l&rsquo;\u00e9tat des lieux de nos for\u00eats est essentiel : que poss\u00e9dons-nous ? O\u00f9 nous situons-nous ? Quels sont nos points forts ? Dans quelle direction voulons-nous nous d\u00e9velopper ? Le plan actuel stipule notamment que nous avons besoin de jeunes arbres pour avoir de grands arbres \u00e0 l&rsquo;avenir. Cela prend du temps. \u00bb<\/p>\n<p><a href=\"https:\/\/www.suessemjetaime.lu\/wp-content\/uploads\/2024\/02\/ITV_ClaudeAssel_240124_DSF9771_SoMe-scaled.jpg\"><img loading=\"lazy\" class=\"size-full wp-image-9998 aligncenter\" src=\"https:\/\/www.suessemjetaime.lu\/wp-content\/uploads\/2024\/02\/ITV_ClaudeAssel_240124_DSF9771_SoMe-scaled.jpg\" alt=\"\" width=\"1707\" height=\"2560\" srcset=\"https:\/\/www.suessemjetaime.lu\/wp-content\/uploads\/2024\/02\/ITV_ClaudeAssel_240124_DSF9771_SoMe-scaled.jpg 1707w, https:\/\/www.suessemjetaime.lu\/wp-content\/uploads\/2024\/02\/ITV_ClaudeAssel_240124_DSF9771_SoMe-200x300.jpg 200w, https:\/\/www.suessemjetaime.lu\/wp-content\/uploads\/2024\/02\/ITV_ClaudeAssel_240124_DSF9771_SoMe-683x1024.jpg 683w, https:\/\/www.suessemjetaime.lu\/wp-content\/uploads\/2024\/02\/ITV_ClaudeAssel_240124_DSF9771_SoMe-768x1152.jpg 768w, https:\/\/www.suessemjetaime.lu\/wp-content\/uploads\/2024\/02\/ITV_ClaudeAssel_240124_DSF9771_SoMe-1024x1536.jpg 1024w, https:\/\/www.suessemjetaime.lu\/wp-content\/uploads\/2024\/02\/ITV_ClaudeAssel_240124_DSF9771_SoMe-1365x2048.jpg 1365w, https:\/\/www.suessemjetaime.lu\/wp-content\/uploads\/2024\/02\/ITV_ClaudeAssel_240124_DSF9771_SoMe-600x900.jpg 600w\" sizes=\"(max-width: 1707px) 100vw, 1707px\" \/><\/a><\/p>\n<p>Il pointe du doigt quelques troncs devant nous. \u00ab C&rsquo;est une jeune plantation \u2013 nous l&rsquo;avons plant\u00e9e il y a bient\u00f4t dix ans. \u00bb Les arbres en face sont un peu plus grands que nous. L&rsquo;objectif est alors de rendre nos for\u00eats en bonne sant\u00e9. L&rsquo;inventaire phytosanitaire, au cours duquel une partie des arbres a \u00e9t\u00e9 examin\u00e9e de pr\u00e8s, le montre clairement : 14 % ne pr\u00e9sentent aucun dommage, plus d&rsquo;un sur deux est fortement atteint et 12 % sont soit d\u00e9j\u00e0 morts, soit tr\u00e8s affaiblis. \u00ab Nous avons besoin d&rsquo;un m\u00e9lange sain de diff\u00e9rentes esp\u00e8ces d&rsquo;arbres \u00bb, souligne le responsable forestier, \u00ab car une fois qu&rsquo;une maladie s&rsquo;est manifest\u00e9e, il ne faut pas tout abattre. \u00bb Comme \u00e7a, seulemement une partie de la for\u00eat est touch\u00e9e. Si les arbres \u00e9taient tous homog\u00e8nes, il n&rsquo;y aurait pas de r\u00e9sistance possible \u00bb<\/p>\n<p>Il serait facile d&rsquo;expliquer pourquoi les propri\u00e9taires priv\u00e9\u00b7e\u00b7s en charge de nos for\u00eats devraient \u00eatre attentif\u00b7ve\u00b7s \u00e0 ce sujet. \u00ab Tu fais aussi attention \u00e0 ta maison pour que tout soit en ordre. C&rsquo;est exactement ce que tu devrais faire avec la for\u00eat. \u00bb Outre l&rsquo;utilisation du bois de chauffage (bois de chauffage, parquet, palettes, industrie du bois d&rsquo;essai), le bien-\u00eatre de la for\u00eat reste une priorit\u00e9. \u00ab Si nous n&rsquo;en prenons pas soin et ne plantons pas de jeunes arbres, nous n&rsquo;aurons plus de grands arbres \u00e0 l&rsquo;avenir. \u00bb Avant de poursuivre, il dirige son regard vers la for\u00eat, vers le haut de la cime des arbres. \u00ab Je peux donner quelques arguments : D&rsquo;une part, la for\u00eat produit \u00e9norm\u00e9ment d&rsquo;oxyg\u00e8ne \u00bb \u2013 pas besoin d&rsquo;en dire beaucoup plus \u00e0 ce sujet \u2013 \u00ab D&rsquo;autre part, un hectare de for\u00eat peut filtrer 50 tonnes de poussi\u00e8re par an. C&rsquo;est souvent n\u00e9glig\u00e9. \u00bb Un autre argument en faveur de la foresterie durable : surtout en p\u00e9riode de s\u00e9cheresse, de plus en plus fr\u00e9quente, la for\u00eat offre une possibilit\u00e9 id\u00e9ale d&rsquo;\u00e9chapper aux temp\u00e9ratures extr\u00eames. \u00ab Nous avons ici toutes ces petites collines \u00bb, explique Claude en regardant autour de lui, \u00ab l&rsquo;air froid descend donc dans les villages et tout se refroidit de quelques degr\u00e9s. \u00bb<\/p>\n<p>Claude se d\u00e9crit lui-m\u00eame comme le \u00ab manager solitaire \u00bb. \u00ab Oui, c&rsquo;est un peu un one-man-show, mais les autres travaillent aussi comme \u00e7a. Cela dit, je travaille aussi beaucoup avec d&rsquo;autres services et je suis content de pouvoir compter sur eux. Nous \u00e9changeons aussi beaucoup entre forestiers. \u00bb \u00catre un garde forestier est parfois excitant, parfois un peu moins. Ce que Claude appr\u00e9cie particuli\u00e8rement, c&rsquo;est de pouvoir am\u00e9nager la for\u00eat selon ses propres id\u00e9es. \u00ab J&rsquo;ai en quelque sorte pos\u00e9 la premi\u00e8re pierre pour les prochains forestiers. \u00bb Il se met \u00e0 sourire. \u00ab Si jamais ils disent que je n&rsquo;ai fait que des b\u00eatises, ce seront eux qui auront un probl\u00e8me. \u00bb<\/p>\n<p>&nbsp;<\/p>\n<p>[vc_column][vc_row][vc_cta h2=\u00a0\u00bbContact\u00a0\u00bb style=\u00a0\u00bbflat\u00a0\u00bb color=\u00a0\u00bbturquoise\u00a0\u00bb]<\/p>\n<p>E-Mail : <a style=\"color: white;\" href=\"mailto:claude.assel@anf.etat.lu\">claude.assel@anf.etat.lu<\/a><\/p>\n<p>T\u00e9l\u00e9phone : <span style=\"color: white;\">247 \u2013 56797<\/span><\/p>\n<p>Mobile : <span style=\"color: white;\">621 202 103<\/span><\/p>\n<p>[\/vc_cta][\/vc_row][\/vc_column]<\/p>\n<p>&nbsp;<\/p>\n<div data-url=\"https:\/\/issuu.com\/gemengsuessem\/docs\/kk_28_nr01-24_issuu\" style=\"width: 1100px; height: 726px;\" class=\"issuuembed\"><\/div>\n<p><script type=\"text\/javascript\" src=\"\/\/e.issuu.com\/embed.js\" async=\"true\"><\/script><\/p>\n","protected":false},"excerpt":{"rendered":"<p>La gestion des for\u00eats au Luxembourg se trouve dans les mains de personnes priv\u00e9es. Il est donc d&rsquo;autant plus important que ceux\u00b7celles ayant une telle parcelle prennent soin de leur terrain. Pourtant, nombreux sont ceux\u00b7celles qui ne savent m\u00eame pas [&hellip;]<\/p>\n","protected":false},"author":4,"featured_media":9961,"comment_status":"open","ping_status":"open","sticky":false,"template":"","format":"standard","meta":[],"categories":[39],"tags":[],"yoast_head":"<!-- This site is optimized with the Yoast SEO plugin v15.2.1 - https:\/\/yoast.com\/wordpress\/plugins\/seo\/ -->\n<title>Gestion durable des for\u00eats en mains priv\u00e9es &bull; Suessem, je t&#039;aime<\/title>\n<meta name=\"robots\" content=\"index, follow, max-snippet:-1, max-image-preview:large, max-video-preview:-1\" \/>\n<link rel=\"canonical\" href=\"https:\/\/www.suessemjetaime.lu\/fr\/fierschter\/\" \/>\n<meta property=\"og:locale\" content=\"fr_FR\" \/>\n<meta property=\"og:type\" content=\"article\" \/>\n<meta property=\"og:title\" content=\"Gestion durable des for\u00eats en mains priv\u00e9es &bull; Suessem, je t&#039;aime\" \/>\n<meta property=\"og:description\" content=\"La gestion des for\u00eats au Luxembourg se trouve dans les mains de personnes priv\u00e9es. Il est donc d&rsquo;autant plus important que ceux\u00b7celles ayant une telle parcelle prennent soin de leur terrain. Pourtant, nombreux sont ceux\u00b7celles qui ne savent m\u00eame pas [&hellip;]\" \/>\n<meta property=\"og:url\" content=\"https:\/\/www.suessemjetaime.lu\/fr\/fierschter\/\" \/>\n<meta property=\"og:site_name\" content=\"Suessem, je t&#039;aime\" \/>\n<meta property=\"article:publisher\" content=\"https:\/\/www.facebook.com\/communedesanem\/\" \/>\n<meta property=\"article:published_time\" content=\"2024-02-23T10:29:54+00:00\" \/>\n<meta property=\"article:modified_time\" content=\"2024-02-29T09:19:08+00:00\" \/>\n<meta property=\"og:image\" content=\"https:\/\/www.suessemjetaime.lu\/wp-content\/uploads\/2024\/02\/ITV_ClaudeAssel_240124_DSF9333_SoMe-scaled.jpg\" \/>\n\t<meta property=\"og:image:width\" content=\"2560\" \/>\n\t<meta property=\"og:image:height\" content=\"1707\" \/>\n<meta name=\"twitter:card\" content=\"summary_large_image\" \/>\n<meta name=\"twitter:label1\" content=\"\u00c9crit par\">\n\t<meta name=\"twitter:data1\" content=\"Suessem\">\n\t<meta name=\"twitter:label2\" content=\"Dur\u00e9e de lecture est.\">\n\t<meta name=\"twitter:data2\" content=\"6 minutes\">\n<script type=\"application\/ld+json\" class=\"yoast-schema-graph\">{\"@context\":\"https:\/\/schema.org\",\"@graph\":[{\"@type\":\"Organization\",\"@id\":\"https:\/\/www.suessemjetaime.lu\/#organization\",\"name\":\"Commune de Sanem\",\"url\":\"https:\/\/www.suessemjetaime.lu\/\",\"sameAs\":[\"https:\/\/www.facebook.com\/communedesanem\/\",\"https:\/\/www.youtube.com\/channel\/UCVN7kgmkkpcfy3Hb63mx_tQ\/featured\"],\"logo\":{\"@type\":\"ImageObject\",\"@id\":\"https:\/\/www.suessemjetaime.lu\/#logo\",\"inLanguage\":\"fr-FR\",\"url\":\"https:\/\/www.suessemjetaime.lu\/wp-content\/uploads\/2019\/03\/400_188_LOGO_SANEM.png\",\"width\":400,\"height\":188,\"caption\":\"Commune de Sanem\"},\"image\":{\"@id\":\"https:\/\/www.suessemjetaime.lu\/#logo\"}},{\"@type\":\"WebSite\",\"@id\":\"https:\/\/www.suessemjetaime.lu\/#website\",\"url\":\"https:\/\/www.suessemjetaime.lu\/\",\"name\":\"Suessem, je t&#039;aime\",\"description\":\"le Blog de la commune de Sanem\",\"publisher\":{\"@id\":\"https:\/\/www.suessemjetaime.lu\/#organization\"},\"potentialAction\":[{\"@type\":\"SearchAction\",\"target\":\"https:\/\/www.suessemjetaime.lu\/?s={search_term_string}\",\"query-input\":\"required name=search_term_string\"}],\"inLanguage\":\"fr-FR\"},{\"@type\":\"ImageObject\",\"@id\":\"https:\/\/www.suessemjetaime.lu\/fr\/fierschter\/#primaryimage\",\"inLanguage\":\"fr-FR\",\"url\":\"https:\/\/www.suessemjetaime.lu\/wp-content\/uploads\/2024\/02\/ITV_ClaudeAssel_240124_DSF9333_SoMe-scaled.jpg\",\"width\":2560,\"height\":1707},{\"@type\":\"WebPage\",\"@id\":\"https:\/\/www.suessemjetaime.lu\/fr\/fierschter\/#webpage\",\"url\":\"https:\/\/www.suessemjetaime.lu\/fr\/fierschter\/\",\"name\":\"Gestion durable des for\\u00eats en mains priv\\u00e9es &bull; Suessem, je t&#039;aime\",\"isPartOf\":{\"@id\":\"https:\/\/www.suessemjetaime.lu\/#website\"},\"primaryImageOfPage\":{\"@id\":\"https:\/\/www.suessemjetaime.lu\/fr\/fierschter\/#primaryimage\"},\"datePublished\":\"2024-02-23T10:29:54+00:00\",\"dateModified\":\"2024-02-29T09:19:08+00:00\",\"inLanguage\":\"fr-FR\",\"potentialAction\":[{\"@type\":\"ReadAction\",\"target\":[\"https:\/\/www.suessemjetaime.lu\/fr\/fierschter\/\"]}]},{\"@type\":\"Article\",\"@id\":\"https:\/\/www.suessemjetaime.lu\/fr\/fierschter\/#article\",\"isPartOf\":{\"@id\":\"https:\/\/www.suessemjetaime.lu\/fr\/fierschter\/#webpage\"},\"author\":{\"@id\":\"https:\/\/www.suessemjetaime.lu\/#\/schema\/person\/0cacc039fca45c1bb3d06544fdf18c63\"},\"headline\":\"Gestion durable des for\\u00eats en mains priv\\u00e9es\",\"datePublished\":\"2024-02-23T10:29:54+00:00\",\"dateModified\":\"2024-02-29T09:19:08+00:00\",\"mainEntityOfPage\":{\"@id\":\"https:\/\/www.suessemjetaime.lu\/fr\/fierschter\/#webpage\"},\"commentCount\":0,\"publisher\":{\"@id\":\"https:\/\/www.suessemjetaime.lu\/#organization\"},\"image\":{\"@id\":\"https:\/\/www.suessemjetaime.lu\/fr\/fierschter\/#primaryimage\"},\"articleSection\":\"Escape\",\"inLanguage\":\"fr-FR\",\"potentialAction\":[{\"@type\":\"CommentAction\",\"name\":\"Comment\",\"target\":[\"https:\/\/www.suessemjetaime.lu\/fr\/fierschter\/#respond\"]}]},{\"@type\":\"Person\",\"@id\":\"https:\/\/www.suessemjetaime.lu\/#\/schema\/person\/0cacc039fca45c1bb3d06544fdf18c63\",\"name\":\"Suessem\",\"image\":{\"@type\":\"ImageObject\",\"@id\":\"https:\/\/www.suessemjetaime.lu\/#personlogo\",\"inLanguage\":\"fr-FR\",\"url\":\"https:\/\/secure.gravatar.com\/avatar\/77fabd1f92df29867737b77509c5795b?s=96&d=mm&r=g\",\"caption\":\"Suessem\"}}]}<\/script>\n<!-- \/ Yoast SEO plugin. -->","_links":{"self":[{"href":"https:\/\/www.suessemjetaime.lu\/fr\/wp-json\/wp\/v2\/posts\/10003\/"}],"collection":[{"href":"https:\/\/www.suessemjetaime.lu\/fr\/wp-json\/wp\/v2\/posts\/"}],"about":[{"href":"https:\/\/www.suessemjetaime.lu\/fr\/wp-json\/wp\/v2\/types\/post\/"}],"author":[{"embeddable":true,"href":"https:\/\/www.suessemjetaime.lu\/fr\/wp-json\/wp\/v2\/users\/4\/"}],"replies":[{"embeddable":true,"href":"https:\/\/www.suessemjetaime.lu\/fr\/wp-json\/wp\/v2\/comments\/?post=10003"}],"version-history":[{"count":12,"href":"https:\/\/www.suessemjetaime.lu\/fr\/wp-json\/wp\/v2\/posts\/10003\/revisions\/"}],"predecessor-version":[{"id":10167,"href":"https:\/\/www.suessemjetaime.lu\/fr\/wp-json\/wp\/v2\/posts\/10003\/revisions\/10167\/"}],"wp:featuredmedia":[{"embeddable":true,"href":"https:\/\/www.suessemjetaime.lu\/fr\/wp-json\/wp\/v2\/media\/9961\/"}],"wp:attachment":[{"href":"https:\/\/www.suessemjetaime.lu\/fr\/wp-json\/wp\/v2\/media\/?parent=10003"}],"wp:term":[{"taxonomy":"category","embeddable":true,"href":"https:\/\/www.suessemjetaime.lu\/fr\/wp-json\/wp\/v2\/categories\/?post=10003"},{"taxonomy":"post_tag","embeddable":true,"href":"https:\/\/www.suessemjetaime.lu\/fr\/wp-json\/wp\/v2\/tags\/?post=10003"}],"curies":[{"name":"wp","href":"https:\/\/api.w.org\/{rel}","templated":true}]}}